{"id":97777,"date":"2023-07-10T10:30:28","date_gmt":"2023-07-10T14:30:28","guid":{"rendered":"https:\/\/www.ludwig-van.com\/toronto\/?p=97777"},"modified":"2023-07-10T10:30:28","modified_gmt":"2023-07-10T14:30:28","slug":"critics-picks-classical-events-absolutely-need-see-week-july-10-july-16","status":"publish","type":"post","link":"https:\/\/www.ludwig-van.com\/toronto\/2023\/07\/10\/critics-picks-classical-events-absolutely-need-see-week-july-10-july-16\/","title":{"rendered":"CRITIC&#8217;S PICKS | Classical Events You Absolutely Need To See This Week:  July 10 \u2013 July 16"},"content":{"rendered":"<figure id=\"attachment_97778\" aria-describedby=\"caption-attachment-97778\" style=\"width: 1200px\" class=\"wp-caption aligncenter\"><img decoding=\"async\" loading=\"lazy\" class=\"size-full wp-image-97778\" src=\"https:\/\/www.ludwig-van.com\/toronto\/wp-content\/uploads\/sites\/2\/2023\/07\/CRITICS-PICKS-July-10-2023.jpg\" alt=\"Ana Mar\u00eda Mart\u00ednez (Photo: Ashkan Roayaee); Mir\u00f3 Quartet (Photo: Tania Quintanilla); Elora Singers (Photo courtesy of Elora Singers)\" width=\"1200\" height=\"628\" \/><figcaption id=\"caption-attachment-97778\" class=\"wp-caption-text\">L-R (clockwise); Ana Mar\u00eda Mart\u00ednez (Photo: Ashkan Roayaee); Mir\u00f3 Quartet (Photo: Tania Quintanilla); Elora Singers (Photo courtesy of Elora Singers)<\/figcaption><\/figure>\n<p>This is a list of concerts we are attending, wishing we could attend, or thinking about attending between July 10 and July 16, 2023. For more of what\u2019s happening around Toronto, visit our calendar <strong><a href=\"https:\/\/www.ludwig-van.com\/toronto\/events\/\" target=\"_blank\" rel=\"noopener\">here<\/a><\/strong>.<\/p>\n<h3>Toronto Summer Music\/Ana Mar\u00eda Mart\u00ednez<\/h3>\n<p>Monday July 10 at 7:30 p.m. Walter Hall. $26+ (under 35 $20+, seniors $21+)<\/p>\n<p>The Puerto Rico-born soprano offers an all-Spanish-language evening including Manuel de Falla\u2019s Siete canciones populares espa\u00f1olas and works by Rodrigo, Turina, Montsalvatge and others. At the piano: Craig Terry. Info <strong><a href=\"https:\/\/torontosummermusic.com\/events\/\" target=\"_blank\" rel=\"noopener\">here<\/a><\/strong>.<\/p>\n<h3>Toronto Summer Music\/Ironwood Quartet<\/h3>\n<p>Tuesday July 11 at 7:30 p.m. Walter Hall. $26+ (under 35 $20+, seniors $21+)<\/p>\n<p>A program of world premieres by Evan Mitchell, Kevin Lau and Alexina Louie, plus R. Murray Schafer\u2019s Quartet No. 6 (\u201cParting Wild Horse\u2019s Mane\u201d). All these works are accompanied by the movements of Tai Chi masters, with or without swords and spears. Info <strong><a href=\"https:\/\/torontosummermusic.com\/events\/\" target=\"_blank\" rel=\"noopener\">here<\/a><\/strong>.<\/p>\n<h3>Toronto Summer Music\/Mir\u00f3 Quartet<\/h3>\n<p>Friday July 14 at 7:30 p.m. Walter Hall. $26+ (under 35 $20+, seniors $21+)<\/p>\n<p>The mid-career American string quartet performs Haydn (Op. 64 No. 3), Brahms (Quartet No. 1 in C Minor Op. 51 and works by George Walker and Kevin Puts. Info <strong><a href=\"https:\/\/torontosummermusic.com\/events\/\" target=\"_blank\" rel=\"noopener\">here<\/a><\/strong>.<\/p>\n<h3>Toronto Summer Music\/Mozart and Brahms<\/h3>\n<p>Saturday July 15 at 7:30 p.m. Walter Hall. $20<\/p>\n<p>Two masterpieces in G Minor \u2014 Mozart\u2019s String Quintet K. 516 and Brahms\u2019s Piano Quartet Op. 25 \u2014 frame a selection of art songs. The young performers are drawn from the TSM academy. Info <strong><a href=\"https:\/\/torontosummermusic.com\/events\/\" target=\"_blank\" rel=\"noopener\">here<\/a><\/strong>.<\/p>\n<h3>Elora Festival\/Music of the North<\/h3>\n<p>Sunday July 16 at 7:30 p.m. Gambrel Barn, Elora. $45+ (students $20).<\/p>\n<p>Mark Vuorinen leads the Elora Singers through a tour of \u201csonic landscapes of the northern climes, with stops in Iceland, Finland, Estonia, Latvia and Canada.\u201d Info <strong><a href=\"https:\/\/elorafestival.ca\/events\/music-of-the-north\/\" target=\"_blank\" rel=\"noopener\">here<\/a><\/strong>.<\/p>\n<h3 class=\"western\"><em><b>#LUDWIGVAN<\/b><\/em><\/h3>\n<p class=\"western\"><em>Get the daily arts news straight to your inbox.<\/em><\/p>\n<h3 class=\"western\"><em>Sign up for the Ludwig van Daily \u2014 classical music and opera in five minutes or less <\/em><a href=\"https:\/\/ludwig-van.us9.list-manage.com\/subscribe?u=4f785cb3f9058f2393ccad035&amp;id=57cdb68eac\" target=\"_blank\" rel=\"noopener\"><em>HERE<\/em><\/a>.<\/h3>\n","protected":false},"excerpt":{"rendered":"<p>Classical music and opera events in Toronto for the week of July 10 to July 16.<\/p>\n","protected":false},"author":25,"featured_media":97778,"comment_status":"open","ping_status":"open","sticky":false,"template":"","format":"standard","meta":{"om_disable_all_campaigns":false,"jetpack_post_was_ever_published":false},"categories":[40430,76,19,3895,38,3693,43,59,63],"tags":[40679,19031,40463,3356],"yst_prominent_words":[7173,10621,21565,15153,9299],"acf":[],"jetpack_featured_media_url":"https:\/\/www.ludwig-van.com\/toronto\/wp-content\/uploads\/sites\/2\/2023\/07\/CRITICS-PICKS-July-10-2023.jpg","jetpack_sharing_enabled":true,"jetpack_shortlink":"https:\/\/wp.me\/p9bakr-pr3","amp_enabled":true,"_links":{"self":[{"href":"https:\/\/www.ludwig-van.com\/toronto\/wp-json\/wp\/v2\/posts\/97777"}],"collection":[{"href":"https:\/\/www.ludwig-van.com\/toronto\/wp-json\/wp\/v2\/posts"}],"about":[{"href":"https:\/\/www.ludwig-van.com\/toronto\/wp-json\/wp\/v2\/types\/post"}],"author":[{"embeddable":true,"href":"https:\/\/www.ludwig-van.com\/toronto\/wp-json\/wp\/v2\/users\/25"}],"replies":[{"embeddable":true,"href":"https:\/\/www.ludwig-van.com\/toronto\/wp-json\/wp\/v2\/comments?post=97777"}],"version-history":[{"count":3,"href":"https:\/\/www.ludwig-van.com\/toronto\/wp-json\/wp\/v2\/posts\/97777\/revisions"}],"predecessor-version":[{"id":97781,"href":"https:\/\/www.ludwig-van.com\/toronto\/wp-json\/wp\/v2\/posts\/97777\/revisions\/97781"}],"wp:featuredmedia":[{"embeddable":true,"href":"https:\/\/www.ludwig-van.com\/toronto\/wp-json\/wp\/v2\/media\/97778"}],"wp:attachment":[{"href":"https:\/\/www.ludwig-van.com\/toronto\/wp-json\/wp\/v2\/media?parent=97777"}],"wp:term":[{"taxonomy":"category","embeddable":true,"href":"https:\/\/www.ludwig-van.com\/toronto\/wp-json\/wp\/v2\/categories?post=97777"},{"taxonomy":"post_tag","embeddable":true,"href":"https:\/\/www.ludwig-van.com\/toronto\/wp-json\/wp\/v2\/tags?post=97777"},{"taxonomy":"yst_prominent_words","embeddable":true,"href":"https:\/\/www.ludwig-van.com\/toronto\/wp-json\/wp\/v2\/yst_prominent_words?post=97777"}],"curies":[{"name":"wp","href":"https:\/\/api.w.org\/{rel}","templated":true}]}}