{"id":75151,"date":"2022-05-02T11:21:30","date_gmt":"2022-05-02T15:21:30","guid":{"rendered":"https:\/\/www.ludwig-van.com\/toronto\/?p=75151"},"modified":"2022-05-02T11:21:30","modified_gmt":"2022-05-02T15:21:30","slug":"critics-picks-classical-events-you-absolutely-need-to-see-this-week-may-2-8","status":"publish","type":"post","link":"https:\/\/www.ludwig-van.com\/toronto\/2022\/05\/02\/critics-picks-classical-events-you-absolutely-need-to-see-this-week-may-2-8\/","title":{"rendered":"CRITIC&#8217;S PICKS | Classical Events You Absolutely Need To See This Week: May 2 \u2013 8"},"content":{"rendered":"<figure id=\"attachment_75155\" aria-describedby=\"caption-attachment-75155\" style=\"width: 1200px\" class=\"wp-caption aligncenter\"><img decoding=\"async\" loading=\"lazy\" class=\"size-full wp-image-75155\" src=\"https:\/\/www.ludwig-van.com\/toronto\/wp-content\/uploads\/sites\/2\/2022\/05\/CRITICS-PICKS-MAy-2-22.jpg\" alt=\"Classical music and opera events for the week of May 2 to 8. \" width=\"1200\" height=\"628\" \/><figcaption id=\"caption-attachment-75155\" class=\"wp-caption-text\">Classical music and opera events for the week of May 2 to 8.<\/figcaption><\/figure>\n<p>This is a list of amazing concerts we are attending, wishing we could attend, or thinking about attending between May 2 \u2013 8, 2022. For more details on what&#8217;s happening around Toronto, visit our calendar <strong><a href=\"https:\/\/www.ludwig-van.com\/toronto\/events\/\" target=\"_blank\" rel=\"noopener\">here<\/a><\/strong>.<\/p>\n<p>Looking at the events on offer, Royal Conservatory seems to have become the de facto epicentre for classical music in Toronto this week. The amount of world-class programming is a testament to how lucky we are to have so many amazing venues in our city. Get out and take advantage!<\/p>\n<h3><strong>Royal Conservatory | The Glenn Gould School New Music Ensemble: Sometimes the Devil Plays Fate<\/strong><\/h3>\n<p>? Monday \u2014 May 2, 2022, 7:30 p.m. ET<br \/>\n?\u00a0<a href=\"https:\/\/www.rcmusic.com\/events-and-performances\/the-glenn-gould-school-new-music-ensemble-(2)\" target=\"_blank\" rel=\"noopener\">LINK<\/a><br \/>\n? Free!<\/p>\n<p>The talented students of The Glenn Gould School will take the stage at RCM\u2019s Temerty Theatre for the world premiere of Paul Frehner\u2019s <em>Sometimes the Devil Plays Fate<\/em> for mezzo-soprano and chamber orchestra. The premiere was originally scheduled for 2021, but was cancelled. Also on the program is a work from visiting composer Sandeep Bhagwati. | <a href=\"https:\/\/www.ludwig-van.com\/toronto\/event\/royal-conservatory-glenn-gould-school-new-music-ensemble-sometimes-devil-plays-fate\/\" target=\"_blank\" rel=\"noopener\">Details<\/a><\/p>\n<h3><strong>Tafelmusik | Bach B-Minor Mass<\/strong><\/h3>\n<p>? Thursday \u2014 May 5, 2022, 7:30 p.m. ET (repeats online May 6)<br \/>\n?\u00a0<a href=\"https:\/\/www.tafelmusik.org\/concert-calendar\/concert\/bach-b-minor-mass-0\" target=\"_blank\" rel=\"noopener\">LINK<\/a><br \/>\n? $52.90+<\/p>\n<p>This concert is a good contender for top pick this week. 1: It\u2019s a chance to see the newly renovated Massey Hall. 2: It\u2019s Tafelmusik performing with Masaaki Suzuki. 3: They will be performing Bach\u2019s <em>Mass in B minor<\/em> (BWV 232) with a stellar cast of soloists, including soprano Joanne Lunn; countertenor Tim Mead; tenor Thomas Hobbs; and baritone Jonathon Adams. Book soon before it sells out. If you can\u2019t make it, or it sells out, there will also be a digital livestream on May 6. | <a href=\"https:\/\/www.ludwig-van.com\/toronto\/event\/tafelmusik-bach-b-minor-mass-2\/2022-05-05\/\" target=\"_blank\" rel=\"noopener\">Details<\/a><\/p>\n<h3><strong>Royal Conservatory | ARC Ensemble: Marc Neikrug\u2019s A Song by Mahler<\/strong><\/h3>\n<p>? Thursday \u2014 May 5, 2022, 7 p.m. ET<br \/>\n?\u00a0<a href=\"https:\/\/www.rcmusic.com\/events-and-performances\/arc-ensemble-marc-neikrug-s-a-song-by-mahler-(6)\" target=\"_blank\" rel=\"noopener\">LINK<\/a><br \/>\n? $21+<\/p>\n<p>The Royal Conservatory&#8217;s ARC Ensemble will be performing the Canadian debut of A Song by Mahler, a one-act opera by Marc Neikrug for string quartet, piano, and clarinet. The opera is about a celebrated soprano, famous for a particular Mahler love song, develops early onset Alzheimer&#8217;s. The drama follows her and her pianist husband as they confront their new reality. The tragedy results in an elevated understanding of their love. This has all the making of a tearjerker, so bring some tissues. | <a href=\"https:\/\/www.ludwig-van.com\/toronto\/event\/royal-conservatory-arc-ensemble-marc-neikrugs-song-mahler\/\" target=\"_blank\" rel=\"noopener\">Details<\/a><\/p>\n<h3><strong>Toronto Operetta Theatre | A Northern Lights Dream<\/strong><\/h3>\n<p>? Thursday \u2014 May 5, 2022, 8 p.m. ET (repeats May 6 &amp;7).<br \/>\n?\u00a0<a href=\"http:\/\/www.torontooperetta.com\/shows.html\" target=\"_blank\" rel=\"noopener\">LINK<\/a><br \/>\n? $32+<\/p>\n<p>It\u2019s so great that some of the concerts that were cancelled during the lockdowns are now returning to the stage again. The synopsis alone makes<em> A Northern Lights Dream<\/em> worth the wait. Inspired by Shakespeare\u2019s <em>Midsummer Nights Dream<\/em>, it\u2019s set in the village of Shakespeare, Ontario, under the magical spell of the northern lights creating havoc over the local folk, their folly, disillusions, and romance. | <a href=\"https:\/\/www.ludwig-van.com\/toronto\/event\/toronto-operetta-theatre-northern-lights-dream\/2022-05-05\/\" target=\"_blank\" rel=\"noopener\">Details<\/a><\/p>\n<h3><strong>Royal Conservatory | Sheku Kanneh-Mason with Isata Kanneh-Mason<\/strong><\/h3>\n<p>? Friday \u2014 May 6, 2022, # p.m. ET<br \/>\n?\u00a0<a href=\"https:\/\/www.rcmusic.com\/events-and-performances\/sheku-kanneh-mason-and-isata-kanneh-mason\" target=\"_blank\" rel=\"noopener\">LINK<\/a><br \/>\n? $45+<\/p>\n<p>One of the most talked-about cellists in the world will be making his Toronto debut this week. There\u2019s also his sister Isata Kanneh-Mason, whose debut album, <em>Romance<\/em>, hit the UK classical charts at No. 1. This extraordinary brother and sister duo will be performing a program featuring Beethoven, Shostakovich, and Britten. Not-to-be-missed. | <a href=\"https:\/\/www.ludwig-van.com\/toronto\/event\/royal-conservatory-sheku-kanneh-mason-isata-kanneh-mason\/\" target=\"_blank\" rel=\"noopener\">Details<\/a><\/p>\n<h3><strong>Sinfonia Toronto | Schubert &amp; Shostakovich (Online &amp; In-person)<\/strong><\/h3>\n<p>? Saturday \u2014 May 7, 2022, 8 p.m. ET<br \/>\n?\u00a0<a href=\"https:\/\/www.sinfoniatoronto.com\/web\/page.aspx?title=Schubert+%26+Shostakovich\" target=\"_blank\" rel=\"noopener\">LINK<\/a><br \/>\n? $15+<\/p>\n<p>Sinfonia Toronto will be serenading the future with a spring program of Shostakovich, Schubert, Puccini, and Rachmaninoff. There\u2019s also the premiere of Toronto composer Saman Shahi&#8217;s <em>Suspended Doorways<\/em>. The work is inspired by Ojibwe artist Michael Cywink&#8217;s painting of the same name. | <a href=\"https:\/\/www.ludwig-van.com\/toronto\/event\/sinfonia-toronto-schubert-shostakovich\/\" target=\"_blank\" rel=\"noopener\">Details<\/a><\/p>\n<h3><strong>Royal Conservatory | Gautier Capu\u00e7on with Jean-Yves Thibaudet<\/strong><\/h3>\n<p>? Sunday \u2014 May 8, 2022, 3 p.m. ET<br \/>\n?\u00a0<a href=\"https:\/\/www.rcmusic.com\/events-and-performances\/gautier-capucon-and-jean-yves-thibaudet\" target=\"_blank\" rel=\"noopener\">LINK<\/a><br \/>\n? $60+<\/p>\n<p>Ending the week is cellist Gautier Capu\u00e7on. After two sold-out performances with Yuja Wang and J\u00e9r\u00f4me Ducros, French cellist Gautier Capu\u00e7on returns to the Koerner Hall stage with Jean-Yves Thibaudet. | <a href=\"https:\/\/www.ludwig-van.com\/toronto\/event\/royal-conservatory-gautier-capucon-jean-yves-thibaudet\/\" target=\"_blank\" rel=\"noopener\">Details<\/a><\/p>\n<h3 class=\"western\"><em><b>#LUDWIGVAN<\/b><\/em><\/h3>\n<p class=\"western\"><em>Get the daily arts news straight to your inbox.<\/em><\/p>\n<h3 class=\"western\"><em>Sign up for the Ludwig van Daily \u2014 classical music and opera in five minutes or less <\/em><a href=\"https:\/\/ludwig-van.us9.list-manage.com\/subscribe?u=4f785cb3f9058f2393ccad035&amp;id=57cdb68eac\" target=\"_blank\" rel=\"noopener\"><em>HERE<\/em><\/a>.<\/h3>\n","protected":false},"excerpt":{"rendered":"<p>Classical music and opera events for the week of May 2 to 8. <\/p>\n","protected":false},"author":7,"featured_media":75155,"comment_status":"open","ping_status":"open","sticky":false,"template":"","format":"standard","meta":{"om_disable_all_campaigns":false,"jetpack_post_was_ever_published":false},"categories":[39907,76,19,3895,38,43,63],"tags":[32792,40084,34187],"yst_prominent_words":[6715,28125,18794,9021,9057,27956,17188,8282],"acf":[],"jetpack_featured_media_url":"https:\/\/www.ludwig-van.com\/toronto\/wp-content\/uploads\/sites\/2\/2022\/05\/CRITICS-PICKS-MAy-2-22.jpg","jetpack_sharing_enabled":true,"jetpack_shortlink":"https:\/\/wp.me\/p9bakr-jy7","amp_enabled":true,"_links":{"self":[{"href":"https:\/\/www.ludwig-van.com\/toronto\/wp-json\/wp\/v2\/posts\/75151"}],"collection":[{"href":"https:\/\/www.ludwig-van.com\/toronto\/wp-json\/wp\/v2\/posts"}],"about":[{"href":"https:\/\/www.ludwig-van.com\/toronto\/wp-json\/wp\/v2\/types\/post"}],"author":[{"embeddable":true,"href":"https:\/\/www.ludwig-van.com\/toronto\/wp-json\/wp\/v2\/users\/7"}],"replies":[{"embeddable":true,"href":"https:\/\/www.ludwig-van.com\/toronto\/wp-json\/wp\/v2\/comments?post=75151"}],"version-history":[{"count":4,"href":"https:\/\/www.ludwig-van.com\/toronto\/wp-json\/wp\/v2\/posts\/75151\/revisions"}],"predecessor-version":[{"id":75156,"href":"https:\/\/www.ludwig-van.com\/toronto\/wp-json\/wp\/v2\/posts\/75151\/revisions\/75156"}],"wp:featuredmedia":[{"embeddable":true,"href":"https:\/\/www.ludwig-van.com\/toronto\/wp-json\/wp\/v2\/media\/75155"}],"wp:attachment":[{"href":"https:\/\/www.ludwig-van.com\/toronto\/wp-json\/wp\/v2\/media?parent=75151"}],"wp:term":[{"taxonomy":"category","embeddable":true,"href":"https:\/\/www.ludwig-van.com\/toronto\/wp-json\/wp\/v2\/categories?post=75151"},{"taxonomy":"post_tag","embeddable":true,"href":"https:\/\/www.ludwig-van.com\/toronto\/wp-json\/wp\/v2\/tags?post=75151"},{"taxonomy":"yst_prominent_words","embeddable":true,"href":"https:\/\/www.ludwig-van.com\/toronto\/wp-json\/wp\/v2\/yst_prominent_words?post=75151"}],"curies":[{"name":"wp","href":"https:\/\/api.w.org\/{rel}","templated":true}]}}