{"id":74260,"date":"2022-03-02T12:20:07","date_gmt":"2022-03-02T17:20:07","guid":{"rendered":"https:\/\/www.ludwig-van.com\/toronto\/?p=74260"},"modified":"2022-03-02T12:20:07","modified_gmt":"2022-03-02T17:20:07","slug":"scoop-juno-2022-classical-music-nominees-diverse-group-new-category-scheme","status":"publish","type":"post","link":"https:\/\/www.ludwig-van.com\/toronto\/2022\/03\/02\/scoop-juno-2022-classical-music-nominees-diverse-group-new-category-scheme\/","title":{"rendered":"THE SCOOP | Juno 2022 Classical Music Nominees A Diverse Group In New Category Scheme"},"content":{"rendered":"<figure id=\"attachment_74264\" aria-describedby=\"caption-attachment-74264\" style=\"width: 1200px\" class=\"wp-caption aligncenter\"><img decoding=\"async\" loading=\"lazy\" class=\"size-full wp-image-74264\" src=\"https:\/\/www.ludwig-van.com\/toronto\/wp-content\/uploads\/sites\/2\/2022\/03\/2022-Juno_Award_Nominations-classical.jpg\" alt=\"(L-R) Emily D\u2019Angelo; Yannick N\u00e9zet-S\u00e9guin; Saman Shahi; Keiko Devaux; Johannes Debus\" width=\"1200\" height=\"628\" \/><figcaption id=\"caption-attachment-74264\" class=\"wp-caption-text\">(L-R) Emily D\u2019Angelo; Yannick N\u00e9zet-S\u00e9guin; Saman Shahi; Keiko Devaux; Johannes Debus<\/figcaption><\/figure>\n<p>The nominations for the 2022 Juno Awards have been announced, with a shake up in the classical music division.<\/p>\n<p>The vocal\/choral category has been eliminated to create four separate awards. Three are based on the scale of the works in question, including Solo Artist, Large Ensemble, and Small Ensemble, with a fourth designated for composition.<\/p>\n<p>The absence of a specific category for vocal and choral pieces caused some consternation in the musical community, but a look at the list of this year\u2019s nominees includes five works that fall into that genre, including <a href=\"https:\/\/www.ludwig-van.com\/toronto\/2021\/10\/29\/lebrecht-listens-emily-dangelos-voice-thing-wonder\/\" target=\"_blank\" rel=\"noopener\">Emily D\u2019Angelo\u2019s highly acclaimed <\/a><em>enargeia.<\/em><\/p>\n<p>No surprise \u2014 Yannick N\u00e9zet-S\u00e9guin leads the nominations with three in two categories after a busy year of releases.<\/p>\n<p>At least somewhat surprising is the absence of another Quebec superstar, Charles Richard-Hamelin, and his recording of Chopin Preludes, from the solo category, although he did still garner a nomination for his release of Beethoven violin sonatas with Andrew Wan in the small ensemble slot.<\/p>\n<p>Here\u2019s a look at all the nominees in the classical music division.<\/p>\n<h3><strong>CLASSICAL ALBUM OF THE YEAR (SOLO ARTIST) | ALBUM CLASSIQUE DE L\u2019ANN\u00c9E (SOLO)<\/strong><\/h3>\n<ul>\n<li><em>Remote Together<\/em> by Catherine Lee (Redshift)<\/li>\n<li><em>enargeia<\/em> by Emily D\u2019Angelo (Deutsche Grammophon\/Universal)<\/li>\n<li><em>Chopin: Complete Nocturnes<\/em> by Jan Lisiecki (Deutsche Grammophon\/Universal0<\/li>\n<li><em>Songs for Murdered Sisters<\/em> by Joshua Hopkins (Pentatone\/Naxos)<\/li>\n<li><em>Introspection: Solo Piano Sessions<\/em> by Yannick N\u00e9zet-S\u00e9guin (Deutsche Grammophon\/Universal)<\/li>\n<\/ul>\n<div class=\"jetpack-video-wrapper\"><span class=\"embed-youtube\" style=\"text-align:center; display: block;\"><iframe loading=\"lazy\" class=\"youtube-player\" width=\"640\" height=\"360\" src=\"https:\/\/www.youtube.com\/embed\/pqp3-OF74o4?version=3&#038;rel=1&#038;showsearch=0&#038;showinfo=1&#038;iv_load_policy=1&#038;fs=1&#038;hl=en-US&#038;autohide=2&#038;wmode=transparent\" allowfullscreen=\"true\" style=\"border:0;\" sandbox=\"allow-scripts allow-same-origin allow-popups allow-presentation\"><\/iframe><\/span><\/div>\n<h3><strong>CLASSICAL ALBUM OF THE YEAR (LARGE ENSEMBLE) | ALBUM CLASSIQUE DE L\u2019ANN\u00c9E (GRAND ENSEMBLE)<\/strong><\/h3>\n<ul>\n<li><em>Messiah\/Complex<\/em> by Against the Grain Theatre with Toronto Symphony Orchestra, conducted by Johannes Debus (Against the Grain\/Independent)<\/li>\n<li><em>Solfeggio<\/em> by L\u2019Harmonie des saisons, conducted by Eric Milnes ft. H\u00e9l\u00e8ne Brunet (ATMA\/Naxos)<\/li>\n<li><em>Sibelius 3<\/em> by Orchestre M\u00e9tropolitain de Montr\u00e9al, conducted by Yannick N\u00e9zet-S\u00e9guin (ATMA\/Universal)<\/li>\n<li><em>L\u2019HOMME ARM\u00c9<\/em> by Studio de musique ancienne de Montr\u00e9al, conducted by Andrew McAnerney (ATMA\/Naxos)<\/li>\n<li><em>Rachmaninoff: Symphony No. 1 &amp; Symphonic Dances<\/em> by The Philadelphia Orchestra, conducted by Yannick N\u00e9zet-S\u00e9guin (Deutsche Grammophon\/Universal)<\/li>\n<\/ul>\n<div class=\"jetpack-video-wrapper\"><span class=\"embed-youtube\" style=\"text-align:center; display: block;\"><iframe loading=\"lazy\" class=\"youtube-player\" width=\"640\" height=\"360\" src=\"https:\/\/www.youtube.com\/embed\/awx6dDPYCWs?version=3&#038;rel=1&#038;showsearch=0&#038;showinfo=1&#038;iv_load_policy=1&#038;fs=1&#038;hl=en-US&#038;autohide=2&#038;wmode=transparent\" allowfullscreen=\"true\" style=\"border:0;\" sandbox=\"allow-scripts allow-same-origin allow-popups allow-presentation\"><\/iframe><\/span><\/div>\n<h3><strong>CLASSICAL ALBUM OF THE YEAR (SMALL ENSEMBLE) | ALBUM CLASSIQUE DE L\u2019ANN\u00c9E (PETIT ENSEMBLE)<\/strong><\/h3>\n<ul>\n<li><em>Beethoven: Sonates pour violon et piano \/ Violin Sonatas Nos. 1, 2, 3 &amp; 5<\/em> by Andrew Wan and Charles Richard-Hamelin (Analekta\/F.A.B.\/The Orchard)<\/li>\n<li><em>Immersion<\/em> by Ang\u00e8le Dubeau &amp; La Piet\u00e0 (Analekta\/F.A.B.\/The Orchard)<\/li>\n<li><em>Klebanov: Chamber Works<\/em> by ARC Ensemble (Chandos)<\/li>\n<li><em>No Time for Chamber Music<\/em> by Collectif9 (Alpha Classics\/Naxos\/Independent)<\/li>\n<li><em>20C Remix<\/em> by Standing Wave (Redshift\/Independent)<\/li>\n<\/ul>\n<div class=\"jetpack-video-wrapper\"><span class=\"embed-youtube\" style=\"text-align:center; display: block;\"><iframe loading=\"lazy\" class=\"youtube-player\" width=\"640\" height=\"360\" src=\"https:\/\/www.youtube.com\/embed\/sUezOG9fEk4?version=3&#038;rel=1&#038;showsearch=0&#038;showinfo=1&#038;iv_load_policy=1&#038;fs=1&#038;hl=en-US&#038;autohide=2&#038;wmode=transparent\" allowfullscreen=\"true\" style=\"border:0;\" sandbox=\"allow-scripts allow-same-origin allow-popups allow-presentation\"><\/iframe><\/span><\/div>\n<h3><strong>CLASSICAL COMPOSITION OF THE YEAR | COMPOSITION CLASSIQUE DE L\u2019ANN\u00c9E<\/strong><\/h3>\n<ul>\n<li><em>Flight<\/em> by Dorothy Chang (Redshift)<\/li>\n<li><em>Chamber Symphony No. 2 \u201cChildren\u2019s War Diaries\u201d<\/em> by Jaap Nico Hamburger (Leaf Music\/Naxos)<\/li>\n<li><em>Concerto for Violin and Percussion Orchestra<\/em> by Kati Ag\u00f3cs (Independent)<\/li>\n<li><em>Arras<\/em> by <a href=\"https:\/\/www.ludwig-van.com\/toronto\/2021\/04\/01\/feature-cant-im-ready-two-award-winners-paths-winning-canadas-largest-composition-prize\/\" target=\"_blank\" rel=\"noopener\">Keiko Devaux<\/a> (Analekta\/F.A.B.\/The Orchard)<\/li>\n<li><em>Breathing in the Shadow<\/em>s by Saman Shahi (Leaf Music\/Naxos)<\/li>\n<\/ul>\n<div class=\"jetpack-video-wrapper\"><span class=\"embed-youtube\" style=\"text-align:center; display: block;\"><iframe loading=\"lazy\" class=\"youtube-player\" width=\"640\" height=\"360\" src=\"https:\/\/www.youtube.com\/embed\/gYzicyCoTP0?version=3&#038;rel=1&#038;showsearch=0&#038;showinfo=1&#038;iv_load_policy=1&#038;fs=1&#038;hl=en-US&#038;autohide=2&#038;wmode=transparent\" allowfullscreen=\"true\" style=\"border:0;\" sandbox=\"allow-scripts allow-same-origin allow-popups allow-presentation\"><\/iframe><\/span><\/div>\n<p>The 2022 Juno Awards ceremony will take place on May 15, 2022 in Toronto. Good luck to all the nominees.<\/p>\n<h3 class=\"western\"><em><b>#LUDWIGVAN<\/b><\/em><\/h3>\n<p class=\"western\"><em>Get the daily arts news straight to your inbox.<\/em><\/p>\n<h3 class=\"western\"><em>Sign up for the Ludwig van Daily \u2014 classical music and opera in five minutes or less <\/em><a href=\"https:\/\/ludwig-van.us9.list-manage.com\/subscribe?u=4f785cb3f9058f2393ccad035&amp;id=57cdb68eac\" target=\"_blank\" rel=\"noopener\"><em>HERE<\/em><\/a>.<\/h3>\n","protected":false},"excerpt":{"rendered":"<p>The nominations for the 2022 Juno Awards have been announced, with a shake up in the classical music division.<\/p>\n","protected":false},"author":64,"featured_media":74264,"comment_status":"open","ping_status":"open","sticky":false,"template":"","format":"standard","meta":{"om_disable_all_campaigns":false,"jetpack_post_was_ever_published":false},"categories":[39907,5,39646,39],"tags":[39971,4678,5671,1833,3627],"yst_prominent_words":[16460,6715,35971,36436,34447,8544,18435],"acf":[],"jetpack_featured_media_url":"https:\/\/www.ludwig-van.com\/toronto\/wp-content\/uploads\/sites\/2\/2022\/03\/2022-Juno_Award_Nominations-classical.jpg","jetpack_sharing_enabled":true,"jetpack_shortlink":"https:\/\/wp.me\/p9bakr-jjK","amp_enabled":true,"_links":{"self":[{"href":"https:\/\/www.ludwig-van.com\/toronto\/wp-json\/wp\/v2\/posts\/74260"}],"collection":[{"href":"https:\/\/www.ludwig-van.com\/toronto\/wp-json\/wp\/v2\/posts"}],"about":[{"href":"https:\/\/www.ludwig-van.com\/toronto\/wp-json\/wp\/v2\/types\/post"}],"author":[{"embeddable":true,"href":"https:\/\/www.ludwig-van.com\/toronto\/wp-json\/wp\/v2\/users\/64"}],"replies":[{"embeddable":true,"href":"https:\/\/www.ludwig-van.com\/toronto\/wp-json\/wp\/v2\/comments?post=74260"}],"version-history":[{"count":4,"href":"https:\/\/www.ludwig-van.com\/toronto\/wp-json\/wp\/v2\/posts\/74260\/revisions"}],"predecessor-version":[{"id":74265,"href":"https:\/\/www.ludwig-van.com\/toronto\/wp-json\/wp\/v2\/posts\/74260\/revisions\/74265"}],"wp:featuredmedia":[{"embeddable":true,"href":"https:\/\/www.ludwig-van.com\/toronto\/wp-json\/wp\/v2\/media\/74264"}],"wp:attachment":[{"href":"https:\/\/www.ludwig-van.com\/toronto\/wp-json\/wp\/v2\/media?parent=74260"}],"wp:term":[{"taxonomy":"category","embeddable":true,"href":"https:\/\/www.ludwig-van.com\/toronto\/wp-json\/wp\/v2\/categories?post=74260"},{"taxonomy":"post_tag","embeddable":true,"href":"https:\/\/www.ludwig-van.com\/toronto\/wp-json\/wp\/v2\/tags?post=74260"},{"taxonomy":"yst_prominent_words","embeddable":true,"href":"https:\/\/www.ludwig-van.com\/toronto\/wp-json\/wp\/v2\/yst_prominent_words?post=74260"}],"curies":[{"name":"wp","href":"https:\/\/api.w.org\/{rel}","templated":true}]}}