{"id":74171,"date":"2022-02-21T10:59:36","date_gmt":"2022-02-21T15:59:36","guid":{"rendered":"https:\/\/www.ludwig-van.com\/toronto\/?p=74171"},"modified":"2022-02-21T10:59:36","modified_gmt":"2022-02-21T15:59:36","slug":"critics-picks-classical-events-you-absolutely-need-to-see-this-week-feb-21-27","status":"publish","type":"post","link":"https:\/\/www.ludwig-van.com\/toronto\/2022\/02\/21\/critics-picks-classical-events-you-absolutely-need-to-see-this-week-feb-21-27\/","title":{"rendered":"CRITIC&#8217;S PICKS | Classical Events You Absolutely Need To See This Week: Feb. 21 \u2013 27"},"content":{"rendered":"<figure id=\"attachment_74172\" aria-describedby=\"caption-attachment-74172\" style=\"width: 1200px\" class=\"wp-caption aligncenter\"><img decoding=\"async\" loading=\"lazy\" class=\"size-full wp-image-74172\" src=\"https:\/\/www.ludwig-van.com\/toronto\/wp-content\/uploads\/sites\/2\/2022\/02\/CP-Feb-21.jpg\" alt=\"\" width=\"1200\" height=\"628\" \/><figcaption id=\"caption-attachment-74172\" class=\"wp-caption-text\">Classical music and opera events in Toronto for the week of February 21 to 27.<\/figcaption><\/figure>\n<p>This is a list of amazing concerts we are attending, wishing we could attend, or thinking about attending between February 21 \u2013 \u00a027, 2022. For more details on what&#8217;s happening around Toronto, visit our calendar <a href=\"https:\/\/www.ludwig-van.com\/toronto\/events\/\"><strong>here<\/strong><\/a><strong>.<\/strong><\/p>\n<h3>Toronto Symphony Orchestra | Find Your Dream: The Songs of Rodgers &amp; Hammerstein<\/h3>\n<p>?\u00a0 Tuesday \u2014 February 22, 2022, 8 pm ET (Repeats Feb. 23)<br \/>\n?\u00a0<a href=\"https:\/\/www.tso.ca\/concert\/find-your-dream-songs-rodgers-hammerstein\">LINK<\/a><br \/>\n? $41+<\/p>\n<p>If you\u2019re a sucker for a good show tune, the TSO\u2019s Pops series should be on your radar this week. Why? Conductor Steven Reineke will lead the Orchestra alongside two Broadway veterans Emily Padgett and Josh Young. You\u2019ll hear classics from The Sound of Music, Carousel, Oklahoma!, and South Pacific. |\u00a0<a href=\"https:\/\/www.ludwig-van.com\/toronto\/event\/tso-find-dream-songs-rodgers-hammerstein\/2022-02-22\/\">Details<\/a><\/p>\n<h3>Royal Conservatory | V\u00edkingur \u00d3lafsson<\/h3>\n<p>?\u00a0 Thursday \u2014 February 24, 2022, 8 pm ET<br \/>\n?\u00a0<a href=\"https:\/\/www.rcmusic.com\/events-and-performances\/vikingur-olafsson-(4)\">LINK<\/a><br \/>\n? $55+<\/p>\n<p>Piano lovers should be lining up for this. Icelandic pianist V\u00edkingur \u00d3lafsson will be performing works from his latest Mozart-heavy CD at Koerner Hall. \u00d3lafsson just might be the most exciting thing to come out of Iceland since Bj\u00f6rk, and to hear him at the acoustically pristine Koerner Hall is a treasure. |\u00a0<a href=\"https:\/\/www.ludwig-van.com\/toronto\/event\/royal-conservatory-vikingur-olafsson\/\">Details<\/a><\/p>\n<h3>Royal Conservatory | Ang\u00e8le Dubeau &amp; La Piet\u00e0: Elle \u2013 25th Anniversary Concert<\/h3>\n<p>?\u00a0 Friday \u2014 February 25, 2022, 8 pm ET<br \/>\n?\u00a0<a href=\"https:\/\/www.rcmusic.com\/events-and-performances\/angele-dubeau-la-pieta-(3)\">LINK<\/a><br \/>\n? $21+<\/p>\n<p>It\u2019s hard to believe Ang\u00e8le Dubeau\u2019s La Piet\u00e0 ensemble is 25 this year. This Friday, they will be in town to celebrate with a collection of classical music by mostly living composers such as Ludovico Einaudi, Olafur Arnalds, Max Richter, and more. Who should go? Besides fans of Dubeau, this is an excellent concert to bring a teenager too \u2014\u00a0especially one who\u2019s never been to a concert like this. |\u00a0<a href=\"https:\/\/www.ludwig-van.com\/toronto\/event\/rcm-21c-music-festival-angele-dubeau-la-pieta-elle-25th-anniversary-concert\/\">Details<\/a><\/p>\n<h3>Toronto Symphony Orchestra | Beethoven\u2019s 4th<\/h3>\n<p>?\u00a0 Saturday \u2014 February 26, 2022, 8 pm ET (Repeats Feb. 27)<br \/>\n?\u00a0<a href=\"https:\/\/www.tso.ca\/concert\/beethoven-fourth\">LINK<\/a><br \/>\n? $29+<\/p>\n<p>For those looking for a more varied, slightly unusual program, this is your jam. You\u2019ll hear celebrated Chinese-American conductor, Xian Zhang lead Principal Flute Kelly Zimba Luki in Carl Nielsen&#8217;s rarely heard Flute Concerto. The concert also features Nokuthula Ngwenyama\u2019s haunting <em>Primal Message<\/em> for string orchestra. The show closes with Beethoven\u2019s fourth. |\u00a0<a href=\"https:\/\/www.ludwig-van.com\/toronto\/event\/tso-beethovens-fourth\/all\/\">Details<\/a><\/p>\n<h3>Elixir Baroque Ensemble | 2022 Elixir Mixer<\/h3>\n<p>?\u00a0 Sunday \u2014 February 27, 2022, 5 pm ET<br \/>\n?\u00a0<a href=\"https:\/\/www.facebook.com\/events\/1084072912383018\/?ref=newsfeed\">LINK<\/a><br \/>\n? $25<\/p>\n<p>For those looking for a vibrato-free vibe and a cold elixir in hand, we recommend checking out the Elixir Baroque Ensemble this Sunday. This unique group was started over a decade ago by harpsichordist Sara-Anne Churchill. It grew into a duet, a trio, and a full chamber ensemble. Tickets will be sold at the door beginning at 4 pm. Capacities may be limited, so please arrive early. |\u00a0<a href=\"https:\/\/www.ludwig-van.com\/toronto\/event\/elixir-baroque-ensemble-2022-elixir-mixer\/\">Details<\/a><\/p>\n<h3 class=\"western\"><em><b>#LUDWIGVAN<\/b><\/em><\/h3>\n<p class=\"western\"><em>Get the daily arts news straight to your inbox.<\/em><\/p>\n<h3 class=\"western\"><em>Sign up for the Ludwig van Daily \u2014 classical music and opera in five minutes or less\u00a0<\/em><a href=\"https:\/\/ludwig-van.us9.list-manage.com\/subscribe?u=4f785cb3f9058f2393ccad035&amp;id=57cdb68eac\" target=\"_blank\" rel=\"noopener\"><em>HERE<\/em><\/a>.<\/h3>\n","protected":false},"excerpt":{"rendered":"<p>Classical music and opera events in Toronto for the week of February 21 to 27.<\/p>\n","protected":false},"author":7,"featured_media":74172,"comment_status":"open","ping_status":"open","sticky":false,"template":"","format":"standard","meta":{"om_disable_all_campaigns":false,"jetpack_post_was_ever_published":false},"categories":[39907,3895,63],"tags":[],"yst_prominent_words":[11232,6715,28125,23520,27956,26977,6825],"acf":[],"jetpack_featured_media_url":"https:\/\/www.ludwig-van.com\/toronto\/wp-content\/uploads\/sites\/2\/2022\/02\/CP-Feb-21.jpg","jetpack_sharing_enabled":true,"jetpack_shortlink":"https:\/\/wp.me\/p9bakr-jij","amp_enabled":true,"_links":{"self":[{"href":"https:\/\/www.ludwig-van.com\/toronto\/wp-json\/wp\/v2\/posts\/74171"}],"collection":[{"href":"https:\/\/www.ludwig-van.com\/toronto\/wp-json\/wp\/v2\/posts"}],"about":[{"href":"https:\/\/www.ludwig-van.com\/toronto\/wp-json\/wp\/v2\/types\/post"}],"author":[{"embeddable":true,"href":"https:\/\/www.ludwig-van.com\/toronto\/wp-json\/wp\/v2\/users\/7"}],"replies":[{"embeddable":true,"href":"https:\/\/www.ludwig-van.com\/toronto\/wp-json\/wp\/v2\/comments?post=74171"}],"version-history":[{"count":6,"href":"https:\/\/www.ludwig-van.com\/toronto\/wp-json\/wp\/v2\/posts\/74171\/revisions"}],"predecessor-version":[{"id":74178,"href":"https:\/\/www.ludwig-van.com\/toronto\/wp-json\/wp\/v2\/posts\/74171\/revisions\/74178"}],"wp:featuredmedia":[{"embeddable":true,"href":"https:\/\/www.ludwig-van.com\/toronto\/wp-json\/wp\/v2\/media\/74172"}],"wp:attachment":[{"href":"https:\/\/www.ludwig-van.com\/toronto\/wp-json\/wp\/v2\/media?parent=74171"}],"wp:term":[{"taxonomy":"category","embeddable":true,"href":"https:\/\/www.ludwig-van.com\/toronto\/wp-json\/wp\/v2\/categories?post=74171"},{"taxonomy":"post_tag","embeddable":true,"href":"https:\/\/www.ludwig-van.com\/toronto\/wp-json\/wp\/v2\/tags?post=74171"},{"taxonomy":"yst_prominent_words","embeddable":true,"href":"https:\/\/www.ludwig-van.com\/toronto\/wp-json\/wp\/v2\/yst_prominent_words?post=74171"}],"curies":[{"name":"wp","href":"https:\/\/api.w.org\/{rel}","templated":true}]}}