{"id":71901,"date":"2021-08-16T17:41:50","date_gmt":"2021-08-16T21:41:50","guid":{"rendered":"https:\/\/www.ludwig-van.com\/toronto\/?p=71901"},"modified":"2021-08-16T17:41:50","modified_gmt":"2021-08-16T21:41:50","slug":"critics-picks-classical-events-absolutely-need-see-week-aug-16-22","status":"publish","type":"post","link":"https:\/\/www.ludwig-van.com\/toronto\/2021\/08\/16\/critics-picks-classical-events-absolutely-need-see-week-aug-16-22\/","title":{"rendered":"CRITIC&#8217;S PICKS | Classical Events You Absolutely Need To See This Week: Aug. 16\u201322"},"content":{"rendered":"<figure id=\"attachment_71902\" aria-describedby=\"caption-attachment-71902\" style=\"width: 1200px\" class=\"wp-caption aligncenter\"><img decoding=\"async\" loading=\"lazy\" class=\"size-full wp-image-71902\" src=\"https:\/\/www.ludwig-van.com\/toronto\/wp-content\/uploads\/sites\/2\/2021\/08\/CP-Aug-16.jpg\" alt=\"Classical music and opera events for the week of August 16\u201322, 2021.\" width=\"1200\" height=\"628\" \/><figcaption id=\"caption-attachment-71902\" class=\"wp-caption-text\">Classical music and opera events for the week of August 16\u201322, 2021.<\/figcaption><\/figure>\n<p>This is a list of amazing concerts we are attending, wishing we could attend, or thinking about attending between August 16\u201322, 2021. For more details on what\u2019s happening from our trusted partners, visit our calendar <a href=\"https:\/\/www.ludwig-van.com\/toronto\/events\/\" target=\"_blank\" rel=\"noopener\">here<\/a>.<\/p>\n<h3><strong>Festival of the Sound | Passing the Baton: The Piano Quintets of Johannes Brahms and Anton\u00edn Dvo\u0159\u00e1k<\/strong><\/h3>\n<p>? Monday \u2014 August 16, 2021, 7:30 p.m.<br \/>\n? <a href=\"https:\/\/festivalofthesound.ca\/event\/passing-the-baton\/\" target=\"_blank\" rel=\"noopener\">LINK<\/a><br \/>\n? $22.60<\/p>\n<p>Festival of the Sound continues this week with one of their strongest concerts of the summer, the Penderecki String Quartet and the Rolston String Quartet paired with Alexander Tselyakov on piano. You\u2019ll hear Brahms <em>Piano Quintet in F Op.34<\/em> (arguably his best) and Dvo\u0159\u00e1k\u2019s<em> Piano Quintet No.2 in A Op.81<\/em> (a true masterpiece). | <a href=\"https:\/\/www.ludwig-van.com\/toronto\/event\/festival-sound-passing-baton-piano-quintets-johannes-brahms-antonin-dvorak\/\" target=\"_blank\" rel=\"noopener\">Details<\/a><\/p>\n<h3><strong>Stratford Summer Music | Vocal Academy Finale \u2014 Opera And Oratorio<\/strong><\/h3>\n<p>? Tuesday \u2014 August 17, 2021, 4:30 p.m.<br \/>\n? <a href=\"https:\/\/stratfordsummermusic.ca\/event\/vocal-academy-finale-opera-and-oratorio\/\" target=\"_blank\" rel=\"noopener\">LINK<\/a><br \/>\n? $25<\/p>\n<p>If you\u2019re in Stratford this week, we recommend you check out the finale to the Stratford Summer Music\u2019s Vocal Academy tonight with eight voice hopefuls. Emily Hamper is accompanying on piano. Note, this event is NOT online, so you\u2019ll need to be local. | <a href=\"https:\/\/stratfordsummermusic.ca\/event\/vocal-academy-finale-opera-and-oratorio\/\" target=\"_blank\" rel=\"noopener\">Details<\/a><\/p>\n<h3><strong>Toronto Concert Orchestra | TCO: Heal<\/strong><\/h3>\n<p>? Tuesday \u2014 August 17, 2021, 7 p.m.<br \/>\n? <a href=\"https:\/\/www.youtube.com\/channel\/UCb1sgVA3kGQPAFPOX5a65UA\" target=\"_blank\" rel=\"noopener\">LINK<\/a><br \/>\n? Free!<\/p>\n<p>English Country Dance instructor Catherine Campbell joins the Toronto Concert Orchestra to perform music from the Jane Austin era, including some of Austen\u2019s favourite music. TCO clarinetist Anthony Thompson also tackles the last piece Mozart ever wrote, his <em>Clarinet Concerto<\/em>. | <a href=\"https:\/\/www.tcomusic.ca\/\" target=\"_blank\" rel=\"noopener\">Details<\/a><\/p>\n<h3><strong>Australian Chamber Orchestra | ACO Studiocasts: Tabula Rasa<\/strong><\/h3>\n<p>? Wednesday \u2014 August 18, 2021, 5 a.m. ET (8 p.m. AEDT)<br \/>\n?\u00a0<a href=\"https:\/\/www.acostudiocasts.com\/detail\/videos\/aco-studiocasts\/video\/6210226084001\/tabula-rasa\" target=\"_blank\" rel=\"noopener\">LINK<\/a><br \/>\n? $35 AUD<\/p>\n<p>This one is a little more reflective than usual, but the program caught our eye. Arvo P\u00e4rt\u2019s <em>Tabula Rasa<\/em> (Latin for a clean slate) remains one of the most haunting and spiritual works ever written. Pair that with Shostakovich\u2019s <em>Chamber Symphony<\/em> <em>in C minor<\/em>, and you have the makings of a magical concert by the Australian Chamber Orchestra. LV will be there in the virtual front row. <a href=\"https:\/\/www.aco.com.au\/whats-on\/2021\/studiocast-tabula-rasa\" target=\"_blank\" rel=\"noopener\">Details<\/a><\/p>\n<h3><strong>NYO Canada | Michael Measures Prizes Award Ceremony<\/strong><\/h3>\n<p>? Wednesday \u2014 August 18, 2021, 7 p.m. ET<br \/>\n?\u00a0<a href=\"https:\/\/www.facebook.com\/nyoconjc\/posts\/10158581628192169\" target=\"_blank\" rel=\"noopener\">LINK<\/a><br \/>\n? Free!<\/p>\n<p>The National Youth Orchestra of Canada, in partnership with the Canada Council for the Arts, will present the Michael Measures Prizes award ceremony. The presentation will be hosted by Tom Allen, and include the award announcement by Canada Council for the Arts, interviews, and performances from our 2021 prize winners. Ludwig Van will be on hand for an interview with the winners, so stay tuned! The ceremony will be premiere here: <a href=\"https:\/\/www.facebook.com\/nyoconjc\/posts\/10158581628192169\" target=\"_blank\" rel=\"noopener\">NYO Canada Facebook<\/a> and <a href=\"https:\/\/www.youtube.com\/watch?v=EOBdv3pTexA\" target=\"_blank\" rel=\"noopener\">YouTube page<\/a>. | <a href=\"https:\/\/www.ludwig-van.com\/toronto\/event\/nyo-canada-michael-measures-prizes-award-ceremony\/\" target=\"_blank\" rel=\"noopener\">Details<\/a><\/p>\n<h3><strong>Festival of the Sound | Vivaldi: the Four Seasons<\/strong><\/h3>\n<p>? Monday \u2014 August 16, 2021, 7:30 p.m.<br \/>\n? <a href=\"https:\/\/tickets.festivalofthesound.ca\/TheatreManager\/1\/login?event=1037\" target=\"_blank\" rel=\"noopener\">LINK<\/a><br \/>\n? $22.60<\/p>\n<p>In what has the makings of a great concert, Mark Fewer leads Vivaldi\u2019s <em>The Four Seasons<\/em> with all-stars Julie Baumgartel (violin), Joel Quarrington (double bass), Borys Medicky (harpsichord), the Penderecki String Quartet, and the Rolston String Quartet, with narration by Alison and Larry Beckwith. Highly recommended. | <a href=\"https:\/\/tickets.festivalofthesound.ca\/TheatreManager\/1\/tmEvent\/tmEvent1037.html\" target=\"_blank\" rel=\"noopener\">Details<\/a><\/p>\n<h3><strong>Elora Festival | Estonian Calendar Songs: Estonian Philharmonic Chamber Choir<\/strong><\/h3>\n<p>? Thursday \u2014 August 19, 2021, 7:30 p.m.<br \/>\n?\u00a0<a href=\"https:\/\/elorafestival.ca\/elora-festival\/?utm_source=listings&amp;utm_medium=concert_listings&amp;utm_campaign=EloraFestival2021&amp;utm_content=LUDWIGVAN\" target=\"_blank\" rel=\"noopener\">LINK<\/a><br \/>\n? $25+<\/p>\n<p>Thursday at the Elora Festival brings one of Baltic\u2019s premiere professional choirs, the Estonian Philharmonic Chamber Choir, right here in Canada. They will be performing songs by one of Estonia\u2019s great contemporary choral composers, Veljo Tormis. This looks like a good bet, especially for fans of choral music (who isn\u2019t?) | <a href=\"https:\/\/www.ludwig-van.com\/toronto\/event\/elora-festival-online-estonian-calendar-songs-estonian-philharmonic-chamber-choir\/\" target=\"_blank\" rel=\"noopener\">Details<\/a><\/p>\n<h3><strong>Soundstreams | Quiet Time<\/strong><\/h3>\n<p>? Thursday \u2014 August 19, 2021, 9 p.m.<br \/>\n?\u00a0<a href=\"https:\/\/soundstreams.ca\/performances\/main-stage\/quiet-time\/\" target=\"_blank\" rel=\"noopener\">LINK<\/a><br \/>\n? Free!<\/p>\n<p>Toronto-based songwriter and singer Robin Dann\u2019s collaboration with Soundstreams opens online tonight with <em>Quiet Time<\/em> \u2014 an immersive audio-visual experience that includes works by Dann, Allison Cameron and Matthew Pencer. Curious? We were too, so we asked her a few questions about it; read on <a href=\"https:\/\/www.ludwig-van.com\/toronto\/2021\/08\/10\/preview-robin-dann-wants-give-quiet-time\/\" target=\"_blank\" rel=\"noopener\">here<\/a>. |\u00a0<a href=\"https:\/\/www.ludwig-van.com\/toronto\/event\/soundstreams-quiet-time\/\" target=\"_blank\" rel=\"noopener\">Details<\/a><\/p>\n<h3><strong>Stratford Summer Music | Friday Night Live at Revival House \u2014 Hilario Duran Trio<\/strong><\/h3>\n<p>? Friday \u2014 August 20, 2021, 9 p.m. (Online or In-person)<br \/>\n? <a href=\"https:\/\/stratfordsummermusic.ca\/event\/online-stream-friday-night-live-at-revival-house-hilario-duran-trio\/\" target=\"_blank\" rel=\"noopener\">LINK<\/a><br \/>\n? $20<\/p>\n<p>Did you catch <em>The Cuban<\/em> on Netflix last year with Academy Award-winning actor Louis Gossett Jr.? (If not, do yourself a favour and watch it). Cuban-Canadian pianist Hilario Duran was responsible for the soundtrack. Luckily for you, he is in Stratford, Ontario, tonight to perform some of the best Cuban music on the planet with bassist Roberto Occhipinti and drummer Mark Kelso. This event is both online and in-person, so if you&#8217;re around Stratford, run and grab a ticket before it sells out! | <a href=\"https:\/\/www.ludwig-van.com\/toronto\/event\/stratford-summer-music-friday-night-live-revival-house-hilario-duran-trio\/\" target=\"_blank\" rel=\"noopener\">Details<\/a><\/p>\n<div class=\"jetpack-video-wrapper\"><span class=\"embed-youtube\" style=\"text-align:center; display: block;\"><iframe loading=\"lazy\" class=\"youtube-player\" width=\"640\" height=\"360\" src=\"https:\/\/www.youtube.com\/embed\/sZgXE5jYPI0?version=3&#038;rel=1&#038;showsearch=0&#038;showinfo=1&#038;iv_load_policy=1&#038;fs=1&#038;hl=en-US&#038;autohide=2&#038;wmode=transparent\" allowfullscreen=\"true\" style=\"border:0;\" sandbox=\"allow-scripts allow-same-origin allow-popups allow-presentation\"><\/iframe><\/span><\/div>\n<h3 class=\"western\"><em><b>#LUDWIGVAN<\/b><\/em><\/h3>\n<p class=\"western\"><em>Get the daily arts news straight to your inbox.<\/em><\/p>\n<h3 class=\"western\"><em>Sign up for the Ludwig van Daily \u2014 classical music and opera in five minutes or less <\/em><a href=\"https:\/\/ludwig-van.us9.list-manage.com\/subscribe?u=4f785cb3f9058f2393ccad035&amp;id=57cdb68eac\" target=\"_blank\" rel=\"noopener\"><em>HERE<\/em><\/a>.<\/h3>\n","protected":false},"excerpt":{"rendered":"<p>Classical music and opera events for the week of August 16\u201322, 2021.<\/p>\n","protected":false},"author":7,"featured_media":71902,"comment_status":"open","ping_status":"open","sticky":false,"template":"","format":"standard","meta":{"om_disable_all_campaigns":false,"jetpack_post_was_ever_published":false},"categories":[38476,19,3895,43],"tags":[1272,5534,3150],"yst_prominent_words":[9283],"acf":[],"jetpack_featured_media_url":"https:\/\/www.ludwig-van.com\/toronto\/wp-content\/uploads\/sites\/2\/2021\/08\/CP-Aug-16.jpg","jetpack_sharing_enabled":true,"jetpack_shortlink":"https:\/\/wp.me\/p9bakr-iHH","amp_enabled":true,"_links":{"self":[{"href":"https:\/\/www.ludwig-van.com\/toronto\/wp-json\/wp\/v2\/posts\/71901"}],"collection":[{"href":"https:\/\/www.ludwig-van.com\/toronto\/wp-json\/wp\/v2\/posts"}],"about":[{"href":"https:\/\/www.ludwig-van.com\/toronto\/wp-json\/wp\/v2\/types\/post"}],"author":[{"embeddable":true,"href":"https:\/\/www.ludwig-van.com\/toronto\/wp-json\/wp\/v2\/users\/7"}],"replies":[{"embeddable":true,"href":"https:\/\/www.ludwig-van.com\/toronto\/wp-json\/wp\/v2\/comments?post=71901"}],"version-history":[{"count":1,"href":"https:\/\/www.ludwig-van.com\/toronto\/wp-json\/wp\/v2\/posts\/71901\/revisions"}],"predecessor-version":[{"id":71903,"href":"https:\/\/www.ludwig-van.com\/toronto\/wp-json\/wp\/v2\/posts\/71901\/revisions\/71903"}],"wp:featuredmedia":[{"embeddable":true,"href":"https:\/\/www.ludwig-van.com\/toronto\/wp-json\/wp\/v2\/media\/71902"}],"wp:attachment":[{"href":"https:\/\/www.ludwig-van.com\/toronto\/wp-json\/wp\/v2\/media?parent=71901"}],"wp:term":[{"taxonomy":"category","embeddable":true,"href":"https:\/\/www.ludwig-van.com\/toronto\/wp-json\/wp\/v2\/categories?post=71901"},{"taxonomy":"post_tag","embeddable":true,"href":"https:\/\/www.ludwig-van.com\/toronto\/wp-json\/wp\/v2\/tags?post=71901"},{"taxonomy":"yst_prominent_words","embeddable":true,"href":"https:\/\/www.ludwig-van.com\/toronto\/wp-json\/wp\/v2\/yst_prominent_words?post=71901"}],"curies":[{"name":"wp","href":"https:\/\/api.w.org\/{rel}","templated":true}]}}