{"id":71729,"date":"2021-07-26T12:53:16","date_gmt":"2021-07-26T16:53:16","guid":{"rendered":"https:\/\/www.ludwig-van.com\/toronto\/?p=71729"},"modified":"2021-07-27T11:03:26","modified_gmt":"2021-07-27T15:03:26","slug":"critics-picks-classical-events-absolutely-need-see-week-july-26-august-1","status":"publish","type":"post","link":"https:\/\/www.ludwig-van.com\/toronto\/2021\/07\/26\/critics-picks-classical-events-absolutely-need-see-week-july-26-august-1\/","title":{"rendered":"CRITIC&#8217;S PICKS | Classical Events You Absolutely Need To See This Week: July 26 \u2013 August 1"},"content":{"rendered":"<figure id=\"attachment_71730\" aria-describedby=\"caption-attachment-71730\" style=\"width: 1200px\" class=\"wp-caption aligncenter\"><img decoding=\"async\" loading=\"lazy\" class=\"size-full wp-image-71730\" src=\"https:\/\/www.ludwig-van.com\/toronto\/wp-content\/uploads\/sites\/2\/2021\/07\/CP-_July_26.jpg\" alt=\"Classical Events You Absolutely Need To See This Week: July 26 \u2013 August 1\" width=\"1200\" height=\"628\" \/><figcaption id=\"caption-attachment-71730\" class=\"wp-caption-text\">Classical music and opera events for the week of July 26 \u2013 August 1.<\/figcaption><\/figure>\n<p>This is a list of amazing concerts we are attending, wishing we could attend, or thinking about attending in Toronto between July 26 \u2013 August 1, 2021. For more details on what\u2019s happening from our trusted partners, visit our calendar <a href=\"https:\/\/www.ludwig-van.com\/toronto\/events\/\" target=\"_blank\" rel=\"noopener\">here<\/a>.<\/p>\n<h3><strong>Toronto Summer Music | Philip Chiu In Recital<\/strong><\/h3>\n<p>? Monday \u2014 July 26, 7:30 PM<br \/>\n? <a href=\"https:\/\/www.google.ca\/maps\/place\/Grace+Church+on-the-Hill\/@43.6894838,-79.4120761,17z\/data=!3m1!4b1!4m5!3m4!1s0x882b3365f4ca66a1:0x17958e368c7dee5c!8m2!3d43.6896361!4d-79.4099531\" target=\"_blank\" rel=\"noopener\">Grace Church on-the-Hill, Toronto, Ontario<\/a><br \/>\n? $50<\/p>\n<p>Back today, after nearly two years, the Toronto Summer Music Festival (TSM) returns to live, in-person events. The week-long series will be held at Toronto\u2019s Grace Church on-the-Hill, located in the Forest Hill neighbourhood. We can\u2019t recommend Montreal-based pianist Philip Chiu enough. You\u2019ll hear Ravel and Debussy, plus selections from audience requests. Philip\u2019s bio reads, \u201cMontreal-based classical pianist with a serious weakness for poutine.\u201d This is our people, folks. There\u2019s limited seating, so act fast. | <a href=\"https:\/\/www.ludwig-van.com\/toronto\/event\/toronto-summer-music-philip-chiu-recital\/\" target=\"_blank\" rel=\"noopener\">Details<\/a><\/p>\n<h3><strong>Toronto Summer Music | Beethoven Violin Sonatas: Part 4<\/strong><\/h3>\n<p>? Monday \u2014 July 26, 7:30 PM<br \/>\n? <a href=\"https:\/\/vimeo.com\/571827660\/c7fa546931\" target=\"_blank\" rel=\"noopener\">ONLINE<\/a><br \/>\n? Free!<\/p>\n<p>One of the highlights of the Toronto Summer Music Festival this year is Jonathan Crow and Philip Chiu series on Beethoven&#8217;s <em>Sonatas for Piano and Violin<\/em>. They are working their way towards the complete cycle. Tonight you\u2019ll hear two Ludwig Van approved favourites: Beethoven\u2019s <em>Sonata for Piano and Violin, No.6<\/em> and <em>No. 8<\/em>. A special treat is a premiere of<em> for not all is lost<\/em> by Alice Hong. Note: they are also performing this in person. Expect a review on LV for this one soon. | <a href=\"https:\/\/www.ludwig-van.com\/toronto\/event\/toronto-summer-music-beethoven-violin-sonatas-part-4\/\" target=\"_blank\" rel=\"noopener\">Details<\/a><\/p>\n<h3><strong>Ottawa Chamberfest | Wonny Song and David Jalbert: West Side Story<\/strong><\/h3>\n<p>? Tuesday \u2014 July 27, 2 PM (in-person) and 7 PM (online)<br \/>\n?<a href=\"https:\/\/www.google.com\/maps\/place\/Carleton+Dominion-Chalmers+Centre\/@45.4171941,-75.6954026,15z\/data=!4m2!3m1!1s0x0:0xaaaf86442d52421f?sa=X&amp;ved=2ahUKEwjNs87k-oDyAhU8FVkFHW_2CtcQ_BIwEnoECFcQBQ\" target=\"_blank\" rel=\"noopener\">Carlton Dominion-Chalmers Centre, Ottawa, Ontario<\/a><br \/>\n? $25-35<\/p>\n<p>You really can\u2019t go wrong with two piano dynamos pooling their talents in a program of works Mozart, Ravel, Rachmaninoff, and Bernstein. If you\u2019re near Ottawa, see Wonny Song and David Jalbert live and in-person at 2 p.m. If you\u2019re anywhere else, you can see them online the same day at 7 p.m. You had us at <em>West Side Story<\/em>\u2026 we\u2019ll be there! | <a href=\"https:\/\/www.ludwig-van.com\/toronto\/event\/ottawa-chamberfest-wonny-song-david-jalbert-west-side-story\/2021-07-27\/\" target=\"_blank\" rel=\"noopener\">Details<\/a><\/p>\n<h3><strong>Toronto Summer Music | New Horizons<\/strong><\/h3>\n<p>? Tuesday \u2014 July 27, 7:30 PM<br \/>\n? <a href=\"https:\/\/www.google.ca\/maps\/place\/Grace+Church+on-the-Hill\/@43.6894838,-79.4120761,17z\/data=!3m1!4b1!4m5!3m4!1s0x882b3365f4ca66a1:0x17958e368c7dee5c!8m2!3d43.6896361!4d-79.4099531\" target=\"_blank\" rel=\"noopener\">Grace Church on-the-Hill, Toronto, Ontario<\/a><br \/>\n? $50<\/p>\n<p>Join Toronto Summer Music at Toronto\u2019s Grace Church on-the-Hill for some chamber music with Kerson Leong (violin), St\u00e9phane T\u00e9treault (cello) Angela Schwartzkopf (harp). On the bill are mainstays Ysa\u00ffe, Saint-Sa\u00ebns, Ravel. You\u2019ll also hear a piece by local composer Monica Pearce. We recommend you try and sit close. This is a great chance to hear the next generation of top-shelf classical musicians and even talk to them afterwards. | <a href=\"https:\/\/www.ludwig-van.com\/toronto\/event\/toronto-summer-music-new-horizons\/\" target=\"_blank\" rel=\"noopener\">Details<\/a><\/p>\n<h3><strong>Toronto Summer Music | New Orford String Quartet: Homage<\/strong><\/h3>\n<p>? Wednesday \u2014 July 28, 5 &amp; 7:30 PM<br \/>\n? <a href=\"https:\/\/www.google.ca\/maps\/place\/Grace+Church+on-the-Hill\/@43.6894838,-79.4120761,17z\/data=!3m1!4b1!4m5!3m4!1s0x882b3365f4ca66a1:0x17958e368c7dee5c!8m2!3d43.6896361!4d-79.4099531\" target=\"_blank\" rel=\"noopener\">Grace Church on-the-Hill, Toronto, Ontario<\/a><br \/>\n? $50<\/p>\n<p>If you\u2019re going to see just one show this week, this would be our recommendation. The program is steller, with cutting edge works by Samy Moussa, Caroline Shaw, Dinuk Wijeratne, and Felix Mendelssohn. It wouldn\u2019t be summer in Toronto without hearing New Orford String Quartet at least once. | <a href=\"https:\/\/www.ludwig-van.com\/toronto\/event\/toronto-summer-music-new-orford-string-quartet-homage\/2021-07-28\/\" target=\"_blank\" rel=\"noopener\">Details<\/a><\/p>\n<h3><strong>Yorkville Musical History Walking Tour<\/strong><\/h3>\n<p>? Thursday \u2014 July 29, 10:00 AM<br \/>\n? <a href=\"https:\/\/www.google.com\/maps\/place\/Town+Hall+Square\/@43.6720443,-79.3883205,15z\/data=!4m2!3m1!1s0x0:0xe746415ead263e1a?sa=X&amp;ved=2ahUKEwimyPHy54DyAhUUXM0KHU8qDasQ_BIwE3oECFAQBQ\" target=\"_blank\" rel=\"noopener\">Town Square, Toronto, Ontario<\/a><br \/>\n? $25<\/p>\n<p>While this isn\u2019t a classical event, it looked so neat we had to include it. Toronto\u2019s Yorkville neighbourhood has played an important role in Canada\u2019s music history, particularly in the 1960s. This walking tour is designed for music lovers who want to know the real story of how Yorkville became Canada&#8217;s 1960s music mecca. If you\u2019re lucky, you might even see Gordon Lightfoot walking around. It covers about 2 km from Yonge and Yorkville to Avenue and Davenport, over 1.5-2 hours, so bring good shoes. Each tour is limited to 15 people. Tour guide Dr. Mike Daley asks that all attendees be fully vaccinated. | <a href=\"https:\/\/www.ludwig-van.com\/toronto\/event\/yorkville-musical-history-walking-tour\/\" target=\"_blank\" rel=\"noopener\">Details<\/a><\/p>\n<h3><strong>Soundstreams\/Arts Etobicoke | Town Hall: Indigenous Voices with Special Watch Party<\/strong><\/h3>\n<p>? Thursday \u2014 July 29, 6:30 PM<br \/>\n? <a href=\"https:\/\/soundstreams.kindful.com\/e\/indigvth\" target=\"_blank\" rel=\"noopener\">Online<\/a><br \/>\n? Free!<\/p>\n<p>Join our good friends at Soundstreams and Arts Etobicoke are offering an online chat about the arts in relation to the Indigenous experience. Guests include composer Ian Cusson, mezzo-soprano Rebecca Cuddy, and artist, activist, Knowledge Keeper, and historian Philip Cot\u00e9, and Soundstreams Founding Artistic Director Lawrence Cherney. Questions topics include: What role do the arts play in uncovering and highlighting Indigenous experience? Can they help in providing insight into shared history? Important questions for sure\u2026 come to listen, or join the live audience Q&amp;A after. | <a href=\"https:\/\/www.ludwig-van.com\/toronto\/event\/soundstreams-arts-etobicoke-town-hall-indigenous-voices\/\" target=\"_blank\" rel=\"noopener\">Details<\/a><\/p>\n<h3><strong>Ottawa Chamberfest | Isabel Bayrakdarian &amp; Friends: Glorious and Free<\/strong><\/h3>\n<p>? Thursday \u2014 July 29, 7 PM (online &amp; in-person)<br \/>\n?<a href=\"https:\/\/www.google.com\/maps\/place\/Carleton+Dominion-Chalmers+Centre\/@45.4171941,-75.6954026,15z\/data=!4m2!3m1!1s0x0:0xaaaf86442d52421f?sa=X&amp;ved=2ahUKEwjNs87k-oDyAhU8FVkFHW_2CtcQ_BIwEnoECFcQBQ\" target=\"_blank\" rel=\"noopener\">Carlton Dominion-Chalmers Centre, Ottawa, Ontario<\/a><br \/>\n? $22-41<\/p>\n<p>Ottawa Chamberfest want to fill your night with a spirited concert featuring soprano Isabel Bayrakdarian, violinist Mark Fewer, the Gryphon Trio, and violist Juan-Miguel Hernandez. The program is packed with feisty personality: Brahms\u2019 <em>Zigeunerlieder<\/em>, Dvo\u0159\u00e1k\u2019s <em>Cig\u00e1nsk\u00e9 Melodie<\/em>, as well as other varied works by Valverde, Iradier, Yvain. There are two options to see them both online and in-person. We recommend watching with an ice-cold sangria in hand. | <a href=\"https:\/\/www.ludwig-van.com\/toronto\/event\/ottawa-chamberfest-isabel-bayrakdarian-friends-glorious-and-freetapestry-opera-box-concerts\/\" target=\"_blank\" rel=\"noopener\">Details<\/a><\/p>\n<h3><strong>Ottawa Chamberfest | Lemon Bucket Orkestra<\/strong><\/h3>\n<p>? Friday \u2014 July 30, 2 PM (in-person) and 7 PM (online)<br \/>\n?<a href=\"https:\/\/www.google.com\/maps\/place\/Carleton+Dominion-Chalmers+Centre\/@45.4171941,-75.6954026,15z\/data=!4m2!3m1!1s0x0:0xaaaf86442d52421f?sa=X&amp;ved=2ahUKEwjNs87k-oDyAhU8FVkFHW_2CtcQ_BIwEnoECFcQBQ\" target=\"_blank\" rel=\"noopener\">Carlton Dominion-Chalmers Centre, Ottawa, Ontario<\/a><br \/>\n? $25-35<\/p>\n<p>Described as \u201cToronto\u2019s original guerrilla-folk party-punk massive shares a genre-bending set that is equal parts exhilarating precision and reckless abandon,\u201d this sounds like a lot of fun. If you need some proof, see for yourself <a href=\"https:\/\/www.youtube.com\/watch?v=tP-Iff32EHQ\" target=\"_blank\" rel=\"noopener\">here<\/a>. You can see them in-person at 2 p.m., or online the same day at 7 p.m. | <a href=\"https:\/\/www.ludwig-van.com\/toronto\/event\/ottawa-chamberfest-lemon-bucket-orkestra\/2021-07-30\/\" target=\"_blank\" rel=\"noopener\">Details<\/a><\/p>\n<h3><strong>Toronto Summer Music | Through Beethoven&#8217;s Lens<\/strong><\/h3>\n<p>? Friday \u2014 July 30 7:30 PM<br \/>\n?<a href=\"https:\/\/www.google.ca\/maps\/place\/Grace+Church+on-the-Hill\/@43.6894838,-79.4120761,17z\/data=!3m1!4b1!4m5!3m4!1s0x882b3365f4ca66a1:0x17958e368c7dee5c!8m2!3d43.6896361!4d-79.4099531\" target=\"_blank\" rel=\"noopener\">Grace Church on-the-Hill, Toronto, Ontario<\/a> or <a href=\"https:\/\/vimeo.com\/571829046\/035a854991\" target=\"_blank\" rel=\"noopener\">Online<\/a><br \/>\n? $50 (in-person) \/ Free! (online)<\/p>\n<p>As one of Canada\u2019s leading composers, Kelly-Marie Murphy keeps things fresh with a new take on Beethoven with the premiere and Toronto Summer Music Commission <em>Artifacts from the Auditory World<\/em>. Performed by TSM Festival Artists, you\u2019ll also hear Schubert\u2019s virtuosic<em> Octet in F Major, D 803<\/em>. The piece was written at the request of renowned clarinetist Ferdinand Troyer, who asked him for a work similar to Beethoven&#8217;s <em>Septet, Op. 20.<\/em>\u00a0Fun fact: Troyer and Schubert were both pallbearers at Beethoven\u2019s funeral in 1827. | <a href=\"https:\/\/www.ludwig-van.com\/toronto\/event\/toronto-summer-music-beethovens-lens\/\" target=\"_blank\" rel=\"noopener\">Details<\/a><\/p>\n<h3><strong>Ottawa Chamberfest | An Evening of Opera and Art Song with Isaiah Bell, Jonelle Sills, and Carson Becke<\/strong><\/h3>\n<p>? Sunday \u2014 August 1, 7 PM (online &amp; in-person)<br \/>\n?<a href=\"https:\/\/www.google.com\/maps\/place\/Carleton+Dominion-Chalmers+Centre\/@45.4171941,-75.6954026,15z\/data=!4m2!3m1!1s0x0:0xaaaf86442d52421f?sa=X&amp;ved=2ahUKEwjNs87k-oDyAhU8FVkFHW_2CtcQ_BIwEnoECFcQBQ\" target=\"_blank\" rel=\"noopener\">Carlton Dominion-Chalmers Centre, Ottawa, Ontario<\/a><br \/>\n? $20-35<\/p>\n<p>Matching the slower pace of a summer Sunday, Ottawa Chamberfest celebrate opera and art song, with tenor Isaiah Bell and soprano Jonelle Sills in her Chamberfest debut. Carson Becke accompanies on piano. This is a hybrid in-person or online concert. | <a href=\"https:\/\/www.ludwig-van.com\/toronto\/event\/ottawa-chamberfest-evening-opera-art-song-isaiah-bell-jonelle-sills-carson-becke\/\" target=\"_blank\" rel=\"noopener\">Details<\/a><\/p>\n<h3 class=\"western\"><em><b>#LUDWIGVAN<\/b><\/em><\/h3>\n<p class=\"western\"><em>Get the daily arts news straight to your inbox.<\/em><\/p>\n<h3 class=\"western\"><em>Sign up for the Ludwig van Daily \u2014 classical music and opera in five minutes or less <\/em><a href=\"https:\/\/ludwig-van.us9.list-manage.com\/subscribe?u=4f785cb3f9058f2393ccad035&amp;id=57cdb68eac\" target=\"_blank\" rel=\"noopener\"><em>HERE<\/em><\/a>.<\/h3>\n","protected":false},"excerpt":{"rendered":"<p>Classical music and opera events for the week of July 26 \u2013 August 1.<\/p>\n","protected":false},"author":7,"featured_media":71730,"comment_status":"open","ping_status":"open","sticky":false,"template":"","format":"standard","meta":{"om_disable_all_campaigns":false,"jetpack_post_was_ever_published":false},"categories":[38476,10,76,19,3895,38,9570,63],"tags":[969,1642,39621,6202,3356,39753],"yst_prominent_words":[33185,7432,15153,15149],"acf":[],"jetpack_featured_media_url":"https:\/\/www.ludwig-van.com\/toronto\/wp-content\/uploads\/sites\/2\/2021\/07\/CP-_July_26.jpg","jetpack_sharing_enabled":true,"jetpack_shortlink":"https:\/\/wp.me\/p9bakr-iEV","amp_enabled":true,"_links":{"self":[{"href":"https:\/\/www.ludwig-van.com\/toronto\/wp-json\/wp\/v2\/posts\/71729"}],"collection":[{"href":"https:\/\/www.ludwig-van.com\/toronto\/wp-json\/wp\/v2\/posts"}],"about":[{"href":"https:\/\/www.ludwig-van.com\/toronto\/wp-json\/wp\/v2\/types\/post"}],"author":[{"embeddable":true,"href":"https:\/\/www.ludwig-van.com\/toronto\/wp-json\/wp\/v2\/users\/7"}],"replies":[{"embeddable":true,"href":"https:\/\/www.ludwig-van.com\/toronto\/wp-json\/wp\/v2\/comments?post=71729"}],"version-history":[{"count":8,"href":"https:\/\/www.ludwig-van.com\/toronto\/wp-json\/wp\/v2\/posts\/71729\/revisions"}],"predecessor-version":[{"id":71743,"href":"https:\/\/www.ludwig-van.com\/toronto\/wp-json\/wp\/v2\/posts\/71729\/revisions\/71743"}],"wp:featuredmedia":[{"embeddable":true,"href":"https:\/\/www.ludwig-van.com\/toronto\/wp-json\/wp\/v2\/media\/71730"}],"wp:attachment":[{"href":"https:\/\/www.ludwig-van.com\/toronto\/wp-json\/wp\/v2\/media?parent=71729"}],"wp:term":[{"taxonomy":"category","embeddable":true,"href":"https:\/\/www.ludwig-van.com\/toronto\/wp-json\/wp\/v2\/categories?post=71729"},{"taxonomy":"post_tag","embeddable":true,"href":"https:\/\/www.ludwig-van.com\/toronto\/wp-json\/wp\/v2\/tags?post=71729"},{"taxonomy":"yst_prominent_words","embeddable":true,"href":"https:\/\/www.ludwig-van.com\/toronto\/wp-json\/wp\/v2\/yst_prominent_words?post=71729"}],"curies":[{"name":"wp","href":"https:\/\/api.w.org\/{rel}","templated":true}]}}