{"id":71589,"date":"2021-07-12T10:32:43","date_gmt":"2021-07-12T14:32:43","guid":{"rendered":"https:\/\/www.ludwig-van.com\/toronto\/?p=71589"},"modified":"2021-07-12T10:32:43","modified_gmt":"2021-07-12T14:32:43","slug":"critics-picks-classical-and-opera-streams-you-absolutely-need-to-see-this-week-july-12-18","status":"publish","type":"post","link":"https:\/\/www.ludwig-van.com\/toronto\/2021\/07\/12\/critics-picks-classical-and-opera-streams-you-absolutely-need-to-see-this-week-july-12-18\/","title":{"rendered":"CRITIC&#8217;S PICKS | Classical And Opera Streams You Absolutely Need To See This Week: July 12\u201318"},"content":{"rendered":"<figure id=\"attachment_71590\" aria-describedby=\"caption-attachment-71590\" style=\"width: 1200px\" class=\"wp-caption aligncenter\"><img decoding=\"async\" loading=\"lazy\" class=\"size-full wp-image-71590\" src=\"https:\/\/www.ludwig-van.com\/toronto\/wp-content\/uploads\/sites\/2\/2021\/07\/CP-_July12.jpg\" alt=\"Classical music and opera events streaming on the web for the week of July 12\u201318.\" width=\"1200\" height=\"628\" \/><figcaption id=\"caption-attachment-71590\" class=\"wp-caption-text\">Classical music and opera events streaming on the web for the week of July 12\u201318.<\/figcaption><\/figure>\n<h3><strong>Critic\u2019s Picks (July 12 \u2013 18)<\/strong><\/h3>\n<p><em>\u201cWe live in an extraordinary Age\u201d \u2014 Carl Sagan.<\/em> The decline in COVID cases in Europe and North America has led to a slew of announcements regarding the reopening of concert and opera venues for the summer and next season. Announcements have come from Bayerische Staatsoper, Opera National de Paris, Op\u00e9ra de Metz M\u00e9tropole, Teatro de la Zarzuela, Op\u00e9ra de Lille, Staatsoper Berlin, Teatro San Carlo di Napoli, Op\u00e9ra de Monte-Carlo, G\u00f6teborg Opera, Stadttheater Klagenfurt, Philharmonie Essen, Hungarian State Opera, Opera de Massy, Bilbao Opera, New York Philharmonic, Boston Symphony Orchestra, Opera National de Bordeaux, Theatre Essen, Staatsoper Stuttgart, Polish National Opera, Oper K\u00f6ln, Wiener Volksoper, Staatstheater Wiesbaden and others. Audiences can expect various heath precautions, possibly including proof of vaccination. That said, the most recent COVID numbers have shown a troubling surge in some European countries, notably the UK, Netherlands, Spain, France, and Portugal. It appears the road to normalcy may not be a smooth one.<\/p>\n<p>On this side of the Atlantic, the big news is the recently announced agreement between the Metropolitan Opera and its local chapter of IATSE (International Alliance of Theatrical Stage Employees). The agreement includes a 3% wage cut and a 4.5% annuity cut for three years, plus a lump sum payment equal to eight weeks of bridge pay as well as several other concessions, far short of what the Met\u2019s Peter Gelb wanted. Let us hope this paves the way to a reopening in the fall. Elsewhere in North America, the Santa Fe Opera has reopened on July 10, with in house, socially distanced audience, plus nightly simulcast in its lower parking lot. The Chicago Lyric Opera will present a film of <em>Pagliacci<\/em> in August, starring Russell Thomas and Ailyn Perez. Tanglewood and Boston Symphony Orchestra\u2019s summer festivals will happen, in the case of BSO at 50% capacity.<\/p>\n<p>LA Opera has returned to live, in-person performances. LA Philharmonic is reopening in the Hollywood Bowl this month, as is the Cleveland Orchestra, returning to the Blossom Festival. New York\u2019s Teatro Nuovo has announced that it will put on Rossini\u2019s <em>The Barber of Seville<\/em> on July 27 and 28 on the summer stage at Lincoln Center\u2019s Damrosch Park. And it is good to hear the once ubiquitous New York City Opera is back, with a summer season in Bryant Park. Michigan Opera Theatre is offering free summer concerts featuring its Touring Ensemble at several Detroit neighbourhoods and in parks elsewhere in Michigan.<\/p>\n<p>In Canada, the <a href=\"https:\/\/www.ludwig-van.com\/toronto\/2021\/06\/11\/scoop-elora-festivals-2021-summer-festival-line-moves-ahead\/\">Elora Festival<\/a> (Aug. 5 \u2013 28) will be all online. Sinfonia Toronto\u2019s 2021-22 season, \u201cA Joyous Reunion,\u201d will have a <a href=\"https:\/\/www.ludwig-van.com\/toronto\/2021\/06\/10\/scoop-sinfonia-toronto-announces-ambitious-hybrid-2020-21-season\/\">hybrid format<\/a>, combining in-person and virtual concerts. Toronto\u2019s Luminato Festival, normally in June, will take place in October. The National Ballet of Canada recently <a href=\"https:\/\/www.ludwig-van.com\/toronto\/2021\/06\/22\/scoop-national-ballet-announce-surprise-season\/\">announced their new season<\/a>; as has the <a href=\"https:\/\/www.ludwig-van.com\/toronto\/2021\/06\/16\/scoop-toronto-symphony-orchestra-fully-reopen-november\/\">Toronto Symphony<\/a>, which opens in November. <a href=\"https:\/\/www.ludwig-van.com\/toronto\/2021\/06\/08\/the-scoop-toronto-summer-music-gives-us-hope-for-the-summer\/\">Toronto Summer Music Festival<\/a> (July 15 \u2013 August 1) opens online this week, with a mix of chamber music, art song, and dance, all free of charge. With the recent announcement of Ontario <a href=\"https:\/\/www.ludwig-van.com\/toronto\/2021\/07\/09\/scoop-ontario-moves-stage-3-july-16-live-music-back\/\">entering Stage 3<\/a> on July 16, perhaps there is a possibility of a small in-house audience later in the run? Wellington Water Week, a music festival in Wellington, Prince Edward County, is now rebranded as the BIGLAKE Festival (August 20-27), under the co-artistic directorship of conductor Johannes Debus and violinist Elissa Lee. The Canadian Opera Company\u2019s <a href=\"https:\/\/www.ludwig-van.com\/toronto\/2021\/06\/07\/scoop-canadian-opera-company-releases-video-message-next-season\/\">announcement on June 7<\/a> had no details, only the promise of a free online fall season. Its General Director Perryn Leech just said on his <a href=\"https:\/\/www.youtube.com\/watch?v=l2Lrd_Z_oPw\" target=\"_blank\" rel=\"noopener\">vlog<\/a> a few days ago that a more detailed announcement will come on August 16.<\/p>\n<p>On the streaming front, this is Week 70 of the Met Opera\u2019s free nightly streaming, an astounding feat only possible from opera companies with enormous archives like the Met. The theme this week is \u201cOperas of Puccini.\u201d Streams start at 7:30 p.m. ET and remain available for 23 hours. San Francisco Opera is streaming one opera every weekend in July: <em>Jenufa, Les Troyens, Elektra<\/em>, and<em> Luisa Miller<\/em> in July. There are noticeably less streaming initiatives from independent artists, understandable given that we have been in this pandemic for a year and a half. With COVID numbers declining in Europe and North America, there\u2019s hope that the Delta variant can be kept at bay, and we will soon return to the concert halls and opera houses doing what we love, to make and to enjoy music.<\/p>\n<h3><span style=\"color: #ff0000\"><strong>Monday 12<\/strong><\/span><\/h3>\n<p><strong>Met Opera | Puccini\u2019s Manon Lescaut.<\/strong> Starring Karita Mattila, Marcello Giordani, and Dwayne Croft, conducted by James Levine. From February 16, 2008. | <a href=\"https:\/\/www.metopera.org\/season\/on-demand\/opera\/?upc=811357011751\" target=\"_blank\" rel=\"noopener\">Details<\/a><\/p>\n<h3><strong><span style=\"color: #ff0000\">Tuesday 13<\/span><\/strong><\/h3>\n<p><strong>Met Opera | Puccini\u2019s La Boh\u00e8me.<\/strong> Starring Renata Scotto, Maralin Niska, Luciano Pavarotti, Ingvar Wixell, and Paul Plishka, conducted by James Levine. Production by Fabrizio Melano. From March 15, 1977. This seminal performance ushered in the modern era of Met operas shown on television, and now online. Not-to-be-missed. | <a href=\"https:\/\/www.metopera.org\/season\/on-demand\/opera\/?upc=811357011287\" target=\"_blank\" rel=\"noopener\">Details<\/a><\/p>\n<h3><strong><span style=\"color: #ff0000\">Wednesday 14<\/span><\/strong><\/h3>\n<p><strong>Met Opera | Puccini\u2019s Tosca.<\/strong> Starring Shirley Verrett, Luciano Pavarotti, and Cornell MacNeil, conducted by James Conlon. From December 19, 1978. | <a href=\"https:\/\/www.metopera.org\/season\/on-demand\/opera\/?upc=811357013762\" target=\"_blank\" rel=\"noopener\">Details<\/a><\/p>\n<h3><strong><span style=\"color: #ff0000\">Thursday 15<\/span><\/strong><\/h3>\n<p><strong>Toronto Summer Music Festival | Opening Night: Charles Richard-Hamelin<\/strong> \u2014\u00a07:30 p.m. ET. This one hour opening concert features the terrific Quebec pianist in a program of Mozart (Fantasia in C minor, K.475 and Piano Sonata No. 14 in C minor, K. 457) and Chopin Preludes. Free concert, registration not required. | <a href=\"https:\/\/www.ludwig-van.com\/toronto\/event\/toronto-summer-music-festival-opening-night-charles-richard-hamelin\/\" target=\"_blank\" rel=\"noopener\">Details<\/a><\/p>\n<p><strong>Met Opera | Puccini\u2019s Madama Butterfly.<\/strong> Starring Hui He, Elizabeth DeShong, Bruce Sledge, and Paulo Szot, conducted by Pier Giorgio Morandi. Production by Anthony Minghella. From November 9, 2019. | <a href=\"https:\/\/www.metopera.org\/season\/on-demand\/opera\/?upc=810004200913\" target=\"_blank\" rel=\"noopener\">Details<\/a><\/p>\n<h3><strong><span style=\"color: #ff0000\">Friday 16<\/span><\/strong><\/h3>\n<p><strong>Toronto Summer Music Festival | Russell Braun Masterclass<\/strong> \u2014\u00a02 p.m. ET. For voice fans: the celebrated Canadian baritone Russell Braun, a terrific singer and noted teacher at the U of T Faculty of Music, gives a class to TSMF Art of the Song Fellows. | <a href=\"https:\/\/www.ludwig-van.com\/toronto\/event\/toronto-summer-music-festival-russell-braun-masterclass\/\" target=\"_blank\" rel=\"noopener\">Details<\/a><\/p>\n<p><strong>Toronto Summer Music Festival | Gryphon Trio<\/strong> \u2014\u00a07:30 p.m. ET. Annalee Patipatanakoon, violin; Roman Borys, cello; and Jamie Parker, piano perform a program of works by Valentin Silvestrov, Bruce A. Russell, and Beethoven. Free concert, registration not required. | <a href=\"https:\/\/www.ludwig-van.com\/toronto\/event\/toronto-summer-music-festival-gryphon-trio\/\" target=\"_blank\" rel=\"noopener\">Details<\/a><\/p>\n<p><strong>Met Opera | Puccini\u2019s La Fanciulla del West<\/strong>. Starring Barbara Daniels, Pl\u00e1cido Domingo, and Sherrill Milnes, conducted by Leonard Slatkin. Production by Giancarlo Del Monaco. From April 8, 1992. | <a href=\"https:\/\/www.metopera.org\/season\/on-demand\/opera\/?upc=811357017944\" target=\"_blank\" rel=\"noopener\">Details<\/a><\/p>\n<h3><strong><span style=\"color: #ff0000\">Saturday 17<\/span><\/strong><\/h3>\n<p><strong>San Francisco Opera | Berlioz\u2019s Les Troyens<\/strong> \u2014\u00a01 p.m. ET. Second of SFO\u2019s free streams in July, this Berlioz masterpiece has a superlative cast led by Bryan Hymel (Aeneas), Anna Caterina Antonacci (Cassandre), and Susan Graham (Dido). Donald Runnicles conducts. Available until 3 am ET Monday. Free registration required. | <a href=\"https:\/\/sfopera.com\/online\/streaming\/\" target=\"_blank\" rel=\"noopener\">Details<\/a><\/p>\n<p><strong>Met Opera | Puccini\u2019s La Rondine<\/strong>. Starring Angela Gheorghiu, Lisette Oropesa, Roberto Alagna, Marius Brenciu, and Samuel Ramey, conducted by Marco Armiliato. Production by Nicolas Jo\u00ebl. From January 10, 2009. | <a href=\"https:\/\/www.metopera.org\/season\/on-demand\/opera\/?upc=811357012307\" target=\"_blank\" rel=\"noopener\">Details<\/a><\/p>\n<h3><strong><span style=\"color: #ff0000\">Sunday 18<\/span><\/strong><\/h3>\n<p><strong>Toronto Summer Music Festival | Beethoven Sonatas (Part 1)<\/strong> \u2014 2 p.m. ET. First of five by Jonathan Crow and Philip Chiu, performing a complete cycle of Beethoven\u2019s Sonatas for Piano and Violin, plus a new composition in each show. Beethoven \u2014 Sonata for Piano and Violin, No. 1 in D Major, Op.12; Reena Esmail \u2014 When the Violin; and Beethoven \u2014 Sonata for Piano and Violin, No. 5 in F Major, Op. 24 \u201cSpring.\u201d Free, no registration required. | <a href=\"https:\/\/www.ludwig-van.com\/toronto\/event\/toronto-summer-music-festival-beethoven-sonatas-part-1\/\" target=\"_blank\" rel=\"noopener\">Details<\/a><\/p>\n<p><strong>Met Opera | Puccini\u2019s Turandot.<\/strong> Starring Nina Stemme, Anita Hartig, Marco Berti, and Alexander Tsymbalyuk, conducted by Paolo Carignani. Production by Franco Zeffirelli. From January 30, 2016. | <a href=\"https:\/\/www.metopera.org\/season\/on-demand\/opera\/?upc=811357018194\" target=\"_blank\" rel=\"noopener\">Details<\/a><\/p>\n<h3><strong>Video-on-demand performances:<\/strong><\/h3>\n<p><strong>1) Jerusalem Music Centre | Murray Perahia Masterclass.<\/strong> A must-see for fans of piano pedagogy \u2014 and fans of the great American pianist Murray Perahia. This is one of a series of three masterclasses given recently by Perahia in the Jerusalem Music Centre, where he is the president. A recurring hand injury has reduced his performing, but his teaching is equally stimulating. Great students too!<\/p>\n<div class=\"jetpack-video-wrapper\"><span class=\"embed-youtube\" style=\"text-align:center; display: block;\"><iframe loading=\"lazy\" class=\"youtube-player\" width=\"640\" height=\"360\" src=\"https:\/\/www.youtube.com\/embed\/om8BEJUR9V8?version=3&#038;rel=1&#038;showsearch=0&#038;showinfo=1&#038;iv_load_policy=1&#038;fs=1&#038;hl=en-US&#038;autohide=2&#038;start=2147&#038;wmode=transparent\" allowfullscreen=\"true\" style=\"border:0;\" sandbox=\"allow-scripts allow-same-origin allow-popups allow-presentation\"><\/iframe><\/span><\/div>\n<p>2) <strong>Screaming Divas with Sondra and Keri | Renee Fleming<\/strong>. If any singer qualifies as \u201cAmerica\u2019s Prima Donna\u201d the last quarter century, it would be soprano Renee Fleming. She chats with the Screaming Divas about her stellar career, life under COVID, and all sorts of other fun stuff.<\/p>\n<div class=\"jetpack-video-wrapper\"><span class=\"embed-youtube\" style=\"text-align:center; display: block;\"><iframe loading=\"lazy\" class=\"youtube-player\" width=\"640\" height=\"360\" src=\"https:\/\/www.youtube.com\/embed\/DL2QZhg01v4?version=3&#038;rel=1&#038;showsearch=0&#038;showinfo=1&#038;iv_load_policy=1&#038;fs=1&#038;hl=en-US&#038;autohide=2&#038;wmode=transparent\" allowfullscreen=\"true\" style=\"border:0;\" sandbox=\"allow-scripts allow-same-origin allow-popups allow-presentation\"><\/iframe><\/span><\/div>\n<p>3) <strong>Wigmore Hall | Stephen Hough<\/strong>. A performance from June 2020, streamed last week (July 8) and now on demand for 30 days, British pianist Stephen Hough plays a program of works by Bach and Schumann.<\/p>\n<div class=\"jetpack-video-wrapper\"><span class=\"embed-youtube\" style=\"text-align:center; display: block;\"><iframe loading=\"lazy\" class=\"youtube-player\" width=\"640\" height=\"360\" src=\"https:\/\/www.youtube.com\/embed\/kje1m0fMEeE?version=3&#038;rel=1&#038;showsearch=0&#038;showinfo=1&#038;iv_load_policy=1&#038;fs=1&#038;hl=en-US&#038;autohide=2&#038;wmode=transparent\" allowfullscreen=\"true\" style=\"border:0;\" sandbox=\"allow-scripts allow-same-origin allow-popups allow-presentation\"><\/iframe><\/span><\/div>\n<p>4) <strong>Tafelmusik | Caf\u00e9 Counterculture<\/strong>. This program is back and it is now free! Caf\u00e9 Counterculture \u201ccombines Tafelmusik\u2019s baroque flair with arrangements of &#8217;60s folk favourites by Joni Mitchell, Buffy Sainte-Marie, and Simon and Garfunkel.\u201d It features Elisa Citterio, violin; Marco Cera, oboe; Dominic Teresi, bassoon; and Charlotte Nediger, harpsichord, with guests Alex Samaras, vocalist and Andrew Downing, double bass\/arranger. Free on demand from July 8 to August 5.<\/p>\n<div class=\"jetpack-video-wrapper\"><span class=\"embed-youtube\" style=\"text-align:center; display: block;\"><iframe loading=\"lazy\" class=\"youtube-player\" width=\"640\" height=\"360\" src=\"https:\/\/www.youtube.com\/embed\/bLroYimGha4?version=3&#038;rel=1&#038;showsearch=0&#038;showinfo=1&#038;iv_load_policy=1&#038;fs=1&#038;hl=en-US&#038;autohide=2&#038;wmode=transparent\" allowfullscreen=\"true\" style=\"border:0;\" sandbox=\"allow-scripts allow-same-origin allow-popups allow-presentation\"><\/iframe><\/span><\/div>\n<p>5) <strong>Royal Conservatory of Music | Music of my Life: Adrienne Clarkson<\/strong>. This new online series features prominent Canadians in conversation with Mervon Mehta, RCM\u2019s Executive Director of Performing Arts, about music that is meaningful to them. In this episode, the Rt. Hon. Adrienne Clarkson, former broadcaster and former Governor General of Canada is the guest. | <a href=\"https:\/\/www.royalconservatory.live\/music-of-my-life\/season:2\/videos\/adrienne-clarkson\" target=\"_blank\" rel=\"noopener\">Details<\/a><\/p>\n<h3 class=\"western\"><em><b>#LUDWIGVAN<\/b><\/em><\/h3>\n<p class=\"western\"><em>Get the daily arts news straight to your inbox.<\/em><\/p>\n<h3 class=\"western\"><em>Sign up for the Ludwig van Daily \u2014 classical music and opera in five minutes or less <\/em><a href=\"https:\/\/ludwig-van.us9.list-manage.com\/subscribe?u=4f785cb3f9058f2393ccad035&amp;id=57cdb68eac\" target=\"_blank\" rel=\"noopener\"><em>HERE<\/em><\/a>.<\/h3>\n","protected":false},"excerpt":{"rendered":"<p>Classical music and opera events streaming on the web for the week of July 12\u201318.<\/p>\n","protected":false},"author":22,"featured_media":71590,"comment_status":"open","ping_status":"open","sticky":false,"template":"","format":"standard","meta":{"om_disable_all_campaigns":false,"jetpack_post_was_ever_published":false},"categories":[38476,19,35839,3895,43,59],"tags":[1492,2888,3224,3356],"yst_prominent_words":[28125,36437,36025,34944,6616,7410,12642,6886,25231,7614,7432,7430,15153,15149,17606],"acf":[],"jetpack_featured_media_url":"https:\/\/www.ludwig-van.com\/toronto\/wp-content\/uploads\/sites\/2\/2021\/07\/CP-_July12.jpg","jetpack_sharing_enabled":true,"jetpack_shortlink":"https:\/\/wp.me\/p9bakr-iCF","amp_enabled":true,"_links":{"self":[{"href":"https:\/\/www.ludwig-van.com\/toronto\/wp-json\/wp\/v2\/posts\/71589"}],"collection":[{"href":"https:\/\/www.ludwig-van.com\/toronto\/wp-json\/wp\/v2\/posts"}],"about":[{"href":"https:\/\/www.ludwig-van.com\/toronto\/wp-json\/wp\/v2\/types\/post"}],"author":[{"embeddable":true,"href":"https:\/\/www.ludwig-van.com\/toronto\/wp-json\/wp\/v2\/users\/22"}],"replies":[{"embeddable":true,"href":"https:\/\/www.ludwig-van.com\/toronto\/wp-json\/wp\/v2\/comments?post=71589"}],"version-history":[{"count":2,"href":"https:\/\/www.ludwig-van.com\/toronto\/wp-json\/wp\/v2\/posts\/71589\/revisions"}],"predecessor-version":[{"id":71592,"href":"https:\/\/www.ludwig-van.com\/toronto\/wp-json\/wp\/v2\/posts\/71589\/revisions\/71592"}],"wp:featuredmedia":[{"embeddable":true,"href":"https:\/\/www.ludwig-van.com\/toronto\/wp-json\/wp\/v2\/media\/71590"}],"wp:attachment":[{"href":"https:\/\/www.ludwig-van.com\/toronto\/wp-json\/wp\/v2\/media?parent=71589"}],"wp:term":[{"taxonomy":"category","embeddable":true,"href":"https:\/\/www.ludwig-van.com\/toronto\/wp-json\/wp\/v2\/categories?post=71589"},{"taxonomy":"post_tag","embeddable":true,"href":"https:\/\/www.ludwig-van.com\/toronto\/wp-json\/wp\/v2\/tags?post=71589"},{"taxonomy":"yst_prominent_words","embeddable":true,"href":"https:\/\/www.ludwig-van.com\/toronto\/wp-json\/wp\/v2\/yst_prominent_words?post=71589"}],"curies":[{"name":"wp","href":"https:\/\/api.w.org\/{rel}","templated":true}]}}