{"id":71551,"date":"2021-07-05T08:44:46","date_gmt":"2021-07-05T12:44:46","guid":{"rendered":"https:\/\/www.ludwig-van.com\/toronto\/?p=71551"},"modified":"2021-07-05T08:44:46","modified_gmt":"2021-07-05T12:44:46","slug":"critics-picks-classical-opera-streams-absolutely-need-see-week-july-5-11","status":"publish","type":"post","link":"https:\/\/www.ludwig-van.com\/toronto\/2021\/07\/05\/critics-picks-classical-opera-streams-absolutely-need-see-week-july-5-11\/","title":{"rendered":"CRITIC&#8217;S PICKS | Classical And Opera Streams You Absolutely Need To See This Week: July 5\u201311"},"content":{"rendered":"<figure id=\"attachment_71552\" aria-describedby=\"caption-attachment-71552\" style=\"width: 1200px\" class=\"wp-caption aligncenter\"><img decoding=\"async\" loading=\"lazy\" class=\"size-full wp-image-71552\" src=\"https:\/\/www.ludwig-van.com\/toronto\/wp-content\/uploads\/sites\/2\/2021\/07\/CP-_July5.jpg\" alt=\"Classical music and opera events streaming on the web for the week of July 5\u201311.\" width=\"1200\" height=\"628\" \/><figcaption id=\"caption-attachment-71552\" class=\"wp-caption-text\">Classical music and opera events streaming on the web for the week of July 5\u201311.<\/figcaption><\/figure>\n<h3><strong>Critic\u2019s Picks (July 5\u201311)<\/strong><\/h3>\n<p><em>\u201cWe live in an extraordinary Age\u201d \u2014 Carl Sagan.<\/em> It is summer 2021, and with the decline in COVID cases in Europe and North America, the re-opening of concert and opera venues for the summer and next season is a reality. According to<em> Opera Wire<\/em>, announcements have come from Bayerische Staatsoper, Opera National de Paris, Op\u00e9ra de Metz M\u00e9tropole, Teatro de la Zarzuela, Op\u00e9ra de Lille, Staatsoper Berlin, Teatro San Carlo di Napoli, Op\u00e9ra de Monte-Carlo, G\u00f6teborg Opera, Stadttheater Klagenfurt, Philharmonie Essen, Hungarian State Opera, Opera de Massy, Bilbao Opera, New York Philharmonic, Boston Symphony Orchestra, Opera National de Bordeaux, Theatre Essen, Staatsoper Stuttgart, Polish National Opera, Oper K\u00f6ln, Wiener Volksoper, and Staatstheater Wiesbaden. Audiences can expect various COVID precautions, possibly including proof of vaccination.<\/p>\n<p>The Salzburg Whitsun Festival in Austria re-opened with a blockbuster <em>Tosca<\/em> starring Anna Netrebko and Jonas Kaufmann, replacing the originally announced Anja Harteros and Bryn Terfel. An interesting twist was that it also featured the great Cecilia Bartoli \u2014 no, not as Tosca, but as the Shepherd Boy! She made her debut in this cameo role at the age of 10. These performances feature personalized ticketing to facilitate contact tracing, a maximum of 50% capacity, proof of vaccination, and use of face masks. Glyndebourne Festival 2021 started with an opening weekend of <em>K\u00e1t\u2019a Kabanov\u00e1<\/em> and<em> Il turco in Italia<\/em> on stage, and<em> The Cunning Little Vixen<\/em> online. It continues to August 29, with four operas and a concert series. The Czech Philharmonic performed a concert with a live audience of 350 on May 10 in Prague, conducted by Semyon Bychkov. Austria\u2019s Salzburg Easter Festival now takes place on November 1. The Prague Summer Nights Young Artists Music Festival is going ahead for an in-person festival (July 5-Aug 2).<\/p>\n<p>On this side of the Atlantic, all eyes are on the Met. While it announced next season months ago, its reopening is uncertain due to various ongoing labour disputes. It was reported on July 3 in <em>Opera Wire<\/em> that the Met has reached an agreement with IATSE (International Alliance of Theatrical Stage Employees). The agreement includes a 3% wage cut and a 4.5% annuity cut for three years, plus a lump sum payment equal to eight weeks of bridge pay as well as several other concessions on both sides. Let us hope this paves the way to a reopening in the fall. Elsewhere in North America, the Santa Fe Opera will take place July 10 to August 27, with an in-house, socially distanced audience, plus nightly simulcast in its lower parking lot. The Chicago Lyric Opera will present a film of<em> Pagliacci<\/em> in August starring Russell Thomas and Ailyn Perez. Tanglewood and Boston Symphony Orchestra\u2019s summer festivals will happen, in the case of BSO at 50% capacity.<\/p>\n<p>LA Opera returned to live, in-person performances with a June 6 performance of Stravinsky\u2019s <em>Oedipus Rex<\/em>, at the Dorothy Chandler Pavilion. James Conlon conducted, with Russell Thomas, J\u2019Nai Bridges, and John Relyea. LA Philharmonic reopens the Hollywood Bowl in July, and the Cleveland Orchestra returns to the Blossom Festival on July 11. New York\u2019s Teatro Nuovo has announced that it will put on Rossini\u2019s <em>The Barber of Seville<\/em> on July 27 and 28 on the summer stage at Lincoln Center\u2019s Damrosch Park. And it is good to hear the once ubiquitous New York City Opera is back, with a summer season in Bryant Park. Michigan Opera Theatre will offer free summer concerts featuring its Touring Ensemble at several Detroit neighbourhoods and in parks elsewhere in Michigan.<\/p>\n<p>In Canada, the Elora Festival (Aug. 5 \u2013 28) will be an online festival. Sinfonia Toronto\u2019s 2021-22 season, \u201cA Joyous Reunion,\u201d will have a hybrid format, combining in-person and virtual concerts. Toronto\u2019s Luminato Festival, normally in June, will take place in October. The National Ballet of Canada recently announced their new season; so has the Toronto Symphony, which opens in November. Toronto Summer Music (July 15 \u2013 August 1) will be online, with a mix of chamber music, art song, and dance, all free of charge. Wellington Water Week, a music festival in Wellington, Prince Edward County, is now rebranded as the BIGLAKE Festival, under the co-artistic directorship of conductor Johannes Debus and violinist Elissa Lee. It will take place August 20-27. The Canadian Opera Company made a vague announcement on June 7, with very little details except that the fall season is likely virtual and completely free. It promises more information in August.<\/p>\n<p>On the streaming front, this is Week 69 of the Met Opera\u2019s free nightly streaming, an astounding feat and only possible from opera companies with enormous archives like the Met. The theme of this week is \u201cOperas of Richard Strauss,\u201d all chestnuts such as <em>Der Rosenkavalier, Ariadne auf Naxos, Elektra, Salome, Capriccio<\/em>, and <em>Arabella.<\/em> Sadly, no <em>Die Aegyptische Helena, Guntram, Die Liebe der Danae<\/em>, or <em>Friedenstag<\/em>, off-the-beaten-path works one encounters in Europe. Streams start at 7:30 p.m. ET and remain available for 23 hours. San Francisco Opera has announced streaming of <em>Jenufa, Les Troyens, Elektra,<\/em> and <em>Luisa Miller<\/em> in July, with big names the likes of Christine Goerke, Susan Graham, Karita Mattila and Michael Fabiano. Other than these big houses, there are fewer streaming initiatives from independent artists, understandable given that we have been in this pandemic now for a year and a half. With COVID numbers declining in Europe and North America, there\u2019s hope that the Delta variant can be kept at bay, and we will soon return to the concert halls and opera houses doing what we love, to make and to enjoy music.<\/p>\n<h3><strong><span style=\"color: #ff0000\">Monday 5<\/span><\/strong><\/h3>\n<p><strong>Met Opera | Strauss\u2019s Der Rosenkavalier<\/strong>. Starring Kiri Te Kanawa, Tatiana Troyanos, Judith Blegen, Luciano Pavarotti, Derek Hammond-Stroud, and Kurt Moll, conducted by James Levine. Production by Nathaniel Merrill. From October 7, 1982. An iconic performance among Met Opera telecasts, with luxury casting \u2013 what house could afford to pay Luciano Pavarotti a full fee to sing for only two minutes, in \u201cDi rigori armato\u201d? | <a href=\"https:\/\/www.metopera.org\/season\/on-demand\/opera\/?upc=811357018675\" target=\"_blank\" rel=\"noopener\">Details<\/a><\/p>\n<h3><strong><span style=\"color: #ff0000\">Tuesday 6<\/span><\/strong><\/h3>\n<p><strong>Met Opera | Strauss\u2019s Elektra<\/strong>. Starring Nina Stemme, Adrianne Pieczonka, Waltraud Meier, and Eric Owens, conducted by Esa-Pekka Salonen. Production by Patrice Ch\u00e9reau. From April 30, 2016. A powerful production by the late Patrice Ch\u00e9reau, who passed away shortly after the show opened. Chereau is best remembered for his Centennial Ring Cycle in Bayreuth (1976). | <a href=\"https:\/\/www.metopera.org\/season\/on-demand\/opera\/?upc=811357018477\" target=\"_blank\" rel=\"noopener\">Details<\/a><\/p>\n<h3><strong><span style=\"color: #ff0000\">Wednesday 7<\/span><\/strong><\/h3>\n<p><strong>Met Opera | Strauss\u2019s Ariadne auf Naxos<\/strong>. Starring Deborah Voigt, Natalie Dessay, Susanne Mentzer, and Richard Margison, conducted by James Levine. Production by Elijah Moshinsky. From April 3, 2003. | <a href=\"https:\/\/www.metopera.org\/season\/on-demand\/opera\/?upc=811357014677\" target=\"_blank\" rel=\"noopener\">Details<\/a><\/p>\n<h3><strong><span style=\"color: #ff0000\">Thursday 8<\/span><\/strong><\/h3>\n<p><strong>Tafelmusik\/Canadian Stage | Baroque and Beyond<\/strong> \u2014 8 p.m. ET. (In-Person Concert, repeats on July 9 and 10) These outdoor chamber performances feature two to three Tafelmusik musicians, with limited pod seating and following all health and safety guidelines. Tickets can be purchased on a Pay-What-You-Can basis. | <a href=\"https:\/\/www.ludwig-van.com\/toronto\/event\/tafelmusik-canadian-stage-dream-high-park\/2021-07-08\/\" target=\"_blank\" rel=\"noopener\">Details<\/a><\/p>\n<p><strong>Met Opera | Strauss\u2019s Capriccio.<\/strong> Starring Ren\u00e9e Fleming, Sarah Connolly, Joseph Kaiser, Russell Braun, Morten Frank Larsen, and Peter Rose, conducted by Sir Andrew Davis. Production by John Cox. From April 23, 2011. Renee Fleming in one of her best roles, here joined by two fine Canadian singers in Kaiser and Braun. | <a href=\"https:\/\/www.metopera.org\/season\/on-demand\/opera\/?upc=811357014523\" target=\"_blank\" rel=\"noopener\">Details<\/a><\/p>\n<h3><strong><span style=\"color: #ff0000\">Friday 9<\/span><\/strong><\/h3>\n<p><strong>Met Opera | Strauss\u2019s Salome.<\/strong> Starring Karita Mattila, Ildik\u00f3 Koml\u00f3si, Kim Begley, Joseph Kaiser, and Juha Uusitalo, conducted by Patrick Summers. Production by J\u00fcrgen Flimm. From October 11, 2008. This run caused a sensation when it opened, as the Finnish diva Karita Mattila gave the audience the \u201cFull Monty\u201d in Salome\u2019s Dance. Unfortunately, not in the telecast! | <a href=\"https:\/\/www.metopera.org\/season\/on-demand\/opera\/?upc=811357012031\" target=\"_blank\" rel=\"noopener\">Details<\/a><\/p>\n<h3><strong><span style=\"color: #ff0000\">Saturday 10<\/span><\/strong><\/h3>\n<p><strong>San Francisco Opera | Jan\u00e1\u010dek\u2019s Jen\u016ffa<\/strong> \u2014\u00a01 p.m. ET. This Jan\u00e1\u010dek masterpiece stars Malin Bystrom (Jen\u016ffa) and Karita Mattila (Kostelnicka) in their respective role debuts. Free stream available until Monday 3 a.m. ET. Registration required. | <a href=\"https:\/\/sfopera.com\/streaming?utm_source=wordfly&amp;utm_medium=email&amp;utm_campaign=M2021Julye-Opera&amp;utm_content=version_A&amp;uid=7449069&amp;sourceNumber=56471\" target=\"_blank\" rel=\"noopener\">Details<\/a><\/p>\n<p><strong>Met Opera | Strauss\u2019s Arabella.<\/strong> Starring Kiri Te Kanawa, Marie McLaughlin, Helga Dernesch, Natalie Dessay, David Kuebler, Wolfgang Brendel, and Donald McIntyre, conducted by Christian Thielemann. Production by Otto Schenk. From November 3, 1994. | <a href=\"https:\/\/www.metopera.org\/season\/on-demand\/opera\/?upc=811357017562\" target=\"_blank\" rel=\"noopener\">Details<\/a><\/p>\n<h3><strong><span style=\"color: #ff0000\">Sunday 11<\/span><\/strong><\/h3>\n<p><strong>Met Opera | Strauss\u2019s Der Rosenkavalier<\/strong>. Starring Ren\u00e9e Fleming, El\u012bna Garan\u010da, Erin Morley, Matthew Polenzani, Marcus Br\u00fcck, and G\u00fcnther Groissb\u00f6ck, conducted by Sebastian Weigle. Production by Robert Carsen. From May 13, 2017. A very interesting production by the Canadian director, edgy and striking, but not offensive nor off-putting for the conservative Met audience. | <a href=\"https:\/\/www.metopera.org\/season\/on-demand\/opera\/?upc=811357019481\" target=\"_blank\" rel=\"noopener\">Details<\/a><\/p>\n<h3><strong>Video-on-demand performances:<\/strong><\/h3>\n<p>1) <strong>Fred Plotkin on Fridays | Helga Rabl Stadler<\/strong>. President of Salzburg Festival since 1995, Rabl-Stadler chats with Fred Plotkin about how she managed to re-open the Festival to in-person performances without a single infection.<\/p>\n<div class=\"jetpack-video-wrapper\"><span class=\"embed-youtube\" style=\"text-align:center; display: block;\"><iframe loading=\"lazy\" class=\"youtube-player\" width=\"640\" height=\"360\" src=\"https:\/\/www.youtube.com\/embed\/oJsC42GkIqY?version=3&#038;rel=1&#038;showsearch=0&#038;showinfo=1&#038;iv_load_policy=1&#038;fs=1&#038;hl=en-US&#038;autohide=2&#038;wmode=transparent\" allowfullscreen=\"true\" style=\"border:0;\" sandbox=\"allow-scripts allow-same-origin allow-popups allow-presentation\"><\/iframe><\/span><\/div>\n<p>2) <strong>Glyndebourne Opera | Mozart\u2019s La clemenza di Tito<\/strong>. This performance from the 2017 Festival was streamed on July 4 and is available until July 18. Robin Ticciati conducts the Claus Guth production starring Richard Croft in the title role, joined by Alice Coote (Vitellia), Anna St\u00e9phany (Sesto), Jo\u00e9lle Harvey (Servilia), and Canadian mezzo Michele Losier (Annio).<\/p>\n<div class=\"jetpack-video-wrapper\"><span class=\"embed-youtube\" style=\"text-align:center; display: block;\"><iframe loading=\"lazy\" class=\"youtube-player\" width=\"640\" height=\"360\" src=\"https:\/\/www.youtube.com\/embed\/8nH4CpSLsDc?version=3&#038;rel=1&#038;showsearch=0&#038;showinfo=1&#038;iv_load_policy=1&#038;fs=1&#038;hl=en-US&#038;autohide=2&#038;wmode=transparent\" allowfullscreen=\"true\" style=\"border:0;\" sandbox=\"allow-scripts allow-same-origin allow-popups allow-presentation\"><\/iframe><\/span><\/div>\n<p>3) <strong>National Ballet of Canada | Thank You, Karen<\/strong>. This 13-minute video is for fans of the National Ballet and Karen Kain, former prima ballerina and its current Artistic Director. It features a long list of individuals paying loving tribute to Kain, who has left an indelible mark on the Company, first as a great principal dancer, followed by a 16-year term as its Artistic Director.<\/p>\n<div class=\"jetpack-video-wrapper\"><span class=\"embed-youtube\" style=\"text-align:center; display: block;\"><iframe loading=\"lazy\" class=\"youtube-player\" width=\"640\" height=\"360\" src=\"https:\/\/www.youtube.com\/embed\/aqT3Mvv4l90?version=3&#038;rel=1&#038;showsearch=0&#038;showinfo=1&#038;iv_load_policy=1&#038;fs=1&#038;hl=en-US&#038;autohide=2&#038;wmode=transparent\" allowfullscreen=\"true\" style=\"border:0;\" sandbox=\"allow-scripts allow-same-origin allow-popups allow-presentation\"><\/iframe><\/span><\/div>\n<p>4) <strong>Washington Concert Opera | Bellini\u2019s I Puritani<\/strong>. Premiered on June 27 and available until July 26. This concert performance stars Brenda Rae, Ren\u00e9 Barbera, Javier Arrey, Musa Ngqungwana, and members of the Washington Concert Opera Orchestra conducted by Antony Walker. Registration required. | <a href=\"https:\/\/concertopera.org\/wconline\/ipuritani\" target=\"_blank\" rel=\"noopener\">Details<\/a><\/p>\n<p>5)<strong> Hans Gabor Belvedere International Singing Competition | Final Concert<\/strong>. In Erfurt, Germany, Canadian tenor Joshua Lovell took first prize in the 39th Hans Gabor Belvedere International Singing Competition on June 28. The second prize was shared by British soprano Verity Wingate and American soprano Elena Villal\u00f3n. Third place went to South Korean tenor Kangyoon Lee. | <a href=\"https:\/\/www.mdr.de\/mdr-klassik-radio\/klassikthemen\/hans-gabor-belvedere-gesangswettbewerb-finale-100.html\" target=\"_blank\" rel=\"noopener\">Details<\/a><\/p>\n<p>6) <strong>Toronto Operetta Theatre | The Cs\u00e1rd\u00e1s Princess<\/strong>. Available from July 9, 2 p.m. to July 21 11:30 p.m., this Emmerich K\u00e1lm\u00e1n operetta stars Lauren Margison, Caitlin Wood, Michael Barrett, and Ryan Downey. Staged by Guillermo Silva-Marin, Robert Cooper is the music director, and Narmina Afandiyeva is the pianist. | <a href=\"http:\/\/www.torontooperetta.com\/shows.html\" target=\"_blank\" rel=\"noopener\">Details<\/a><\/p>\n<h3 class=\"western\"><em><b>#LUDWIGVAN<\/b><\/em><\/h3>\n<p class=\"western\"><em>Get the daily arts news straight to your inbox.<\/em><\/p>\n<h3 class=\"western\"><em>Sign up for the Ludwig van Daily \u2014 classical music and opera in five minutes or less <\/em><a href=\"https:\/\/ludwig-van.us9.list-manage.com\/subscribe?u=4f785cb3f9058f2393ccad035&amp;id=57cdb68eac\" target=\"_blank\" rel=\"noopener\"><em>HERE<\/em><\/a>.<\/h3>\n","protected":false},"excerpt":{"rendered":"<p>Classical music and opera events streaming on the web for the week of July 5\u201311.<\/p>\n","protected":false},"author":22,"featured_media":71552,"comment_status":"open","ping_status":"open","sticky":false,"template":"","format":"standard","meta":{"om_disable_all_campaigns":false,"jetpack_post_was_ever_published":false},"categories":[38476,445,17,19,35839,3895,43,63],"tags":[39736,9597,3224,3353],"yst_prominent_words":[14397,28125,36025,8785,7412,8398,22290,13725,34944,27956,13922,6687,12642,6886,25231,7614],"acf":[],"jetpack_featured_media_url":"https:\/\/www.ludwig-van.com\/toronto\/wp-content\/uploads\/sites\/2\/2021\/07\/CP-_July5.jpg","jetpack_sharing_enabled":true,"jetpack_shortlink":"https:\/\/wp.me\/p9bakr-iC3","amp_enabled":true,"_links":{"self":[{"href":"https:\/\/www.ludwig-van.com\/toronto\/wp-json\/wp\/v2\/posts\/71551"}],"collection":[{"href":"https:\/\/www.ludwig-van.com\/toronto\/wp-json\/wp\/v2\/posts"}],"about":[{"href":"https:\/\/www.ludwig-van.com\/toronto\/wp-json\/wp\/v2\/types\/post"}],"author":[{"embeddable":true,"href":"https:\/\/www.ludwig-van.com\/toronto\/wp-json\/wp\/v2\/users\/22"}],"replies":[{"embeddable":true,"href":"https:\/\/www.ludwig-van.com\/toronto\/wp-json\/wp\/v2\/comments?post=71551"}],"version-history":[{"count":1,"href":"https:\/\/www.ludwig-van.com\/toronto\/wp-json\/wp\/v2\/posts\/71551\/revisions"}],"predecessor-version":[{"id":71553,"href":"https:\/\/www.ludwig-van.com\/toronto\/wp-json\/wp\/v2\/posts\/71551\/revisions\/71553"}],"wp:featuredmedia":[{"embeddable":true,"href":"https:\/\/www.ludwig-van.com\/toronto\/wp-json\/wp\/v2\/media\/71552"}],"wp:attachment":[{"href":"https:\/\/www.ludwig-van.com\/toronto\/wp-json\/wp\/v2\/media?parent=71551"}],"wp:term":[{"taxonomy":"category","embeddable":true,"href":"https:\/\/www.ludwig-van.com\/toronto\/wp-json\/wp\/v2\/categories?post=71551"},{"taxonomy":"post_tag","embeddable":true,"href":"https:\/\/www.ludwig-van.com\/toronto\/wp-json\/wp\/v2\/tags?post=71551"},{"taxonomy":"yst_prominent_words","embeddable":true,"href":"https:\/\/www.ludwig-van.com\/toronto\/wp-json\/wp\/v2\/yst_prominent_words?post=71551"}],"curies":[{"name":"wp","href":"https:\/\/api.w.org\/{rel}","templated":true}]}}