{"id":71451,"date":"2021-06-22T14:29:29","date_gmt":"2021-06-22T18:29:29","guid":{"rendered":"https:\/\/www.ludwig-van.com\/toronto\/?p=71451"},"modified":"2021-06-22T14:29:29","modified_gmt":"2021-06-22T18:29:29","slug":"scoop-opera-star-pretty-yende-details-shocking-encounter-french-customs","status":"publish","type":"post","link":"https:\/\/www.ludwig-van.com\/toronto\/2021\/06\/22\/scoop-opera-star-pretty-yende-details-shocking-encounter-french-customs\/","title":{"rendered":"THE SCOOP | Opera Star Pretty Yende Details Shocking Encounter With French Customs"},"content":{"rendered":"<figure id=\"attachment_71452\" aria-describedby=\"caption-attachment-71452\" style=\"width: 1200px\" class=\"wp-caption aligncenter\"><img decoding=\"async\" loading=\"lazy\" class=\"size-full wp-image-71452\" src=\"https:\/\/www.ludwig-van.com\/toronto\/wp-content\/uploads\/sites\/2\/2021\/06\/Pretty-Yende-airport-news.jpg\" alt=\"Pretty Yende by Gregor Hohenberg \u2013 Sony Music Ent\" width=\"1200\" height=\"628\" \/><figcaption id=\"caption-attachment-71452\" class=\"wp-caption-text\">Pretty Yende by Gregor Hohenberg \u2013 Sony Music Ent<\/figcaption><\/figure>\n<p>South African opera star Pretty Yende took to <a href=\"https:\/\/www.facebook.com\/PrettyYendeOfficial\" target=\"_blank\" rel=\"noopener\">social media<\/a> to talk about her shock at being held by customs at Charles de Gaulle Airport. On June 21, as she described it, Yende was passing through French Customs on her way back to Paris for her fourth performance in La Sonnambula at the Th\u00e9\u00e2tre des Champs-Elys\u00e9es.<\/p>\n<p>She described the incident, where she says she was strip searched and briefly detained, as racial discrimination. Yende details what happened, and how it left her, in a Facebook post.<\/p>\n<p>\u201cPolice brutality is real for someone who look like me,\u201d she began. \u201cI am one of the very very luck ones to be alive to see the day today even with il-treatment (sic) and outrageous racial discrimination and psychological torture and very offensive racial comments in a country that I\u2019ve given so much of my heart and virtue to and still determined to do so as a legal International citizen on the global stage community.\u201d<\/p>\n<p>Yende said she was left shaken by the encounter.<\/p>\n<p>\u201cI\u2019m still shaken thinking that I am one in a million who managed to come out of that situation alive because of one phone call I thought of at the time as I was in shock and traumatized and couldn\u2019t believe what was happening to me,\u201d <a href=\"https:\/\/www.sapeople.com\/2021\/06\/22\/sa-opera-singer-pretty-yende-suffers-paris-airport-nightmare-with-alleged-police-racism\/\" target=\"_blank\" rel=\"noopener\">she said<\/a>. \u201cThey took all my belongings including my cellphone and told me to write down phone numbers of my close family and friends to call with a landline phone they had on the retention cell.\u201d<\/p>\n<p>According to Yende, she was told she was a prisoner, and would be transferred to a detention facility. She was strip searched and locked into a cell in Charles de Gaulle customs area.<\/p>\n<blockquote class=\"twitter-tweet\" data-width=\"550\" data-dnt=\"true\">\n<p lang=\"en\" dir=\"ltr\">Mon amour Paris, merci bien. You really know how to make this girl blush. A demain soir @theatre_champs_elysees ? <a href=\"https:\/\/twitter.com\/hashtag\/ovations?src=hash&amp;ref_src=twsrc%5Etfw\">#ovations<\/a> <a href=\"https:\/\/twitter.com\/hashtag\/standingovations?src=hash&amp;ref_src=twsrc%5Etfw\">#standingovations<\/a> <a href=\"https:\/\/twitter.com\/hashtag\/lasonnambula?src=hash&amp;ref_src=twsrc%5Etfw\">#lasonnambula<\/a> <a href=\"https:\/\/twitter.com\/hashtag\/paris?src=hash&amp;ref_src=twsrc%5Etfw\">#paris<\/a> <a href=\"https:\/\/twitter.com\/hashtag\/prettyjourney?src=hash&amp;ref_src=twsrc%5Etfw\">#prettyjourney<\/a> ? @elenaanacher <a href=\"https:\/\/t.co\/1nYjFzI4zd\">pic.twitter.com\/1nYjFzI4zd<\/a><\/p>\n<p>&mdash; Pretty Yende (@PrettyYende) <a href=\"https:\/\/twitter.com\/PrettyYende\/status\/1406915102188658691?ref_src=twsrc%5Etfw\">June 21, 2021<\/a><\/p><\/blockquote>\n<p><script async src=\"https:\/\/platform.twitter.com\/widgets.js\" charset=\"utf-8\"><\/script><\/p>\n<p>Before the incident, she&#8217;d Tweeted about her positive experiences performing in Paris.<\/p>\n<p>Later, on <a href=\"https:\/\/www.instagram.com\/p\/CQZF7kMH-ag\/\" target=\"_blank\" rel=\"noopener\">Instagram<\/a>, she shared her relief at being freed after a phone call verified her identity. The post garnered widespread support from Angel Blue, Daniel Isengart, Jamie Barton, and many others within the opera community.<\/p>\n<p>\u201cThe battles that I go through each and every second of my #prettyjourney would shock you. I bet you can\u2019t spend a second walking in my shoes and the sacrifices made in order to show up anyways. I\u2019m grateful nonetheless and I am most determined to share my Gift wholeheartedly to as many souls as possible and for as long as I live. I\u2019m glad that I\u2019ve been let free and I can sing my 4th performance tomorrow @theatre_champs_elysees. Big thanks to the #prettyarmy that fought me out of that \u2018prison\u2019 ?YOU KNOW WHO YOU ARE?\u201d<\/p>\n<p>In another social post created on June 22, she urged her supporters to reject hatred in their responses to what happened to her.<\/p>\n<p>\u201cI hardly\/almost never share the outrageous and inhumane experiences I go through every second of my #prettyjourney but this time I couldn\u2019t keep silence. Let\u2019s be thankful I am alive to tell my story, and I wasn\u2019t \u2018brutally interrogated\u2019 &amp; physically tortured like many to even this day, families are still wondering what happened and with no answers. I love this country and together we have shared many beautiful experiences and it was unfortunate that this happened yesterday and I am very happy that I was assisted in this regard and the matter is being handled well #prettyarmy\u201d<\/p>\n<p>After Paris, Yende is set to make her Palermo debut in Verdi&#8217;s <em>La Traviata<\/em> on July 4.<\/p>\n<h3 class=\"western\"><em><b>#LUDWIGVAN<\/b><\/em><\/h3>\n<p class=\"western\"><em>Get the daily arts news straight to your inbox.<\/em><\/p>\n<h3 class=\"western\"><em>Sign up for the Ludwig van Daily \u2014 classical music and opera in five minutes or less <\/em><a href=\"https:\/\/ludwig-van.us9.list-manage.com\/subscribe?u=4f785cb3f9058f2393ccad035&amp;id=57cdb68eac\" target=\"_blank\" rel=\"noopener\"><em>HERE<\/em><\/a>.<\/h3>\n","protected":false},"excerpt":{"rendered":"<p>South African opera star Pretty Yende took to social media to talk about her shock at being held by customs at Charles de Gaulle Airport. On June 21, as she described it, Yende was passing through French Customs on her way back to Paris for her fourth performance in La Sonnambula at the Th\u00e9\u00e2tre des [&hellip;]<\/p>\n","protected":false},"author":64,"featured_media":71452,"comment_status":"open","ping_status":"open","sticky":false,"template":"","format":"standard","meta":{"om_disable_all_campaigns":false,"jetpack_post_was_ever_published":false},"categories":[38476,39,43],"tags":[39716,6401,39717],"yst_prominent_words":[32838,12798,16471,6886,7560,10541,15617,31852],"acf":[],"jetpack_featured_media_url":"https:\/\/www.ludwig-van.com\/toronto\/wp-content\/uploads\/sites\/2\/2021\/06\/Pretty-Yende-airport-news.jpg","jetpack_sharing_enabled":true,"jetpack_shortlink":"https:\/\/wp.me\/p9bakr-iAr","amp_enabled":true,"_links":{"self":[{"href":"https:\/\/www.ludwig-van.com\/toronto\/wp-json\/wp\/v2\/posts\/71451"}],"collection":[{"href":"https:\/\/www.ludwig-van.com\/toronto\/wp-json\/wp\/v2\/posts"}],"about":[{"href":"https:\/\/www.ludwig-van.com\/toronto\/wp-json\/wp\/v2\/types\/post"}],"author":[{"embeddable":true,"href":"https:\/\/www.ludwig-van.com\/toronto\/wp-json\/wp\/v2\/users\/64"}],"replies":[{"embeddable":true,"href":"https:\/\/www.ludwig-van.com\/toronto\/wp-json\/wp\/v2\/comments?post=71451"}],"version-history":[{"count":1,"href":"https:\/\/www.ludwig-van.com\/toronto\/wp-json\/wp\/v2\/posts\/71451\/revisions"}],"predecessor-version":[{"id":71453,"href":"https:\/\/www.ludwig-van.com\/toronto\/wp-json\/wp\/v2\/posts\/71451\/revisions\/71453"}],"wp:featuredmedia":[{"embeddable":true,"href":"https:\/\/www.ludwig-van.com\/toronto\/wp-json\/wp\/v2\/media\/71452"}],"wp:attachment":[{"href":"https:\/\/www.ludwig-van.com\/toronto\/wp-json\/wp\/v2\/media?parent=71451"}],"wp:term":[{"taxonomy":"category","embeddable":true,"href":"https:\/\/www.ludwig-van.com\/toronto\/wp-json\/wp\/v2\/categories?post=71451"},{"taxonomy":"post_tag","embeddable":true,"href":"https:\/\/www.ludwig-van.com\/toronto\/wp-json\/wp\/v2\/tags?post=71451"},{"taxonomy":"yst_prominent_words","embeddable":true,"href":"https:\/\/www.ludwig-van.com\/toronto\/wp-json\/wp\/v2\/yst_prominent_words?post=71451"}],"curies":[{"name":"wp","href":"https:\/\/api.w.org\/{rel}","templated":true}]}}