{"id":71379,"date":"2021-06-14T10:06:08","date_gmt":"2021-06-14T14:06:08","guid":{"rendered":"https:\/\/www.ludwig-van.com\/toronto\/?p=71379"},"modified":"2021-06-15T11:40:15","modified_gmt":"2021-06-15T15:40:15","slug":"critics-picks-classical-opera-streams-absolutely-need-see-week-june-14-20","status":"publish","type":"post","link":"https:\/\/www.ludwig-van.com\/toronto\/2021\/06\/14\/critics-picks-classical-opera-streams-absolutely-need-see-week-june-14-20\/","title":{"rendered":"CRITIC&#8217;S PICKS | Classical And Opera Streams You Absolutely Need To See This Week: June 14 \u2013 20"},"content":{"rendered":"<figure id=\"attachment_71380\" aria-describedby=\"caption-attachment-71380\" style=\"width: 1200px\" class=\"wp-caption aligncenter\"><img decoding=\"async\" loading=\"lazy\" class=\"size-full wp-image-71380\" src=\"https:\/\/www.ludwig-van.com\/toronto\/wp-content\/uploads\/sites\/2\/2021\/06\/CP-_June_14.jpg\" alt=\"Classical music and opera events streaming on the web for the week of June 14 \u2013 20.\" width=\"1200\" height=\"628\" \/><figcaption id=\"caption-attachment-71380\" class=\"wp-caption-text\">Classical music and opera events streaming on the web for the week of June 14 \u2013 20.<\/figcaption><\/figure>\n<h3><strong>Critic\u2019s Picks (June 14 \u2013 20)<\/strong><\/h3>\n<p><em>\u201cWe live in an extraordinary Age\u201d \u2014 Carl Sagan<\/em>. It is now summer 2021, and with the decline in COVID cases in Europe and North America, the re-opening of concert and opera venues for the summer and next season is gathering steam. According to <em>Opera Wire<\/em>, recent announcements have come from Bayerische Staatsoper, Op\u00e9ra de Metz M\u00e9tropole, Teatro de la Zarzuela, Op\u00e9ra de Lille, Staatsoper Berlin, Teatro San Carlo di Napoli, Op\u00e9ra de Monte-Carlo, G\u00f6teborg Opera, Stadttheater Klagenfurt, Philharmonie Essen, Hungarian State Opera, Opera de Massy, and others. Audiences can expect various COVID precautions, possibly including proof of vaccination.<\/p>\n<p>The Salzburg Whitsun Festival in Austria re-opened with a blockbuster <em>Tosca<\/em> starring Anna Netrebko and Jonas Kaufmann, replacing the originally announced Anja Harteros and Bryn Terfel. An interesting twist is that it also featured the great Cecilia Bartoli \u2014 no, not as Tosca, but as the Shepherd Boy! She made her debut in this cameo role at the age of 10. These performances feature personalized ticketing to facilitate contact tracing, a maximum of 50% capacity, proof of vaccination, and use of face masks. Glyndebourne Festival 2021 started with an opening weekend of <em>K\u00e1t\u2019a Kabanov\u00e1<\/em> and <em>Il turco in Italia<\/em> on stage, and <em>The Cunning Little Vixen<\/em> online. It continues to August 29, with four operas and a concert series. The Czech Philharmonic performed a concert with a live audience of 350 on May 10 in Prague, conducted by Semyon Bychkov. Austria\u2019s Salzburg Easter Festival now takes place on November 1. The Prague Summer Nights Young Artists Music Festival is going ahead for an in-person festival (July 5-Aug 2).<\/p>\n<p>On this side of the Atlantic, the Santa Fe Opera will take place July 10 to August 27, with in house, socially distanced audience, plus nightly simulcast in its lower parking lot. The Chicago Lyric Opera will present a film of <em>Pagliacci<\/em> in August starring Russell Thomas and Ailyn Perez. Tanglewood and Boston Symphony Orchestra\u2019s summer festivals will happen, in the case of BSO at 50% capacity. LA Opera returned to live, in-person performances with a June 6 performance of Stravinsky\u2019s<em> Oedipus Rex<\/em>, at the Dorothy Chandler Pavilion. James Conlon conducted, with Russell Thomas, J\u2019Nai Bridges, and John Relyea. LA Philharmonic reopens the Hollywood Bowl in July, and the Cleveland Orchestra returns to the Blossom Festival on July 11. New York\u2019s Teatro Nuovo has announced that it will put on Rossini\u2019s<em> The Barber of Seville<\/em> on July 27 and 28 on the summer stage at Lincoln Center\u2019s Damrosch Park.<\/p>\n<p>In Canada, the Elora Festival (Aug. 5 \u2013 28) will be an online festival. Sinfonia Toronto\u2019s 2021-22 season, \u201cA Joyous Reunion,\u201d will have a hybrid format, combining in-person and virtual concerts. Toronto\u2019s Luminato Festival, normally in June, will take place in October. The TSO has yet to announce next season, but it\u2019s offering a pre-taped stream of \u201c<a href=\"https:\/\/www.ludwig-van.com\/toronto\/event\/toronto-symphony-sarah-jeffrey-plays-mozart\/\" target=\"_blank\" rel=\"noopener\">Sarah Jeffrey Plays Mozart<\/a>\u201d available June 22\u201329. <a href=\"https:\/\/www.ludwig-van.com\/toronto\/2021\/06\/08\/the-scoop-toronto-summer-music-gives-us-hope-for-the-summer\/\" target=\"_blank\" rel=\"noopener\">Toronto Summer Music<\/a> (July 15 \u2013 August 1) will be online, with a mix of chamber music, art song, and dance, all free of charge. Wellington Water Week, a music festival in Wellington, Prince Edward County is now rebranded as the BIGLAKE Festival, under the co-artistic directorship of conductor Johannes Debus and violinist Elissa Lee. It will take place August 20-27. The Canadian Opera Company <a href=\"https:\/\/www.ludwig-van.com\/toronto\/2021\/06\/07\/scoop-canadian-opera-company-releases-video-message-next-season\/\" target=\"_blank\" rel=\"noopener\">made an announcement<\/a> on June 7, with very little details except that the fall season is likely virtual and completely free. It promises more information on the rest of the season in August.<\/p>\n<p>On the streaming front, this is Week 66 of the Met Opera\u2019s free nightly streaming, an astounding feat and only possible from opera companies with enormous archives like the Met. The theme this week is appropriately \u201cHappy Father\u2019s Day,\u201d featuring operas with dads running the gamut from wonderful to dreadful. Top stars include Luciano Pavarotti, Placido Domingo, Dmitri Hvorostovsky, Kiri Te Kanawa, Renata Scotto, Natalie Dessay, and many more. Met streams start at 7:30 p.m. ET and remain available for 23 hours. There seems to be a certain livestream fatigue these days compared to just a few short months ago, with fewer and fewer content on offer. Totally understandable given we have been in this pandemic now for a year and a half. With COVID numbers declining, there\u2019s hope that we\u2019ll soon be back to the concert halls and opera houses for the joy of music.<\/p>\n<h3><strong><span style=\"color: #ff0000\">Monday 14<\/span><\/strong><\/h3>\n<p><strong>Met Opera | Verdi\u2019s Simon Boccanegra<\/strong>. Starring Kiri Te Kanawa, Pl\u00e1cido Domingo, Vladimir Chernov, and Robert Lloyd, conducted by James Levine. Production by Giancarlo Del Monaco. From January 26, 1995. | <a href=\"https:\/\/www.metopera.org\/season\/on-demand\/opera\/?upc=811357012611\" target=\"_blank\" rel=\"noopener\">Details<\/a><\/p>\n<h3><span style=\"color: #ff0000\">Tuesday 15<\/span><\/h3>\n<p><strong>Met Opera | Wagner\u2019s Die Walk\u00fcre<\/strong>. Starring Christine Goerke, Eva-Maria Westbroek, Jamie Barton, Stuart Skelton, Greer Grimsley, and G\u00fcnther Groissb\u00f6ck, conducted by Philippe Jordan. Production by Robert Lepage. From March 30, 2019. | <a href=\"https:\/\/www.metopera.org\/season\/on-demand\/opera\/?upc=810004201118\" target=\"_blank\" rel=\"noopener\">Details<\/a><\/p>\n<h3><span style=\"color: #ff0000\"><strong>Wednesday 16<\/strong><\/span><\/h3>\n<p><strong>Collingwood Summer Music Festival | Summer Solstice Series<\/strong> \u2014 7 p.m. ET. First of four livestream events, starting with a fundraiser for the Actors&#8217; Fund of Canada with R.H. Thomson*, followed by Schubert Piano Recital (June 19 3 p.m.), In The Footsteps of Chopin with Dr. Alan Walker* (June 23 7 p.m.), and Chopin Piano Recital (June 26 3 p.m.). Note the two marked (*) are not available on demand. The two piano recitals are played by Festival AD Daniel Vnukowski. | <a href=\"https:\/\/www.ludwig-van.com\/toronto\/event\/collingwood-summer-music-festival-summer-solstice-series-celebrating-life-work-robert-burns\/\" target=\"_blank\" rel=\"noopener\">Details<\/a><\/p>\n<p><strong>Met Opera | Verdi\u2019s La Traviata.<\/strong> Starring Natalie Dessay, Matthew Polenzani, and Dmitri Hvorostovsky, conducted by Fabio Luisi. Production by Willy Decker. From April 14, 2012. | <a href=\"https:\/\/www.metopera.org\/season\/on-demand\/opera\/?upc=811357015179\" target=\"_blank\" rel=\"noopener\">Details<\/a><\/p>\n<h3><strong><span style=\"color: #ff0000\">Thursday 17<\/span><\/strong><\/h3>\n<p><strong>Met Opera | Mozart\u2019s Idomeneo.<\/strong> Starring Elza van den Heever, Nadine Sierra, Alice Coote, Matthew Polenzani, and Alan Opie, conducted by James Levine. Production by Jean-Pierre Ponnelle. From March 25, 2017. | <a href=\"https:\/\/www.metopera.org\/season\/on-demand\/opera\/?upc=811357019078\" target=\"_blank\" rel=\"noopener\">Details<\/a><\/p>\n<h3><strong><span style=\"color: #ff0000\">Friday 18<\/span><\/strong><\/h3>\n<p><strong>Met Opera | Verdi\u2019s Rigoletto.<\/strong> Starring Christiane Eda-Pierre, Isola Jones, Luciano Pavarotti, Louis Quilico, and Ara Berberian, conducted by James Levine. Production by John Dexter. From December 15, 1981. | <a href=\"https:\/\/www.metopera.org\/season\/on-demand\/opera\/?upc=811357013472\" target=\"_blank\" rel=\"noopener\">Details<\/a><\/p>\n<h3><strong><span style=\"color: #ff0000\">Saturday 19<\/span><\/strong><\/h3>\n<p><strong>Met Opera | Verdi\u2019s Don Carlo<\/strong>. Starring Marina Poplavskaya, Anna Smirnova, Roberto Alagna, Simon Keenlyside, Ferruccio Furlanetto, and Eric Halfvarson, conducted by Yannick N\u00e9zet-S\u00e9guin. Production by Nicholas Hytner. From December 11, 2010. | <a href=\"https:\/\/www.metopera.org\/season\/on-demand\/opera\/?upc=811357013984\" target=\"_blank\" rel=\"noopener\">Details<\/a><\/p>\n<h3><span style=\"color: #ff0000\"><strong>Sunday 20<\/strong><\/span><\/h3>\n<p><strong>Met Opera | Verdi\u2019s Luisa Miller<\/strong>. Starring Renata Scotto, Pl\u00e1cido Domingo, Sherrill Milnes, Bonaldo Giaiotti, and James Morris, conducted by James Levine. Production by Nathaniel Merrill. From January 20, 1979. | <a href=\"https:\/\/www.metopera.org\/season\/on-demand\/opera\/?upc=811357011294\" target=\"_blank\" rel=\"noopener\">Details<\/a><\/p>\n<h3><strong>Video-on-demand performances:<\/strong><\/h3>\n<p>1) <strong>Canadian Opera Company | Key Change Episode 16: Jack Diamond<\/strong>. The last of this season\u2019s Key Change, Robyn and Julie speak with three people about the Four Seasons Centre: Jack Diamond, lead architect of the FSC, Janice Oliver, who oversaw its design and construction, and soprano Sondra Radvanovsky, a regular on the FSC stage. | <a href=\"https:\/\/www.coc.ca\/KeyChange?utm_source=wordfly&amp;utm_medium=email&amp;utm_campaign=20-21WeeklyNewsletterE54fromDonors&amp;utm_content=version_A\" target=\"_blank\" rel=\"noopener\">Details<\/a><\/p>\n<p>2) <strong>Glyndebourne | Barber of Seville<\/strong>. Recorded in 2016 Festival, Enrique Mazzola conducts the London Philharmonic Orchestra, Glyndebourne Chorus and a fine cast: Danielle de Niese (Rosina), Alessandro Corbelli (Dr Bartolo), Taylor Stayton (Count Almaviva), Bj\u00f6rn B\u00fcrger (Figaro). Available until Sunday June 27.<\/p>\n<div class=\"jetpack-video-wrapper\"><span class=\"embed-youtube\" style=\"text-align:center; display: block;\"><iframe loading=\"lazy\" class=\"youtube-player\" width=\"640\" height=\"360\" src=\"https:\/\/www.youtube.com\/embed\/wov1StLocNE?version=3&#038;rel=1&#038;showsearch=0&#038;showinfo=1&#038;iv_load_policy=1&#038;fs=1&#038;hl=en-US&#038;autohide=2&#038;wmode=transparent\" allowfullscreen=\"true\" style=\"border:0;\" sandbox=\"allow-scripts allow-same-origin allow-popups allow-presentation\"><\/iframe><\/span><\/div>\n<p>3) <strong>Screaming Divas with Sondra and Keri | Lise Davidsen<\/strong>. Few sopranos in recent memory have generated more excitement in the opera world than Norwegian Lise Davidsen, called the \u201cNew Kirsten Flagstad\u201d by fans and media alike. She chats with Sondra Radvanovsky and Keri Alkema.<\/p>\n<div class=\"jetpack-video-wrapper\"><span class=\"embed-youtube\" style=\"text-align:center; display: block;\"><iframe loading=\"lazy\" class=\"youtube-player\" width=\"640\" height=\"360\" src=\"https:\/\/www.youtube.com\/embed\/eriF8Kocgyw?version=3&#038;rel=1&#038;showsearch=0&#038;showinfo=1&#038;iv_load_policy=1&#038;fs=1&#038;hl=en-US&#038;autohide=2&#038;wmode=transparent\" allowfullscreen=\"true\" style=\"border:0;\" sandbox=\"allow-scripts allow-same-origin allow-popups allow-presentation\"><\/iframe><\/span><\/div>\n<p>4) <strong>Domoney Artists | OperaBreaks: Singing in the Shadows<\/strong>. This series of four short opera clips features singers on the roster of Domoney Artists, to be released in June and July: June 12 \u2013 \u201cDite alla giovine\u201d La Traviata Natalya Gennadi, soprano &amp; Dion Mazerolle, baritone; June 26 \u2013 \u201cGreen Finch and Linnet Bird\u201d, Sweeney Todd \u2013 Caitlin Wood, soprano; July 10 \u2013 \u201cCrudel! perch\u00e9 finora\u201d, Le Nozze di Figaro \u2013 Caitlin Wood, soprano &amp; Clarence Frazer, baritone; and July 26 &#8211; \u201cVilja\u201d The Merry Widow \u2013 Natalya Gennadi, soprano. Fran\u00e7ois Racine directs. | <a href=\"http:\/\/www.domoneyartists.com\/operabreaks.html\" target=\"_blank\" rel=\"noopener\">Details<\/a><\/p>\n<p>5) <strong>Tafelmusik | Dynamic Duos<\/strong>. This video explores duets featuring various instrument pairings, on music written without the usual continuo accompaniment: works by Vivaldi, Couperin, Telemann, Rolla, Saggione, Besozzi, and Leclair. Tickets: $25\/$30 and access from June 17, 8 p.m. for one week of extended viewing. | <a href=\"https:\/\/www.tafelmusik.org\/concert-calendar\/concert\/dynamic-duos\" target=\"_blank\" rel=\"noopener\">Details<\/a><\/p>\n<h3 class=\"western\"><em><b>#LUDWIGVAN<\/b><\/em><\/h3>\n<p class=\"western\"><em>Get the daily arts news straight to your inbox.<\/em><\/p>\n<h3 class=\"western\"><em>Sign up for the Ludwig van Daily \u2014 classical music and opera in five minutes or less <\/em><a href=\"https:\/\/ludwig-van.us9.list-manage.com\/subscribe?u=4f785cb3f9058f2393ccad035&amp;id=57cdb68eac\" target=\"_blank\" rel=\"noopener\"><em>HERE<\/em><\/a>.<\/h3>\n","protected":false},"excerpt":{"rendered":"<p>Classical music and opera events streaming on the web for the week of June 14 \u2013 20.<\/p>\n","protected":false},"author":22,"featured_media":71380,"comment_status":"open","ping_status":"open","sticky":false,"template":"","format":"standard","meta":{"om_disable_all_campaigns":false,"jetpack_post_was_ever_published":false},"categories":[38476,74,76,19,35839,3895,59],"tags":[628,39713,3223],"yst_prominent_words":[26592,6871,28125,36437,36025,7412,36986,14047,13725,34944,6616,27956,7410,6886,25231,32258],"acf":[],"jetpack_featured_media_url":"https:\/\/www.ludwig-van.com\/toronto\/wp-content\/uploads\/sites\/2\/2021\/06\/CP-_June_14.jpg","jetpack_sharing_enabled":true,"jetpack_shortlink":"https:\/\/wp.me\/p9bakr-izh","amp_enabled":true,"_links":{"self":[{"href":"https:\/\/www.ludwig-van.com\/toronto\/wp-json\/wp\/v2\/posts\/71379"}],"collection":[{"href":"https:\/\/www.ludwig-van.com\/toronto\/wp-json\/wp\/v2\/posts"}],"about":[{"href":"https:\/\/www.ludwig-van.com\/toronto\/wp-json\/wp\/v2\/types\/post"}],"author":[{"embeddable":true,"href":"https:\/\/www.ludwig-van.com\/toronto\/wp-json\/wp\/v2\/users\/22"}],"replies":[{"embeddable":true,"href":"https:\/\/www.ludwig-van.com\/toronto\/wp-json\/wp\/v2\/comments?post=71379"}],"version-history":[{"count":2,"href":"https:\/\/www.ludwig-van.com\/toronto\/wp-json\/wp\/v2\/posts\/71379\/revisions"}],"predecessor-version":[{"id":71389,"href":"https:\/\/www.ludwig-van.com\/toronto\/wp-json\/wp\/v2\/posts\/71379\/revisions\/71389"}],"wp:featuredmedia":[{"embeddable":true,"href":"https:\/\/www.ludwig-van.com\/toronto\/wp-json\/wp\/v2\/media\/71380"}],"wp:attachment":[{"href":"https:\/\/www.ludwig-van.com\/toronto\/wp-json\/wp\/v2\/media?parent=71379"}],"wp:term":[{"taxonomy":"category","embeddable":true,"href":"https:\/\/www.ludwig-van.com\/toronto\/wp-json\/wp\/v2\/categories?post=71379"},{"taxonomy":"post_tag","embeddable":true,"href":"https:\/\/www.ludwig-van.com\/toronto\/wp-json\/wp\/v2\/tags?post=71379"},{"taxonomy":"yst_prominent_words","embeddable":true,"href":"https:\/\/www.ludwig-van.com\/toronto\/wp-json\/wp\/v2\/yst_prominent_words?post=71379"}],"curies":[{"name":"wp","href":"https:\/\/api.w.org\/{rel}","templated":true}]}}