{"id":71207,"date":"2021-05-31T10:22:53","date_gmt":"2021-05-31T14:22:53","guid":{"rendered":"https:\/\/www.ludwig-van.com\/toronto\/?p=71207"},"modified":"2021-05-31T10:22:53","modified_gmt":"2021-05-31T14:22:53","slug":"critics-picks-classical-and-opera-streams-you-absolutely-need-to-see-this-week-may-31-june-6","status":"publish","type":"post","link":"https:\/\/www.ludwig-van.com\/toronto\/2021\/05\/31\/critics-picks-classical-and-opera-streams-you-absolutely-need-to-see-this-week-may-31-june-6\/","title":{"rendered":"CRITIC&#8217;S PICKS | Classical And Opera Streams You Absolutely Need To See This Week: May 31 \u2013 June 6"},"content":{"rendered":"<figure id=\"attachment_71209\" aria-describedby=\"caption-attachment-71209\" style=\"width: 1200px\" class=\"wp-caption aligncenter\"><img decoding=\"async\" loading=\"lazy\" class=\"size-full wp-image-71209\" src=\"https:\/\/www.ludwig-van.com\/toronto\/wp-content\/uploads\/sites\/2\/2021\/05\/CP-May-31.jpg\" alt=\"Classical music and opera events streaming on the web for the week of May 31- June 6.\" width=\"1200\" height=\"628\" \/><figcaption id=\"caption-attachment-71209\" class=\"wp-caption-text\">Classical music and opera events streaming on the web for the week of May 31- June 6.<\/figcaption><\/figure>\n<h3><strong>Critic\u2019s Picks (May 31 \u2013 June 6)<\/strong><\/h3>\n<p><em>\u201cWe live in an extraordinary Age\u201d \u2014 Carl Sagan.<\/em> With the decline in COVID cases in most of Europe and North America, a respite from this modern plague beckons. Some venues are striving to reopen for online or in-person performances, while others are looking ahead and announcing their 2021-22 seasons. As reported in <em>Opera Wire<\/em>, among the theatres announcing their upcoming seasons are Op\u00e9ra National de Paris, Atlanta Symphony Orchestra, Badisches Staatsoper Karlsruhe, Th\u00e9\u00e2tre Capitole de Toulouse, Lyric Opera of Chicago, Op\u00e9ra National du Rhin, Pittsburgh Festival Opera, Op\u00e9ra de Toulon, Th\u00e9\u00e2tre des Champs-Elys\u00e9es, Oper Frankfurt, Festival Castell de Peralada, Opera Philadelphia, Spain National Orchestra and Chorus, Opernhaus Z\u00fcrich, Festival Valle d&#8217;Itria, and the Teatro Real de Madrid. Teatro La Fenice will reopen on June 2 with a new production of<em> Faust<\/em>, with a live audience.<\/p>\n<p>Sadly, not all reopenings went smoothly, and not all for COVID reasons. <em>Slipped Disc<\/em> reports that Op\u00e9ra de Lyon cancelled its reopening due to a strike by its staff. <em>Opera Wire<\/em> reports that La Scala postponed its L\u2019Italiana in Algeri on May 25 when an artist involved in the production tested positive. Similarly, conductor Alan Gilbert, scheduled to open Berlin Philharmonic on June 5, cancelled, to be replaced by Sakari Oramo. Teatro de la Maestranza in Seville, Spain postponed its May 24 opening of <em>Carmen<\/em> due to two positive tests in its production team. The Deutsches Nationaltheater und Staatskapelle Weimar has announced the cancellation of the remainder of its current season.<\/p>\n<p>The Salzburg Whitsun Festival in Austria reopened with a blockbuster<em> Tosca<\/em> starring Anna Netrebko and Jonas Kaufmann, replacing the originally announced Anja Harteros and Bryn Terfel. An interesting twist is that it also featured the great Cecilia Bartoli \u2014 no, not as Tosca, but as the Shepherd Boy! She made her debut in this cameo role at the age of 10. These performances feature personalized ticketing to facilitate contact tracing, a maximum of 50% capacity, proof of vaccination, and use of face masks. Glyndebourne Festival 2021 started with an opening weekend of <em>K\u00e1t\u2019a Kabanov\u00e1<\/em> and <em>Il turco in Italia<\/em> on stage, and<em> The Cunning Little Vixen<\/em> online. It continues to August 29, with four operas and a concert series. The Czech Philharmonic performed a concert with a live audience of 350 on May 10 in Prague, conducted by Semyon Bychkov. Austria\u2019s Salzburg Easter Festival now takes place on November 1. Wiener Staatsoper reopened on May 19 to a live audience, with COVID precautions. The Prague Summer Nights Young Artists Music Festival is going ahead for an in-person festival (July 5 \u2013 Aug 2).<\/p>\n<p>LA Opera will return to live, in-person performances starting with a June 6 performance of Stravinsky\u2019s<em> Oedipus Rex<\/em>\u00a0at the Dorothy Chandler Pavilion. James Conlon conducts, with Russell Thomas, J\u2019Nai Bridges, and John Relyea. Two orchestras have announced summer plans: LA Philharmonic reopens the Hollywood Bowl in July, and the Cleveland Orchestra returns to the Blossom Festival on July 11. New York\u2019s Teatro Nuovo has announced that it will put on Rossini\u2019s <em>The Barber of Seville<\/em> on July 27 and 28 on the summer stage at Lincoln Center\u2019s Damrosch Park. And Toronto\u2019s Luminato Festival, normally taking place in June, will be moved to October this year.<\/p>\n<p>The theme of Met Opera\u2019s nightly free streaming this week is \u201cAria Code: The Operas Behind the Podcast,\u201d featuring operas highlighted in the Met\u2019s podcast collaboration with WQXR, a classical music station in New York. Top stars featured in this week\u2019s streams include Anna Netrebko, El\u012bna Garan\u010da, Joseph Calleja, and Roberto Alagna. Met streams start at 7:30 p.m. ET and remain available for 23 hours. <em>A Concert for New York<\/em>, the first concert involving Met Opera forces since the pandemic, took place successfully on May 16. In the meantime, the virtual <em>Met Stars Live in Concert<\/em> series came to a successful conclusion with the <em>Three Divas<\/em> (Ailyn Perez, Nadine Sierra and Isabel Leonard) last Saturday. With COVID numbers now going down in the US, the future for live performances is looking a little brighter. Stay tuned.<\/p>\n<h3><strong><span style=\"color: #ff0000\">Monday 31<\/span><\/strong><\/h3>\n<p><strong>Opera InReach | Songs of Childhood<\/strong> \u2014\u00a08:30 p.m. ET. Opera InReach hosts a virtual concert, raising awareness of AAPI heritage month. It features works by composers Kosaku Yamada and Yoshinao Nakada, with text by Rofu Miki and Shuichi Kato, as well as traditional Bicolano and Tagalog folksongs arranged by Lucrecia R. Kasilag. Mezzo Renee Fajardo, baritone Luka Kawabata, and pianist Perri Lo. | <a href=\"https:\/\/www.ludwig-van.com\/toronto\/event\/opera-inreach-songs-childhood\/\" target=\"_blank\" rel=\"noopener\">Details<\/a><\/p>\n<p><strong>Met Opera | Puccini\u2019s Turandot<\/strong>. Starring Christine Goerke, Eleonora Buratto, Yusif Eyvazov, and James Morris, conducted by Yannick N\u00e9zet-S\u00e9guin. Production by Franco Zeffirelli. From October 12, 2019. | <a href=\"https:\/\/www.metopera.org\/season\/on-demand\/opera\/?upc=810004200890\" target=\"_blank\" rel=\"noopener\">Details<\/a><\/p>\n<h3><strong><span style=\"color: #ff0000\">Tuesday 1<\/span><\/strong><\/h3>\n<p><strong>Bayerische Staatsoper | Aribert Reimann\u2019s Lear<\/strong> \u2014\u00a01 p.m. ET. This performance of Lear by Aribert Reimann, premiered on May 30, will be a free video on demand starting at this time and will be available for 30 days. (Normally there is a fee for their on-demand viewing) Jukka-Pekka Saraste conducts, with Christian Gerhaher as Lear and Angela Denoke as Goneril. | <a href=\"https:\/\/www.staatsoper.de\/stueckinfo\/lear\/2021-06-01-19-00.html\" target=\"_blank\" rel=\"noopener\">Details<\/a><\/p>\n<p><strong>Wigmore Hall | Covid\u2019s Metamorphoses<\/strong> \u2014 2:30 p.m. ET. Part of Wigmore Hall\u2019s anniversary week celebrations, \u201cthis song gala reflects on our pandemic journey, through the feelings and experiences we have all had in the last 14 months; danger, lockdown, hope and our continued recovery.\u201d Soloists are soprano Sarah Fox, mezzo Christine Rice, tenor Alessandro Fisher, baritone Roderick Williams, and bass William Thomas. Pianist is Graham Johnson. Ticket to this sold-out concert is \u00a325. It\u2019ll also be live streamed and available on demand for 30 days. | <a href=\"https:\/\/wigmore-hall.org.uk\/watch-listen\/live-stream\" target=\"_blank\" rel=\"noopener\">Details<\/a><\/p>\n<p><strong>Met Opera | Saint-Sa\u00ebns\u2019s Samson et Dalila<\/strong>. Starring El\u012bna Garan\u010da, Roberto Alagna, Laurent Naouri, Elchin Azizov, and Dmitry Belosselskiy, conducted by Sir Mark Elder. Production by Darko Tresnjak. From October 20, 2018. | <a href=\"https:\/\/www.metopera.org\/season\/on-demand\/opera\/?upc=810004200609\" target=\"_blank\" rel=\"noopener\">Details<\/a><\/p>\n<h3><strong><span style=\"color: #ff0000\">Wednesday 2<\/span><\/strong><\/h3>\n<p><strong>Met Opera | Bizet\u2019s Carmen<\/strong> Starring Aleksandra Kurzak, Cl\u00e9mentine Margaine, Roberto Alagna, and Alexander Vinogradov, conducted by Louis Langr\u00e9e. Production by Sir Richard Eyre. From February 2, 2019. | <a href=\"https:\/\/www.metopera.org\/season\/on-demand\/opera\/?upc=810004201026%5d\" target=\"_blank\" rel=\"noopener\">Details<\/a><\/p>\n<h3><strong><span style=\"color: #ff0000\">Thursday 3<\/span><\/strong><\/h3>\n<p><strong>Royal Conservatory of Music\/Glenn Gould School | New Music Ensemble<\/strong> \u2014\u00a03 p.m. ET. Two programs of New Music \u2014 Abalone (world premiere) by Anna H\u00f6stman; Matt Curlee\u2019s The Yellow Wallpaper; and Laconisme de l\u2019aile by by Kaija Saariaho, and a set of cello pieces performed by GGS faculty member\/TSO Principal Cello Joseph Johnson, all free to watch. Also, Season One of Music of My Life is now <a href=\"https:\/\/www.rcmusic.com\/support-us\/music-of-my-life\" target=\"_blank\" rel=\"noopener\">available on demand<\/a>. | <a href=\"https:\/\/www.ludwig-van.com\/toronto\/event\/royal-conservatory-glenn-gould-school-new-music-ensemble-abalone\/\" target=\"_blank\" rel=\"noopener\">Details<\/a><\/p>\n<p><strong>Women\u2019s Musical Club of Toronto | A Career Develop.m.ent Award Celebration<\/strong> \u2014 1:30 p.m. ET. This special concert features Francine Kay, Jeanie Chung, and Charles Richard-Hamelin, piano; James Ehnes and Blake Pouliot, violin; Yegor Dyachkov, cello; Shannon Mercer, soprano; Vincent Lauzer, recorder; and Michael Bridge, accordion. Available on demand until June 24 on YouTube. | <a href=\"https:\/\/www.ludwig-van.com\/toronto\/event\/womens-musical-club-toronto-career-development-award-celebration\/\" target=\"_blank\" rel=\"noopener\">Details<\/a><\/p>\n<p><strong>Met Opera | Donizetti\u2019s La Fille du R\u00e9giment<\/strong>. Starring Pretty Yende, Stephanie Blythe, Kathleen Turner, Javier Camarena, and Maurizio Muraro, conducted by Enrique Mazzola. Production by Laurent Pelly. From March 2, 2019. | <a href=\"https:\/\/www.metopera.org\/season\/on-demand\/opera\/?upc=810004201088\" target=\"_blank\" rel=\"noopener\">Details<\/a><\/p>\n<p><strong>Sinfonia Toronto | Virtuosity<\/strong> \u2014\u00a08 p.m. ET. This newly released archival video features chamber symphonies by Dmitri Shostakovich and Sergey Prokofiev, conducted by Nurhan Arman &#8211; Prokofiev&#8217;s opus 50 and Shostakovich&#8217;s opus 118. Tickets are $15. | <a href=\"https:\/\/www.ludwig-van.com\/toronto\/event\/sinfonia-toronto-virtuosity\/\" target=\"_blank\" rel=\"noopener\">Details<\/a><\/p>\n<h3><strong><span style=\"color: #ff0000\">Friday 4<\/span><\/strong><\/h3>\n<p><strong>Oper Frankfurt | Mozart\u2019s Requiem<\/strong> \u2014\u00a01:30 p.m. ET. This free stream of Mozart Requiem features Thomas Guggeis conducting the Choir and Orchestra of the Frankfurt Opera, with soprano Florina Ilie, mezzo Cecelia Hall, tenor Michael Porter, and bass Thomas Faulkner. | <a href=\"https:\/\/oper-frankfurt.de\/en\/season-calendar\/mozarts-requiem\/im-stream\/\" target=\"_blank\" rel=\"noopener\">Details<\/a><\/p>\n<p><strong>Met Opera | The Gershwins\u2019 Porgy and Bess<\/strong>. Starring Angel Blue, Golda Schultz, Latonia Moore, Denyce Graves, Frederick Ballentine, Eric Owens, Alfred Walker, and Donovan Singletary, conducted by David Robertson. Production by James Robinson. From February 1, 2020. | <a href=\"https:\/\/www.metopera.org\/season\/on-demand\/opera\/?upc=810004200944%5d\" target=\"_blank\" rel=\"noopener\">Details<\/a><\/p>\n<h3><strong><span style=\"color: #ff0000\">Saturday 5<\/span><\/strong><\/h3>\n<p><strong>Met Opera | Verdi\u2019s Macbeth<\/strong>. Starring Anna Netrebko, Joseph Calleja, \u017deljko Lu\u010di\u0107, and Ren\u00e9 Pape, conducted by Fabio Luisi. Production by Adrian Noble. From October 11, 2014. | <a href=\"https:\/\/www.metopera.org\/season\/on-demand\/opera\/?upc=811357017623%5d\" target=\"_blank\" rel=\"noopener\">Details<\/a><\/p>\n<h3><strong><span style=\"color: #ff0000\">Sunday 6<\/span><\/strong><\/h3>\n<p><strong>Met Opera | Philip Glass\u2019s Akhnaten<\/strong>. Starring D\u00edsella L\u00e1rusd\u00f3ttir, J\u2019Nai Bridges, Anthony Roth Costanzo, Aaron Blake, Will Liverman, Richard Bernstein, and Zachary James, conducted by Karen Kamensek. Production by Phelim McDermott. From November 23, 2019. | <a href=\"https:\/\/www.metopera.org\/season\/on-demand\/opera\/?upc=810004200920\" target=\"_blank\" rel=\"noopener\">Details<\/a><\/p>\n<h3><strong>Video-on-demand performances:<\/strong><\/h3>\n<p>1) <strong>Wigmore Hall | Sir Andras Schiff.<\/strong> Streamed May 30 and now on demand for 90 days. \u201cSir Andras Schiff has been performing at Wigmore Hall regularly since his debut in 1978 and has become a firm audience favourite. He shows no signs of slowing down as he joins the Summer 2021 Series with two evening recitals; this second programme features music by Mozart.\u201d<\/p>\n<div class=\"jetpack-video-wrapper\"><span class=\"embed-youtube\" style=\"text-align:center; display: block;\"><iframe loading=\"lazy\" class=\"youtube-player\" width=\"640\" height=\"360\" src=\"https:\/\/www.youtube.com\/embed\/NtLgbyGUu0E?version=3&#038;rel=1&#038;showsearch=0&#038;showinfo=1&#038;iv_load_policy=1&#038;fs=1&#038;hl=en-US&#038;autohide=2&#038;wmode=transparent\" allowfullscreen=\"true\" style=\"border:0;\" sandbox=\"allow-scripts allow-same-origin allow-popups allow-presentation\"><\/iframe><\/span><\/div>\n<p>2) <strong>Pacific Opera Victoria | Bon App\u00e9tit\/The Italian Lesson<\/strong>. This comic double-bill stars Canadian mezzo Megan Latham. Her Julia Child is priceless, giving fellow Julia\/mezzo Jamie Barton a run for her money. The equally funny Italian Lesson centers around a Park Avenue matron translating Dante\u2019s Divine Comedy while being terribly distracted. Two amusing chamber pieces by Lee Hoiby. Available until June 21.<\/p>\n<div class=\"jetpack-video-wrapper\"><span class=\"embed-youtube\" style=\"text-align:center; display: block;\"><iframe loading=\"lazy\" class=\"youtube-player\" width=\"640\" height=\"360\" src=\"https:\/\/www.youtube.com\/embed\/uFB0p8Gyqh0?version=3&#038;rel=1&#038;showsearch=0&#038;showinfo=1&#038;iv_load_policy=1&#038;fs=1&#038;hl=en-US&#038;autohide=2&#038;start=160&#038;wmode=transparent\" allowfullscreen=\"true\" style=\"border:0;\" sandbox=\"allow-scripts allow-same-origin allow-popups allow-presentation\"><\/iframe><\/span><\/div>\n<div class=\"jetpack-video-wrapper\"><span class=\"embed-youtube\" style=\"text-align:center; display: block;\"><iframe loading=\"lazy\" class=\"youtube-player\" width=\"640\" height=\"360\" src=\"https:\/\/www.youtube.com\/embed\/BQivsoxIqvg?version=3&#038;rel=1&#038;showsearch=0&#038;showinfo=1&#038;iv_load_policy=1&#038;fs=1&#038;hl=en-US&#038;autohide=2&#038;wmode=transparent\" allowfullscreen=\"true\" style=\"border:0;\" sandbox=\"allow-scripts allow-same-origin allow-popups allow-presentation\"><\/iframe><\/span><\/div>\n<p>3)<strong> Fred Plotkin on Fridays | Stephanie Blythe.<\/strong> This episode features the terrific veteran American mezzo, Stephanie Blythe, in a heartfelt and candid chat with Fred Plotkin, reflecting on her long career and the impact of the pandemic on the performing arts.<\/p>\n<div class=\"jetpack-video-wrapper\"><span class=\"embed-youtube\" style=\"text-align:center; display: block;\"><iframe loading=\"lazy\" class=\"youtube-player\" width=\"640\" height=\"360\" src=\"https:\/\/www.youtube.com\/embed\/d3WUC_LKUn8?version=3&#038;rel=1&#038;showsearch=0&#038;showinfo=1&#038;iv_load_policy=1&#038;fs=1&#038;hl=en-US&#038;autohide=2&#038;wmode=transparent\" allowfullscreen=\"true\" style=\"border:0;\" sandbox=\"allow-scripts allow-same-origin allow-popups allow-presentation\"><\/iframe><\/span><\/div>\n<p>4) <strong>Oper Frankfurt | Marlis Petersen Liederabend.<\/strong> German soprano Marlis Petersen sings \u201cInnenwelt,\u201d a recital of songs that reflects the inner world, the soul of the composer and the interpreter \u2013 songs by Brahms, Wolf, Strauss, Reger, Liszt, Mahler. The encore is Tr\u00e4ume, the last of the Wesendonck-Lieder by Wagner. Stephan Matthias Lademann is the pianist. Program <a href=\"https:\/\/oper-frankfurt.de\/media\/pdf\/Progr_Petersen_28_5_2021.pdf\" target=\"_blank\" rel=\"noopener\">HERE<\/a>.<\/p>\n<div class=\"jetpack-video-wrapper\"><span class=\"embed-youtube\" style=\"text-align:center; display: block;\"><iframe loading=\"lazy\" class=\"youtube-player\" width=\"640\" height=\"360\" src=\"https:\/\/www.youtube.com\/embed\/a6DKNKcz8yE?version=3&#038;rel=1&#038;showsearch=0&#038;showinfo=1&#038;iv_load_policy=1&#038;fs=1&#038;hl=en-US&#038;autohide=2&#038;start=865&#038;wmode=transparent\" allowfullscreen=\"true\" style=\"border:0;\" sandbox=\"allow-scripts allow-same-origin allow-popups allow-presentation\"><\/iframe><\/span><\/div>\n<p>5) <strong>Canadian Opera Company | Key Change: Opera and Criticism Podcast<\/strong>. Episode 15 revisits the topic of opera and criticism, last with American critic Anne Midgette. This time, the guest is Karen Fricker of the Toronto Star. As a seasoned writer and academic, Fricker \u201cmakes the case for criticism as a historical record, shares her hopes for the future of performance art.\u201d | <a href=\"https:\/\/www.coc.ca\/KeyChange?utm_source=wordfly&amp;utm_medium=email&amp;utm_campaign=20-21WeeklyNewsletterE52fromDonors&amp;utm_content=version_A\" target=\"_blank\" rel=\"noopener\">Details<\/a><\/p>\n<h3 class=\"western\"><em><b>#LUDWIGVAN<\/b><\/em><\/h3>\n<p class=\"western\"><em>Get the daily arts news straight to your inbox.<\/em><\/p>\n<h3 class=\"western\"><em>Sign up for the Ludwig van Daily \u2014 classical music and opera in five minutes or less <\/em><a href=\"https:\/\/ludwig-van.us9.list-manage.com\/subscribe?u=4f785cb3f9058f2393ccad035&amp;id=57cdb68eac\" target=\"_blank\" rel=\"noopener\"><em>HERE<\/em><\/a>.<\/h3>\n","protected":false},"excerpt":{"rendered":"<p>Classical music and opera events streaming on the web for the week of May 31- June 6.<\/p>\n","protected":false},"author":22,"featured_media":71209,"comment_status":"open","ping_status":"open","sticky":false,"template":"","format":"standard","meta":{"om_disable_all_campaigns":false,"jetpack_post_was_ever_published":false},"categories":[38476,19,35839,3895,43,63],"tags":[1436,36483,4531,3609],"yst_prominent_words":[21974,37325,6715,28125,9100,7412,20414,13725,34944,27956,11835,6886,8214,38095,21844],"acf":[],"jetpack_featured_media_url":"https:\/\/www.ludwig-van.com\/toronto\/wp-content\/uploads\/sites\/2\/2021\/05\/CP-May-31.jpg","jetpack_sharing_enabled":true,"jetpack_shortlink":"https:\/\/wp.me\/p9bakr-iwv","amp_enabled":true,"_links":{"self":[{"href":"https:\/\/www.ludwig-van.com\/toronto\/wp-json\/wp\/v2\/posts\/71207"}],"collection":[{"href":"https:\/\/www.ludwig-van.com\/toronto\/wp-json\/wp\/v2\/posts"}],"about":[{"href":"https:\/\/www.ludwig-van.com\/toronto\/wp-json\/wp\/v2\/types\/post"}],"author":[{"embeddable":true,"href":"https:\/\/www.ludwig-van.com\/toronto\/wp-json\/wp\/v2\/users\/22"}],"replies":[{"embeddable":true,"href":"https:\/\/www.ludwig-van.com\/toronto\/wp-json\/wp\/v2\/comments?post=71207"}],"version-history":[{"count":2,"href":"https:\/\/www.ludwig-van.com\/toronto\/wp-json\/wp\/v2\/posts\/71207\/revisions"}],"predecessor-version":[{"id":71210,"href":"https:\/\/www.ludwig-van.com\/toronto\/wp-json\/wp\/v2\/posts\/71207\/revisions\/71210"}],"wp:featuredmedia":[{"embeddable":true,"href":"https:\/\/www.ludwig-van.com\/toronto\/wp-json\/wp\/v2\/media\/71209"}],"wp:attachment":[{"href":"https:\/\/www.ludwig-van.com\/toronto\/wp-json\/wp\/v2\/media?parent=71207"}],"wp:term":[{"taxonomy":"category","embeddable":true,"href":"https:\/\/www.ludwig-van.com\/toronto\/wp-json\/wp\/v2\/categories?post=71207"},{"taxonomy":"post_tag","embeddable":true,"href":"https:\/\/www.ludwig-van.com\/toronto\/wp-json\/wp\/v2\/tags?post=71207"},{"taxonomy":"yst_prominent_words","embeddable":true,"href":"https:\/\/www.ludwig-van.com\/toronto\/wp-json\/wp\/v2\/yst_prominent_words?post=71207"}],"curies":[{"name":"wp","href":"https:\/\/api.w.org\/{rel}","templated":true}]}}