{"id":71144,"date":"2021-05-24T10:01:53","date_gmt":"2021-05-24T14:01:53","guid":{"rendered":"https:\/\/www.ludwig-van.com\/toronto\/?p=71144"},"modified":"2021-05-24T10:01:53","modified_gmt":"2021-05-24T14:01:53","slug":"critics-picks-classical-opera-streams-absolutely-need-see-week-may-24-30","status":"publish","type":"post","link":"https:\/\/www.ludwig-van.com\/toronto\/2021\/05\/24\/critics-picks-classical-opera-streams-absolutely-need-see-week-may-24-30\/","title":{"rendered":"CRITIC&#8217;S PICKS | Classical And Opera Streams You Absolutely Need To See This Week: May 24 \u2013 30"},"content":{"rendered":"<figure id=\"attachment_71145\" aria-describedby=\"caption-attachment-71145\" style=\"width: 1200px\" class=\"wp-caption aligncenter\"><img decoding=\"async\" loading=\"lazy\" class=\"size-full wp-image-71145\" src=\"https:\/\/www.ludwig-van.com\/toronto\/wp-content\/uploads\/sites\/2\/2021\/05\/CP-May-24.jpg\" alt=\"Classical music and opera events streaming on the web for the week of May 24\u201330.\" width=\"1200\" height=\"628\" \/><figcaption id=\"caption-attachment-71145\" class=\"wp-caption-text\">Classical music and opera events streaming on the web for the week of May 24\u201330.<\/figcaption><\/figure>\n<h3><strong>Critic\u2019s Picks (May 24 \u2013 30)<\/strong><strong>\u00a0<\/strong><\/h3>\n<p><em>\u201cWe live in an extraordinary Age\u201d <\/em><em>\u2014 Carl Sagan. We are now in late spring of the second pandemic year. Some venues are striving to re-open for online or in-person performances, while others are looking ahead and announcing their 2021-22 seasons. As reported in Opera Wire, among the theatres announcing their upcoming seasons are Op\u00e9ra National de Paris, Atlanta Symphony Orchestra, Badisches Staatsoper Karlsruhe, Th\u00e9\u00e2tre Capitole de Toulouse, Lyric Opera of Chicago, Op\u00e9ra National du Rhin, Pittsburgh Festival Opera, Op\u00e9ra de Toulon, Th\u00e9\u00e2tre des Champs-Elys\u00e9es, Oper Frankfurt, Festival Castell de Peralada, Opera Philadelphia, Spain National Orchestra and Chorus, Opernhaus Z\u00fcrich, Festival Valle d&#8217;Itria, and the Teatro Real de Madrid. The reopening are not all smooth, sad to say \u2013 Slipped Disc just reported that Op\u00e9ra de Lyon has cancelled its reopening for non- COVID reasons \u2013 the building is closed due to a strike by its staff.\u00a0 <\/em><\/p>\n<p><em>The Salzburg Whitsun Festival in Austria opened this week with a blockbuster Tosca starring Anna Netrebko and Jonas Kaufmann, replacing the originally announced Anja Harteros and Bryn Terfel. An interesting twist is that it also featured the great Cecilia Bartoli \u2013 no, not as Tosca, but as the Shepherd Boy!\u00a0 She made her debut in this cameo role at the age of 10. These performances feature personalized ticketing to facilitate contact tracing, a maximum of 50% capacity, proof of vaccination, and use of face masks. Glyndebourne Festival has re-opened (May 20 to August 29), with K\u00e1t&#8217;a Kabanov\u00e1.<\/em> th<em>e first in a program of four operas and a concert series. The Czech Philharmonic performed a concert with a live audience of 350 on May 10 in Prague, conducted by Semyon Bychkov. This marked the Czech Republic\u2019s first cultural event with a live audience since the pandemic lockdown. Austria\u2019s Salzburg Easter Festival now takes place on November 1. Wiener Staatsoper reopened on May 19 to a live audience, with COVID precautions. The Prague Summer Nights Young Artists Music Festival is going ahead for an in-person festival (July 5-Aug 2). \u00a0<\/em><\/p>\n<p><em>LA Opera will return to live, in-person performances starting with a June 6 performance of Stravinsky\u2019s Oedipus Rex, at the Dorothy Chandler Pavilion. James Conlon conducts, with Russell Thomas, J\u2019Nai Bridges, and John Relyea. Two orchestras have announced its summer plans: LA Philharmonic reopens the Hollywood Bowl in July, and the Cleveland Orchestra returns to the Blossom Festival on July 11. New York\u2019s Teatro Nuovo has announced that it will put on Rossini\u2019s The Barber of Seville on July 27 and 28 on the summer stage at Lincoln Center\u2019s Damrosch Park. And Toronto\u2019s Luminato Festival, normally taking place in June, will be moved to October this year. <\/em><\/p>\n<p><em>The theme of Met Opera\u2019s nightly free streaming this week is \u201cRare Gems,\u201d referring to operas that are rarely staged in North America, such as The Nose and Prince Igor. \u00a0Big stars to be seen this week include Renee Fleming, Mirella Freni, Placido Domingo and Juan Diego Florez. Met streams start at 7:30 p.m. ET and remain available for 23 hours. \u201cA Concert for New York,\u201d the first concert involving Met Opera forces since the pandemic, took place successfully on May 16. In the meantime, the virtual \u201cMet Stars Live in Concert\u201d series came to a successful conclusion with the Three Divas (Ailyn Perez, Nadine Sierra and Isabel Leonard) last Saturday. With COVID numbers now going down in the US, the future for live performances is looking a little brighter. Stay tuned. \u00a0\u00a0<\/em><\/p>\n<h3><span style=\"color: #ff0000;\"><strong>Monday 24<\/strong><\/span><\/h3>\n<p><strong>Met Opera | Massenet\u2019s <em>Tha\u00efs<\/em>. <\/strong>Starring Ren\u00e9e Fleming, Michael Schade, and Thomas Hampson, conducted by Jes\u00fas L\u00f3pez-Cobos. Production by John Cox. From December 20, 2008. | <a href=\"https:\/\/www.metopera.org\/season\/on-demand\/opera\/?upc=811357012208\">Details<\/a><\/p>\n<h3><span style=\"color: #ff0000;\"><strong>Tuesday 25<\/strong><\/span><\/h3>\n<p><strong>Met Opera | Borodin\u2019s <em>Prince Igor<\/em>. <\/strong>Starring Oksana Dyka, Anita Rachvelishvili, Sergey Semishkur, Ildar Abdrazakov, Mikhail Petrenko, and \u0160tefan Koc\u00e1n, conducted by Gianandrea Noseda. Production by Dmitri Tcherniakov. From March 1, 2014. | <a href=\"https:\/\/www.metopera.org\/season\/on-demand\/opera\/?upc=811357017180\">Details<\/a><\/p>\n<h3><span style=\"color: #ff0000;\">Wednesday 26<\/span><\/h3>\n<p><strong>Toronto Wagner Society | Jane Eaglen \u2014\u00a0<\/strong>7:30 pm ET. The great Wagnerian soprano Jane Eaglen, a memorable Brunnhilde and Isolde, is the guest of TWS. She is now a noted voice teacher training the next generation of singers. | <a href=\"https:\/\/www.ludwig-van.com\/toronto\/event\/toronto-wagner-society-jane-eaglen\/\">Details <\/a><\/p>\n<p><strong>Met Opera | Rossini\u2019s <em>La Donna del Lago<\/em>. <\/strong>Starring Joyce DiDonato, Daniela Barcellona, Juan Diego Fl\u00f3rez, John Osborn, and Oren Gradus, conducted by Michele Mariotti. Production by Paul Curran. From March 14, 2015. | <a href=\"https:\/\/www.metopera.org\/season\/on-demand\/opera\/?upc=811357017784\">Details<\/a><\/p>\n<h3><span style=\"color: #ff0000;\">Thursday 27<\/span><\/h3>\n<p><strong>Opera Atelier | Handel\u2019s The Resurrection \u2014\u00a0<\/strong>7 pm ET. Opera Atelier presents a fully staged film of <em>The Resurrection<\/em>, starring sopranos Carla Huhtanen and Meghan Lindsay, mezzo Allyson McHardy, tenor Colin Ainsworth, and bass-baritone Douglas Williams. Originally scheduled for April 2020 and now online, ticket is $25, and available to purchasers for on-demand viewing until June 10. Read our preview <a href=\"https:\/\/www.ludwig-van.com\/toronto\/2021\/05\/21\/preview-story-behind-opera-ateliers-filming-handels-resurrection\/\">here<\/a>. | <a href=\"https:\/\/www.ludwig-van.com\/toronto\/event\/opera-atelier-resurrection\/\">Details<\/a><\/p>\n<p><strong>Met Opera | Shostakovich\u2019s <em>The Nose<\/em>. <\/strong>Starring Andrey Popov, Alexander Lewis, and Paulo Szot, conducted by Pavel Smelkov. Production by William Kentridge. From October 26, 2013. | <a href=\"https:\/\/www.metopera.org\/season\/on-demand\/opera\/?upc=811357016824\">Details<\/a><\/p>\n<h3><span style=\"color: #ff0000;\">Friday 28<\/span><\/h3>\n<p><strong>Met Opera | Giordano\u2019s <em>Fedora<\/em>. <\/strong>Starring Mirella Freni, Ainhoa Arteta, Pl\u00e1cido Domingo, Dwayne Croft, and Jean-Yves Thibaudet, conducted by Roberto Abbado. Production by Beppe De Tomasi. From April 26, 1997. | <a href=\"https:\/\/www.metopera.org\/season\/on-demand\/opera\/?upc=811357011256\">Details<\/a><\/p>\n<h3><span style=\"color: #ff0000;\"><strong>Saturday 29<\/strong><\/span><\/h3>\n<p><strong>Opera de Quebec | Le Barbier de S\u00e9ville \u2014 <\/strong>3 pm ET. Hugo Laporte, baritone (Figaro), Sarah Bissonnette, mezzo (Rosina), Andrew Haji, tenor (Comte Almaviva), Doug MacNaughton, baritone (Bartolo), Alain Coulombe, bass (Basilio). Orchestre symphonique de Qu\u00e9bec, conducted by Jean-Michel Malouf. | <a href=\"https:\/\/operadequebec.com\/en\/programming\/le-barbier-de-seville\/\">Details<\/a><\/p>\n<p><strong>Salle Bourgie | Jana Miller and Philippe Sly \u2014\u00a0<\/strong>7 pm ET. This live audience concert at Bourgie Hall in Montreal features two Schumann song cycles, \u201cFrauenliebe und Leben\u201d sung by Miller and \u201cDichterliebe\u201d sung by Sly. Plus \u201cKinderszenen\u201d played by pianist Jean Marchand. $54\/$46(museum members)\/$28(under 34). Purchase online access ($20) for viewing from June 5 to 19. | <a href=\"https:\/\/www.mbam.qc.ca\/en\/activities\/jana-miller-soprano-philippe-sly-baryton-basse-jean-marchand-piano\/\">Details<\/a><strong>\u00a0<\/strong><\/p>\n<p><strong>Met Opera | Strauss\u2019s <em>Capriccio<\/em>. <\/strong>Starring Ren\u00e9e Fleming, Sarah Connolly, Joseph Kaiser, Russell Braun, Morten Frank Larsen, and Peter Rose, conducted by Sir Andrew Davis. Production by John Cox. From April 23, 2011. | <a href=\"https:\/\/www.metopera.org\/season\/on-demand\/opera\/?upc=811357014523\">Details<\/a><\/p>\n<h3><span style=\"color: #ff0000;\">Sunday 30<\/span><\/h3>\n<p><strong>Met Opera | Rossini\u2019s Le Comte Ory. <\/strong>Starring Diana Damrau, Joyce DiDonato, Susanne Resmark, Juan Diego Fl\u00f3rez, St\u00e9phane Degout, and Michele Pertusi, conducted by Maurizio Benini. Production by Bartlett Sher. From April 9, 2011. | <a href=\"https:\/\/www.metopera.org\/season\/on-demand\/opera\/?upc=811357014516\">Details<\/a><\/p>\n<h3><span style=\"color: #ff0000;\">Video-on-demand performances:<\/span><\/h3>\n<p>1) <strong>Wigmore Hall | Graham Johnson: Poulenc, The Life in the Songs. <\/strong>The great British pianist Graham Johnson talks about his lifelong interest in the music of Francis Poulenc, culminating in his new book on the French composer. A fascinating revelation \u2014 Johnson asserts that Poulenc \u201cborrowed\u201d Baron Ochs\u2019 great waltz in Act 2 <em>Der Rosenkavalier<\/em> and modified it for \u201cLes chemins de l\u2019amour!\u201d<\/p>\n<div class=\"jetpack-video-wrapper\"><span class=\"embed-youtube\" style=\"text-align:center; display: block;\"><iframe loading=\"lazy\" class=\"youtube-player\" width=\"640\" height=\"360\" src=\"https:\/\/www.youtube.com\/embed\/Zrmz6mYsZSA?version=3&#038;rel=1&#038;showsearch=0&#038;showinfo=1&#038;iv_load_policy=1&#038;fs=1&#038;hl=en-US&#038;autohide=2&#038;start=185&#038;wmode=transparent\" allowfullscreen=\"true\" style=\"border:0;\" sandbox=\"allow-scripts allow-same-origin allow-popups allow-presentation\"><\/iframe><\/span><\/div>\n<p>&nbsp;<\/p>\n<p><strong>2) Screaming Divas with Sondra and Keri | Matthew Epstein. <\/strong>Streamed May 21, this is a really funny yet profound episode. Sondra Radvanovsky and Keri Alkema chat with legendary impresario and voice\/opera fanatic Matthew Epstein, who has nurtured the careers of many singers, including the late Canadian soprano Erin Wall. I chatted with Matthew last November when I wrote the tribute to Erin for Opera Canada. A must watch for those passionate about the singing voice in classical music.<\/p>\n<div class=\"jetpack-video-wrapper\"><span class=\"embed-youtube\" style=\"text-align:center; display: block;\"><iframe loading=\"lazy\" class=\"youtube-player\" width=\"640\" height=\"360\" src=\"https:\/\/www.youtube.com\/embed\/BrvKvshj5_A?version=3&#038;rel=1&#038;showsearch=0&#038;showinfo=1&#038;iv_load_policy=1&#038;fs=1&#038;hl=en-US&#038;autohide=2&#038;start=682&#038;wmode=transparent\" allowfullscreen=\"true\" style=\"border:0;\" sandbox=\"allow-scripts allow-same-origin allow-popups allow-presentation\"><\/iframe><\/span><\/div>\n<p><strong>\u00a0<\/strong><\/p>\n<p>3) <strong>Glyndebourne Festival | Cunning Little Vixen.<\/strong> Streamed free on May 23, this performance of the whimsical Janacek opera from 2012 is on demand until Sunday June 6. Vladimir Jurowski conducts the Glyndebourne forces, with a fine cast starring Lucy Crowe (Vixen), Emma Bell (Fox) and Sergey Leiferkus as the Forester.<\/p>\n<div class=\"jetpack-video-wrapper\"><span class=\"embed-youtube\" style=\"text-align:center; display: block;\"><iframe loading=\"lazy\" class=\"youtube-player\" width=\"640\" height=\"360\" src=\"https:\/\/www.youtube.com\/embed\/GNJbvki1xaI?version=3&#038;rel=1&#038;showsearch=0&#038;showinfo=1&#038;iv_load_policy=1&#038;fs=1&#038;hl=en-US&#038;autohide=2&#038;wmode=transparent\" allowfullscreen=\"true\" style=\"border:0;\" sandbox=\"allow-scripts allow-same-origin allow-popups allow-presentation\"><\/iframe><\/span><\/div>\n<p>&nbsp;<\/p>\n<p>4) <strong>Teatro Alla Scala | Concerto Daniel Harding<\/strong>. Streamed last week, the British conductor Daniel Harding leads the La Scala forces in a wonderful concert featuring the Overture from Weber\u2019s <em>Der Freischutz<\/em>, and Antonin Dvorak\u2019s majestic <em>Symphony No. 9<\/em>.<\/p>\n<div class=\"jetpack-video-wrapper\"><span class=\"embed-youtube\" style=\"text-align:center; display: block;\"><iframe loading=\"lazy\" class=\"youtube-player\" width=\"640\" height=\"360\" src=\"https:\/\/www.youtube.com\/embed\/FXgY75sdL9E?version=3&#038;rel=1&#038;showsearch=0&#038;showinfo=1&#038;iv_load_policy=1&#038;fs=1&#038;hl=en-US&#038;autohide=2&#038;wmode=transparent\" allowfullscreen=\"true\" style=\"border:0;\" sandbox=\"allow-scripts allow-same-origin allow-popups allow-presentation\"><\/iframe><\/span><\/div>\n<h3 class=\"western\"><em><span style=\"color: #000000;\"><span style=\"font-family: Liberation Serif, serif;\"><span style=\"font-size: x-large;\"><b>#LUDWIGVAN<\/b><\/span><\/span><\/span><\/em><\/h3>\n<p class=\"western\"><em>Get the daily arts news straight to your inbox.<\/em><\/p>\n<h3 class=\"western\"><em>Sign up for the Ludwig van Daily\u00a0\u2014 classical music and opera in five minutes or less <\/em><a href=\"https:\/\/bowtie.mailbutler.io\/tracking\/hit\/583e6ce0-dfd0-48be-8a33-61256b3c58e3\/a01723d1-1d1d-44ee-9d0c-779ed93a798c\" target=\"_blank\" rel=\"noopener\"><em>HERE<\/em><\/a>.<\/h3>\n","protected":false},"excerpt":{"rendered":"<p>Classical music and opera events streaming on the web for the week of May 24\u201330. <\/p>\n","protected":false},"author":22,"featured_media":71145,"comment_status":"open","ping_status":"open","sticky":false,"template":"","format":"standard","meta":{"om_disable_all_campaigns":false,"jetpack_post_was_ever_published":false},"categories":[38476,19,3895],"tags":[39683],"yst_prominent_words":[6715,28125,9100,10617,7412,39109,36946,13725,34944,27956,6886,7622,26977,39529,32258,39033],"acf":[],"jetpack_featured_media_url":"https:\/\/www.ludwig-van.com\/toronto\/wp-content\/uploads\/sites\/2\/2021\/05\/CP-May-24.jpg","jetpack_sharing_enabled":true,"jetpack_shortlink":"https:\/\/wp.me\/p9bakr-ivu","amp_enabled":true,"_links":{"self":[{"href":"https:\/\/www.ludwig-van.com\/toronto\/wp-json\/wp\/v2\/posts\/71144"}],"collection":[{"href":"https:\/\/www.ludwig-van.com\/toronto\/wp-json\/wp\/v2\/posts"}],"about":[{"href":"https:\/\/www.ludwig-van.com\/toronto\/wp-json\/wp\/v2\/types\/post"}],"author":[{"embeddable":true,"href":"https:\/\/www.ludwig-van.com\/toronto\/wp-json\/wp\/v2\/users\/22"}],"replies":[{"embeddable":true,"href":"https:\/\/www.ludwig-van.com\/toronto\/wp-json\/wp\/v2\/comments?post=71144"}],"version-history":[{"count":4,"href":"https:\/\/www.ludwig-van.com\/toronto\/wp-json\/wp\/v2\/posts\/71144\/revisions"}],"predecessor-version":[{"id":71149,"href":"https:\/\/www.ludwig-van.com\/toronto\/wp-json\/wp\/v2\/posts\/71144\/revisions\/71149"}],"wp:featuredmedia":[{"embeddable":true,"href":"https:\/\/www.ludwig-van.com\/toronto\/wp-json\/wp\/v2\/media\/71145"}],"wp:attachment":[{"href":"https:\/\/www.ludwig-van.com\/toronto\/wp-json\/wp\/v2\/media?parent=71144"}],"wp:term":[{"taxonomy":"category","embeddable":true,"href":"https:\/\/www.ludwig-van.com\/toronto\/wp-json\/wp\/v2\/categories?post=71144"},{"taxonomy":"post_tag","embeddable":true,"href":"https:\/\/www.ludwig-van.com\/toronto\/wp-json\/wp\/v2\/tags?post=71144"},{"taxonomy":"yst_prominent_words","embeddable":true,"href":"https:\/\/www.ludwig-van.com\/toronto\/wp-json\/wp\/v2\/yst_prominent_words?post=71144"}],"curies":[{"name":"wp","href":"https:\/\/api.w.org\/{rel}","templated":true}]}}