{"id":71100,"date":"2021-05-17T10:24:19","date_gmt":"2021-05-17T14:24:19","guid":{"rendered":"https:\/\/www.ludwig-van.com\/toronto\/?p=71100"},"modified":"2021-05-17T10:24:19","modified_gmt":"2021-05-17T14:24:19","slug":"critics-picks-classical-opera-streams-absolutely-need-see-week-may-17-23","status":"publish","type":"post","link":"https:\/\/www.ludwig-van.com\/toronto\/2021\/05\/17\/critics-picks-classical-opera-streams-absolutely-need-see-week-may-17-23\/","title":{"rendered":"CRITIC&#8217;S PICKS | Classical And Opera Streams You Absolutely Need To See This Week: May 17\u201323"},"content":{"rendered":"<figure id=\"attachment_71101\" aria-describedby=\"caption-attachment-71101\" style=\"width: 1200px\" class=\"wp-caption aligncenter\"><img decoding=\"async\" loading=\"lazy\" class=\"size-full wp-image-71101\" src=\"https:\/\/www.ludwig-van.com\/toronto\/wp-content\/uploads\/sites\/2\/2021\/05\/CP-May-17.jpg\" alt=\"Classical music and opera events streaming on the web for the week of May 17\u201323.\" width=\"1200\" height=\"628\" \/><figcaption id=\"caption-attachment-71101\" class=\"wp-caption-text\">Classical music and opera events streaming on the web for the week of May 17\u201323.<\/figcaption><\/figure>\n<h3><strong>Critic\u2019s Picks (May 17\u201323)<\/strong><\/h3>\n<p><em>\u201cWe live in an extraordinary Age\u201d \u2014 Carl Sagan<\/em>. COVID-19 continues to decimate the musical world. Now well into the second year of the pandemic, some venues are struggling to re-open for late spring and summer performances, despite the uncertainties. As reported in <em>Slipped Disc<\/em>, French president Emmanuel Macron has approved the reopening of concert halls and opera houses with audience starting May 19, with up to 900 attendees indoors and 1,000 outdoors, increasing to 5,000 starting June 9. The Salzburg Whitsun Festival in Austria takes place May 21-24, with personalized ticketing to facilitate contact tracing, a maximum of 50% capacity, proof of vaccination, and use of face masks. Glyndebourne opens its Festival (May 20 to August 29), with <em>K\u00e1t&#8217;a Kabanov\u00e1<\/em>\u00a0the first in a program of four operas and a concert series. The Czech Philharmonic performed a concert with a live audience of 350 on May 10 in Prague, conducted by Semyon Bychkov. This marked the Czech Republic\u2019s first cultural event with a live audience since the pandemic lockdown.<\/p>\n<p>Some Italian theatres are reopening, notably Maggio Musicale Fiorentino and Teatro Alla Scala. Teatro dell\u2019Opera di Roma presented <em>Luisa Miller<\/em> conducted by Michele Mariotti on April 30, in a concert performance, but without the planned live audience. Opernhaus Zurich reopened on May 1 for a ballet performance with a limited audience of 50 people. Austria\u2019s Salzburg Easter Festival is postponed to November 1, with a revised program to be announced in May. Wiener Staatsoper will reopen on May 19 to a live audience, with COVID precautions. Teatro La Fenice reopened on April 26 with a Verdi concert, now available on its website. The Prague Summer Nights Young Artists Music Festival is going ahead for an in-person festival (July 5-Aug 2).<\/p>\n<p>While things are re-opening in France, Austria, Italy and the UK, the news from Germany is grim. The German Parliament has granted Chancellor Angela Merkel\u2019s federal cabinet the power to impose more stringent measures on the federal level and the states will have to comply. Opera Wire just reported that Oper Frankfurt, Staatsoper Stuttgart, and Nationaltheater Mannheim are extending their shutdown, joining opera houses in Berlin, Munich, Hamburg, Wiesbaden, and Dresden.<\/p>\n<p>On this side of the Atlantic, the LA Opera has announced that it will return to live, in-person performances starting with a June 6 performance of Stravinsky\u2019s <em>Oedipus Rex<\/em>, at the Dorothy Chandler Pavilion. James Conlon conducts, with Russell Thomas, J\u2019Nai Bridges, and John Relyea. Two orchestras have announced its summer plans: LA Philharmonic reopens the Hollywood Bowl in July, and the Cleveland Orchestra returns to the Blossom Festival on July 11. New York\u2019s Teatro Nuovo has announced that it will put on Rossini\u2019s <em>The Barber of Seville<\/em> on July 27 and 28 on the summer stage at Lincoln Center\u2019s Damrosch Park. And Toronto\u2019s Luminato Festival, normally taking place in June, will be moved to October this year.<\/p>\n<p>The theme of Met Opera\u2019s nightly free streaming this week is \u201cUnhinged Mad Scenes,\u201d which describes the operatic genre perfectly! The stars this week include Dame Joan Sutherland, Anna Netrebko, Dmitri Hvorostovsky, Placido Domingo, and Juan Diego Florez. Met streams start at 7:30 p.m. ET and remain available for 23 hours. In a surprise move, the Met, in the middle of ongoing labour strife, put on<em> A Concert for New York<\/em>, an in-person concert! Two to be exact, 45 minutes each, with members of the Met Orchestra, Chorus and star soloists, conducted by Yannick N\u00e9zet-S\u00e9guin, at the Knockdown Center in Queens on May 16, at 6 p.m. and 8:30 p.m. Attendance was limited to 150 people per performance. Tickets were distributed by lottery to Met audience members and to first responders affiliated with Mount Sinai\u2019s hospital in Queens. This represented the first Met concert with a live audience since March 2020. Soprano Angel Blue, tenor Stephen Costello, baritone Justin Austin, and bass-baritone Eric Owens featured in a program of Mozart, Verdi, and Terence Blanchard, the composer of <em>Fire Shut Up in My Bones<\/em>, a new opera to open the Met\u2019s 2021-22 season.<\/p>\n<h3><strong><span style=\"color: #ff0000\">Monday 17<\/span><\/strong><\/h3>\n<p><strong>Wiener Staatsoper | Gounod\u2019s Faust<\/strong> \u20141 p.m. ET Bertrand de Billy conducts Frank Castorf\u2019s concept production starring Juan Diego Fl\u00f3rez, Nicole Car, Adam Palka, and Canadian baritone \u00c9tienne Dupuis. Performance from April 29. | <a href=\"https:\/\/play.wiener-staatsoper.at\/event\/f836d3b5-c4da-4dcd-a279-4653c67647a5\" target=\"_blank\" rel=\"noopener\">Details<\/a><\/p>\n<p><strong>Met Opera | Bellini\u2019s I Puritani.<\/strong> Starring Anna Netrebko, Eric Cutler, Franco Vassallo, and John Relyea, conducted by Patrick Summers. Production by Sandro Sequi. From January 6, 2007. | <a href=\"https:\/\/www.metopera.org\/season\/on-demand\/opera\/?upc=811357011393\" target=\"_blank\" rel=\"noopener\">Details<\/a><\/p>\n<h3><strong><span style=\"color: #ff0000\">Tuesday 18<\/span><\/strong><\/h3>\n<p><strong>Met Opera | Mozart\u2019s Idomeneo.<\/strong> Starring Elza van den Heever, Nadine Sierra, Alice Coote, Matthew Polenzani, and Alan Opie, conducted by James Levine. Production by Jean-Pierre Ponnelle. From March 25, 2017. | <a href=\"https:\/\/www.metopera.org\/season\/on-demand\/opera\/?upc=811357019078\" target=\"_blank\" rel=\"noopener\">Details<\/a><\/p>\n<p><strong>Against the Grain Theatre | From the Director\u2019s Chair: Adrianne Pieczonka<\/strong> \u2014 8 p.m. ET. Canadian soprano Adrianne Pieczonka chats with AtG\u2019s Joel Ivany, about her long and distinguished international career, as well as her position as Head of Voice at the Glenn Gould School of the Royal Conservatory. | <a href=\"https:\/\/www.youtube.com\/watch?v=AQ2QNbVCThI\" target=\"_blank\" rel=\"noopener\">Details<\/a><\/p>\n<h3><strong><span style=\"color: #ff0000\">Wednesday 19<\/span><\/strong><\/h3>\n<p><strong>Met Opera | Mussorgsky\u2019s Boris Godunov<\/strong>. Starring Ekaterina Semenchuk, Aleksandrs Antonenko, Oleg Balashov, Evgeny Nikitin, Ren\u00e9 Pape, Mikhail Petrenko, and Vladimir Ognovenko, conducted by Valery Gergiev. Production by Stephen Wadsworth. From October 23, 2010. | <a href=\"https:\/\/www.metopera.org\/season\/on-demand\/opera\/?upc=811357013939\" target=\"_blank\" rel=\"noopener\">Details<\/a><\/p>\n<h3><strong><span style=\"color: #ff0000\">Thursday 20<\/span><\/strong><\/h3>\n<p><strong>Royal Conservatory of Music | Glenn Gould School Vocal Showcase<\/strong> \u2014\u00a03 p.m. ET. Hear the voices of tomorrow in this Vocal Showcase, where the talented GGS students present a program of songs and arias. A free online concert, available on demand after the premiere. | <a href=\"https:\/\/www.ludwig-van.com\/toronto\/event\/royal-conservatory-glenn-gould-school-vocal-showcase\/\" target=\"_blank\" rel=\"noopener\">Details<\/a><\/p>\n<p><strong>Met Opera | Bellini\u2019s La Sonnambula<\/strong>. Starring Natalie Dessay, Juan Diego Fl\u00f3rez, and Michele Pertusi, conducted by Evelino Pid\u00f2. Production by Mary Zimmerman. From March 21, 2009. | <a href=\"https:\/\/www.metopera.org\/season\/on-demand\/opera\/?upc=811357012543\" target=\"_blank\" rel=\"noopener\">Details<\/a><\/p>\n<h3><strong><span style=\"color: #ff0000\">Friday 21<\/span><\/strong><\/h3>\n<p><strong>Met Opera | Verdi\u2019s Nabucco<\/strong>. Starring Liudmyla Monastyrska, Jamie Barton, Russell Thomas, Pl\u00e1cido Domingo, and Dmitry Belosselskiy, conducted by James Levine. Production by Elijah Moshinsky. From January 7, 2017. | <a href=\"https:\/\/www.metopera.org\/season\/on-demand\/opera\/?upc=811357018965\" target=\"_blank\" rel=\"noopener\">Details<\/a><\/p>\n<h3><span style=\"color: #ff0000\"><strong>Saturday 22<\/strong><\/span><\/h3>\n<p><strong>Met Stars Live In Concert | Three Divas \u2014\u00a01 p.m. ET<\/strong>. Three glamorous opera stars with great voices, sopranos Ailyn P\u00e9rez and Nadine Sierra and mezzo Isabel Leonard, joined by pianist Vlad Iftinca and guitarist Pablo Sa\u0301inz-Villegas, in a program of operatic arias and scenes, livestreamed from the Royal Opera of Versailles in France. Ticket $20USD. | <a href=\"https:\/\/metstarslive.brightcove-services.com\/events\/6245497823001\" target=\"_blank\" rel=\"noopener\">Details<\/a><\/p>\n<p><strong>Met Opera | Donizetti\u2019s Lucia di Lammermoor<\/strong>. Starring Joan Sutherland, Alfredo Kraus, Pablo Elvira, and Paul Plishka, conducted by Richard Bonynge. Production by Margherita Wallmann. From November 13, 1982. | <a href=\"https:\/\/www.metopera.org\/season\/on-demand\/opera\/?upc=811357011478\" target=\"_blank\" rel=\"noopener\">Details<\/a><\/p>\n<h3><strong><span style=\"color: #ff0000\">Sunday 23<\/span><\/strong><\/h3>\n<p><strong>Met Opera | Tchaikovsky\u2019s The Queen of Spades<\/strong>. Starring Galina Gorchakova, Elisabeth S\u00f6derstr\u00f6m, Pl\u00e1cido Domingo, Dmitri Hvorostovsky, and Nikolai Putilin, conducted by Valery Gergiev. Production by Elijah Moshinsky. From April 15, 1999. | <a href=\"https:\/\/www.metopera.org\/season\/on-demand\/opera\/?upc=811357011638\" target=\"_blank\" rel=\"noopener\">Details<\/a><\/p>\n<h3><strong>Video-on-demand performances:<\/strong><\/h3>\n<p>1) <strong>Angel Blue Channel | Faithful Friday: Frederica von Stade<\/strong>. Streamed May 7 and now on demand, the beloved American mezzo, affectionately called Flicka by her fans, chats with soprano Angel Blue about her long and distinguished career.<\/p>\n<div class=\"jetpack-video-wrapper\"><span class=\"embed-youtube\" style=\"text-align:center; display: block;\"><iframe loading=\"lazy\" class=\"youtube-player\" width=\"640\" height=\"360\" src=\"https:\/\/www.youtube.com\/embed\/3rejdRBiJe0?version=3&#038;rel=1&#038;showsearch=0&#038;showinfo=1&#038;iv_load_policy=1&#038;fs=1&#038;hl=en-US&#038;autohide=2&#038;wmode=transparent\" allowfullscreen=\"true\" style=\"border:0;\" sandbox=\"allow-scripts allow-same-origin allow-popups allow-presentation\"><\/iframe><\/span><\/div>\n<p>2) <strong>Canadian Opera Company | Check-In with Perryn.<\/strong> Third episode of the new COC General Director\u2019s vlog. Not a lot of substance in this short communiqu\u00e9, except for comments on the recent audience survey, and the promise that more details about next season will be announced on June 7.<\/p>\n<div class=\"jetpack-video-wrapper\"><span class=\"embed-youtube\" style=\"text-align:center; display: block;\"><iframe loading=\"lazy\" class=\"youtube-player\" width=\"640\" height=\"360\" src=\"https:\/\/www.youtube.com\/embed\/M8jSSbL8yjA?version=3&#038;rel=1&#038;showsearch=0&#038;showinfo=1&#038;iv_load_policy=1&#038;fs=1&#038;hl=en-US&#038;autohide=2&#038;start=5&#038;wmode=transparent\" allowfullscreen=\"true\" style=\"border:0;\" sandbox=\"allow-scripts allow-same-origin allow-popups allow-presentation\"><\/iframe><\/span><\/div>\n<p>3) <strong>Classicalia International | Janina Fialkowska 70th Birthday Recital<\/strong>. Renowned Canadian pianist Janina Fialkowska turns 70 on May 7. To celebrate this milestone, her management, Classicalia International, filmed this short concert of Fialkowska at home in Germany, playing Weber, Chopin, and Debussy.<\/p>\n<div class=\"jetpack-video-wrapper\"><span class=\"embed-youtube\" style=\"text-align:center; display: block;\"><iframe loading=\"lazy\" class=\"youtube-player\" width=\"640\" height=\"360\" src=\"https:\/\/www.youtube.com\/embed\/MdKwOouyoGI?version=3&#038;rel=1&#038;showsearch=0&#038;showinfo=1&#038;iv_load_policy=1&#038;fs=1&#038;hl=en-US&#038;autohide=2&#038;wmode=transparent\" allowfullscreen=\"true\" style=\"border:0;\" sandbox=\"allow-scripts allow-same-origin allow-popups allow-presentation\"><\/iframe><\/span><\/div>\n<p>4) <strong>Screaming Divas with Sondra and Keri | Anthony Tommasini.<\/strong> Divas Sondra and Keri chat with the well-known New York Times classical music critic Anthony Tommasini. Artist rarely get to interview critics, so this makes for an interesting dynamic. Do take a look!<\/p>\n<div class=\"jetpack-video-wrapper\"><span class=\"embed-youtube\" style=\"text-align:center; display: block;\"><iframe loading=\"lazy\" class=\"youtube-player\" width=\"640\" height=\"360\" src=\"https:\/\/www.youtube.com\/embed\/nHfMke9RTVY?version=3&#038;rel=1&#038;showsearch=0&#038;showinfo=1&#038;iv_load_policy=1&#038;fs=1&#038;hl=en-US&#038;autohide=2&#038;wmode=transparent\" allowfullscreen=\"true\" style=\"border:0;\" sandbox=\"allow-scripts allow-same-origin allow-popups allow-presentation\"><\/iframe><\/span><\/div>\n<p>5)<strong> Music and the Mind Live with Renee Fleming | Episode #1: Music, Loneliness and Isolation<\/strong>. In this the first of a 19-episode series premiered a year ago, American soprano\/arts &amp; health advocate Renee Fleming chats with Vivek Murthy MD, the 19th US Surgeon General, on a timely subject during the pandemic. Do explore the whole series, where Fleming chats with scientists and practitioners working at the intersection of music, neuroscience, and healthcare.<\/p>\n<div class=\"jetpack-video-wrapper\"><span class=\"embed-youtube\" style=\"text-align:center; display: block;\"><iframe loading=\"lazy\" class=\"youtube-player\" width=\"640\" height=\"360\" src=\"https:\/\/www.youtube.com\/embed\/FND_IQTjGQM?version=3&#038;rel=1&#038;showsearch=0&#038;showinfo=1&#038;iv_load_policy=1&#038;fs=1&#038;hl=en-US&#038;autohide=2&#038;start=1071&#038;wmode=transparent\" allowfullscreen=\"true\" style=\"border:0;\" sandbox=\"allow-scripts allow-same-origin allow-popups allow-presentation\"><\/iframe><\/span><\/div>\n<h3 class=\"western\"><em><span style=\"color: #000000\"><span style=\"font-family: Liberation Serif, serif\"><span style=\"font-size: x-large\"><b>#LUDWIGVAN<\/b><\/span><\/span><\/span><\/em><\/h3>\n<p class=\"western\"><em>Get the daily arts news straight to your inbox.<\/em><\/p>\n<h3 class=\"western\"><em>Sign up for the Ludwig van Daily\u00a0\u2014 classical music and opera in five minutes or less <\/em><a href=\"https:\/\/bowtie.mailbutler.io\/tracking\/hit\/583e6ce0-dfd0-48be-8a33-61256b3c58e3\/a01723d1-1d1d-44ee-9d0c-779ed93a798c\" target=\"_blank\" rel=\"noopener\"><em>HERE<\/em><\/a>.<\/h3>\n","protected":false},"excerpt":{"rendered":"<p>Classical music and opera events streaming on the web for the week of May 17\u201323.<\/p>\n","protected":false},"author":22,"featured_media":71101,"comment_status":"open","ping_status":"open","sticky":false,"template":"","format":"standard","meta":{"om_disable_all_campaigns":false,"jetpack_post_was_ever_published":false},"categories":[38476,76,19,35839,3895,43,63],"tags":[177,39339,1436,1694],"yst_prominent_words":[34465,7200,6715,28125,7202,9100,36437,36025,39109,36946,10704,13725,34944,27956,6886,28584],"acf":[],"jetpack_featured_media_url":"https:\/\/www.ludwig-van.com\/toronto\/wp-content\/uploads\/sites\/2\/2021\/05\/CP-May-17.jpg","jetpack_sharing_enabled":true,"jetpack_shortlink":"https:\/\/wp.me\/p9bakr-iuM","amp_enabled":true,"_links":{"self":[{"href":"https:\/\/www.ludwig-van.com\/toronto\/wp-json\/wp\/v2\/posts\/71100"}],"collection":[{"href":"https:\/\/www.ludwig-van.com\/toronto\/wp-json\/wp\/v2\/posts"}],"about":[{"href":"https:\/\/www.ludwig-van.com\/toronto\/wp-json\/wp\/v2\/types\/post"}],"author":[{"embeddable":true,"href":"https:\/\/www.ludwig-van.com\/toronto\/wp-json\/wp\/v2\/users\/22"}],"replies":[{"embeddable":true,"href":"https:\/\/www.ludwig-van.com\/toronto\/wp-json\/wp\/v2\/comments?post=71100"}],"version-history":[{"count":2,"href":"https:\/\/www.ludwig-van.com\/toronto\/wp-json\/wp\/v2\/posts\/71100\/revisions"}],"predecessor-version":[{"id":71103,"href":"https:\/\/www.ludwig-van.com\/toronto\/wp-json\/wp\/v2\/posts\/71100\/revisions\/71103"}],"wp:featuredmedia":[{"embeddable":true,"href":"https:\/\/www.ludwig-van.com\/toronto\/wp-json\/wp\/v2\/media\/71101"}],"wp:attachment":[{"href":"https:\/\/www.ludwig-van.com\/toronto\/wp-json\/wp\/v2\/media?parent=71100"}],"wp:term":[{"taxonomy":"category","embeddable":true,"href":"https:\/\/www.ludwig-van.com\/toronto\/wp-json\/wp\/v2\/categories?post=71100"},{"taxonomy":"post_tag","embeddable":true,"href":"https:\/\/www.ludwig-van.com\/toronto\/wp-json\/wp\/v2\/tags?post=71100"},{"taxonomy":"yst_prominent_words","embeddable":true,"href":"https:\/\/www.ludwig-van.com\/toronto\/wp-json\/wp\/v2\/yst_prominent_words?post=71100"}],"curies":[{"name":"wp","href":"https:\/\/api.w.org\/{rel}","templated":true}]}}