{"id":70983,"date":"2021-05-03T09:57:56","date_gmt":"2021-05-03T13:57:56","guid":{"rendered":"https:\/\/www.ludwig-van.com\/toronto\/?p=70983"},"modified":"2021-05-03T09:57:56","modified_gmt":"2021-05-03T13:57:56","slug":"critics-picks-classical-opera-streams-absolutely-need-see-week-may-3-9","status":"publish","type":"post","link":"https:\/\/www.ludwig-van.com\/toronto\/2021\/05\/03\/critics-picks-classical-opera-streams-absolutely-need-see-week-may-3-9\/","title":{"rendered":"CRITIC&#8217;S PICKS | Classical And Opera Streams You Absolutely Need To See This Week: May 3 \u2013 9"},"content":{"rendered":"<figure id=\"attachment_70984\" aria-describedby=\"caption-attachment-70984\" style=\"width: 1200px\" class=\"wp-caption aligncenter\"><img decoding=\"async\" loading=\"lazy\" class=\"size-full wp-image-70984\" src=\"https:\/\/www.ludwig-van.com\/toronto\/wp-content\/uploads\/sites\/2\/2021\/05\/CP-_May_3.jpg\" alt=\"Classical music and opera events streaming on the web for the week of May 3 \u2013 9.\" width=\"1200\" height=\"628\" \/><figcaption id=\"caption-attachment-70984\" class=\"wp-caption-text\">Classical music and opera events streaming on the web for the week of May 3 \u2013 9.<\/figcaption><\/figure>\n<h3><strong>Critic\u2019s Picks (May 3 \u2013 9)<\/strong><\/h3>\n<p><em>\u201cWe live in an extraordinary Age\u201d \u2014 Carl Sagan.<\/em> COVID-19 continues to decimate the musical world. Now well into the second year of the pandemic, some venues are struggling to re-open for late spring and summer performances, in spite of the health risks. As reported in <em>Slipped Disc<\/em>, French president Emmanuel Macron has approved the reopening of concert halls and opera houses with audience starting May 19, with up to 900 attendees indoors and 1,000 outdoors, increasing to 5,000 starting June 9. The Salzburg Whitsun Festival in Austria will take place May 21-24, with personalized ticketing to facilitate contact tracing, a maximum of 50% capacity, proof of vaccination, and use of face masks. Glyndebourne is going ahead with its Festival (May 20 to August 29), opening with<em> K\u00e1t&#8217;a Kabanov\u00e1, <\/em>the first in a program of four operas and a concert series.<\/p>\n<p>According to Opera Wire, some Italian theatres are reopening, notably Maggio Musicale Fiorentino. Teatro dell\u2019Opera di Roma presented Luisa Miller conducted by Michele Mariotti on April 30, in a concert performance with a live audience, and will be streamed online May 8 on the opera house\u2019s YouTube channel. Opernahus Zurich reopened on May 1 for a ballet performance with a limited audience of 50 people. Austria\u2019s Salzburg Easter Festival is postponed to November 1, with a revised program to be announced in May. Wiener Staatsoper will reopen on May 19 to a live audience, with COVID precautions. The Bolshoi and Teatro La Fenice have reopened with a schedule of performances into the summer months. The Prague Summer Nights Young Artists Music Festival is going ahead for an in-person festival (July 5-Aug 2).<\/p>\n<p>On this side of the pond, San Francisco Opera is presenting live performances at the Marin Center, a Drive-In cinema (May 6, 13).<em> The Barber of Seville<\/em> opened to mixed reviews: not because of the singing which was fine, but rather over its venue. LA Opera is launching a <em>Signature Recital Series<\/em> online, to showcase singers the likes of Russell Thomas, J\u2019Nai Bridges, Christine Goerke, Julia Bullock, and Susan Graham, in venues across the country and in Europe, available on-demand. Houston Grand Opera presents \u201cMy Favorite Things: Songs from The Sound of Music\u201d on May 8, a socially distanced singalong\/fundraiser featuring members of the cast from the full production. Looking further into the future, two orchestras have announced its summer plans: LA Philharmonic reopens the Hollywood Bowl in July, and the Cleveland Orchestra returns to the Blossom Festival on July 11. It has just been announced that Toronto\u2019s Luminato Festival, normally taking place in June, will be moved to October this year.<\/p>\n<p>The Met\u2019s nightly free streaming continues this week with \u201cHappy Mother\u2019s Day,\u201d and operas revolving around all aspects of motherhood. Canadians featured in the Met streams this week include Sondra Radvanovsky, Adrianne Pieczonka, and Joseph Kaiser. Met streams start at 7:30 p.m. ET and remain available for 23 hours. The first of two recently announced Met Stars Live in Concert, \u201cWagnerians in Concert\u201d takes place on May 8. A ticket to the virtual concert costs $20 USD.<\/p>\n<h3><strong><span style=\"color: #ff0000\">Monday 3<\/span><\/strong><\/h3>\n<p><strong>Wiener Staatsoper | Cavalleria Rusticana\/Pagliacci<\/strong> \u20141 p.m. ET. Marco Armiliato conducts the Jean-Pierre Ponnelle production of the double bill, starring Eva-Maria Westbroek, Brian Jagde, and Ambrogio Maestri, Roberto Alagna, and Aleksandra Kurzak. Performance from Nov. 2, 2020. | <a href=\"https:\/\/play.wiener-staatsoper.at\/event\/ecc1844a-0054-4f90-b730-4c827019ee27\" target=\"_blank\" rel=\"noopener\">Details<\/a><\/p>\n<p><strong>Met Opera | Strauss\u2019s Elektra<\/strong>.\u00ad Starring Nina Stemme, Adrianne Pieczonka, Waltraud Meier, and Eric Owens, conducted by Esa-Pekka Salonen. Production by Patrice Ch\u00e9reau. From April 30, 2016. | <a href=\"https:\/\/www.metopera.org\/season\/on-demand\/opera\/?upc=811357018477\" target=\"_blank\" rel=\"noopener\">Details<\/a><\/p>\n<h3><strong><span style=\"color: #ff0000\">Tuesday 4<\/span><\/strong><\/h3>\n<p><strong>Wiener Staatsoper | Tchaikovsky\u2019s Swan Lake<\/strong> \u2014 1 p.m. ET. Alexander Ingram conducts the Rudolf Nureyev production, starring Olga Esina (Odette\/Odile) and Vladimir Shishov (Prince Siegfried). Performance from March 16, 2014. | <span style=\"color: #ff0000\"><a style=\"color: #ff0000\" href=\"https:\/\/play.wiener-staatsoper.at\/event\/ff2402d0-c453-452a-92dc-0f720c340293\" target=\"_blank\" rel=\"noopener\">Details<\/a><\/span><\/p>\n<p><strong>Met Opera | Handel\u2019s Rodelinda<\/strong>. Starring Ren\u00e9e Fleming, Stephanie Blythe, Andreas Scholl, Iestyn Davies, Joseph Kaiser, and Shenyang, conducted by Harry Bicket. Production by Stephen Wadsworth. From December 3, 2011. | <a href=\"https:\/\/www.metopera.org\/season\/on-demand\/opera\/?upc=811357014950\" target=\"_blank\" rel=\"noopener\">Details<\/a><\/p>\n<h3><strong><span style=\"color: #ff0000\">Wednesday 5<\/span><\/strong><\/h3>\n<p><strong>Wiener Staatsoper | Grieg\u2019s Peer Gynt<\/strong> \u2014\u00a01 p.m. ET. Simon Hewett conducts, with Jakob Feyferlik, Alice Firenze, Eno Peci, and Zsolt T\u00f6r\u00f6k. Performance from Dec. 4, 2018. | <a href=\"https:\/\/play.wiener-staatsoper.at\/event\/c2b7720c-db18-42ad-b6e7-b6f155fce030\" target=\"_blank\" rel=\"noopener\">Details<\/a><\/p>\n<p><strong>Met Opera | Thomas\u2019s Hamlet.<\/strong> Starring Marlis Petersen, Jennifer Larmore, Simon Keenlyside, and James Morris, conducted by Louis Langr\u00e9e. Production by Patrice Caurier &amp; Moshe Leiser. From March 27, 2010. | <a href=\"https:\/\/www.metopera.org\/season\/on-demand\/opera\/?upc=811357013625\" target=\"_blank\" rel=\"noopener\">Details<\/a><\/p>\n<h3><strong><span style=\"color: #ff0000\">Thursday 6<\/span><\/strong><\/h3>\n<p><strong>Met Opera | Bellini\u2019s Norma<\/strong>. Starring Sondra Radvanovsky, Joyce DiDonato, Joseph Calleja, and Matthew Rose, conducted by Carlo Rizzi. Production by Sir David McVicar. From October 7, 2017. | <a href=\"https:\/\/www.metopera.org\/season\/on-demand\/opera\/?upc=811357019306\" target=\"_blank\" rel=\"noopener\">Details<\/a><\/p>\n<p><strong>Wiener Staatsoper | Verdi\u2019s Nabucco<\/strong> \u2014\u00a01 p.m. ET. Marco Armiliato conducts, with Pl\u00e1cido Domingo, Freddie De Tommaso, Riccardo Zanellato, and Anna Pirozzi. Is Domingo a true baritone? You can decide for yourself, with him singing the title role here. | <a href=\"https:\/\/play.wiener-staatsoper.at\/event\/a9dcc8df-6f5c-445c-b9c6-3ac72697057d\" target=\"_blank\" rel=\"noopener\">Details<\/a><\/p>\n<p><strong>Tapestry Opera | S.O.S. Sketch Opera Singers<\/strong> \u2014\u00a08 p.m. ET. This 30-minute sketch-comedy show returns with Episode 2, featuring Canadian artists with fresh voices, including Krisztina Szabo, Keith Klassen, Korin Thomas-Smith, Teiya Kasahara, Simone McIntosh and others. | <a href=\"https:\/\/tapestryopera.com\/performances\/sketch-opera-singers\/\" target=\"_blank\" rel=\"noopener\">Details<\/a><\/p>\n<p>Get a taste by watching Episode 1:<\/p>\n<div class=\"jetpack-video-wrapper\"><span class=\"embed-youtube\" style=\"text-align:center; display: block;\"><iframe loading=\"lazy\" class=\"youtube-player\" width=\"640\" height=\"360\" src=\"https:\/\/www.youtube.com\/embed\/kBZvRF_DzQg?version=3&#038;rel=1&#038;showsearch=0&#038;showinfo=1&#038;iv_load_policy=1&#038;fs=1&#038;hl=en-US&#038;autohide=2&#038;start=583&#038;wmode=transparent\" allowfullscreen=\"true\" style=\"border:0;\" sandbox=\"allow-scripts allow-same-origin allow-popups allow-presentation\"><\/iframe><\/span><\/div>\n<h3><strong><span style=\"color: #ff0000\">Friday 7<\/span><\/strong><\/h3>\n<p><strong>Wiener Staatsoper | Adam\u2019s Giselle<\/strong> \u2014\u00a01 p.m. ET. Valery Ovsyanikov conducts, with Nina Pol\u00e1kov\u00e1, Masayu Kimoto, Rebecca Horner, Andrey Kaydanovskiy, and Alice Firenze. Performance from Sept. 28, 2017. | <a href=\"https:\/\/play.wiener-staatsoper.at\/event\/1bb761ee-a125-4705-92f9-0cf491b10aa6\" target=\"_blank\" rel=\"noopener\">Details<\/a><\/p>\n<p><strong>Met Opera | Berg\u2019s Wozzeck<\/strong>. Starring Elza van den Heever, Tamara Mumford, Christopher Ventris, Gerhard Siegel, Andrew Staples, Peter Mattei, and Christian Van Horn, conducted by Yannick N\u00e9zet-S\u00e9guin. Production by William Kentridge. From January 11, 2020. | <a href=\"https:\/\/www.metopera.org\/season\/on-demand\/opera\/?upc=810004200937\" target=\"_blank\" rel=\"noopener\">Details<\/a><\/p>\n<h3><strong><span style=\"color: #ff0000\">Saturday 8<\/span><\/strong><\/h3>\n<p><strong>Wiener Staatsoper | Tchaikovsky\u2019s Eugene Onegin<\/strong> \u2014\u00a01 p.m. ET. Tom\u00e1\u0161 Hanus conducts the Dmitri Tcherniakov production, starring Nicole Car, Anna Goryachova, Helene Schneiderman, Larissa Diadkova, Andr\u00e8 Schuen, Bogdan Volkov, and Dimitry Ivashchenko. Performance from Oct. 31, 2020. | <a href=\"https:\/\/play.wiener-staatsoper.at\/event\/1bb761ee-a125-4705-92f9-0cf491b10aa6\" target=\"_blank\" rel=\"noopener\">Details<\/a><\/p>\n<p><strong>Met Opera | Wagnerians in Concert<\/strong> \u2014\u00a01 p.m. ET. Sopranos Christine Goerke and Elza van den Heever, tenor Andreas Schager, and baritone Michael Volle, live from the Hessisches Staatstheater in Wiesbaden, Germany, in a program of Wagner and Strauss. Craig Terry is the pianist. Ticket $20 USD. | <a href=\"https:\/\/metstarslive.brightcove-services.com\/events\/6170923977001\" target=\"_blank\" rel=\"noopener\">Details<\/a><\/p>\n<p><strong>Staatsorchester Stuttgart | Neue R\u00e4ume: Meet the Next Generation<\/strong> \u2014\u00a02 p.m. ET. Conductor G\u00e1bor K\u00e1li leads the Stuttgart forces in works by Mozart, Ives, Elgar and Stravinsky. Mozart\u2019s \u201cNotturno for Orchestras KV 286\u201d showcases students from the Academy, in collaboration with the Hochschule f\u00fcr Musik Stuttgart. To shed light on the next generation of musicians, the Orchestra also presents performances from Toronto&#8217;s Royal Conservatory of Music\/Glenn Gould School, and from New Jersey&#8217;s The Montclair Orchestra, featuring members of the Metropolitan Opera Orchestra and students from The Juilliard School. | <a href=\"https:\/\/www.facebook.com\/staatsorchesterstuttgart\" target=\"_blank\" rel=\"noopener\">Details<\/a><\/p>\n<p><strong>Met Opera | Puccini\u2019s Madama Butterfly<\/strong>. Starring Patricia Racette, Maria Zifchak, Marcello Giordani, and Dwayne Croft, conducted by Patrick Summers. Production by Anthony Minghella. From March 7, 2009. | <a href=\"https:\/\/www.metopera.org\/season\/on-demand\/opera\/?upc=811357012420\" target=\"_blank\" rel=\"noopener\">Details<\/a><\/p>\n<p><strong>University of Toronto Opera | Spotlight on Diversity<\/strong> \u2014\u00a07:30 p.m. ET. Rescheduled from March 26, this audio broadcast features U of T Opera Diversity Coach Korin Thomas-Smith curating this concert which focuses on the history and contributions of marginalized groups in classical music. | <a href=\"https:\/\/www.ludwig-van.com\/toronto\/event\/university-toronto-opera-spotlight-diversity\/\" target=\"_blank\" rel=\"noopener\">Details<\/a> (Program <a href=\"https:\/\/music.utoronto.ca\/docs\/spotlight_on_diversity_program.pdf\" target=\"_blank\" rel=\"noopener\">here<\/a>)<\/p>\n<h3><strong><span style=\"color: #ff0000\">Sunday 9<\/span><\/strong><\/h3>\n<p><strong>Wiener Staatsoper | Strauss\u2019 Der Rosenkavalier<\/strong> \u2014\u00a01 p.m. ET. Philippe Jordan conducts the gorgeously traditional Otto Schenk production with Martina Serafin, Daniela Sindram, G\u00fcnther Groissb\u00f6ck, Erin Morley, Jochen Schmeckenbecher, and Piotr Becza\u0142a. Performance from Dec. 18, 2020. | <a href=\"https:\/\/play.wiener-staatsoper.at\/event\/4766916e-ac65-4209-b2c3-88e2de761393\" target=\"_blank\" rel=\"noopener\">Details<\/a><\/p>\n<p><strong>Met Opera | Handel\u2019s Agrippina<\/strong>. Starring Brenda Rae, Joyce DiDonato, Kate Lindsey, Iestyn Davies, Duncan Rock, and Matthew Rose, conducted by Harry Bicket. Marvellous \u201cconcept\u201d production by Sir David McVicar. From February 29, 2020. | <a href=\"https:\/\/www.metopera.org\/season\/on-demand\/opera\/?upc=810004200951\" target=\"_blank\" rel=\"noopener\">Details<\/a><\/p>\n<h3><strong>Video-on-demand performances:<\/strong><\/h3>\n<p>1) <strong>Wigmore Hall | Eric Lu<\/strong>. Livestreamed on April 26 and now on demand, pianist Eric Lu, the 2018 Leeds First Prize winner, plays a program of Mozart, Schubert, and Chopin.<\/p>\n<div class=\"jetpack-video-wrapper\"><span class=\"embed-youtube\" style=\"text-align:center; display: block;\"><iframe loading=\"lazy\" class=\"youtube-player\" width=\"640\" height=\"360\" src=\"https:\/\/www.youtube.com\/embed\/PqbY7AKiwmE?version=3&#038;rel=1&#038;showsearch=0&#038;showinfo=1&#038;iv_load_policy=1&#038;fs=1&#038;hl=en-US&#038;autohide=2&#038;wmode=transparent\" allowfullscreen=\"true\" style=\"border:0;\" sandbox=\"allow-scripts allow-same-origin allow-popups allow-presentation\"><\/iframe><\/span><\/div>\n<p>2) <strong>Living the Classical Life | Martina Arroyo<\/strong>. The great African American soprano chats with Zsolt Bogn\u00e1r about her long and illustrious career. COC fans will remember her unforgettable appearances as Amelia (Ballo in Maschera), Turandot, and Tosca, all in the early to mid \u201880s. She\u2019s a remarkably youthful 84, with a miraculously unchanged speaking voice.<\/p>\n<div class=\"jetpack-video-wrapper\"><span class=\"embed-youtube\" style=\"text-align:center; display: block;\"><iframe loading=\"lazy\" class=\"youtube-player\" width=\"640\" height=\"360\" src=\"https:\/\/www.youtube.com\/embed\/Ms_KzMuiIeE?version=3&#038;rel=1&#038;showsearch=0&#038;showinfo=1&#038;iv_load_policy=1&#038;fs=1&#038;hl=en-US&#038;autohide=2&#038;start=382&#038;wmode=transparent\" allowfullscreen=\"true\" style=\"border:0;\" sandbox=\"allow-scripts allow-same-origin allow-popups allow-presentation\"><\/iframe><\/span><\/div>\n<p>3) <strong>Carnegie Hall | Voices of Hope: Boston Symphony Orchestra<\/strong>. This just concluded series (April 16 \u2013 30) celebrates \u201cthe life-affirming power of music and the arts during times of crisis\u2026(it) examines the resilience of artists and explores the works they felt compelled to create despite, and often because of, appalling circumstances and human tragedy.\u201d<\/p>\n<div class=\"jetpack-video-wrapper\"><span class=\"embed-youtube\" style=\"text-align:center; display: block;\"><iframe loading=\"lazy\" class=\"youtube-player\" width=\"640\" height=\"360\" src=\"https:\/\/www.youtube.com\/embed\/lGih6Wr5PV8?version=3&#038;rel=1&#038;showsearch=0&#038;showinfo=1&#038;iv_load_policy=1&#038;fs=1&#038;hl=en-US&#038;autohide=2&#038;wmode=transparent&#038;listType=playlist&#038;list=PL6on-dqI0230M7-rZfruqLwICTUoxWNU5\" allowfullscreen=\"true\" style=\"border:0;\" sandbox=\"allow-scripts allow-same-origin allow-popups allow-presentation\"><\/iframe><\/span><\/div>\n<p>4) <strong>Screaming Divas with Sondra and Keri | Michael Heaston.<\/strong> Sondra Radvanovsky and Keri Alkema speak with Michael Heaston, the newly appointed artistic administrator of the Metropolitan Opera.<\/p>\n<div class=\"jetpack-video-wrapper\"><span class=\"embed-youtube\" style=\"text-align:center; display: block;\"><iframe loading=\"lazy\" class=\"youtube-player\" width=\"640\" height=\"360\" src=\"https:\/\/www.youtube.com\/embed\/HISKI5zZKA8?version=3&#038;rel=1&#038;showsearch=0&#038;showinfo=1&#038;iv_load_policy=1&#038;fs=1&#038;hl=en-US&#038;autohide=2&#038;start=175&#038;wmode=transparent\" allowfullscreen=\"true\" style=\"border:0;\" sandbox=\"allow-scripts allow-same-origin allow-popups allow-presentation\"><\/iframe><\/span><\/div>\n<p>5) <strong>Teatro La Fenice | Verdi e La Fenice con Luca Salsi &amp; Michele Pertusi<\/strong>. Livestreamed on April 26, this All-Verdi concert conducted by Stefano Ranzani marked the reopening of the opera house.<\/p>\n<div class=\"jetpack-video-wrapper\"><span class=\"embed-youtube\" style=\"text-align:center; display: block;\"><iframe loading=\"lazy\" class=\"youtube-player\" width=\"640\" height=\"360\" src=\"https:\/\/www.youtube.com\/embed\/oArJYpP8nPs?version=3&#038;rel=1&#038;showsearch=0&#038;showinfo=1&#038;iv_load_policy=1&#038;fs=1&#038;hl=en-US&#038;autohide=2&#038;wmode=transparent\" allowfullscreen=\"true\" style=\"border:0;\" sandbox=\"allow-scripts allow-same-origin allow-popups allow-presentation\"><\/iframe><\/span><\/div>\n<p>6) <strong>National Ballet of Canada | Spotlight Series: New Voices<\/strong>. NBC presents three new dance films by Canadian dancemakers \u2013 Soul by Jera Wolfe, in a state of vanishing by Alysa Pires, and Trase Pa by Kevin A. Ormsby.<\/p>\n<div class=\"jetpack-video-wrapper\"><span class=\"embed-youtube\" style=\"text-align:center; display: block;\"><iframe loading=\"lazy\" class=\"youtube-player\" width=\"640\" height=\"360\" src=\"https:\/\/www.youtube.com\/embed\/So9_pPS1rzo?version=3&#038;rel=1&#038;showsearch=0&#038;showinfo=1&#038;iv_load_policy=1&#038;fs=1&#038;hl=en-US&#038;autohide=2&#038;wmode=transparent\" allowfullscreen=\"true\" style=\"border:0;\" sandbox=\"allow-scripts allow-same-origin allow-popups allow-presentation\"><\/iframe><\/span><\/div>\n<h3 class=\"western\"><em><span style=\"color: #000000\"><span style=\"font-family: Liberation Serif, serif\"><span style=\"font-size: x-large\"><b>#LUDWIGVAN<\/b><\/span><\/span><\/span><\/em><\/h3>\n<p class=\"western\"><em>Get the daily arts news straight to your inbox.<\/em><\/p>\n<h3 class=\"western\"><em>Sign up for the Ludwig van Daily\u00a0\u2014 classical music and opera in five minutes or less <\/em><a href=\"https:\/\/bowtie.mailbutler.io\/tracking\/hit\/583e6ce0-dfd0-48be-8a33-61256b3c58e3\/a01723d1-1d1d-44ee-9d0c-779ed93a798c\" target=\"_blank\" rel=\"noopener\"><em>HERE<\/em><\/a>.<\/h3>\n","protected":false},"excerpt":{"rendered":"<p>Classical music and opera events streaming on the web for the week of May 3 \u2013 9.<\/p>\n","protected":false},"author":22,"featured_media":70984,"comment_status":"open","ping_status":"open","sticky":false,"template":"","format":"standard","meta":{"om_disable_all_campaigns":false,"jetpack_post_was_ever_published":false},"categories":[38476,445,76,19,35839,3895,20,43],"tags":[24944,37639,39659,39658,2346,4699,9505],"yst_prominent_words":[8962,6715,28125,13254,13725,34944,27956,6886,10287,8214,39495,7886,32258,35757],"acf":[],"jetpack_featured_media_url":"https:\/\/www.ludwig-van.com\/toronto\/wp-content\/uploads\/sites\/2\/2021\/05\/CP-_May_3.jpg","jetpack_sharing_enabled":true,"jetpack_shortlink":"https:\/\/wp.me\/p9bakr-isT","amp_enabled":true,"_links":{"self":[{"href":"https:\/\/www.ludwig-van.com\/toronto\/wp-json\/wp\/v2\/posts\/70983"}],"collection":[{"href":"https:\/\/www.ludwig-van.com\/toronto\/wp-json\/wp\/v2\/posts"}],"about":[{"href":"https:\/\/www.ludwig-van.com\/toronto\/wp-json\/wp\/v2\/types\/post"}],"author":[{"embeddable":true,"href":"https:\/\/www.ludwig-van.com\/toronto\/wp-json\/wp\/v2\/users\/22"}],"replies":[{"embeddable":true,"href":"https:\/\/www.ludwig-van.com\/toronto\/wp-json\/wp\/v2\/comments?post=70983"}],"version-history":[{"count":1,"href":"https:\/\/www.ludwig-van.com\/toronto\/wp-json\/wp\/v2\/posts\/70983\/revisions"}],"predecessor-version":[{"id":70985,"href":"https:\/\/www.ludwig-van.com\/toronto\/wp-json\/wp\/v2\/posts\/70983\/revisions\/70985"}],"wp:featuredmedia":[{"embeddable":true,"href":"https:\/\/www.ludwig-van.com\/toronto\/wp-json\/wp\/v2\/media\/70984"}],"wp:attachment":[{"href":"https:\/\/www.ludwig-van.com\/toronto\/wp-json\/wp\/v2\/media?parent=70983"}],"wp:term":[{"taxonomy":"category","embeddable":true,"href":"https:\/\/www.ludwig-van.com\/toronto\/wp-json\/wp\/v2\/categories?post=70983"},{"taxonomy":"post_tag","embeddable":true,"href":"https:\/\/www.ludwig-van.com\/toronto\/wp-json\/wp\/v2\/tags?post=70983"},{"taxonomy":"yst_prominent_words","embeddable":true,"href":"https:\/\/www.ludwig-van.com\/toronto\/wp-json\/wp\/v2\/yst_prominent_words?post=70983"}],"curies":[{"name":"wp","href":"https:\/\/api.w.org\/{rel}","templated":true}]}}