{"id":70919,"date":"2021-04-26T10:45:06","date_gmt":"2021-04-26T14:45:06","guid":{"rendered":"https:\/\/www.ludwig-van.com\/toronto\/?p=70919"},"modified":"2021-04-27T10:57:32","modified_gmt":"2021-04-27T14:57:32","slug":"critics-picks-classical-opera-streams-absolutely-need-see-week-april-26-may-2","status":"publish","type":"post","link":"https:\/\/www.ludwig-van.com\/toronto\/2021\/04\/26\/critics-picks-classical-opera-streams-absolutely-need-see-week-april-26-may-2\/","title":{"rendered":"CRITIC&#8217;S PICKS | Classical And Opera Streams You Absolutely Need To See This Week: April 26 \u2013 May 2"},"content":{"rendered":"<figure id=\"attachment_70920\" aria-describedby=\"caption-attachment-70920\" style=\"width: 1200px\" class=\"wp-caption aligncenter\"><img decoding=\"async\" loading=\"lazy\" class=\"size-full wp-image-70920\" src=\"https:\/\/www.ludwig-van.com\/toronto\/wp-content\/uploads\/sites\/2\/2021\/04\/CP-April_26.jpeg.jpg\" alt=\"Classical music and opera events streaming on the web for the week of April 26 to May 2.\" width=\"1200\" height=\"628\" \/><figcaption id=\"caption-attachment-70920\" class=\"wp-caption-text\">Classical music and opera events streaming on the web for the week of April 26 to May 2.<\/figcaption><\/figure>\n<h3><strong>Critic\u2019s Picks (April 26 \u2013 May 2)<\/strong><\/h3>\n<p><em>\u201cWe live in an extraordinary Age\u201d \u2014 Carl Sagan<\/em>. COVID-19 continues to decimate our musical life, now with the dreaded Third Wave made more lethal by new variants. Nearly all European venues are closed, but some venues are set to reopen. Maggio Musicale has just announced plans to reopen. Opernahus Zurich will reopen on May 1 for a ballet performance with a limited audience of 50 people. Austria\u2019s Salzburg Easter Festival is postponed to November 1, with a revised program to be announced in May. Wiener Staatsoper will reopen on May 19 to a live audience, with COVID precautions. The Bolshoi is forging ahead with <em>Tosca<\/em> from April 21 to June 13. The Teatro dell\u2019Opera di Roma has announced that it will reopen with a concert dedicated to Verdi on April 28, conducted by Michele Mariotti. Teatro La Fenice has confirmed that it will reopen on April 26 with a Verdi concert.<\/p>\n<p>The Prague Summer Nights Young Artists Music Festival is going ahead for an in-person festival (July 5-Aug 2). The Polish National Opera has cancelled all performances in April and May. La Scala and the Royal Swedish Opera were hit by a COVID outbreak, as well as L\u2019Orchestre de la Suisse Romande during rehearsals of <em>Parsifal<\/em> at the Grand Th\u00e9\u00e2tre de Gen\u00e8ve. Theater Bonn has cancelled the rest of the current season. In Spain, the Palau de Les Arts Reina Sof\u00eda in Valencia has rescheduled Daniele Gatti\u2019s <em>Verdi Requiem<\/em> to July 1 and the upcoming <em>Tristan und Isolde<\/em> will be replaced by<em> Falstaff<\/em>, due to the large orchestra and chorus requirements for Wagner.<\/p>\n<p>It was reported that the Teatro Real de Madrid has delayed the opening of <em>Peter Grimes<\/em> from April 8 to 19, due to COVID travel restrictions of the British artists. Now the news came out that 20 members of the production team having caught COVID during rehearsals. Op\u00e9ra National de Paris cancelled all performances to May 2. It streamed <em>Faust<\/em> from the Op\u00e9ra Bastille on March 26, accessible on France 5, made available on Culturebox for six months. Toulouse\u2019s Th\u00e9\u00e2tre du Capitole remains closed, cancelling the scheduled <em>Pell\u00e9as et M\u00e9lisande<\/em>. The Theater an der Wien, Vienna\u2019s third opera house, is closed \u201cuntil further notice.\u201d<\/p>\n<p>San Francisco Opera has just started live performances, of the Adlers Live at the Marin Center, a Drive-In! These are young artists performing live (April 29, May 6, 13). LA Opera is launching a Signature Recital Series online, to showcase singers the likes of Russell Thomas, J\u2019Nai Bridges, Christine Goerke, Julia Bullock, and Susan Graham, in venues across the country and in Europe, available on-demand. Houston Grand Opera presents <em>My Favorite Things: Songs from The Sound of Music<\/em> on May 8, a singalong\/fundraiser featuring members of the cast from the full production. Looking further into the future, two orchestras have announced its summer plans: LA Philharmonic reopens the Hollywood Bowl in July, the Cleveland Orchestra returns to the Blossom Festival on July 11, and the Glyndebourne Festival announced its program of four operas and a concert series (May 20 \u2013 August 29).<\/p>\n<p>Now in its 58th week, the Met\u2019s nightly free streaming continues with operas under the theme of \u201cCity of Light,\u201d nickname for Paris, where all these opera stories take place. All Met streams start at 7:30 p.m. ET and remain available for 23 hours. The Met has also announced two new Met Stars Live in Concert: <em>Wagnerians in Concert<\/em> (Christine Goerke, Elza van den Heever, Andreas Schager, and Michael Volle) on May 8, and <em>The Three Divas<\/em> (Ailyn Perez, Nadine Sierra, and Isabel Leonard) on May 22. Tickets to these virtual concerts are $20 USD. Speaking of the Met, a very interesting piece of news is the invitation by Fabio Luisi, Music Director of the Dallas Symphony Orchestra, to the members of the Met Orchestra to play a joint concert on April 30 and May 1, to benefit the Met Orchestra Musicians Fund and the DFW Musicians COVID-19 Relief Fund. Luisi was at one time the chief conductor of the Met.<\/p>\n<h3><strong><span style=\"color: #ff0000;\">Monday 26<\/span><\/strong><\/h3>\n<p><strong>Concours musical international de Montr\u00e9al | 19th Edition (Piano)<\/strong> \u2014\u00a010 a.m. ET (Daily April 26 to 30). Beginning today and continuing until Friday, 26 candidates from 11 countries will compete in the semi-finals and streamed online for free. Read our guide on the semi-finals <a href=\"https:\/\/www.ludwig-van.com\/toronto\/2021\/04\/23\/scoop-concours-musical-international-de-montreal-need-know-semi-final\/\" target=\"_blank\" rel=\"noopener\">here<\/a>. | <a href=\"https:\/\/www.concoursmontreal.ca\/en\/\" target=\"_blank\" rel=\"noopener\">Details<\/a><\/p>\n<p><strong>Wiener Staatsoper | Bizet\u2019s Carmen<\/strong> \u2014\u00a01 p.m. ET. Performance of February 21, 2021. Andr\u00e9s Orozco-Estrada conducts the Calixto Bieito production with Anita Rachvelishvili, Piotr Becza\u0142a, Erwin Schrott, Vera-Lotte Boecker. | <a href=\"https:\/\/play.wiener-staatsoper.at\/event\/b78bbf0e-f936-4a58-9b00-2aa16f8c8217\" target=\"_blank\" rel=\"noopener\">Details<\/a><\/p>\n<p><strong>Met Opera | Puccini\u2019s La Boh\u00e8me<\/strong> \u2014\u00a07:30 p.m. ET. Starring Sonya Yoncheva, Susanna Phillips, Michael Fabiano, Lucas Meachem, and Matthew Rose, conducted by Marco Armiliato. Production by Franco Zeffirelli. From February 24, 2018. | <a href=\"https:\/\/www.metopera.org\/season\/on-demand\/opera\/?upc=811357019351\" target=\"_blank\" rel=\"noopener\">Details<\/a><\/p>\n<h3><strong><span style=\"color: #ff0000;\">Tuesday 27<\/span><\/strong><\/h3>\n<p><strong>Met Opera | Leh\u00e1r\u2019s The Merry Widow<\/strong> \u2014\u00a07:30 p.m. ET. Starring Ren\u00e9e Fleming, Kelli O\u2019Hara, Nathan Gunn, Alek Shrader, and Sir Thomas Allen, conducted by Sir Andrew Davis. Production by Susan Stroman. From January 17, 2015. | <a href=\"https:\/\/www.metopera.org\/season\/on-demand\/opera\/?upc=811357017746\" target=\"_blank\" rel=\"noopener\">Details<\/a><\/p>\n<h3><strong><span style=\"color: #ff0000;\">Wednesday 28<\/span><\/strong><\/h3>\n<p><strong>Met Opera | Giordano\u2019s Andrea Ch\u00e9nier<\/strong> \u2014\u00a07:30 p.m. ET. Starring Maria Guleghina, Wendy White, Stephanie Blythe, Luciano Pavarotti, and Juan Pons, conducted by James Levine. Production by Nicolas Jo\u00ebl. From October 15, 1996. | <a href=\"https:\/\/www.metopera.org\/season\/on-demand\/opera\/?upc=811357013267\" target=\"_blank\" rel=\"noopener\">Details<\/a><\/p>\n<p><strong>Toronto Wagner Society | An Evening with Paul Frey<\/strong> \u2014\u00a07:30 p.m. ET. Dedicated Wagner fans will remember retired Canadian tenor Paul Frey, who enjoyed a brilliant career in Wagner and Strauss. He chats with Dr. Frances Henry of the Toronto Wagner Society. Open to TWS members. Interested non-members can join the Zoom talk by emailing a request <a href=\"http:\/\/info@torontowagnersociety.ca\" target=\"_blank\" rel=\"noopener\">here<\/a>.<\/p>\n<h3><strong><span style=\"color: #ff0000;\">Thursday 29<\/span><\/strong><\/h3>\n<p><strong>Royal Conservatory of Music\/Glenn Gould School | Britten\u2019s The Rape of Lucretia<\/strong> \u2014\u00a03 p.m. ET. Benjamin Britten\u2019s opera in a concert performance taped in Koerner Hall. River Guard (Male Chorus), Lynn Isnar (Female Chorus), Korin Thomas-Smith (Collatinus), Jordan De Sousa (Tarquinius), Noah Grove (Junius), Chelsea Pringle-Duchemin (Lucretia), Ariana Maubach (Bianca), and Thera Barclay (Lucia). Rachael Kerr is the pianist. | <a href=\"https:\/\/www.ludwig-van.com\/toronto\/event\/royal-conservatory-glenn-gould-school-rape-lucretia\/\" target=\"_blank\" rel=\"noopener\">Details<\/a><\/p>\n<p><strong>Met Opera | Massenet\u2019s Manon<\/strong> \u2014\u00a07:30 p.m. ET. Starring Lisette Oropesa, Michael Fabiano, Artur Ruci\u0144ski, and Kwangchul Youn, conducted by Maurizio Benini. Production by Laurent Pelly. From October 26, 2019. | <a href=\"https:\/\/www.metopera.org\/season\/on-demand\/opera\/?upc=810004200906\" target=\"_blank\" rel=\"noopener\">Details<\/a><\/p>\n<p><strong>Tafelmusik | Caf\u00e9 Counterculture<\/strong> \u2014 8 p.m. ET. First performed in 2019 and now a filmed concert, this show features Baroque pieces alongside folk favourites by Buffy Sainte-Marie, Joni Mitchell, Simon and Garfunkel, and Neil Young that harken back to the Yorkville hippie days of the 1960s. Ticket $10 and available for viewing online for four days. Elisa Citterio (violin), Marco Cera (oboe), Dominic Teresi (bassoon), Charlotte Nediger (harpsichord), Samaras (vocals), Andrew Downing (double bass\/arranger). | <a href=\"https:\/\/www.ludwig-van.com\/toronto\/event\/tafelmusik-spring-social-cafe-counterculture\/\" target=\"_blank\" rel=\"noopener\">Details<\/a><\/p>\n<h3><strong><span style=\"color: #ff0000;\">Friday 30<\/span><\/strong><\/h3>\n<p><strong>Met Opera | Verdi\u2019s La Traviata<\/strong> \u2014\u00a07:30 p.m. ET. Starring Ileana Cotrubas, Pl\u00e1cido Domingo, and Cornell MacNeil, conducted by James Levine. Production by Colin Graham. From March 28, 1981. | <a href=\"https:\/\/www.metopera.org\/season\/on-demand\/opera\/?upc=811357017531\" target=\"_blank\" rel=\"noopener\">Details<\/a><\/p>\n<h3><strong><span style=\"color: #ff0000;\">Saturday 1<\/span><\/strong><\/h3>\n<p><strong>Met Opera | Cilea\u2019s Adriana Lecouvreur<\/strong> \u2014\u00a07:30 p.m. ET. Starring Anna Netrebko, Anita Rachvelishvili, Piotr Becza\u0142a, and Ambrogio Maestri, conducted by Gianandrea Noseda. Production by Sir David McVicar. From January 12, 2019. | <a href=\"https:\/\/www.metopera.org\/season\/on-demand\/opera\/?upc=811357017531\" target=\"_blank\" rel=\"noopener\">Details<\/a><\/p>\n<h3><strong><span style=\"color: #ff0000;\">Sunday 2<\/span><\/strong><\/h3>\n<p><strong>Met Opera | Puccini\u2019s La Rondine<\/strong> \u2014\u00a07:30 p.m. ET. Starring Angela Gheorghiu, Lisette Oropesa, Roberto Alagna, Marius Brenciu, and Samuel Ramey, conducted by Marco Armiliato. Production by Nicolas Jo\u00ebl. From January 10, 2009. | <a href=\"https:\/\/www.metopera.org\/season\/on-demand\/opera\/?upc=811357012307\" target=\"_blank\" rel=\"noopener\">Details<\/a><\/p>\n<h3><strong>Video-on-demand performances:<\/strong><\/h3>\n<p>1)<strong> Screaming Divas with Sondra and Keri | Tamara Wilson<\/strong>. Sondra Radvanovsky and Keri Alkema go to Houston, virtually of course, to chat with American soprano Tamara Wilson. Canadian opera fans will remember Wilson, a frequent COC guest artist. Her last appearance here was as Desdemona in Otello.<\/p>\n<div class=\"jetpack-video-wrapper\"><span class=\"embed-youtube\" style=\"text-align:center; display: block;\"><iframe loading=\"lazy\" class=\"youtube-player\" width=\"640\" height=\"360\" src=\"https:\/\/www.youtube.com\/embed\/OB72Tr39QR8?version=3&#038;rel=1&#038;showsearch=0&#038;showinfo=1&#038;iv_load_policy=1&#038;fs=1&#038;hl=en-US&#038;autohide=2&#038;wmode=transparent\" allowfullscreen=\"true\" style=\"border:0;\" sandbox=\"allow-scripts allow-same-origin allow-popups allow-presentation\"><\/iframe><\/span><\/div>\n<p>2) <strong>Royal Conservatory of Music | Music of my Life: A Conversation with Daniel Barenboim<\/strong>. \u201cMusic of My Life\u201d is a new online series from RCM where stars of the stage and screen discuss music that inspires them. Mervon Mehta chats with celebrated pianist and conductor Daniel Barenboim. | <a href=\"https:\/\/www.rcmusic.com\/support-us\/music-of-my-life\" target=\"_blank\" rel=\"noopener\">Details<\/a> (RSVP <a href=\"https:\/\/www.rcmusic.com\/web-forms\/music-of-my-life-rsvp\" target=\"_blank\" rel=\"noopener\">here<\/a>)<\/p>\n<p>3)<strong> University of Toronto Opera School | Operas in Miniature<\/strong>. These short operatic works featuring students in the U of T Opera Program, with piano accompaniment. Each opera is available free on demand for one week after original livestream: Le portrait de Manon (Massenet); Il segreto di Susanna (Wolf-Ferrari) &amp; Der Schauspieldirektor (Mozart); La trag\u00e9die de Carmen (Bizet); The Bear (Walton) &amp; Bon App\u00e9tit! (Hoiby). Watch <a href=\"https:\/\/www.youtube.com\/channel\/UC_ZRh1ilouI6gnXUJ8WJ9Ag\" target=\"_blank\" rel=\"noopener\">here<\/a>.<\/p>\n<p>4) <strong>Tafelmusik | Mozart Requiem Music Video<\/strong>. Only three minutes long, Tafelmusik collaborates with artist Alex McLeod to create this music video featuring a 3D sculpture which moves, grows, and changes, set to the music of the Mozart Requiem.<\/p>\n<div class=\"jetpack-video-wrapper\"><span class=\"embed-youtube\" style=\"text-align:center; display: block;\"><iframe loading=\"lazy\" class=\"youtube-player\" width=\"640\" height=\"360\" src=\"https:\/\/www.youtube.com\/embed\/tfQsdkN64UQ?version=3&#038;rel=1&#038;showsearch=0&#038;showinfo=1&#038;iv_load_policy=1&#038;fs=1&#038;hl=en-US&#038;autohide=2&#038;wmode=transparent\" allowfullscreen=\"true\" style=\"border:0;\" sandbox=\"allow-scripts allow-same-origin allow-popups allow-presentation\"><\/iframe><\/span><\/div>\n<p>5) <strong>Fred Plotkin on Fridays | Joseph Calleja<\/strong>. To end this week\u2019s Critic\u2019s Picks, I have chosen this most interesting episode of \u201cFred Plotkin on Fridays\u201d livestreamed on April 23 and now on demand. Maltese tenor Joseph Calleja is Plotkin\u2019s guest. COC audiences had the great good fortune of catching Calleja at the beginning of his career, as Rodolfo in La Boheme, way back in 2000 when he was only 22. He has since become a huge international star.<\/p>\n<div class=\"jetpack-video-wrapper\"><span class=\"embed-youtube\" style=\"text-align:center; display: block;\"><iframe loading=\"lazy\" class=\"youtube-player\" width=\"640\" height=\"360\" src=\"https:\/\/www.youtube.com\/embed\/ah1YaLvG-lo?version=3&#038;rel=1&#038;showsearch=0&#038;showinfo=1&#038;iv_load_policy=1&#038;fs=1&#038;hl=en-US&#038;autohide=2&#038;wmode=transparent\" allowfullscreen=\"true\" style=\"border:0;\" sandbox=\"allow-scripts allow-same-origin allow-popups allow-presentation\"><\/iframe><\/span><\/div>\n<h3 class=\"western\"><em>#LUDWIGVAN<\/em><\/h3>\n<p class=\"western\"><em>Get the daily arts news straight to your inbox.<\/em><\/p>\n<h3 class=\"western\"><em>Sign up for the Ludwig van Daily\u00a0\u2014 classical music and opera in five minutes or less <\/em><a href=\"https:\/\/bowtie.mailbutler.io\/tracking\/hit\/583e6ce0-dfd0-48be-8a33-61256b3c58e3\/a01723d1-1d1d-44ee-9d0c-779ed93a798c\" target=\"_blank\" rel=\"noopener\"><span style=\"color: #ff0000;\"><i>HERE<\/i><\/span><\/a><em>.<\/em><\/h3>\n","protected":false},"excerpt":{"rendered":"<p>Classical music and opera events streaming on the web for the week of April 26 to May 2.<\/p>\n","protected":false},"author":22,"featured_media":70920,"comment_status":"open","ping_status":"open","sticky":false,"template":"","format":"standard","meta":{"om_disable_all_campaigns":false,"jetpack_post_was_ever_published":false},"categories":[38476,74,76,19,35839,3895,9567,63],"tags":[4839,944,2886,3224],"yst_prominent_words":[26113,7173,8853,34939,28125,36987,35760,10617,13254,11977,13725,34944,6616,27956,6886,10287,8214,31121],"acf":[],"jetpack_featured_media_url":"https:\/\/www.ludwig-van.com\/toronto\/wp-content\/uploads\/sites\/2\/2021\/04\/CP-April_26.jpeg.jpg","jetpack_sharing_enabled":true,"jetpack_shortlink":"https:\/\/wp.me\/p9bakr-irR","amp_enabled":true,"_links":{"self":[{"href":"https:\/\/www.ludwig-van.com\/toronto\/wp-json\/wp\/v2\/posts\/70919"}],"collection":[{"href":"https:\/\/www.ludwig-van.com\/toronto\/wp-json\/wp\/v2\/posts"}],"about":[{"href":"https:\/\/www.ludwig-van.com\/toronto\/wp-json\/wp\/v2\/types\/post"}],"author":[{"embeddable":true,"href":"https:\/\/www.ludwig-van.com\/toronto\/wp-json\/wp\/v2\/users\/22"}],"replies":[{"embeddable":true,"href":"https:\/\/www.ludwig-van.com\/toronto\/wp-json\/wp\/v2\/comments?post=70919"}],"version-history":[{"count":8,"href":"https:\/\/www.ludwig-van.com\/toronto\/wp-json\/wp\/v2\/posts\/70919\/revisions"}],"predecessor-version":[{"id":70931,"href":"https:\/\/www.ludwig-van.com\/toronto\/wp-json\/wp\/v2\/posts\/70919\/revisions\/70931"}],"wp:featuredmedia":[{"embeddable":true,"href":"https:\/\/www.ludwig-van.com\/toronto\/wp-json\/wp\/v2\/media\/70920"}],"wp:attachment":[{"href":"https:\/\/www.ludwig-van.com\/toronto\/wp-json\/wp\/v2\/media?parent=70919"}],"wp:term":[{"taxonomy":"category","embeddable":true,"href":"https:\/\/www.ludwig-van.com\/toronto\/wp-json\/wp\/v2\/categories?post=70919"},{"taxonomy":"post_tag","embeddable":true,"href":"https:\/\/www.ludwig-van.com\/toronto\/wp-json\/wp\/v2\/tags?post=70919"},{"taxonomy":"yst_prominent_words","embeddable":true,"href":"https:\/\/www.ludwig-van.com\/toronto\/wp-json\/wp\/v2\/yst_prominent_words?post=70919"}],"curies":[{"name":"wp","href":"https:\/\/api.w.org\/{rel}","templated":true}]}}