{"id":70750,"date":"2021-04-01T12:37:17","date_gmt":"2021-04-01T16:37:17","guid":{"rendered":"https:\/\/www.ludwig-van.com\/toronto\/?p=70750"},"modified":"2021-04-08T15:34:19","modified_gmt":"2021-04-08T19:34:19","slug":"feature-cant-im-ready-two-award-winners-paths-winning-canadas-largest-composition-prize","status":"publish","type":"post","link":"https:\/\/www.ludwig-van.com\/toronto\/2021\/04\/01\/feature-cant-im-ready-two-award-winners-paths-winning-canadas-largest-composition-prize\/","title":{"rendered":"FEATURE | From I Can\u2019t To I\u2019m Ready! \u2014 Two Award-Winners\u2019 Paths To Winning Canada\u2019s Largest Composition Prize"},"content":{"rendered":"<p><span style=\"color: #808080;\"><strong>We caught up with Azrieli Music Prize laureates Keiko Devaux and Kelly-Marie Murphy to discuss their experiences in the classical music world, and why they almost didn\u2019t apply.<\/strong><\/span><\/p>\n<figure id=\"attachment_70753\" aria-describedby=\"caption-attachment-70753\" style=\"width: 1200px\" class=\"wp-caption aligncenter\"><img decoding=\"async\" loading=\"lazy\" class=\"size-full wp-image-70753\" src=\"https:\/\/www.ludwig-van.com\/toronto\/wp-content\/uploads\/sites\/2\/2021\/04\/Keiko-Devaux-in-rehearsal.jpg\" alt=\"Keiko Devaux at the 2020 AMP Gala Rehearsal (Photo: Alain Beauchesne)\" width=\"1200\" height=\"628\" \/><figcaption id=\"caption-attachment-70753\" class=\"wp-caption-text\">Keiko Devaux at the 2020 AMP Gala Rehearsal (Photo: Alain Beauchesne)<\/figcaption><\/figure>\n<p><strong>In Partnership with <span style=\"color: #ff0000;\"><a style=\"color: #ff0000;\" href=\"https:\/\/azrielifoundation.org\/\" target=\"_blank\" rel=\"noopener\">The Azrieli Foundation<\/a><\/span>.<\/strong><\/p>\n<p>With a substantial cash prize \u2014 the highest for any Canadian composition \u2014 and an open submission process, the <a href=\"https:\/\/azrielifoundation.org\/our-priorities\/music-arts\/amp\/\" target=\"_blank\" rel=\"noopener\">Azrieli Music Prize<\/a> competition draws from a deep well of applicants. Still, in 2020, only about 11% of all the applicants were female, and in the Jewish Commission category, that drops to only 6%.<\/p>\n<p>A look at two prior winners \u2014 <a href=\"https:\/\/keikodevaux.com\/\" target=\"_blank\" rel=\"noopener\">Keiko Devaux<\/a>, who won the inaugural Azrieli Commission for Canadian Music in 2020, and Kelly-Marie Murphy, who was awarded the 2018 Azrieli Commission for Jewish Music \u2014 offers insights and inspiration.<\/p>\n<p>In awarding Keiko the Canadian Commission, the Jury wrote that her music was \u201cinteresting, authentic, and in a whole different category. Her compositions are mysterious, compelling and beautiful. Her proposal exhibits a clever and original inquiry into what it means to be Canadian that is both honest and, in a way, hard-hitting.\u201d<\/p>\n<p>She is currently a Carrefour composer-in-residence at the National Arts Centre until 2022, and completing her Ph.D. at l\u2019Universit\u00e9 de Montr\u00e9al. Her exposure to music began early. \u201cI played piano from the age of five,\u201d she says.<\/p>\n<p>Even at age five, when she began playing, she\u2019d find herself improvising. \u201cI was attracted to the creative end of the process.\u201d Still, the road to the role of a classical composer was by no means direct. Her first impetus in music was interpretation, and as a performer, she played pop and jazz. \u201cI found myself attracted to the collective writing process,\u201d she says.<\/p>\n<p>Being a woman undeniably colours the experience of working in music. \u201cI think it can be an obstacle, and it can be a driving force,\u201d Devaux says. \u201cThere are definitely countless stories where you feel othered.\u201d<\/p>\n<figure id=\"attachment_70754\" aria-describedby=\"caption-attachment-70754\" style=\"width: 1200px\" class=\"wp-caption aligncenter\"><img decoding=\"async\" loading=\"lazy\" class=\"size-full wp-image-70754\" src=\"https:\/\/www.ludwig-van.com\/toronto\/wp-content\/uploads\/sites\/2\/2021\/04\/Kelly-Marie_Murphy_2018_AMP_Gala_Rehearsal_with_Boris_Brott_Credit_Danylo_Bobyk.jpg\" alt=\"Kelly-Marie Murphy 2018 AMP Gala Rehearsal with Boris Brott (Photo: Danylo Bobyk)\" width=\"1200\" height=\"800\" \/><figcaption id=\"caption-attachment-70754\" class=\"wp-caption-text\">Kelly-Marie Murphy 2018 AMP Gala Rehearsal with Yoav Talmi (Photo: Danylo Bobyk)<\/figcaption><\/figure>\n<p>While <a href=\"https:\/\/kellymariemurphy.com\/\" target=\"_blank\" rel=\"noopener\">Kelly-Marie Murphy<\/a> studied voice and piano, composition was never in her sights as a student. \u201cI think I\u2019m a composer by accident,\u201d she says. \u201cI discovered, as I got into these things, that I didn\u2019t like being in front of an audience.\u201d<\/p>\n<p>Murphy\u2019s original intention was to study vocal jazz arrangement, which required taking a general composition program. But, with no direct role models, she still didn\u2019t quite see herself in the role. \u201cWhat we are presented with is the music of history \u2014 dead white guys,\u201d she notes.<\/p>\n<p>\u201cI wasn\u2019t identifying and seeing myself,\u201d Devaux agrees. She notes, however, the importance of new perspectives and the growing movement to recognize the forgotten women composers of history. \u201cIt\u2019s quite interesting to see that awareness.\u201d<\/p>\n<p>\u201cGrowing up when I did, wanting to be a musician or a composer, I naturally had a lot of male role models,\u201d Devaux says. \u201cAs I grew as a composer, I noticed this imbalance and actively sought out to find more diverse role models, and it has become less of an issue. I have a very different relationship with my identity as a composer now, as I now see myself more in these models.\u201d<\/p>\n<p>In her work, Devaux is still influenced by her history as a live performer and blends electroacoustic elements in her work. \u201cI think it\u2019s mostly being aware of the sonic experience,\u201d she says. \u201cI want the experience to be moving and felt. I don\u2019t want it to be so removed or exploratory that it becomes inaccessible,\u201d she says. \u201cIt\u2019s important to be honest.\u201d<\/p>\n<p>Jury member and composer Ana Sokolovi wrote about Murphy\u2019s work in her decision. \u201cKelly-Marie Murphy is one of our best-known Canadian composers. Her work is honest, direct, and of great competence, and we are confident that she will give us a \u00adwork that is worthy of the Prize.\u201d Her works have been performed by many ensembles, including the Toronto, Winnipeg, and Vancouver Symphony Orchestras. Being a composer also means making your work \u2014\u00ad and yourself in a sense \u2014 vulnerable.<\/p>\n<p>For any composer, there is outside pressure. \u201cThere\u2019s a lot of fear about being not smart enough or not complicated enough,\u201d Devaux says. \u201cI like connecting with audiences.\u201d<\/p>\n<p>\u201cIf your music was enjoyed or understood by the masses, you were doing something wrong,\u201d Murphy says. Murphy openly acknowledges her critics. \u201cThere are two things you can do about that stuff. I chose to put it out there,\u201d she says. \u201cIf you believe the reviews that tell you you\u2019re fantastic, you have to also believe those that tell you you\u2019re unoriginal,\u201d she notes. \u201cMusic in the end is a form of communication, and one that I\u2019m able to work in. I want to communicate with my public. But that that doesn\u2019t mean I\u2019m trying to dumb it down in any way.\u201d<\/p>\n<p><em>COULOIR performs Kelly-Marie Murphy&#8217;s prize-winning Double Concerto for cello and harp &#8220;En el Escuro es Todo Uno&#8221; (In the Darkness All is One) with the Czech National Symphony Orchestra in Smetana Hall, Prague, September 2019.<\/em><\/p>\n<div class=\"jetpack-video-wrapper\"><span class=\"embed-youtube\" style=\"text-align:center; display: block;\"><iframe loading=\"lazy\" class=\"youtube-player\" width=\"640\" height=\"360\" src=\"https:\/\/www.youtube.com\/embed\/StSu6YkjQL4?version=3&#038;rel=1&#038;showsearch=0&#038;showinfo=1&#038;iv_load_policy=1&#038;fs=1&#038;hl=en-US&#038;autohide=2&#038;wmode=transparent\" allowfullscreen=\"true\" style=\"border:0;\" sandbox=\"allow-scripts allow-same-origin allow-popups allow-presentation\"><\/iframe><\/span><\/div>\n<p>According to the prize guidelines, two prizes award commissions. One to a Canadian composer, another for a new work of Jewish music, and a third to &#8220;the best undiscovered work of Jewish music&#8221;. While the competition was tempting, neither composer applied the first time it came around.<\/p>\n<p>\u201cI sort of, for a long time, didn\u2019t apply to things,\u201d Keiko says. The typical arc for classical composers includes a flurry of competitions as they start out in the realm. As she points out, many awards have age limits, and as a composer who only began to establish herself in her 30s, they were already out of reach. Hitting mid-career can be a kind of plateau, and it was time to challenge herself. \u201cOr try to throw my hat in the ring of bigger prizes.\u201d<\/p>\n<p>With such a big prize and the inevitable competition, it can be easy to second guess. \u201cIn some cases, there is a kind of imposter syndrome,\u201d Devaux notes. Confidence in your work is the key. \u201cI have things to say, and I\u2019m going to say it. I\u2019m going to go ahead and just do it.\u201d<\/p>\n<p>Part of the initial hesitation came from the introspection the Azrieli Commission for Canadian Music commission demands.<\/p>\n<p>\u201cIn the beginning, I was stumped,\u201d says Devaux of the idea of creating \u2018Canadian\u2019 music. \u201cIt made me think of my history and what I am.\u201d She ended up with a very personal take on Canadian identity that incorporated her mixed Japanese\/French\/Canadian heritage. \u201cI have these contrasting cultures in my life.\u201d The piece incorporates fragments of different pieces, sounds of traditional crafts, and other elements. \u201cIt ends up being this dialogue between songs.\u201d<\/p>\n<figure id=\"attachment_70755\" aria-describedby=\"caption-attachment-70755\" style=\"width: 1200px\" class=\"wp-caption aligncenter\"><img decoding=\"async\" loading=\"lazy\" class=\"size-full wp-image-70755\" src=\"https:\/\/www.ludwig-van.com\/toronto\/wp-content\/uploads\/sites\/2\/2021\/04\/Kelly-Marie_Murphy_2018_AMP_Gala_Concert_Credit_Danylo_Bobyk.jpg\" alt=\"Kelly-Marie Murphy 2018 AMP Gala Concert with Boris Brott (Photo: Danylo Bobyk)\" width=\"1200\" height=\"800\" \/><figcaption id=\"caption-attachment-70755\" class=\"wp-caption-text\">Kelly-Marie Murphy 2018 AMP Gala Concert with Yoav Talmi (Photo: Danylo Bobyk)<\/figcaption><\/figure>\n<p>\u201cI let it go by the first year,\u201d Murphy says of the AMP competition. \u201cThe prize money is amazing,\u201d Murphy notes. \u201cI didn\u2019t feel ready.\u201d She didn\u2019t feel familiar enough with the idea of composing music that begins with the idea, \u2018What is Jewish music?\u2019 \u201cThe second time, I felt like I couldn\u2019t let it go by,\u201d she says.<\/p>\n<p>It led her to research Sephardic music, and she became entranced by the traditions, the idea and the proposal. \u201cYou\u2019re thinking \u2018my chances of winning are really slim\u2019. I remember thinking, \u2018I hope I get to write that piece.\u2019\u201d<\/p>\n<p>The challenge posed by the competition is worth it. \u201cI would say, do it,\u201d Devaux advises any composers who may be sitting on the fence. \u201cI love composing. I grew up being a team player, and I still am [but] I needed to push myself. It really pushes you to be much more assertive [&#8230;] and much more vulnerable.\u201d<\/p>\n<p>\u201cIt\u2019s an affirmation,\u201d Murphy says of her AMP win. She points out that composition doesn\u2019t garner the immediate feedback and affirmation of performance. \u201cIt\u2019s so uplifting.\u201d<\/p>\n<p>As someone who is also a music teacher, Murphy has solid advice for fledgling composers. \u201cStudy, listen to a lot of music, look up scores,\u201d she says. \u201cAsk yourself, What does your voice add to this world?\u201d<\/p>\n<div class=\"jetpack-video-wrapper\"><span class=\"embed-youtube\" style=\"text-align:center; display: block;\"><iframe loading=\"lazy\" class=\"youtube-player\" width=\"640\" height=\"360\" src=\"https:\/\/www.youtube.com\/embed\/BwomMv10phw?version=3&#038;rel=1&#038;showsearch=0&#038;showinfo=1&#038;iv_load_policy=1&#038;fs=1&#038;hl=en-US&#038;autohide=2&#038;wmode=transparent\" allowfullscreen=\"true\" style=\"border:0;\" sandbox=\"allow-scripts allow-same-origin allow-popups allow-presentation\"><\/iframe><\/span><\/div>\n<p>In addition to the cash prize and premiere, the winning works are premiered at a gala concert. \u201cIt\u2019s an incredibly beautiful experience,\u201d Devaux says, reminiscing on her experience working with le Nouvel Ensemble Moderne for the October 2020 AMP Gala Concert. The concert was livestreamed on Medici TV and has since reached over 50,000 viewers in 77 countries. For 2022, the gala will be performed by L\u2019Orchestre M\u00e9tropolitain under the baton of its Artistic Director and Principal Conductor Yannick N\u00e9zet-S\u00e9guin.<\/p>\n<p>Along with the premiere comes the promise of two more performances outside Canada, and a recording for release on Analekta. In 2019, Kelly travelled to Warsaw and Prague for the European premieres of her prize-winning work. Keiko will visit New York City and Tel Aviv before the end of 2021 with her piece. It\u2019s a substantial career boost \u2014 and one that may just create models for the next generation of budding composers.<\/p>\n<p>+++<\/p>\n<p>The <strong>2022 Azrieli Music Prizes<\/strong>\u00a0(AMP) is inviting applications through May 2, 2021 (Commission for Canadian Music and Jewish Music) and August 1, 2021 (Azrieli Prize for Jewish Music). Full details found <a href=\"https:\/\/azrielifoundation.org\/our-priorities\/music-arts\/amp\/?utm_source=LUDWIG+VAN+TORONTO+Email+Subscribers&amp;utm_campaign=90b297dd50-RSS_EMAIL_CAMPAIGN&amp;utm_medium=email&amp;utm_term=0_57cdb68eac-90b297dd50-187141157\" target=\"_blank\" rel=\"noopener\">HERE<\/a>.<\/p>\n<h3 class=\"western\"><em>#LUDWIGVAN<\/em><\/h3>\n<p class=\"western\"><em>Get the daily arts news straight to your inbox.<\/em><\/p>\n<h3 class=\"western\"><em>Sign up for the Ludwig van Daily\u00a0\u2014 classical music and opera in five minutes or less <\/em><a href=\"https:\/\/bowtie.mailbutler.io\/tracking\/hit\/583e6ce0-dfd0-48be-8a33-61256b3c58e3\/a01723d1-1d1d-44ee-9d0c-779ed93a798c\" target=\"_blank\" rel=\"noopener\"><span style=\"color: #ff0000;\"><i>HERE<\/i><\/span><\/a><em>.<\/em><\/h3>\n","protected":false},"excerpt":{"rendered":"<p>We caught up with Azrieli Music Prize laureates Keiko Devaux and Kelly-Marie Murphy to discuss their experiences in the classical music world, and why they almost didn\u2019t apply.<\/p>\n","protected":false},"author":64,"featured_media":70753,"comment_status":"open","ping_status":"open","sticky":false,"template":"","format":"standard","meta":{"om_disable_all_campaigns":false,"jetpack_post_was_ever_published":false},"categories":[38476,17,18,29,9567,13024],"tags":[27880,37300,9831,33249],"yst_prominent_words":[37863,37862,23312,37865,37864,23313,19165,6616],"acf":[],"jetpack_featured_media_url":"https:\/\/www.ludwig-van.com\/toronto\/wp-content\/uploads\/sites\/2\/2021\/04\/Keiko-Devaux-in-rehearsal.jpg","jetpack_sharing_enabled":true,"jetpack_shortlink":"https:\/\/wp.me\/p9bakr-ip8","amp_enabled":true,"_links":{"self":[{"href":"https:\/\/www.ludwig-van.com\/toronto\/wp-json\/wp\/v2\/posts\/70750"}],"collection":[{"href":"https:\/\/www.ludwig-van.com\/toronto\/wp-json\/wp\/v2\/posts"}],"about":[{"href":"https:\/\/www.ludwig-van.com\/toronto\/wp-json\/wp\/v2\/types\/post"}],"author":[{"embeddable":true,"href":"https:\/\/www.ludwig-van.com\/toronto\/wp-json\/wp\/v2\/users\/64"}],"replies":[{"embeddable":true,"href":"https:\/\/www.ludwig-van.com\/toronto\/wp-json\/wp\/v2\/comments?post=70750"}],"version-history":[{"count":6,"href":"https:\/\/www.ludwig-van.com\/toronto\/wp-json\/wp\/v2\/posts\/70750\/revisions"}],"predecessor-version":[{"id":70812,"href":"https:\/\/www.ludwig-van.com\/toronto\/wp-json\/wp\/v2\/posts\/70750\/revisions\/70812"}],"wp:featuredmedia":[{"embeddable":true,"href":"https:\/\/www.ludwig-van.com\/toronto\/wp-json\/wp\/v2\/media\/70753"}],"wp:attachment":[{"href":"https:\/\/www.ludwig-van.com\/toronto\/wp-json\/wp\/v2\/media?parent=70750"}],"wp:term":[{"taxonomy":"category","embeddable":true,"href":"https:\/\/www.ludwig-van.com\/toronto\/wp-json\/wp\/v2\/categories?post=70750"},{"taxonomy":"post_tag","embeddable":true,"href":"https:\/\/www.ludwig-van.com\/toronto\/wp-json\/wp\/v2\/tags?post=70750"},{"taxonomy":"yst_prominent_words","embeddable":true,"href":"https:\/\/www.ludwig-van.com\/toronto\/wp-json\/wp\/v2\/yst_prominent_words?post=70750"}],"curies":[{"name":"wp","href":"https:\/\/api.w.org\/{rel}","templated":true}]}}