{"id":70647,"date":"2021-03-22T10:55:35","date_gmt":"2021-03-22T14:55:35","guid":{"rendered":"https:\/\/www.ludwig-van.com\/toronto\/?p=70647"},"modified":"2021-03-22T10:55:35","modified_gmt":"2021-03-22T14:55:35","slug":"critics-picks-classical-opera-streams-absolutely-need-see-week-march-22-28","status":"publish","type":"post","link":"https:\/\/www.ludwig-van.com\/toronto\/2021\/03\/22\/critics-picks-classical-opera-streams-absolutely-need-see-week-march-22-28\/","title":{"rendered":"CRITIC&#8217;S PICKS | Classical And Opera Streams You Absolutely Need To See This Week: March 22 \u2013 28"},"content":{"rendered":"<figure id=\"attachment_70648\" aria-describedby=\"caption-attachment-70648\" style=\"width: 1200px\" class=\"wp-caption aligncenter\"><img decoding=\"async\" loading=\"lazy\" class=\"size-full wp-image-70648\" src=\"https:\/\/www.ludwig-van.com\/toronto\/wp-content\/uploads\/sites\/2\/2021\/03\/CP-_March-22.jpg\" alt=\"Classical music and opera events streaming on the web for the week of March 22 \u2013 28.\" width=\"1200\" height=\"628\" \/><figcaption id=\"caption-attachment-70648\" class=\"wp-caption-text\">Classical music and opera events streaming on the web for the week of March 22 \u2013 28.<\/figcaption><\/figure>\n<h3><strong>Critic\u2019s Picks (March 22 \u2013 28)<\/strong><\/h3>\n<p><em>\u201cWe live in an extraordinary Age\u201d \u2013 Carl Sagan.<\/em> For a second year, COVID-19 continues to decimate our musical life. With the onset of the dreaded Third Wave led by new variants, any plan to reopen has proven challenging. Virtually all European venues are closed to live audiences. France has just announced a new lockdown for Paris to last four weeks starting March 19. Italy and Germany are in full lockdown mode. Austria\u2019s Salzburg Easter Festival is postponed to coincide with All Saint\u2019s Day on November 1, with a revised program to be announced in May. Frankly, the situation is unpredictable, due to the ever-changing pandemic situation.<\/p>\n<p>At press time, the Prague Summer Nights Young Artists Music Festival is still going ahead for an in-person festival (July 5-Aug 2), despite the Czech Republic having the highest cases per million population of any country in the world. The Polish National Opera has announced a new program for March and April, opening with Prokofiev\u2019s <em>Romeo and Juliet<\/em> followed by Puccini\u2019s<em> Madama Butterfly<\/em> with Aleksandra Kurzak, followed by <em>Die Zauberfloete<\/em> (March 26, 27, 28), <em>Cardillac<\/em> (April 23, 25, 27, 29), and <em>Werther<\/em> with Piotr Beczala (April 9 and 11). Switzerland has further extended its closure beyond the originally announced March 31. Bayerische Staatsoper M\u00fcnchen cancelled a run of <em>Lucia di Lammermoor<\/em> (March 20 &amp; 26) and <em>I vespri Siciliani<\/em> (April 5, 10 &amp; 13), although it did stream the new <em>Der Rosenkavalier<\/em> on March 21.<\/p>\n<p>La Scala had an outbreak of COVID cases in the Corps de Ballet, with 35 dancers and 3 staff members tested positive. The planned recording of the Tribute to Nureyev Gala has been suspended. On the opera front, La Scala is presenting a concert on March 24 starring Francesco Meli and Maria Agresta, to be streamed on Youtube. The Palau de Les Arts Reina Sof\u00eda in Valencia, Spain has rescheduled Daniele Gatti\u2019s <em>Verdi Requiem<\/em> to July 1 and the upcoming <em>Tristan und Isolde<\/em> will be replaced by<em> Falstaff<\/em>, due to the large orchestra and chorus requirements for Wagner. Interestingly, a new study by Fraunhofer Heinrich Institute &amp; Konzerthaus Dortmund has concluded that concert halls and theatres are safe when attendance is kept to 50% of capacity and with the proper precautions. Let\u2019s hope they are right!<\/p>\n<p>The Royal Swedish Opera has extended its closure until at least March 26. If the pandemic situation allows, the opera house will reopen for the premiere of <em>Ariadne auf Naxos<\/em> on March 27. It has just announced it will stream a <em>Tosca<\/em> with Malin Bystr\u00f6m available throughout March. France has just announced a new lockdown for the next four weeks, affecting all performing arts venues. The Paris Opera will stream <em>Faust<\/em> from the Op\u00e9ra Bastille on March 26, accessible on France 5, and will then be made available on Culturebox for six months. The Op\u00e9ra Comique in Paris cancelled <em>La Belle H\u00e9l\u00e8ne<\/em> in March starring Canadian mezzo Marie\u2013Nicole Lemieux. Toulouse\u2019s Th\u00e9\u00e2tre du Capitole will remain closed, cancelling the scheduled <em>Pell\u00e9as et M\u00e9lisande.<\/em> Op\u00e9ra de Rouen Normandie has cancelled all performances in March.<\/p>\n<p>On this side of the pond, there are modest signs of a resumption. LA Opera is launching a Signature Recital Series online to showcase singers the likes of Russell Thomas, J\u2019Nai Bridges, Christine Goerke, Julia Bullock, and Susan Graham, in venues across the country and in Europe, available on-demand. Houston Grand Opera will present <em>My Favorite Things: Songs from The Sound of Music<\/em> on May 8, a singalong and fundraiser featuring members of the principal cast from the full production. The Merola Opera Program will present a virtual charity gala, scheduled on April 10. <em>Un Gala In Maschera<\/em> is a tribute to Merola\u2019s artistic director, Sheri Greenawald. San Francisco Opera is streaming its Ring Cycle throughout March.<\/p>\n<p>Now in its 54th week, the Met\u2019s nightly free streaming continues with <em>Myths and Legends<\/em>, with many great singers such as Placido Domingo, Renee Fleming, Hildegard Behrens, and Bryn Terfel. All Met streams start at 7:30 p.m. ET and remain available for 23 hours. Canadian singers this week include soprano Adrianne Pieczonka and bass John Relyea. After a delay, the Toronto Symphony Orchestra\u2019s streaming of Vivaldi\u2019s <em>Four Seasons<\/em> commences this week. Also, watch out for the monthly video blog of Perryn Leech, the incoming COC General Director.<\/p>\n<h3><span style=\"color: #ff0000\"><strong>Monday 22<\/strong><\/span><\/h3>\n<p>Met | Gluck\u2019s Orfeo ed. Euridice Starring Danielle de Niese, Heidi Grant Murphy, and Stephanie Blythe, conducted by James Levine. Production by Mark Morris. From January 24, 2009. | <span style=\"color: #ff0000\"><a style=\"color: #ff0000\" href=\"https:\/\/www.metopera.org\/season\/on-demand\/opera\/?upc=811357012390\" target=\"_blank\" rel=\"noopener\">Details<\/a><\/span><\/p>\n<h3><strong><span style=\"color: #ff0000\">Tuesday 23<\/span><\/strong><\/h3>\n<p>Met | Berlioz\u2019s La Damnation de Faust. Starring Susan Graham, Marcello Giordani, and John Relyea, conducted by James Levine. Production by Robert Lepage. From November 22, 2008. | <span style=\"color: #ff0000\"><a style=\"color: #ff0000\" href=\"https:\/\/www.metopera.org\/season\/on-demand\/opera\/?upc=811357012154\" target=\"_blank\" rel=\"noopener\">Details<\/a><\/span><\/p>\n<h3><strong><span style=\"color: #ff0000\">Wednesday 24<\/span><\/strong><\/h3>\n<p><strong>Met | Gluck\u2019s Iphig\u00e9nie en Tauride<\/strong>. Starring Susan Graham, Pl\u00e1cido Domingo, Paul Groves, and Gordon Hawkins, conducted by Patrick Summers. Production by Stephen Wadsworth. From February 26, 2011. | <span style=\"color: #ff0000\"><a style=\"color: #ff0000\" href=\"https:\/\/www.metopera.org\/season\/on-demand\/opera\/?upc=811357014110\" target=\"_blank\" rel=\"noopener\">Details<\/a><\/span><\/p>\n<h3><span style=\"color: #ff0000\"><strong>Thursday 25<\/strong><\/span><\/h3>\n<p><strong>Met | Strauss\u2019s Elektra<\/strong>. Starring Nina Stemme, Adrianne Pieczonka, Waltraud Meier, and Eric Owens, conducted by Esa-Pekka Salonen. Production by Patrice Ch\u00e9reau. From April 30, 2016. | <span style=\"color: #ff0000\"><a style=\"color: #ff0000\" href=\"https:\/\/www.metopera.org\/season\/on-demand\/opera\/?upc=811357018477\" target=\"_blank\" rel=\"noopener\">Details<\/a><\/span><\/p>\n<h3><strong><span style=\"color: #ff0000\">Friday 26<\/span><\/strong><\/h3>\n<p><strong>Met | Mozart\u2019s Idomeneo.<\/strong> Starring Hildegard Behrens, Ileana Cotrubas, Frederica von Stade, Luciano Pavarotti, and John Alexander, conducted by James Levine. Production by Jean-Pierre Ponnelle. From November 6, 1982. | <span style=\"color: #ff0000\"><a style=\"color: #ff0000\" href=\"https:\/\/www.metopera.org\/season\/on-demand\/opera\/?upc=811357011409\" target=\"_blank\" rel=\"noopener\">Details<\/a><\/span><\/p>\n<h3><span style=\"color: #ff0000\"><strong>Saturday 27<\/strong><\/span><\/h3>\n<p><strong>San Francisco Opera | Wagner\u2019s G\u00f6tterdammerung<\/strong> \u2014\u00a01 p.m. ET. SFO\u2019s March Ring Festival ends with the sublime G\u00f6tterdammerung, in the Francesca Zambello production, with a striking cast. Free stream, available until 11:59 p.m. Pacific time Sunday. Registration required. | <span style=\"color: #ff0000\"><a style=\"color: #ff0000\" href=\"https:\/\/sfopera.com\/opera-is-on\/ringfestival\/\" target=\"_blank\" rel=\"noopener\">Details<\/a><\/span><\/p>\n<p><strong>Tapestry Opera | Where Do I Go?<\/strong> \u2014\u00a08 p.m. ET. Pianist Morgan-Paige Melbourne and dancer Natasha Poon Woo intertwine contemporary dance, spoken word and masterful piano in a short film about \u201cfinding serenity in a time when hope is withering and uncertainty grows unbearable, but not all is lost.\u201d The film is followed by behind-the-scenes interviews with the creative team. | <span style=\"color: #ff0000\"><a style=\"color: #ff0000\" href=\"https:\/\/www.ludwig-van.com\/toronto\/event\/tapestry-opera-go\/\" target=\"_blank\" rel=\"noopener\">Details<\/a><\/span><\/p>\n<p><strong>Met | Mozart\u2019s Don Giovanni.<\/strong> Starring Ren\u00e9e Fleming, Solveig Kringelborn, Hei-Kyung Hong, Paul Groves, Bryn Terfel, Ferruccio Furlanetto, and Sergei Koptchak, conducted by James Levine. Production by Franco Zeffirelli. From October 14, 2000. | <span style=\"color: #ff0000\"><a style=\"color: #ff0000\" href=\"https:\/\/www.metopera.org\/season\/on-demand\/opera\/?upc=811357011232\" target=\"_blank\" rel=\"noopener\">Details<\/a><\/span><\/p>\n<h3><strong><span style=\"color: #ff0000\">Sunday 28<\/span><\/strong><\/h3>\n<p><strong>Met | Wagner\u2019s Der Fliegende Holl\u00e4nder<\/strong>. Starring Anja Kampe, Mihoko Fujimura, Sergey Skorokhodov, David Portillo, Evgeny Nikitin, and Franz-Josef Selig, conducted by Valery Gergiev. Production by Fran\u00e7ois Girard. From March 10, 2020. | <span style=\"color: #ff0000\"><a style=\"color: #ff0000\" href=\"https:\/\/www.metopera.org\/season\/on-demand\/opera\/?upc=811357011232\" target=\"_blank\" rel=\"noopener\">Details<\/a><\/span><\/p>\n<h3><strong>Video-on-demand performances:<\/strong><\/h3>\n<p>1) <strong>Screaming Divas | Sophie Joyce.<\/strong> Streamed on March 19, Sondra Radvanovsky and Keri Alkema chat with Sophie Joyce, Director of Casting at the Paris Opera, \u201cabout starting a new job during a pandemic and the challenges facing young singers today as well as what it takes to cast an opera.\u201d Joyce has Alexander Neef\u2019s old job in Paris, where he was casting director for five years before joining the COC.<\/p>\n<div class=\"jetpack-video-wrapper\"><span class=\"embed-youtube\" style=\"text-align:center; display: block;\"><iframe loading=\"lazy\" class=\"youtube-player\" width=\"640\" height=\"360\" src=\"https:\/\/www.youtube.com\/embed\/XElf1Od1L84?version=3&#038;rel=1&#038;showsearch=0&#038;showinfo=1&#038;iv_load_policy=1&#038;fs=1&#038;hl=en-US&#038;autohide=2&#038;wmode=transparent\" allowfullscreen=\"true\" style=\"border:0;\" sandbox=\"allow-scripts allow-same-origin allow-popups allow-presentation\"><\/iframe><\/span><\/div>\n<p>2) <strong>National Ballet of Canada Spotlight Series.<\/strong> The National is offering free streams of its many gems, which you can explore here. Last week the highlight was a collection of three contemporary ballets. This week, the focus is on the classics, with excerpts of Giselle and Le Corsaire, as well as the dazzling finale to Harold Lander\u2019s Etudes.<\/p>\n<div class=\"jetpack-video-wrapper\"><span class=\"embed-youtube\" style=\"text-align:center; display: block;\"><iframe loading=\"lazy\" class=\"youtube-player\" width=\"640\" height=\"360\" src=\"https:\/\/www.youtube.com\/embed\/NE9xYjNplZ8?version=3&#038;rel=1&#038;showsearch=0&#038;showinfo=1&#038;iv_load_policy=1&#038;fs=1&#038;hl=en-US&#038;autohide=2&#038;wmode=transparent\" allowfullscreen=\"true\" style=\"border:0;\" sandbox=\"allow-scripts allow-same-origin allow-popups allow-presentation\"><\/iframe><\/span><\/div>\n<p>3) <strong>Wigmore Hall | St. Patrick\u2019s Day Concert.<\/strong> Streamed March 17, it features soprano Ailish Tynan, tenor Robin Tritschler, and pianist James Baillieu. The concert celebrates the global Irish diaspora and the strong cultural and artistic bonds between Britain and Ireland, in a program of Irish poetry and folksongs.<\/p>\n<div class=\"jetpack-video-wrapper\"><span class=\"embed-youtube\" style=\"text-align:center; display: block;\"><iframe loading=\"lazy\" class=\"youtube-player\" width=\"640\" height=\"360\" src=\"https:\/\/www.youtube.com\/embed\/iDZK0y5cbDU?version=3&#038;rel=1&#038;showsearch=0&#038;showinfo=1&#038;iv_load_policy=1&#038;fs=1&#038;hl=en-US&#038;autohide=2&#038;wmode=transparent\" allowfullscreen=\"true\" style=\"border:0;\" sandbox=\"allow-scripts allow-same-origin allow-popups allow-presentation\"><\/iframe><\/span><\/div>\n<p>4) <strong>G\u00e4rtnerplatztheater M\u00fcnchen | Strauss &amp; Co<\/strong>. Streamed March 6, G\u00e4rtnerplatztheater is Munich\u2019s third opera house, after the Nationaltheater and the Cuvilliestheater. I have attended performances at G\u00e4rtnerplatztheater, and while it doesn\u2019t offer big name singers, the voices and productions are of a high standard. This performance features arias from operas by Mozart, Rossini, Verdi, Donizetti, Lehar as well as the two Strausses. It gives us a fair glimpse of what this Company has to offer.<\/p>\n<div class=\"jetpack-video-wrapper\"><span class=\"embed-youtube\" style=\"text-align:center; display: block;\"><iframe loading=\"lazy\" class=\"youtube-player\" width=\"640\" height=\"360\" src=\"https:\/\/www.youtube.com\/embed\/4qV8mvN-X30?version=3&#038;rel=1&#038;showsearch=0&#038;showinfo=1&#038;iv_load_policy=1&#038;fs=1&#038;hl=en-US&#038;autohide=2&#038;wmode=transparent\" allowfullscreen=\"true\" style=\"border:0;\" sandbox=\"allow-scripts allow-same-origin allow-popups allow-presentation\"><\/iframe><\/span><\/div>\n<p>5) <strong>Canadian Opera Company | Check-in with Perryn<\/strong>. Here\u2019s a fresh innovation for COC fans, a monthly digital video blog hosted by their incoming General Director Perryn Leech, speaking directly to the COC audience. You can ask him questions by emailing audiences@coc.ca Here\u2019s their inaugural Episode #1 that came out on March 3.<\/p>\n<div class=\"jetpack-video-wrapper\"><span class=\"embed-youtube\" style=\"text-align:center; display: block;\"><iframe loading=\"lazy\" class=\"youtube-player\" width=\"640\" height=\"360\" src=\"https:\/\/www.youtube.com\/embed\/w3g1m22jrjY?version=3&#038;rel=1&#038;showsearch=0&#038;showinfo=1&#038;iv_load_policy=1&#038;fs=1&#038;hl=en-US&#038;autohide=2&#038;start=1&#038;wmode=transparent\" allowfullscreen=\"true\" style=\"border:0;\" sandbox=\"allow-scripts allow-same-origin allow-popups allow-presentation\"><\/iframe><\/span><\/div>\n<p>6) <strong>Toronto Symphony Orchestra | TSO On Demand: Vivaldi\u2019s Four Seasons<\/strong>. Available March 26 \u2013 April 15. Jonathan Crow and 21 TSO musicians perform The Four Seasons, and two contemporary works, \u201cCoqueteos\u201d from Gabriela Lena Frank\u2019s Leyendas: An Andean Walkabout, and Dinuk Wijeratne\u2019s \u201cA letter from the After-life\u201d from Two Pop Songs on Antique Poems. Tickets: $20. Purchasers will receive an email with instruction how to access the concert online. | <span style=\"color: #ff0000\"><a style=\"color: #ff0000\" href=\"https:\/\/www.ludwig-van.com\/toronto\/event\/toronto-symphony-orchestra-tso-demand-vivaldis-four-seasons\/\" target=\"_blank\" rel=\"noopener\">Details<\/a><\/span><\/p>\n<h3 class=\"western\"><em>#LUDWIGVAN<\/em><\/h3>\n<p class=\"western\"><em>Get the daily arts news straight to your inbox.<\/em><\/p>\n<h3 class=\"western\"><em>Sign up for the Ludwig van Daily\u00a0\u2014 classical music and opera in five minutes or less <\/em><span style=\"color: #ff0000\"><a style=\"color: #ff0000\" href=\"https:\/\/bowtie.mailbutler.io\/tracking\/hit\/583e6ce0-dfd0-48be-8a33-61256b3c58e3\/a01723d1-1d1d-44ee-9d0c-779ed93a798c\" target=\"_blank\" rel=\"noopener\"><i>HERE<\/i><\/a><\/span><em>.<\/em><\/h3>\n","protected":false},"excerpt":{"rendered":"<p>Classical music and opera events streaming on the web for the week of March 22 \u2013 28.<\/p>\n","protected":false},"author":22,"featured_media":70648,"comment_status":"open","ping_status":"open","sticky":false,"template":"","format":"standard","meta":{"om_disable_all_campaigns":false,"jetpack_post_was_ever_published":false},"categories":[38476,19,35839,3895,43,63],"tags":[2346,5851,5644],"yst_prominent_words":[6715,28125,36437,36025,36986,15050,16237,18016,35691,27956,6886,37416,8214,32258],"acf":[],"jetpack_featured_media_url":"https:\/\/www.ludwig-van.com\/toronto\/wp-content\/uploads\/sites\/2\/2021\/03\/CP-_March-22.jpg","jetpack_sharing_enabled":true,"jetpack_shortlink":"https:\/\/wp.me\/p9bakr-int","amp_enabled":true,"_links":{"self":[{"href":"https:\/\/www.ludwig-van.com\/toronto\/wp-json\/wp\/v2\/posts\/70647"}],"collection":[{"href":"https:\/\/www.ludwig-van.com\/toronto\/wp-json\/wp\/v2\/posts"}],"about":[{"href":"https:\/\/www.ludwig-van.com\/toronto\/wp-json\/wp\/v2\/types\/post"}],"author":[{"embeddable":true,"href":"https:\/\/www.ludwig-van.com\/toronto\/wp-json\/wp\/v2\/users\/22"}],"replies":[{"embeddable":true,"href":"https:\/\/www.ludwig-van.com\/toronto\/wp-json\/wp\/v2\/comments?post=70647"}],"version-history":[{"count":1,"href":"https:\/\/www.ludwig-van.com\/toronto\/wp-json\/wp\/v2\/posts\/70647\/revisions"}],"predecessor-version":[{"id":70649,"href":"https:\/\/www.ludwig-van.com\/toronto\/wp-json\/wp\/v2\/posts\/70647\/revisions\/70649"}],"wp:featuredmedia":[{"embeddable":true,"href":"https:\/\/www.ludwig-van.com\/toronto\/wp-json\/wp\/v2\/media\/70648"}],"wp:attachment":[{"href":"https:\/\/www.ludwig-van.com\/toronto\/wp-json\/wp\/v2\/media?parent=70647"}],"wp:term":[{"taxonomy":"category","embeddable":true,"href":"https:\/\/www.ludwig-van.com\/toronto\/wp-json\/wp\/v2\/categories?post=70647"},{"taxonomy":"post_tag","embeddable":true,"href":"https:\/\/www.ludwig-van.com\/toronto\/wp-json\/wp\/v2\/tags?post=70647"},{"taxonomy":"yst_prominent_words","embeddable":true,"href":"https:\/\/www.ludwig-van.com\/toronto\/wp-json\/wp\/v2\/yst_prominent_words?post=70647"}],"curies":[{"name":"wp","href":"https:\/\/api.w.org\/{rel}","templated":true}]}}