{"id":70595,"date":"2021-03-15T10:41:15","date_gmt":"2021-03-15T14:41:15","guid":{"rendered":"https:\/\/www.ludwig-van.com\/toronto\/?p=70595"},"modified":"2021-03-15T14:09:22","modified_gmt":"2021-03-15T18:09:22","slug":"critics-picks-classical-and-opera-streams-you-absolutely-need-to-see-this-week-march-15-21","status":"publish","type":"post","link":"https:\/\/www.ludwig-van.com\/toronto\/2021\/03\/15\/critics-picks-classical-and-opera-streams-you-absolutely-need-to-see-this-week-march-15-21\/","title":{"rendered":"CRITIC&#8217;S PICKS | Classical And Opera Streams You Absolutely Need To See This Week: March 15 \u2013 21"},"content":{"rendered":"<figure id=\"attachment_70596\" aria-describedby=\"caption-attachment-70596\" style=\"width: 1200px\" class=\"wp-caption aligncenter\"><img decoding=\"async\" loading=\"lazy\" class=\"size-full wp-image-70596\" src=\"https:\/\/www.ludwig-van.com\/toronto\/wp-content\/uploads\/sites\/2\/2021\/03\/CP-_March-15.jpg\" alt=\"Classical music and opera events streaming on the web for the week of March 15 \u2013 21.\" width=\"1200\" height=\"628\" \/><figcaption id=\"caption-attachment-70596\" class=\"wp-caption-text\">Classical music and opera events streaming on the web for the week of March 15 \u2013 21.<\/figcaption><\/figure>\n<h3><strong>Critic\u2019s Picks (March 15 \u2013 21)<\/strong><\/h3>\n<p><em>\u201cWe live in an extraordinary Age\u201d \u2013 Carl Sagan.<\/em> For a second year, COVID-19 continues to decimate our musical life. Virtually all European opera houses are closed to live audiences, for varying lengths of time, some to Easter and beyond. Italy, faced with a possible third wave, will be in full lockdown over Easter. L\u2019Op\u00e9ra Grand Avignon will stay closed until the beginning of the new 2021-22 season in the fall. Others are reopening for limited livestreaming, a few even planning ambitious in-person events in the summer. The situation is fluid and frankly confusing.<\/p>\n<p>Despite the extremely high COVID rates in the Czech Republic, the <span style=\"color: #ff0000\"><a style=\"color: #ff0000\" href=\"https:\/\/praguesummernights.com\/cities\/\" target=\"_blank\" rel=\"noopener\">Prague Summer Nights Young Artists Music Festival<\/a><\/span> hopes for the best with an in-person festival (July 5-Aug 2). In Austria, the <span style=\"color: #ff0000\"><a style=\"color: #ff0000\" href=\"https:\/\/www.osterfestspiele-salzburg.at\/programme\/programme.html\" target=\"_blank\" rel=\"noopener\">Salzburg Easter Festival<\/a><\/span> (April 2\u20135) is going ahead. It opens April 2 with a Mozart choral concert conducted by Christian Thielemann, starring Golda Schultz, followed by an orchestral concert of Grieg and Beethoven with Thielemann conducting pianist Denis Matsuev. Hilary Hahn headlines an orchestral concert of Mozart and Schumann conducted by Antonio Pappano (April 4). The festival ends on April 5 with a Gala Concert featuring Anna Netrebko, Golda Schultz and Yusif Eyvazov, performing excerpts from <em>Turandot<\/em>, conducted by Thielemann. <strong>UPDATE: It has just been announced on March 15 that the Salzburg Easter Festival is now postponed to the weekend of All Saints Week in Nov. 2021.Program details will be announced in May.<\/strong><\/p>\n<p>The Polish National Opera has announced a new program for March and April. It opens with Prokofiev\u2019s <em>Romeo and Juliet<\/em> followed by Puccini\u2019s <em>Madama Butterfly<\/em> with Aleksandra Kurzak, followed by <em>Die Zauberfloete<\/em> (March 26, 27, 28), <em>Cardillac<\/em> (April 23, 25, 27, 29), and <em>Werther<\/em> with Piotr Beczala (April 9 and 11). In Switzerland, the Grand Th\u00e9\u00e2tre de Gen\u00e8ve and Theater Basel are closed until March 31, joining Opernhaus Z\u00fcrich, which is closed until Easter. The Bayerische Staatsoper has cancelled its run of<em> Judith<\/em>, a concert for orchestra paired with B\u00e9la Bart\u00f3k\u2019s <em>Bluebeard\u2019s Castle<\/em> on March 5, 8 &amp; 11, 2021. However, it has just announced a livestream of a new production of <em>Der Rosenkavalier<\/em> on March 21. The news at La Scala is not good \u2014 there has been an outbreak of COVID cases in the Corps de Ballet, with 35 dancers and 3 staff members tested positive. The planned recording of the <em>Tribute to Nureyev<\/em> has been suspended.<\/p>\n<p>The Palau de Les Arts Reina Sof\u00eda in Valencia, Spain has rescheduled Daniele Gatti\u2019s <em>Verdi Requiem<\/em> to July 1 and the upcoming <em>Tristan und Isolde<\/em> will be replaced by<em> Falstaff<\/em>, due to the large orchestra and chorus requirements for Wagner. <em>Falstaff<\/em>, originally scheduled for February, will now be presented on March 2, 7, 11, and 14.<\/p>\n<p>Interestingly, a new study by Fraunhofer Heinrich Institute &amp; Konzerthaus Dortmund has concluded that concert halls and theatres are safe when attendance is kept to 50% of capacity and with the proper precautions. Let\u2019s hope they are right!<\/p>\n<p>The Italian government has declared a State of Emergency to last until April 30. The Royal Swedish Opera has extended its closure until at least March 26. If the pandemic situation allows, the opera house will reopen for the premiere of <em>Ariadne auf Naxos<\/em> on March 27. It has just announced it will stream a <em>Tosca<\/em> with Malin Bystr\u00f6m available throughout March.<\/p>\n<p>Op\u00e9ra National de Paris has cancelled all live performances until April 5. One of the last things before shutting down was the livestreaming of a radical Regieoper <em>Aida<\/em> on Feb. 18 with Sondra Radvanovsky and Jonas Kaufmann, now available on YouTube. It will however stream <em>Faust<\/em> from the Op\u00e9ra Bastille on March 26, accessible on France 5, and will then be made available on Culturebox for six months. The Op\u00e9ra Comique in Paris has cancelled its upcoming <em>La Belle H\u00e9l\u00e8ne<\/em> in March starring Canadian mezzo Marie\u2013Nicole Lemieux. La Monnaie in Brussels is closed in February but will stream an all-Mozart program. Toulouse\u2019s Th\u00e9\u00e2tre du Capitole will remain closed into March, cancelling the scheduled <em>Pell\u00e9as et M\u00e9lisande<\/em>. Op\u00e9ra de Rouen Normandie has cancelled all performances in March.<\/p>\n<p>On this side of the pond, there are tentative signs of a resumption. Houston Grand Opera will present <em>My Favorite Things: Songs from The Sound of Music<\/em> on May 8, a singalong and fundraiser featuring members of the principal cast from the full production. The Merola Opera Program will present a virtual charity gala, scheduled on April 10. <em>Un Gala In Maschera<\/em> is a tribute to Merola\u2019s artistic director, Sheri Greenawald. San Francisco Opera is streaming its <em>Ring Cycle<\/em> throughout March. Now in its 53rd week, the Met\u2019s nightly free streaming continues with <em>Viewers\u2019 Choice<\/em>. All Met streams start at 7:30 p.m. ET and remain available for 23 hours. Lots of interesting Canadian shows, from the National Ballet, Pacific Opera Victoria, Toronto Operetta Theatre, and a masterclass from University of Toronto.<\/p>\n<h3><strong><span style=\"color: #ff0000\">Monday 15<\/span><\/strong><\/h3>\n<p><strong>Met | Offenbach\u2019s Les Contes d\u2019Hoffmann<\/strong>. Starring Anna Netrebko, Kathleen Kim, Ekaterina Gubanova, Kate Lindsey, Joseph Calleja, and Alan Held, conducted by James Levine. Production by Bartlett Sher. From December 19, 2009. | <span style=\"color: #ff0000\"><a style=\"color: #ff0000\" href=\"https:\/\/www.metopera.org\/season\/on-demand\/opera\/?upc=811357013175\" target=\"_blank\" rel=\"noopener\">Details<\/a><\/span><\/p>\n<h3><span style=\"color: #ff0000\"><strong>Tuesday 16<\/strong><\/span><\/h3>\n<p><strong>Met | Puccini\u2019s La Fanciulla del West<\/strong>. Starring Eva-Maria Westbroek, Jonas Kaufmann, and \u017deljko Lu\u010di\u0107, conducted by Marco Armiliato. Production by Giancarlo Del Monaco. From October 27, 2018. | <span style=\"color: #ff0000\"><a style=\"color: #ff0000\" href=\"https:\/\/www.metopera.org\/season\/on-demand\/opera\/?upc=810004200562\" target=\"_blank\" rel=\"noopener\">Details<\/a><\/span><\/p>\n<h3><span style=\"color: #ff0000\">Wednesday 17<\/span><\/h3>\n<p><strong>Met | Donizetti\u2019s Anna Bolena.<\/strong> Starring Anna Netrebko, Ekaterina Gubanova, Tamara Mumford, Stephen Costello, and Ildar Abdrazakov, conducted by Marco Armiliato. Production by Sir David McVicar. From October 15, 2011. | <span style=\"color: #ff0000\"><a style=\"color: #ff0000\" href=\"https:\/\/www.metopera.org\/season\/on-demand\/opera\/?upc=811357014714\" target=\"_blank\" rel=\"noopener\">Details<\/a><\/span><\/p>\n<h3><strong><span style=\"color: #ff0000\">Thursday 18<\/span><\/strong><\/h3>\n<p><strong>University of Toronto Faculty of Music | Joyce El-Khoury Masterclass<\/strong> \u2014\u00a03 p.m. ET. Canadian soprano Joyce El-Khoury is having a fabulous international career, particularly acclaimed in the bel canto repertoire. She\u2019s the master teacher this year, in the Riki Turofsky Master Class in Voice at the U of T. Not to be missed. | <span style=\"color: #ff0000\"><a style=\"color: #ff0000\" href=\"https:\/\/www.ludwig-van.com\/toronto\/event\/university-toronto-faculty-music-joyce-el-khoury-masterclass\/\" target=\"_blank\" rel=\"noopener\">Details<\/a><\/span><\/p>\n<p><strong>Met | Philip Glass\u2019s Akhnaten<\/strong>. Starring D\u00edsella L\u00e1rusd\u00f3ttir, J\u2019Nai Bridges, Anthony Roth Costanzo, Aaron Blake, Will Liverman, Richard Bernstein, and Zachary James, conducted by Karen Kamensek. Production by Phelim McDermott. From November 23, 2019. | <span style=\"color: #ff0000\"><a style=\"color: #ff0000\" href=\"https:\/\/www.metopera.org\/season\/on-demand\/opera\/?upc=810004200920\" target=\"_blank\" rel=\"noopener\">Details<\/a><\/span><\/p>\n<h3><strong><span style=\"color: #ff0000\">Friday 19<\/span><\/strong><\/h3>\n<p><strong>Toronto Operetta Theatre | The Gondoliers.<\/strong> TOT is trying something new, a dinner and a show \u2013 to be enjoyed at home! An original production of The Gondoliers conceived for online viewing. On March 19 and 20, watch the show (ticket: $20) and enjoy a takeout dinner from Chabrol Restaurant ($35 per person). The show will be available on demand until 5 April. Cast includes TOT regulars Tonatiuh Abrego, Bradley Christensen, Daniela Agostino, Stephanie O\u2019Leary, Elizabeth Beeler, Gregory Finney, and others. Pianist Narmina Afandiyeva, accordionist Matti Pulkki, conductor Derek Bate, and stage director Guillermo Silva-Marin. | <span style=\"color: #ff0000\"><a style=\"color: #ff0000\" href=\"https:\/\/www.ludwig-van.com\/toronto\/event\/toronto-operetta-theatre-gondoliers\/\" target=\"_blank\" rel=\"noopener\">Details<\/a><\/span><\/p>\n<p><strong>Met | Rossini\u2019s Il Barbiere di Siviglia<\/strong>. Starring Joyce DiDonato, Juan Diego Fl\u00f3rez, Peter Mattei, John Del Carlo, and John Relyea, conducted by Maurizio Benini. Production by Bartlett Sher. From March 24, 2007. | <span style=\"color: #ff0000\"><a style=\"color: #ff0000\" href=\"https:\/\/www.metopera.org\/season\/on-demand\/opera\/?upc=811357011669\" target=\"_blank\" rel=\"noopener\">Details<\/a><\/span><\/p>\n<h3><strong><span style=\"color: #ff0000\">Saturday 20<\/span><\/strong><\/h3>\n<p><strong>San Francisco Opera | Wagner\u2019s Siegfried<\/strong> \u2014\u00a01 p.m. ET. SFO\u2019s March Ring Festival continues with Siegfried, in the Francesca Zambello production, with a stellar cast. Free stream, available until 11:59 p.m. Pacific time Sunday. Registration required. | <span style=\"color: #ff0000\"><a style=\"color: #ff0000\" href=\"https:\/\/sfopera.com\/opera-is-on\/ringfestival\/\" target=\"_blank\" rel=\"noopener\">Details<\/a><\/span><\/p>\n<p><strong>Met | Tchaikovsky\u2019s Eugene Onegin<\/strong>. Starring Ren\u00e9e Fleming, Ram\u00f3n Vargas, and Dmitri Hvorostovsky, conducted by Valery Gergiev. Production by Robert Carsen. From February 24, 2007. | <span style=\"color: #ff0000\"><a style=\"color: #ff0000\" href=\"https:\/\/www.metopera.org\/season\/on-demand\/opera\/?upc=811357011379\" target=\"_blank\" rel=\"noopener\">Details<\/a><\/span><\/p>\n<p><strong>Sinfonia Toronto | Inspiration<\/strong> \u2014\u00a08 p.m. ET. Sinfonia Toronto\u2019s concert features inspirational music, such as Mozart&#8217;s Serenade K, 525, &#8220;Eine kleine Nachtmusik,&#8221; and conductor Nurhan Arman&#8217;s orchestral arrangement of Tchaikovsky&#8217;s String Quartet No. 3. Ticket is $15 and the concert will be available online for four weeks. | <span style=\"color: #ff0000\"><a style=\"color: #ff0000\" href=\"https:\/\/www.ludwig-van.com\/toronto\/event\/sinfonia-toronto-inspiration\/\" target=\"_blank\" rel=\"noopener\">Details<\/a><\/span><\/p>\n<h3><strong><span style=\"color: #ff0000\">Sunday 21<\/span><\/strong><\/h3>\n<p><strong>Bayerische Staatsoper | Strauss\u2019 Der Rosenkavalier<\/strong> \u2014 9 a.m. ET. A big deal for Strauss fans, especially if you love the magnificent, traditional, 50-year-old Jurgen Rose-Otto Schenk production that has delighted Munich audiences all these years. This new one is directed by enfant terrible Barry Kosky, starring Marlis Petersen, a former Sophie, as the Marschallin. Vladimir Jurowski conducts. You can be sure it will be totally different stylistically. Not to be missed, but if 9:30 am is too early for you, it will be available on demand from March 23rd on for thirty days. | <span style=\"color: #ff0000\"><a style=\"color: #ff0000\" href=\"https:\/\/www.staatsoper.de\/stueckinfo\/der-rosenkavalier-1\/2021-03-21-15-30-1.html\" target=\"_blank\" rel=\"noopener\">Details<\/a><\/span><\/p>\n<p><strong>Met | Handel\u2019s Agrippina<\/strong>. Starring Brenda Rae, Joyce DiDonato, Kate Lindsey, Iestyn Davies, Duncan Rock, and Matthew Rose, conducted by Harry Bicket. Production by Sir David McVicar. From February 29, 2020. | <span style=\"color: #ff0000\"><a style=\"color: #ff0000\" href=\"https:\/\/www.metopera.org\/season\/on-demand\/opera\/?upc=810004200951\" target=\"_blank\" rel=\"noopener\">Details<\/a><\/span><\/p>\n<h3><strong>Video-on-demand performances:<\/strong><\/h3>\n<p>1) <strong>Pacific Opera Victoria Two Sopranos, One Friendship<\/strong>. Premiered March 12 and available for one month, this delightful show stars Aviva Fortunata and Claire de Sevigne, two sopranos who are also great friends. It\u2019s a mix of opera duets, including Mira o Norma, and storytelling. It ends with the lovely Ivor Novello \u201cWe\u2019ll gather lilacs\u201d A feel good show. | <span style=\"color: #ff0000\"><a style=\"color: #ff0000\" href=\"https:\/\/pacificopera.ca\/event\/two-sopranos-one-friendship\/\" target=\"_blank\" rel=\"noopener\">Details<\/a><\/span><\/p>\n<p>2) <strong>National Ballet of Canada Spotlight Series<\/strong>. Like other companies, the National is dark right now. But it is generously offering free streams of its many gems, which you can explore <span style=\"color: #ff0000\"><a style=\"color: #ff0000\" href=\"https:\/\/national.ballet.ca\/Productions\/Spotlight-Series?utm_source=wordfly&amp;utm_medium=email&amp;utm_campaign=2021PRCOVIDOneYearAnniversary&amp;utm_content=version_A&amp;cluid=831892&amp;sourceNumber=57250\" target=\"_blank\" rel=\"noopener\">here<\/a><\/span>. Of particular interest are these three contemporary pieces, superbly choreographed and danced &#8211; Piano Concerto #1, Petite Morte, and Chroma.<\/p>\n<div class=\"jetpack-video-wrapper\"><span class=\"embed-youtube\" style=\"text-align:center; display: block;\"><iframe loading=\"lazy\" class=\"youtube-player\" width=\"640\" height=\"360\" src=\"https:\/\/www.youtube.com\/embed\/UfH3foaaN4U?version=3&#038;rel=1&#038;showsearch=0&#038;showinfo=1&#038;iv_load_policy=1&#038;fs=1&#038;hl=en-US&#038;autohide=2&#038;wmode=transparent\" allowfullscreen=\"true\" style=\"border:0;\" sandbox=\"allow-scripts allow-same-origin allow-popups allow-presentation\"><\/iframe><\/span><\/div>\n<p>3) <strong>Wigmore Hall | Steven Osborne 50th Birthday Concert<\/strong>. Streamed on March 12 and now on demand, Scottish pianist Steven Osborne celebrates his Big 5-0 at Wigmore, joined by several wonderful artists, including fellow pianist Paul Lewis, and soprano Ailish Tynan, who sang a superb Der Hirt auf den Felsen.<\/p>\n<div class=\"jetpack-video-wrapper\"><span class=\"embed-youtube\" style=\"text-align:center; display: block;\"><iframe loading=\"lazy\" class=\"youtube-player\" width=\"640\" height=\"360\" src=\"https:\/\/www.youtube.com\/embed\/5M7DD2tJHcc?version=3&#038;rel=1&#038;showsearch=0&#038;showinfo=1&#038;iv_load_policy=1&#038;fs=1&#038;hl=en-US&#038;autohide=2&#038;wmode=transparent\" allowfullscreen=\"true\" style=\"border:0;\" sandbox=\"allow-scripts allow-same-origin allow-popups allow-presentation\"><\/iframe><\/span><\/div>\n<p>4) <strong>Cliburn Masterpiece | Gaspard de la unit.<\/strong> A new episode of the Cliburn Masterpiece series, an exploration of Ravel&#8217;s Gaspard de la nuit with Canadian pianist and composer Marc-Andr\u00e9 Hamelin and 2009 Cliburn Gold Medalist Haochen Zhang.<\/p>\n<div class=\"jetpack-video-wrapper\"><span class=\"embed-youtube\" style=\"text-align:center; display: block;\"><iframe loading=\"lazy\" class=\"youtube-player\" width=\"640\" height=\"360\" src=\"https:\/\/www.youtube.com\/embed\/aKlz2scazUw?version=3&#038;rel=1&#038;showsearch=0&#038;showinfo=1&#038;iv_load_policy=1&#038;fs=1&#038;hl=en-US&#038;autohide=2&#038;wmode=transparent\" allowfullscreen=\"true\" style=\"border:0;\" sandbox=\"allow-scripts allow-same-origin allow-popups allow-presentation\"><\/iframe><\/span><\/div>\n<h3 class=\"western\"><em>#LUDWIGVAN<\/em><\/h3>\n<p class=\"western\"><em>Get the daily arts news straight to your inbox.<\/em><\/p>\n<h3 class=\"western\"><em>Sign up for the Ludwig van Daily\u00a0\u2014 classical music and opera in five minutes or less <\/em><span style=\"color: #ff0000\"><a style=\"color: #ff0000\" href=\"https:\/\/bowtie.mailbutler.io\/tracking\/hit\/583e6ce0-dfd0-48be-8a33-61256b3c58e3\/a01723d1-1d1d-44ee-9d0c-779ed93a798c\" target=\"_blank\" rel=\"noopener\"><i>HERE<\/i><\/a><\/span><em>.<\/em><\/h3>\n","protected":false},"excerpt":{"rendered":"<p>Classical music and opera events streaming on the web for the week of March 15 \u2013 21.<\/p>\n","protected":false},"author":22,"featured_media":70596,"comment_status":"open","ping_status":"open","sticky":false,"template":"","format":"standard","meta":{"om_disable_all_campaigns":false,"jetpack_post_was_ever_published":false},"categories":[38476,76,19,35839,3895,43,63],"tags":[2061,36483,27852,3353],"yst_prominent_words":[21974,8853,6715,28125,7202,9100,35760,34232,16237,35691,27956,6886,19643,8214,39498,39495,32258,38095],"acf":[],"jetpack_featured_media_url":"https:\/\/www.ludwig-van.com\/toronto\/wp-content\/uploads\/sites\/2\/2021\/03\/CP-_March-15.jpg","jetpack_sharing_enabled":true,"jetpack_shortlink":"https:\/\/wp.me\/p9bakr-imD","amp_enabled":true,"_links":{"self":[{"href":"https:\/\/www.ludwig-van.com\/toronto\/wp-json\/wp\/v2\/posts\/70595"}],"collection":[{"href":"https:\/\/www.ludwig-van.com\/toronto\/wp-json\/wp\/v2\/posts"}],"about":[{"href":"https:\/\/www.ludwig-van.com\/toronto\/wp-json\/wp\/v2\/types\/post"}],"author":[{"embeddable":true,"href":"https:\/\/www.ludwig-van.com\/toronto\/wp-json\/wp\/v2\/users\/22"}],"replies":[{"embeddable":true,"href":"https:\/\/www.ludwig-van.com\/toronto\/wp-json\/wp\/v2\/comments?post=70595"}],"version-history":[{"count":6,"href":"https:\/\/www.ludwig-van.com\/toronto\/wp-json\/wp\/v2\/posts\/70595\/revisions"}],"predecessor-version":[{"id":70603,"href":"https:\/\/www.ludwig-van.com\/toronto\/wp-json\/wp\/v2\/posts\/70595\/revisions\/70603"}],"wp:featuredmedia":[{"embeddable":true,"href":"https:\/\/www.ludwig-van.com\/toronto\/wp-json\/wp\/v2\/media\/70596"}],"wp:attachment":[{"href":"https:\/\/www.ludwig-van.com\/toronto\/wp-json\/wp\/v2\/media?parent=70595"}],"wp:term":[{"taxonomy":"category","embeddable":true,"href":"https:\/\/www.ludwig-van.com\/toronto\/wp-json\/wp\/v2\/categories?post=70595"},{"taxonomy":"post_tag","embeddable":true,"href":"https:\/\/www.ludwig-van.com\/toronto\/wp-json\/wp\/v2\/tags?post=70595"},{"taxonomy":"yst_prominent_words","embeddable":true,"href":"https:\/\/www.ludwig-van.com\/toronto\/wp-json\/wp\/v2\/yst_prominent_words?post=70595"}],"curies":[{"name":"wp","href":"https:\/\/api.w.org\/{rel}","templated":true}]}}