{"id":70561,"date":"2021-03-08T10:09:17","date_gmt":"2021-03-08T15:09:17","guid":{"rendered":"https:\/\/www.ludwig-van.com\/toronto\/?p=70561"},"modified":"2021-03-08T10:09:17","modified_gmt":"2021-03-08T15:09:17","slug":"critics-picks-classical-opera-streams-absolutely-need-see-week-march-8-14","status":"publish","type":"post","link":"https:\/\/www.ludwig-van.com\/toronto\/2021\/03\/08\/critics-picks-classical-opera-streams-absolutely-need-see-week-march-8-14\/","title":{"rendered":"CRITIC&#8217;S PICKS | Classical And Opera Streams You Absolutely Need To See This Week: March 8 \u2013 14"},"content":{"rendered":"<figure id=\"attachment_70562\" aria-describedby=\"caption-attachment-70562\" style=\"width: 1200px\" class=\"wp-caption aligncenter\"><img decoding=\"async\" loading=\"lazy\" class=\"size-full wp-image-70562\" src=\"https:\/\/www.ludwig-van.com\/toronto\/wp-content\/uploads\/sites\/2\/2021\/03\/CP-_March-8.jpg\" alt=\"Classical music and opera events streaming on the web for the week of March 8 \u2013 14.\" width=\"1200\" height=\"628\" srcset=\"https:\/\/www.ludwig-van.com\/toronto\/wp-content\/uploads\/sites\/2\/2021\/03\/CP-_March-8.jpg 1200w, https:\/\/www.ludwig-van.com\/toronto\/wp-content\/uploads\/sites\/2\/2021\/03\/CP-_March-8-300x157.jpg 300w, https:\/\/www.ludwig-van.com\/toronto\/wp-content\/uploads\/sites\/2\/2021\/03\/CP-_March-8-1024x536.jpg 1024w, https:\/\/www.ludwig-van.com\/toronto\/wp-content\/uploads\/sites\/2\/2021\/03\/CP-_March-8-768x402.jpg 768w\" sizes=\"(max-width: 1200px) 100vw, 1200px\" \/><figcaption id=\"caption-attachment-70562\" class=\"wp-caption-text\">Classical music and opera events streaming on the web for the week of March 8 \u2013 14.<\/figcaption><\/figure>\n<h3><strong>Critic\u2019s Picks (March 8 \u2013 14)<\/strong><\/h3>\n<p><em>&#8220;We live in an extraordinary Age\u201d \u2013 Carl Sagan.<\/em> For a second year, COVID-19 continues to decimate our musical lives. Virtually all European opera houses are closed to live audiences, for varying lengths of time, some to Easter and beyond. A case in point: L\u2019Op\u00e9ra Grand Avignon just announced it will stay closed until the beginning of the new 2021-22 season in the fall. Others are reopening for limited livestreaming, some even planning ambitious in-person events in the summer. The situation is fluid and frankly confusing.<\/p>\n<p>Despite the extremely high COVID rates in the Czech Republic, the <span style=\"color: #ff0000\"><a style=\"color: #ff0000\" href=\"https:\/\/praguesummernights.com\/cities\/\" target=\"_blank\" rel=\"noopener noreferrer\">Prague Summer Nights Young Artists Music Festival<\/a><\/span> hopes for the best with an in-person festival (July 5 \u2013 Aug 2). In Austria, the <span style=\"color: #ff0000\"><a style=\"color: #ff0000\" href=\"https:\/\/www.osterfestspiele-salzburg.at\/programme\/programme.html\" target=\"_blank\" rel=\"noopener noreferrer\">Salzburg Easter Festival<\/a><\/span> (April 2 \u2013 5) is going ahead. It opens April 2 with a Mozart choral concert conducted by Christian Thielemann, starring Golda Schultz, followed by an orchestral concert of Grieg and Beethoven with Thielemann conducting pianist Denis Matsuev. Hilary Hahn headlines an orchestral concert of Mozart and Schumann conducted by Antonio Pappano (April 4). The festival ends on April 5 with a Gala Concert featuring Anna Netrebko, Golda Schultz and Yusif Eyvazov, performing excerpts from Turandot, conducted by Thielemann.<\/p>\n<p>The Polish National Opera has announced a new program for March and April. It opens with Prokofiev\u2019s <em>Romeo and Juliet<\/em> followed by Puccini\u2019s<em> Madama Butterfly<\/em> with Aleksandra Kurzak, followed by <em>Die Zauberfloete<\/em> (March 26, 27, 28), <em>Cardillac<\/em> (April 23, 25, 27, 29), and <em>Werther<\/em> with Piotr Beczala (April 9 and 11). In Switzerland, the Grand Th\u00e9\u00e2tre de Gen\u00e8ve and Theater Basel are closed until March 31, joining Opernhaus Z\u00fcrich, which is closed until Easter. The Bayerische Staatsoper has cancelled its run of <em>Judith<\/em>, a concert for orchestra paired with B\u00e9la Bart\u00f3k\u2019s <em>Bluebeard\u2019s Castle<\/em> on March 5, 8 &amp; 11, 2021. However, it has just announced a livestream of <em>Der Rosenkavalier<\/em> on March 21. The news at La Scala is not good \u2014 there has been an outbreak of COVID cases in the Corps de Ballet, with 35 dancers and 3 staff members tested positive. The planned recording of the Tribute to Nureyev was suspended.<\/p>\n<p>Wiener Staatsoper streamed <em>Carmen<\/em> on Feb. 21 without an audience, starring Anita Rachvelishvili as Carmen and Piotr Beczala as Don Jos\u00e9, replacing Charles Castronovo who is recovering from COVID. The Palau de Les Arts Reina Sof\u00eda in Valencia, Spain has rescheduled Daniele Gatti\u2019s <em>Verdi Requiem<\/em> to July 1 and the upcoming <em>Tristan und Isolde<\/em> will be replaced by <em>Falstaff<\/em>, due to the large orchestra and chorus requirements for Wagner. Falstaff, originally scheduled for February, will now be presented on March 2, 7, 11, and 14.<\/p>\n<p>Interestingly, a new study by Fraunhofer Heinrich Institute &amp; Konzerthaus Dortmund has concluded that concert halls and theatres are safe when attendance is kept to 50% of capacity and with the proper precautions. Let\u2019s hope they are right! The Italian government has declared a State of Emergency to last until April 30. The Royal Swedish Opera has extended its closure until at least March 26. If the pandemic situation allows, the opera house will reopen for the premiere of <em>Ariadne auf Naxos<\/em> on March 27. It has just announced it will stream a <em>Tosca<\/em> with Malin Bystr\u00f6m available throughout March.<\/p>\n<p>Op\u00e9ra National de Paris has cancelled all live performances until April 5. One of the last things before shutting down was the livestreaming of a radical Regieoper<em> Aida<\/em> on Feb. 18 with Sondra Radvanovsky and Jonas Kaufmann, now available on YouTube. It will however stream <em>Faust<\/em> from the Op\u00e9ra Bastille on March 26, accessible on France 5, and will then be made available on Culturebox for six months. The Op\u00e9ra Comique in Paris has cancelled its upcoming <em>La Belle H\u00e9l\u00e8ne<\/em> in March starring Canadian mezzo Marie\u2013Nicole Lemieux. La Monnaie in Brussels is closed in February but will stream an all-Mozart program. Toulouse\u2019s Th\u00e9\u00e2tre du Capitole will remain closed into March, cancelling the scheduled <em>Pell\u00e9as et M\u00e9lisande<\/em>. Op\u00e9ra de Rouen Normandie has cancelled all performances in March.<\/p>\n<p>On this side of the pond, there are tentative signs of a resumption. New York Governor Andrew Cuomo announced a limited reopening in New York starting April 2. Houston Grand Opera will present <em>My Favorite Things: Songs from The Sound of Music<\/em> on May 8, a singalong and fundraiser featuring members of the principal cast from the full production. The Merola Opera Program will present a virtual charity gala, scheduled on April 10. <em>Un Gala In Maschera<\/em> is a tribute to Merola\u2019s artistic director, Sheri Greenawald. San Francisco Opera is streaming its Ring Cycle throughout March. The Met\u2019s nightly free streaming continues with<em> Verismo Passions<\/em>. All Met streams start at 7:30 p.m. ET and remain available for 23 hours. Canadian content this week includes Tafelmusik, Toronto Wagner Society, Women\u2019s Musical Club of Toronto, RCM\/ARC Ensemble and Calgary Philharmonic Orchestra. A COVID casualty is Toronto Symphony\u2019s streaming of Vivaldi\u2019s <em>Four Seasons<\/em>, which will be rescheduled.<\/p>\n<h3><strong><span style=\"color: #ff0000\">Monday 8<\/span><\/strong><\/h3>\n<p><strong>Bayerische Staatsoper Montagsstuck XVII: Das Lied von der Erde<\/strong> \u2014\u00a02:15 p.m. ET. Baritone Christian Gerhaher and tenor Klaus Florian Vogt join forces with pianist Gerold Huber in Mahler&#8217;s Das Lied von der Erde. | <span style=\"color: #ff0000\"><a style=\"color: #ff0000\" href=\"https:\/\/www.staatsoper.de\/en\/productioninfo\/montagsstueck-xvii-das-lied-von-der-erde\/2021-03-08-20-15.html\" target=\"_blank\" rel=\"noopener noreferrer\">Details<\/a><\/span><\/p>\n<p><strong>Met | Puccini\u2019s Manon Lescaut.<\/strong> Starring Renata Scotto, Pl\u00e1cido Domingo, Pablo Elvira, and Renato Capecchi, conducted by James Levine. Production by Gian Carlo Menotti. From March 29, 1980. | <span style=\"color: #ff0000\"><a style=\"color: #ff0000\" href=\"https:\/\/www.metopera.org\/season\/on-demand\/opera\/?upc=811357011492\" target=\"_blank\" rel=\"noopener noreferrer\">Details<\/a><\/span><\/p>\n<h3><strong><span style=\"color: #ff0000\">Tuesday 9<\/span><\/strong><\/h3>\n<p><strong>Met | Mascagni\u2019s\u00a0Cavalleria Rusticana\u00a0and\u00a0Leoncavallo\u2019s\u00a0Pagliacci.<\/strong> Starring Eva-Maria Westbroek, Jane Bunnell, Marcelo \u00c1lvarez, and George Gagnidze; Patricia Racette, Marcelo \u00c1lvarez, George Gagnidze, and Lucas Meachem, conducted by Fabio Luisi. Production by Sir David McVicar. From April 25, 2015. | <span style=\"color: #ff0000\"><a style=\"color: #ff0000\" href=\"https:\/\/www.metopera.org\/season\/on-demand\/opera\/?upc=811357017821\" target=\"_blank\" rel=\"noopener noreferrer\">Details<\/a><\/span><\/p>\n<h3><strong><span style=\"color: #ff0000\">Wednesday 10<\/span><\/strong><\/h3>\n<p><strong>Toronto Wagner Society | Robert Carsen<\/strong> \u2014\u00a011:00 a.m. ET. TWS interviews internationally renowned Canadian stage director Robert Carsen. Usually members only, but TWS is making it available to the public. You must register and get the link to Zoom by emailing Toronto Wagner Society at <span style=\"color: #ff0000\"><a style=\"color: #ff0000\" href=\"mailto:info@torontowagnersociety.ca\" target=\"_blank\" rel=\"noopener noreferrer\">info@torontowagnersociety.ca<\/a><\/span><\/p>\n<p><strong>Met | Cilea\u2019s Adriana Lecouvreur<\/strong>. Starring Anna Netrebko, Anita Rachvelishvili, Piotr Becza\u0142a, and Ambrogio Maestri, conducted by Gianandrea Noseda. Production by Sir David McVicar. From January 12, 2019. | <span style=\"color: #ff0000\"><a style=\"color: #ff0000\" href=\"https:\/\/www.metopera.org\/season\/on-demand\/opera\/?upc=810004200999\" target=\"_blank\" rel=\"noopener noreferrer\">Details<\/a><\/span><\/p>\n<h3><span style=\"color: #ff0000\">Thursday 11<\/span><\/h3>\n<p><strong>Met | Zandonai\u2019s Francesca da Rimini.<\/strong> Starring Eva-Maria Westbroek, Marcello Giordani, Robert Brubaker, and Mark Delavan, conducted by Marco Armiliato. Production by Piero Faggioni. From March 16, 2013. | <span style=\"color: #ff0000\"><a style=\"color: #ff0000\" href=\"https:\/\/www.metopera.org\/season\/on-demand\/opera\/?upc=811357016275\" target=\"_blank\" rel=\"noopener noreferrer\">Details<\/a><\/span><\/p>\n<h3><strong><span style=\"color: #ff0000\">Friday 12<\/span><\/strong><\/h3>\n<p><strong>Royal Conservatory of Music | ARC Ensemble<\/strong> \u2014 8 p.m. ET. RCM\u2019s own ARC Ensemble (Artists of The Royal Conservatory) performs an all-Beethoven program, and a selection of folk songs, joined by soprano Monica Whicher. | <span style=\"color: #ff0000\"><a style=\"color: #ff0000\" href=\"https:\/\/www.ludwig-van.com\/toronto\/event\/royal-conservatory-arc\/\" target=\"_blank\" rel=\"noopener noreferrer\">Details<\/a><\/span><\/p>\n<p><strong>Met | Giordano\u2019s Fedora<\/strong>. Starring Mirella Freni, Ainhoa Arteta, Pl\u00e1cido Domingo, Dwayne Croft, and Jean-Yves Thibaudet, conducted by Roberto Abbado. Production by Beppe De Tomasi. From April 26, 1997. | <span style=\"color: #ff0000\"><a style=\"color: #ff0000\" href=\"https:\/\/www.metopera.org\/season\/on-demand\/opera\/?upc=811357011256\" target=\"_blank\" rel=\"noopener noreferrer\">Details<\/a><\/span><\/p>\n<h3><strong><span style=\"color: #ff0000\">Saturday 13<\/span><\/strong><\/h3>\n<p><strong>San Francisco Opera Die Walkure<\/strong> \u2014\u00a07 a.m. ET. The second opera of the San Francisco Ring Festival, Die Walkure this week. Free stream available only for 24 hours, while on demand requires a pass for $99 USD, but it gives you lectures and other content. Excellent cast! | <span style=\"color: #ff0000\"><a style=\"color: #ff0000\" href=\"https:\/\/sfopera.com\/opera-is-on\/ringfestival\/\" target=\"_blank\" rel=\"noopener noreferrer\">Details<\/a><\/span><\/p>\n<p><strong>Met | Giordano\u2019s Andrea Ch\u00e9nier<\/strong>. Starring Maria Guleghina, Wendy White, Stephanie Blythe, Luciano Pavarotti, and Juan Pons, conducted by James Levine. Production by Nicolas Jo\u00ebl. From October 15, 1996. | <span style=\"color: #ff0000\"><a style=\"color: #ff0000\" href=\"https:\/\/www.metopera.org\/season\/on-demand\/opera\/?upc=811357013267\" target=\"_blank\" rel=\"noopener noreferrer\">Details<\/a><\/span><\/p>\n<h3><strong><span style=\"color: #ff0000\">Sunday 14<\/span><\/strong><\/h3>\n<p><strong>Met | Puccini\u2019s Tosca<\/strong>. Starring Sonya Yoncheva, Vittorio Grigolo, \u017deljko Lu\u010di\u0107, and Patrick Carfizzi, conducted by Emmanuel Villaume. Production by Sir David McVicar. From January 27, 2018. | <span style=\"color: #ff0000\"><a style=\"color: #ff0000\" href=\"https:\/\/www.metopera.org\/season\/on-demand\/opera\/?upc=811357019337\" target=\"_blank\" rel=\"noopener noreferrer\">Details<\/a><\/span><\/p>\n<h3><strong>Video-on-demand performances:<\/strong><\/h3>\n<p>1) <strong>WMCT | Music in the Afternoon: Eric Lu<\/strong>. Chinese American pianist Eric Lu, a 2018 Leeds Gold Medal winner, plays Chopin and Schubert. Available until March 25.<\/p>\n<div class=\"jetpack-video-wrapper\"><span class=\"embed-youtube\" style=\"text-align:center; display: block;\"><iframe loading=\"lazy\" class=\"youtube-player\" width=\"640\" height=\"360\" src=\"https:\/\/www.youtube.com\/embed\/ECJzRM_PIpE?version=3&#038;rel=1&#038;showsearch=0&#038;showinfo=1&#038;iv_load_policy=1&#038;fs=1&#038;hl=en-US&#038;autohide=2&#038;wmode=transparent\" allowfullscreen=\"true\" style=\"border:0;\" sandbox=\"allow-scripts allow-same-origin allow-popups allow-presentation\"><\/iframe><\/span><\/div>\n<p>2) <strong>Tafelmusik | Tafel Talks.<\/strong> Chi-chi Nwanoku explores her career as a double bassist, the role of musical mentors, and the importance of championing diversity in classical music in interview with Tafelmusik double bassist Pippa Macmillan, a former student of Nwanoku\u2019s.<\/p>\n<div class=\"jetpack-video-wrapper\"><span class=\"embed-youtube\" style=\"text-align:center; display: block;\"><iframe loading=\"lazy\" class=\"youtube-player\" width=\"640\" height=\"360\" src=\"https:\/\/www.youtube.com\/embed\/RSE9O-s7RdY?version=3&#038;rel=1&#038;showsearch=0&#038;showinfo=1&#038;iv_load_policy=1&#038;fs=1&#038;hl=en-US&#038;autohide=2&#038;wmode=transparent\" allowfullscreen=\"true\" style=\"border:0;\" sandbox=\"allow-scripts allow-same-origin allow-popups allow-presentation\"><\/iframe><\/span><\/div>\n<p>3) <strong>WQXR\/Metropolitan Opera | Aria Code (Audio podcast)<\/strong>. The third season of this series starts on March 10, featuring performances recorded live from the Met stage by opera stars including Ren\u00e9e Fleming, Joyce DiDonato, Deborah Voigt, Latonia Moore, Franco Corelli, Gerald Finley, Erin Morley, and Will Liverman. Opening episode on \u201cNessun dorma,\u201d an aria that has become a global symbol of hope and resilience over the past year. Watch the trailer <span style=\"color: #ff0000\"><a style=\"color: #ff0000\" href=\"https:\/\/www.wnycstudios.org\/podcasts\/aria-code\/episodes\/aria-code-rhiannon-giddens-season-three-trailer\" target=\"_blank\" rel=\"noopener noreferrer\">here<\/a><\/span>.<\/p>\n<p>4) <strong>Calgary Philharmonic Orchestra True North: Story + Symphony<\/strong>. Premiered on March 6 and available on demand, this award-winning documentary is followed by the performance of &#8220;True North: Symphonic Ballet&#8221;. The film is a behind-the-scenes look at the yearlong process in creating the work, featuring composers Hal Eagletail, Dinuk Wijeratne, Derek Charke, Maxime McKinley, Dorothy Chang, Gary Kulesha (conductor), and Vincent Ho. Streaming is free with registration. | <span style=\"color: #ff0000\"><a style=\"color: #ff0000\" href=\"https:\/\/calgaryphil.com\/events\/true-north-story-symphony\/\" target=\"_blank\" rel=\"noopener noreferrer\">Details<\/a><\/span><\/p>\n<p>5) <strong>Wigmore Hall Tim Horton<\/strong>. Streamed February 26 and now on demand. Classical Piano might not be the first thing that comes to mind when Canadians hear the name \u2018Tim Horton,\u2019 but if you are a pianophile, this may convert you. Mr. Horton plays Mozart, Chopin and Szymanowski.<\/p>\n<div class=\"jetpack-video-wrapper\"><span class=\"embed-youtube\" style=\"text-align:center; display: block;\"><iframe loading=\"lazy\" class=\"youtube-player\" width=\"640\" height=\"360\" src=\"https:\/\/www.youtube.com\/embed\/uMPID4r0k4E?version=3&#038;rel=1&#038;showsearch=0&#038;showinfo=1&#038;iv_load_policy=1&#038;fs=1&#038;hl=en-US&#038;autohide=2&#038;wmode=transparent\" allowfullscreen=\"true\" style=\"border:0;\" sandbox=\"allow-scripts allow-same-origin allow-popups allow-presentation\"><\/iframe><\/span><\/div>\n<h3 class=\"western\"><em>#LUDWIGVAN<\/em><\/h3>\n<p class=\"western\"><em>Get the daily arts news straight to your inbox.<\/em><\/p>\n<h3 class=\"western\"><em>Sign up for the Ludwig van Daily\u00a0\u2014 classical music and opera in five minutes or less <\/em><span style=\"color: #ff0000\"><a style=\"color: #ff0000\" href=\"https:\/\/bowtie.mailbutler.io\/tracking\/hit\/583e6ce0-dfd0-48be-8a33-61256b3c58e3\/a01723d1-1d1d-44ee-9d0c-779ed93a798c\" target=\"_blank\" rel=\"noopener noreferrer\"><i>HERE<\/i><\/a><\/span><em>.<\/em><\/h3>\n","protected":false},"excerpt":{"rendered":"<p>Classical music and opera events streaming on the web for the week of March 8 \u2013 14.<\/p>\n","protected":false},"author":22,"featured_media":70562,"comment_status":"open","ping_status":"open","sticky":false,"template":"","format":"standard","meta":{"om_disable_all_campaigns":false,"jetpack_post_was_ever_published":false},"categories":[38476,76,19,35839,3895,43],"tags":[14610,5648,9545,3224],"yst_prominent_words":[8853,39580,6715,28125,32159,16237,35691,39579,27956,6886,39578,39498,39495,7646,36985,24378,26964,31126,31121,31127],"acf":[],"jetpack_featured_media_url":"https:\/\/www.ludwig-van.com\/toronto\/wp-content\/uploads\/sites\/2\/2021\/03\/CP-_March-8.jpg","jetpack_sharing_enabled":true,"jetpack_shortlink":"https:\/\/wp.me\/p9bakr-im5","amp_enabled":true,"_links":{"self":[{"href":"https:\/\/www.ludwig-van.com\/toronto\/wp-json\/wp\/v2\/posts\/70561"}],"collection":[{"href":"https:\/\/www.ludwig-van.com\/toronto\/wp-json\/wp\/v2\/posts"}],"about":[{"href":"https:\/\/www.ludwig-van.com\/toronto\/wp-json\/wp\/v2\/types\/post"}],"author":[{"embeddable":true,"href":"https:\/\/www.ludwig-van.com\/toronto\/wp-json\/wp\/v2\/users\/22"}],"replies":[{"embeddable":true,"href":"https:\/\/www.ludwig-van.com\/toronto\/wp-json\/wp\/v2\/comments?post=70561"}],"version-history":[{"count":2,"href":"https:\/\/www.ludwig-van.com\/toronto\/wp-json\/wp\/v2\/posts\/70561\/revisions"}],"predecessor-version":[{"id":70564,"href":"https:\/\/www.ludwig-van.com\/toronto\/wp-json\/wp\/v2\/posts\/70561\/revisions\/70564"}],"wp:featuredmedia":[{"embeddable":true,"href":"https:\/\/www.ludwig-van.com\/toronto\/wp-json\/wp\/v2\/media\/70562"}],"wp:attachment":[{"href":"https:\/\/www.ludwig-van.com\/toronto\/wp-json\/wp\/v2\/media?parent=70561"}],"wp:term":[{"taxonomy":"category","embeddable":true,"href":"https:\/\/www.ludwig-van.com\/toronto\/wp-json\/wp\/v2\/categories?post=70561"},{"taxonomy":"post_tag","embeddable":true,"href":"https:\/\/www.ludwig-van.com\/toronto\/wp-json\/wp\/v2\/tags?post=70561"},{"taxonomy":"yst_prominent_words","embeddable":true,"href":"https:\/\/www.ludwig-van.com\/toronto\/wp-json\/wp\/v2\/yst_prominent_words?post=70561"}],"curies":[{"name":"wp","href":"https:\/\/api.w.org\/{rel}","templated":true}]}}