{"id":70348,"date":"2021-02-08T09:43:17","date_gmt":"2021-02-08T14:43:17","guid":{"rendered":"https:\/\/www.ludwig-van.com\/toronto\/?p=70348"},"modified":"2021-02-08T09:43:17","modified_gmt":"2021-02-08T14:43:17","slug":"critics-picks-classical-opera-streams-absolutely-need-see-week-february-8-14","status":"publish","type":"post","link":"https:\/\/www.ludwig-van.com\/toronto\/2021\/02\/08\/critics-picks-classical-opera-streams-absolutely-need-see-week-february-8-14\/","title":{"rendered":"CRITIC&#8217;S PICKS | Classical And Opera Streams You Absolutely Need To See This Week: February 8\u201314"},"content":{"rendered":"<figure id=\"attachment_70349\" aria-describedby=\"caption-attachment-70349\" style=\"width: 1200px\" class=\"wp-caption aligncenter\"><img decoding=\"async\" loading=\"lazy\" class=\"size-full wp-image-70349\" src=\"https:\/\/www.ludwig-van.com\/toronto\/wp-content\/uploads\/sites\/2\/2021\/02\/CP-_Feb8-feature_image.jpg\" alt=\"Classical music and opera events streaming on the web for the week of February 8 \u2013 14.\" width=\"1200\" height=\"628\" srcset=\"https:\/\/www.ludwig-van.com\/toronto\/wp-content\/uploads\/sites\/2\/2021\/02\/CP-_Feb8-feature_image.jpg 1200w, https:\/\/www.ludwig-van.com\/toronto\/wp-content\/uploads\/sites\/2\/2021\/02\/CP-_Feb8-feature_image-300x157.jpg 300w, https:\/\/www.ludwig-van.com\/toronto\/wp-content\/uploads\/sites\/2\/2021\/02\/CP-_Feb8-feature_image-1024x536.jpg 1024w, https:\/\/www.ludwig-van.com\/toronto\/wp-content\/uploads\/sites\/2\/2021\/02\/CP-_Feb8-feature_image-768x402.jpg 768w\" sizes=\"(max-width: 1200px) 100vw, 1200px\" \/><figcaption id=\"caption-attachment-70349\" class=\"wp-caption-text\">Classical music and opera events streaming on the web for the week of February 8 \u2013 14.<\/figcaption><\/figure>\n<h3><strong>Critic\u2019s Picks (February 8 \u2013 14)<\/strong><\/h3>\n<p><em>\u201cWe live in an extraordinary Age\u201d \u2013 Carl Sagan.<\/em> COVID-19 continues to decimate our musical life, with a depressing start to 2021. Op\u00e9ra Royal de Wallonie-Li\u00e8ge cancelled concerts in January by Juan Diego Fl\u00f3rez and Jonas Kaufmann. Virtually all German opera houses are closed for varying lengths of time, some until Easter. The Palau de Les Arts Reina Sof\u00eda in Valencia, Spain announced that Daniele Gatti\u2019s <em>Verdi Requiem<\/em> is rescheduled to July 1 and the upcoming <em>Tristan und Isolde<\/em> will be replaced by <em>Falstaff<\/em>, due to the large orchestra and chorus requirements for Wagner. <em>Falstaff<\/em>, originally scheduled for February, will now be presented on March 2, 7, 11, and 14.<\/p>\n<p>Interestingly, a new study by Fraunhofer Heinrich Institute &amp; Konzerthaus Dortmund has concluded that concert halls and theatres are safe when attendance is kept to 50% of capacity. Let\u2019s hope they are right! In Switzerland, Opernhaus Z\u00fcrich, Grand Th\u00e9\u00e2tre de Gen\u00e8ve, and Theater Basel are closed until at least Feb. 28. The Italian government has declared a State of Emergency to last until April 30. The Royal Swedish Opera has extended its closure until at least March 26. If the pandemic situation allows, the opera house will reopen for the premiere of <em>Ariadne auf Naxos<\/em> on March 27.<\/p>\n<p>Here\u2019s the latest courtesy of <span style=\"color: #ff0000\"><a style=\"color: #ff0000\" href=\"https:\/\/operawire.com\/\" target=\"_blank\" rel=\"noopener noreferrer\"><em>Opera Wire<\/em><\/a><\/span>: Wiener Staatsoper has postponed its Le nozze di Figaro (Feb. 1) and the premiere of Carmen (Feb. 7) to later dates (not yet announced.) Op\u00e9ra National de Paris has cancelled its concert of <em>Il Trovatore<\/em> at the Op\u00e9ra de Bastille, as well as chamber concerts (Feb. 11-25) at the Studio and Amphith\u00e9\u00e2tre Bastille. Additionally, the ballet program scheduled for February at the Palais Garnier and the Academy concert (Feb. 17) are cancelled. La Monnaie in Brussels announced that it will remain closed in February and will stream an all-Mozart program. Toulouse\u2019s Th\u00e9\u00e2tre du Capitole will remain closed into March, cancelling the scheduled <em>Pell\u00e9as et M\u00e9lisande<\/em>.<\/p>\n<p>A bit of good news \u2014 the Salzburg Easter Festival is going ahead with modifications. It opens April 2 with a Mozart choral concert conducted by Christian Thielemann, starring Golda Schultz and others. An orchestral concert of Grieg and Beethoven with Thielemann conducting pianist Denis Matsuev follows on April 3. Hilary Hahn headlines an orchestral concert of Mozart and Schumann conducted by Antonio Pappano (April 4). The festival ends on April 5 with a Gala Concert featuring Anna Netrebko, Golda Schultz and Yusif Eyvazov, performing excerpts from <em>Turandot<\/em>, conducted by Thielemann. Meanwhile, the peripatetic Netrebko returns to the Mariinsky Theatre on February 10 to sing Tatiana in<em> Eugene Onegin<\/em>, opposite Alexey Markov and Mikhail Petrenko, conducted by Valery Gergiev.<\/p>\n<p>The Russian diva has been the subject of some controversy lately, having appeared a few days ago in a video chat with Met General Manager Peter Gelb that drew the ire of the Met orchestra musicians who have not been paid since last April. The musicians responded by announcing a <span style=\"color: #ff0000\"><a style=\"color: #ff0000\" href=\"https:\/\/spotlight.metorchestramusicians.org\/#\/home\" target=\"_blank\" rel=\"noopener noreferrer\">virtual concert<\/a><\/span> (Feb. 21) with Romanian soprano Angela Gheorghiu, who has been supportive of the Met musicians. She sings \u201cSong to the Moon\u201d from<em> Rusalka<\/em> in a new arrangement for soprano and bass quintet, as well as \u201cOur Father\u201d by Anton Pann. She\u2019ll engage in a live chat at the end of the event. The musicians will also perform <em>Dvorak\u2019s String Quartet No. 2<\/em> in G major, Op. 77.<\/p>\n<p>On this side of the pond, the Met\u2019s nightly free streams continues its celebration of Black History Month for a second week, featuring African American singers Eric Owens, Leona Mitchell, Jessye Norman, Kathleen Battle, Harolyn Blackwell, Florence Quivar, and J\u2019Nai Bridges. All Met nightly streams start at 7:30 p.m. ET and are available for 23 hours. Opera Naples \u2014 that\u2019s Florida, not Italy \u2014 is going ahead with its in-house (!) Under the Stars Festival, featuring a recital (Mar. 10) with tenor Joseph Calleja as well as a production of <em>La Traviata<\/em> (Mar. 11, 13). Also scheduled is a concert <em>West Side Story<\/em> (Mar. 12) starring Isabel Leonard as Maria and Alex McKissick as Tony.<\/p>\n<p>Here are some interesting Video-On-Demand shows this week. American soprano Angel Blue, in her YouTube channel <em>Faithful Friday<\/em>, interviews tenor Lawrence Brownlee. Last week, I recommended tenor Isaiah Bell in his gender-bending adaptation of Poulenc\u2019s <em>La voix humaine<\/em>. This week it\u2019s soprano Miriam Khalil singing the same piece, unchanged, for Opera In Concert. Musicians of the Toronto Symphony Orchestra are offering performances on demand. Some of these shows require the purchase of a ticket. If you are able, show your support by purchasing a ticket in this very difficult time for the performing arts.<\/p>\n<h3><strong><span style=\"color: #ff0000\">Monday 8<\/span><\/strong><\/h3>\n<p><strong>Bayerische Staatsoper | Montagsstucke: Dairy of One Who Disappeared<\/strong> \u2014 2:15 p.m. ET. Tenor Pavol Breslik sings Jan\u00e1cek\u2019s song cycle as staged by Friederike Blum. The text tells the story of a young man who falls in love with a gypsy girl Zefka, and he decides to leave his family to be with her. An evocative work not often performed in Canada, however tenor Colin Ainsworth gave a powerful performance several years ago in Toronto. Breslik is accompanied by pianist Robert Pechanec. Free livestream. | <span style=\"color: #ff0000\"><a style=\"color: #ff0000\" href=\"https:\/\/www.staatsoper.de\/stueckinfo\/montagsstueck-xiii-tagebuch-eines-verschollenen\/2021-02-08-20-15.html\" target=\"_blank\" rel=\"noopener noreferrer\">Details<\/a><\/span><\/p>\n<p><strong>Wiener Staatsoper | The Nutcracker<\/strong> \u2014\u00a01 p.m. ET. Performance from October 7, 2012, the Nureyev-choreographed production starring Liudmila Konovalova, Vladimir Shishov, and the Corps des ballet of the Vienna State Ballet | <span style=\"color: #ff0000\"><a style=\"color: #ff0000\" href=\"https:\/\/play.wiener-staatsoper.at\/event\/968e0b73-7cec-4780-ba9b-034ece4639fc\" target=\"_blank\" rel=\"noopener noreferrer\">Details<\/a><\/span><\/p>\n<p><strong>University of Toronto Faculty of Music | U of T Festival of Song Presents Songs of Hope and Comfort<\/strong> \u2014\u00a05 p.m. ET. A collection of performances from U of T\u2019s Voice and Collaborative Piano Students under the guidance of John R. Stratton Visitor in Music, Steven Blier. The concert will be livestreamed, with a link available at closer to the start of the event. | <span style=\"color: #ff0000\"><a style=\"color: #ff0000\" href=\"https:\/\/www.ludwig-van.com\/toronto\/event\/university-toronto-festival-song-songs-hope-comfort-online\/\" target=\"_blank\" rel=\"noopener noreferrer\">Details<\/a><\/span><\/p>\n<p><strong>Met | Wagner\u2019s Das Rheingold<\/strong>. Starring Wendy Bryn Harmer, Stephanie Blythe, Patricia Bardon, Richard Croft, Gerhard Siegel, Dwayne Croft, Bryn Terfel, Eric Owens, Franz-Josef Selig, and Hans-Peter K\u00f6nig, conducted by James Levine. Production by Robert Lepage. From October 9, 2010. | <span style=\"color: #ff0000\"><a style=\"color: #ff0000\" href=\"https:\/\/www.metopera.org\/link\/8601ccf66b394032b83d5776cab34177.aspx?upc=811357015513\" target=\"_blank\" rel=\"noopener noreferrer\">Details<\/a><\/span><\/p>\n<h3><strong><span style=\"color: #ff0000\">Tuesday 9<\/span><\/strong><\/h3>\n<p><strong>Wiener Staatsoper | Don Giovanni<\/strong> \u2014\u00a01 p.m. ET. Performance from November 1, 2015, Adam Fischer conducts, starring Mariusz Kwiecien, Erwin Schrott, Marina Rebeka, Juliane Banse, and Benjamin Bruns. | <span style=\"color: #ff0000\"><a style=\"color: #ff0000\" href=\"https:\/\/play.wiener-staatsoper.at\/event\/503f1870-b9b8-42dd-b305-53da32279365\" target=\"_blank\" rel=\"noopener noreferrer\">Details<\/a><\/span><\/p>\n<p><strong>Met | Verdi\u2019s Ernani<\/strong>. Starring Leona Mitchell, Luciano Pavarotti, Sherrill Milnes, and Ruggero Raimondi, conducted by James Levine. Production by Pier Luigi Samaritani. From December 17, 1983. | <span style=\"color: #ff0000\"><a style=\"color: #ff0000\" href=\"https:\/\/www.metopera.org\/season\/on-demand\/opera\/?upc=811357011362\" target=\"_blank\" rel=\"noopener noreferrer\">Details<\/a><\/span><\/p>\n<h3><strong><span style=\"color: #ff0000\">Wednesday 10<\/span><\/strong><\/h3>\n<p><strong>Wiener Staatsoper | La Clemenza di Tito<\/strong> \u2014\u00a01 p.m. ET. Performance from April 4, 2016, Adam Fischer conducts, starring Benjamin Bruns, Caroline Wenborne, Margarita Gritskova, Hila Fahima, and Miriam Albano. | <span style=\"color: #ff0000\"><a style=\"color: #ff0000\" href=\"https:\/\/play.wiener-staatsoper.at\/event\/1ce883b8-d4ae-4d83-8e77-d68fd056a291\" target=\"_blank\" rel=\"noopener noreferrer\">Details<\/a><\/span><\/p>\n<p><strong>Met | Rossini\u2019s Il Barbiere di Siviglia<\/strong>. Starring Kathleen Battle, Rockwell Blake, Leo Nucci, Enzo Dara, and Ferruccio Furlanetto, conducted by Ralf Weikert. Production by John Cox. From December 3, 1988. | <span style=\"color: #ff0000\"><a style=\"color: #ff0000\" href=\"https:\/\/www.metopera.org\/season\/on-demand\/opera\/?upc=811357019771\" target=\"_blank\" rel=\"noopener noreferrer\">Details<\/a><\/span><\/p>\n<h3><strong><span style=\"color: #ff0000\">Thursday 11<\/span><\/strong><\/h3>\n<p><strong>Wiener Staatsoper | Mozart\u2019s Le nozze di Figaro<\/strong> \u2014\u00a01 p.m. ET. Performance from February 4, 2021. Philippe Jordan conducts, starring Andr\u00e8 Schuen, Federica Lombardi, Philippe Sly, Louise Alder, and Virginie Verrez. | <span style=\"color: #ff0000\"><a style=\"color: #ff0000\" href=\"https:\/\/play.wiener-staatsoper.at\/event\/f2af50d1-d29f-4502-945f-102e91559272\" target=\"_blank\" rel=\"noopener noreferrer\">Details<\/a><\/span><\/p>\n<p><strong>Met | Verdi\u2019s Un Ballo in Maschera<\/strong>. Starring Aprile Millo, Harolyn Blackwell, Florence Quivar, Luciano Pavarotti, and Leo Nucci, conducted by James Levine. Production by Piero Faggioni. From January 26, 1991. | <span style=\"color: #ff0000\"><a style=\"color: #ff0000\" href=\"https:\/\/www.metopera.org\/season\/on-demand\/opera\/?upc=811357012727\" target=\"_blank\" rel=\"noopener noreferrer\">Details<\/a><\/span><\/p>\n<h3><strong><span style=\"color: #ff0000\">Friday 12<\/span><\/strong><\/h3>\n<p><strong>Wiener Staatsoper | Mozart\u2019s The Magic Flute<\/strong> \u2014\u00a01 p.m. ET. Performance from January 4, 2015. Adam Fischer conducts, starring Benjamin Bruns, Olga Bezsmertna, \u00cdride Mart\u00ednez, Markus Werba, and Annika Gerhards. | <span style=\"color: #ff0000\"><a style=\"color: #ff0000\" href=\"https:\/\/play.wiener-staatsoper.at\/event\/5c5ac0e1-0487-4feb-8225-b783769885e5\" target=\"_blank\" rel=\"noopener noreferrer\">Details<\/a><\/span><\/p>\n<p><strong>Toronto Wagner Society | Interview of Michael Volle<\/strong> \u2014\u00a011 a.m. ET. Calling all Wagner lovers \u2014 Michael Volle, one of the great Wotan\u2019s of our time, joins the Toronto Wagner Society for a Zoom chat. Normally this event is limited to only members of the TWS, but this time, members of Wagner Societies in the US and the UK are invited, and this invitation is being extended to the general public at no charge. Those interested can <span style=\"color: #ff0000\"><a style=\"color: #ff0000\" href=\"info@torontowagnersociety.ca\" target=\"_blank\" rel=\"noopener noreferrer\">email<\/a><\/span> the Toronto Wagner Society closer to the date for the Zoom link.<\/p>\n<p><strong>Glenn Gould School\/Royal Conservatory | Rebanks Family Fellowship Concert<\/strong> \u2014\u00a07:30 p.m. ET. In this free livestream, artists of the GGS-RCM Rebanks Fellowship program perform a varied program of works by Handel, Bach, Liszt, Ravel, Mussorgsky and others. | <span style=\"color: #ff0000\"><a style=\"color: #ff0000\" href=\"https:\/\/www.ludwig-van.com\/toronto\/event\/glenn-gould-school-royal-conservatory-rebanks-family-fellowship-concert\/\" target=\"_blank\" rel=\"noopener noreferrer\">Details<\/a><\/span><\/p>\n<p><strong>Met | Philip Glass\u2019s Akhnaten<\/strong>. Starring D\u00edsella L\u00e1rusd\u00f3ttir, J\u2019Nai Bridges, Anthony Roth Costanzo, Aaron Blake, Will Liverman, Richard Bernstein, and Zachary James, conducted by Karen Kamensek. Production by Phelim McDermott. From November 23, 2019. | <span style=\"color: #ff0000\"><a style=\"color: #ff0000\" href=\"https:\/\/www.metopera.org\/season\/on-demand\/opera\/?upc=810004200920\" target=\"_blank\" rel=\"noopener noreferrer\">Details<\/a><\/span><\/p>\n<h3><strong><span style=\"color: #ff0000\">Saturday 13<\/span><\/strong><\/h3>\n<p><strong>Wiener Staatsoper | Mozart\u2019s The Abduction from the Seraglio<\/strong> \u2014\u00a01 p.m. ET. Performance from October 12, 2020. Antonello Manacorda conducts the Hans Neuenfels production, starring Lisette Oropesa, Christian Nickel, Regula M\u00fchlemann, Emanuela von Frankenberg, Stella Roberts, Daniel Behle, and others. | <span style=\"color: #ff0000\"><a style=\"color: #ff0000\" href=\"https:\/\/play.wiener-staatsoper.at\/event\/16483d02-b762-475b-9871-27552e6373f5\" target=\"_blank\" rel=\"noopener noreferrer\">Details<\/a><\/span><\/p>\n<p><strong>Met | Berlioz\u2019s Les Troyens<\/strong>. Starring Tatiana Troyanos, Jessye Norman, Pl\u00e1cido Domingo, and Allan Monk, conducted by James Levine. Production by Fabrizio Melano. From October 8, 1983. | <span style=\"color: #ff0000\"><a style=\"color: #ff0000\" href=\"https:\/\/www.metopera.org\/season\/on-demand\/opera\/?upc=811357011454\" target=\"_blank\" rel=\"noopener noreferrer\">Details<\/a><\/span><\/p>\n<h3><strong><span style=\"color: #ff0000\">Sunday 14<\/span><\/strong><\/h3>\n<p><strong>Met | Wagner\u2019s Die Walk\u00fcre<\/strong>. Starring Hildegard Behrens, Jessye Norman, Christa Ludwig, Gary Lakes, James Morris, and Kurt Moll, conducted by James Levine. Production by Otto Schenk. From April 8, 1989. | <span style=\"color: #ff0000\"><a style=\"color: #ff0000\" href=\"https:\/\/www.metopera.org\/season\/on-demand\/opera\/?upc=811357011584\" target=\"_blank\" rel=\"noopener noreferrer\">Details<\/a><\/span><\/p>\n<h3><strong>Video-on-demand performances:<\/strong><\/h3>\n<p>1) <strong>Toronto Symphony Orchestra | TSO On Demand<\/strong>. Available starting Feb. 12, musicians of the TSO led by concertmaster Jonathan Crow perform the Beethoven Septet; Schubert: String Trio in B-flat Major, D. 471 (First Movement); and a TSO commission \u2014 Emilie LeBel: Haareis auf Morschem Holz (Hair Ice On Rotten Wood). Tickets $20. | <span style=\"color: #ff0000\"><a style=\"color: #ff0000\" href=\"https:\/\/www.tso.ca\/OnDemand\" target=\"_blank\" rel=\"noopener noreferrer\">Details<\/a><\/span><\/p>\n<p>2) <strong>Faithful Friday with Angel Blue | Lawrence Brownlee<\/strong>. American soprano Angel Blue interviews \u201cKing of the High C\u201d Lawrence Brownlee, about life during the pandemic, his career, and his work as a social activist.<\/p>\n<div class=\"jetpack-video-wrapper\"><span class=\"embed-youtube\" style=\"text-align:center; display: block;\"><iframe loading=\"lazy\" class=\"youtube-player\" width=\"640\" height=\"360\" src=\"https:\/\/www.youtube.com\/embed\/H4MazrF7ErU?version=3&#038;rel=1&#038;showsearch=0&#038;showinfo=1&#038;iv_load_policy=1&#038;fs=1&#038;hl=en-US&#038;autohide=2&#038;start=139&#038;wmode=transparent\" allowfullscreen=\"true\" style=\"border:0;\" sandbox=\"allow-scripts allow-same-origin allow-popups allow-presentation\"><\/iframe><\/span><\/div>\n<p>3) <strong>Opera In Concert | Francis Poulenc\/Jean Cocteau: The Human Voice (Play &amp; Opera)<\/strong>. Available Feb. 5 to 12. Ticket: $20. A double-bill presentation \u2013 a monodrama by Jean Cocteau, The Voice, in English, featuring Chilina Kennedy, followed by a forty-minute, one-act opera by Francis Poulenc, La voix humaine, in French with English subtitles, featuring Miriam Khalil. Narmina Afandiyeva is the pianist. | <span style=\"color: #ff0000\"><a style=\"color: #ff0000\" href=\"http:\/\/www.operainconcert.com\/tickets.htm\" target=\"_blank\" rel=\"noopener noreferrer\">Details<\/a><\/span><\/p>\n<p>4) <strong>Oslo Philharmonic | Erich Wolfgang Korngold Violin Concerto<\/strong>. Premiered on Jan 21 and now on demand, violinist Guro Kleven Hagen and conductor Vasily Petrenko perform Korngold\u2019s Violin Concerto in D major.<\/p>\n<div class=\"jetpack-video-wrapper\"><span class=\"embed-youtube\" style=\"text-align:center; display: block;\"><iframe loading=\"lazy\" class=\"youtube-player\" width=\"640\" height=\"360\" src=\"https:\/\/www.youtube.com\/embed\/D104ctX1RXg?version=3&#038;rel=1&#038;showsearch=0&#038;showinfo=1&#038;iv_load_policy=1&#038;fs=1&#038;hl=en-US&#038;autohide=2&#038;wmode=transparent\" allowfullscreen=\"true\" style=\"border:0;\" sandbox=\"allow-scripts allow-same-origin allow-popups allow-presentation\"><\/iframe><\/span><\/div>\n<h3 class=\"western\"><em>#LUDWIGVAN<\/em><\/h3>\n<p class=\"western\"><em>Get the daily arts news straight to your inbox.<\/em><\/p>\n<h3 class=\"western\"><em>Sign up for the Ludwig van Daily\u00a0\u2014 classical music and opera in five minutes or less <\/em><span style=\"color: #ff0000\"><a style=\"color: #ff0000\" href=\"https:\/\/bowtie.mailbutler.io\/tracking\/hit\/583e6ce0-dfd0-48be-8a33-61256b3c58e3\/a01723d1-1d1d-44ee-9d0c-779ed93a798c\" target=\"_blank\" rel=\"noopener noreferrer\"><i>HERE<\/i><\/a><\/span><em>.<\/em><\/h3>\n","protected":false},"excerpt":{"rendered":"<p>Classical music and opera events streaming on the web for the week of February 8 \u2013 14.<\/p>\n","protected":false},"author":22,"featured_media":70349,"comment_status":"open","ping_status":"open","sticky":false,"template":"","format":"standard","meta":{"om_disable_all_campaigns":false,"jetpack_post_was_ever_published":false},"categories":[38476,76,19,35839,3895,43,63],"tags":[39339,4745,5644,31144,9494],"yst_prominent_words":[8962,39332,39326,39327,39335,39329,28125,36437,36025,39336,39331,39334,39333,39330,39328,36986,28584,39337,31121,35757],"acf":[],"jetpack_featured_media_url":"https:\/\/www.ludwig-van.com\/toronto\/wp-content\/uploads\/sites\/2\/2021\/02\/CP-_Feb8-feature_image.jpg","jetpack_sharing_enabled":true,"jetpack_shortlink":"https:\/\/wp.me\/p9bakr-iiE","amp_enabled":true,"_links":{"self":[{"href":"https:\/\/www.ludwig-van.com\/toronto\/wp-json\/wp\/v2\/posts\/70348"}],"collection":[{"href":"https:\/\/www.ludwig-van.com\/toronto\/wp-json\/wp\/v2\/posts"}],"about":[{"href":"https:\/\/www.ludwig-van.com\/toronto\/wp-json\/wp\/v2\/types\/post"}],"author":[{"embeddable":true,"href":"https:\/\/www.ludwig-van.com\/toronto\/wp-json\/wp\/v2\/users\/22"}],"replies":[{"embeddable":true,"href":"https:\/\/www.ludwig-van.com\/toronto\/wp-json\/wp\/v2\/comments?post=70348"}],"version-history":[{"count":4,"href":"https:\/\/www.ludwig-van.com\/toronto\/wp-json\/wp\/v2\/posts\/70348\/revisions"}],"predecessor-version":[{"id":70353,"href":"https:\/\/www.ludwig-van.com\/toronto\/wp-json\/wp\/v2\/posts\/70348\/revisions\/70353"}],"wp:featuredmedia":[{"embeddable":true,"href":"https:\/\/www.ludwig-van.com\/toronto\/wp-json\/wp\/v2\/media\/70349"}],"wp:attachment":[{"href":"https:\/\/www.ludwig-van.com\/toronto\/wp-json\/wp\/v2\/media?parent=70348"}],"wp:term":[{"taxonomy":"category","embeddable":true,"href":"https:\/\/www.ludwig-van.com\/toronto\/wp-json\/wp\/v2\/categories?post=70348"},{"taxonomy":"post_tag","embeddable":true,"href":"https:\/\/www.ludwig-van.com\/toronto\/wp-json\/wp\/v2\/tags?post=70348"},{"taxonomy":"yst_prominent_words","embeddable":true,"href":"https:\/\/www.ludwig-van.com\/toronto\/wp-json\/wp\/v2\/yst_prominent_words?post=70348"}],"curies":[{"name":"wp","href":"https:\/\/api.w.org\/{rel}","templated":true}]}}