{"id":70248,"date":"2021-02-01T10:34:38","date_gmt":"2021-02-01T15:34:38","guid":{"rendered":"https:\/\/www.ludwig-van.com\/toronto\/?p=70248"},"modified":"2021-02-01T10:34:38","modified_gmt":"2021-02-01T15:34:38","slug":"critics-picks-classical-opera-streams-absolutely-need-see-week-february-1-7","status":"publish","type":"post","link":"https:\/\/www.ludwig-van.com\/toronto\/2021\/02\/01\/critics-picks-classical-opera-streams-absolutely-need-see-week-february-1-7\/","title":{"rendered":"CRITIC&#8217;S PICKS | Classical And Opera Streams You Absolutely Need To See This Week: February 1 \u2013 7"},"content":{"rendered":"<figure id=\"attachment_70249\" aria-describedby=\"caption-attachment-70249\" style=\"width: 1200px\" class=\"wp-caption aligncenter\"><img decoding=\"async\" loading=\"lazy\" class=\"size-full wp-image-70249\" src=\"https:\/\/www.ludwig-van.com\/toronto\/wp-content\/uploads\/sites\/2\/2021\/02\/CP-_feb-1-feature-image.jpg\" alt=\"Classical music and opera events streaming on the web for the week of February 1 \u2013 7.\" width=\"1200\" height=\"628\" srcset=\"https:\/\/www.ludwig-van.com\/toronto\/wp-content\/uploads\/sites\/2\/2021\/02\/CP-_feb-1-feature-image.jpg 1200w, https:\/\/www.ludwig-van.com\/toronto\/wp-content\/uploads\/sites\/2\/2021\/02\/CP-_feb-1-feature-image-300x157.jpg 300w, https:\/\/www.ludwig-van.com\/toronto\/wp-content\/uploads\/sites\/2\/2021\/02\/CP-_feb-1-feature-image-1024x536.jpg 1024w, https:\/\/www.ludwig-van.com\/toronto\/wp-content\/uploads\/sites\/2\/2021\/02\/CP-_feb-1-feature-image-768x402.jpg 768w\" sizes=\"(max-width: 1200px) 100vw, 1200px\" \/><figcaption id=\"caption-attachment-70249\" class=\"wp-caption-text\">Classical music and opera events streaming on the web for the week of February 1 \u2013 7.<\/figcaption><\/figure>\n<h3><strong>Critic\u2019s Picks (February 1 &#8211; 7)<\/strong><\/h3>\n<p><em>\u201cWe live in an extraordinary Age\u201d \u2014 Carl Sagan<\/em>. COVID-19 continues to decimate our musical life, with a depressing start to 2021. Op\u00e9ra Royal de Wallonie-Li\u00e8ge canceled concerts by Juan Diego Fl\u00f3rez and Jonas Kaufmann due to pandemic measures by the government of Belgium. Opera houses in Darmstadt, Kassel, Wiesbaden, Marburg, Gie\u00dfen, Staatsoper Hannover, Deutsches Nationaltheater and Staatskapelle Weimar, Oper Frankfurt, Semperoper Dresden, and National-theater Mannheim, Deutsche Oper Am Rhein, Finnish National Opera \u2014 all closed for various lengths of time, and some won\u2019t reopen until Easter. The Palau de Les Arts Reina Sof\u00eda in Valencia, Spain announced that Daniele Gatti\u2019s Verdi <em>Requiem<\/em> is postponed to July 1 and the upcoming <em>Tristan und Isolde<\/em> will be replaced by <em>Falstaff<\/em>, due to the large orchestra and chorus requirements for the Wagner opera.<em> Falstaff<\/em>, originally scheduled for February, will now be presented on March 2, 7, 11, and 14.<\/p>\n<p>Interestingly, a new study by Fraunhofer Heinrich Institute &amp; Konzerthaus Dortmund has concluded that concert halls and theatres are safe when attendance is kept to 50% of capacity. Let\u2019s hope they are right! Opernhaus Z\u00fcrich, Grand Th\u00e9\u00e2tre de Gen\u00e8ve, and Theater Basel are closed until at least Feb. 28. The Italian government has declared a State of Emergency to last until April 30. The Royal Swedish Opera has extended its closure until at least March 26. If the pandemic situation allows, the opera house will reopen for the premiere of Richard Strauss\u2019 opera <em>Ariadne auf Naxos<\/em> on March 27.<\/p>\n<p>The Met Opera\u2019s nightly free streaming celebrates Black History Month by featuring performances given by many of the great African American singers, the likes of Leontyne Price, Jessye Norman, and Kathleen Battle. All Met nightly streams start at 7:30 p.m. ET and available for 23 hours. San Francisco Opera announced its screenings of <em>Tosca<\/em> originally from 2009 starring Canadian soprano Adrianne Pieczonka at the Fort Mason Flix Drive-In. Originally schedule for December, it is now scheduled for Feb. 12 and 13. The opera will be screened twice a day at 5 p.m. and 8 p.m., allowing for 98 cars per show, parked six feet apart. Masked required for anyone over 2 years old while outside the vehicle. However, going out is not encouraged except to use the facilities.<\/p>\n<p>An interesting and unusual lineup of Video-On-Demand this week. Tenor David Webb gives an intensely personal take in <em>Winter Journey<\/em>, highlighting the importance of mental healthcare. Remember Canadian soprano Ambur Braid? She\u2019s now a Fest artist at Oper Frankfurt, here singing arias and duets from <em>Butterfly<\/em> and <em>Tosca<\/em>. I am intrigued by a new documentary from the von Karajan Institute called <em>Two Geniuses: Karajan and Mozart<\/em>. Comparing the conductor with Mozart \u2014 brilliant or chutzpah? You decide. And don\u2019t miss Canadian tenor Isaiah Bell in <em>The Human Voice<\/em>, a gender-bending twist of <em>La voix humaine<\/em> and a fresh take on this classic work, updated to our time.<\/p>\n<h3><strong><span style=\"color: #ff0000\">Monday 1<\/span><\/strong><\/h3>\n<p><strong>Wigmore Hall | C\u00e9dric Tiberghien<\/strong> \u2014\u00a02:30 p.m. ET. A regular at Wigmore, the French pianist returns to play a program of Robert Schumann, Beethoven, and Webern. | <span style=\"color: #ff0000\"><a style=\"color: #ff0000\" href=\"https:\/\/www.youtube.com\/watch?v=ycH9dPEMLh4\" target=\"_blank\" rel=\"noopener noreferrer\">Details<\/a><\/span><\/p>\n<p><strong>Bayerische Staatsoper | Montagsstucke XII<\/strong> \u2014\u00a02:15 p.m. ET. The young dancers from the Bayerisches Junior Ballett Munich perform a triple bill, including a world premiere of Unsterbliche Geliebte by Austrian choreographer J\u00f6rg Mannes, set to Beethoven\u2019s Piano Concerto No. 4 in G major, Op. 58, and Martina La Ragione\u2019s UnHeaven, set to music by Carl Orff. | <span style=\"color: #ff0000\"><a style=\"color: #ff0000\" href=\"https:\/\/www.staatsoper.de\/stueckinfo\/montagsstueck-xii-bayerisches-junior-ballett-muenchen\/2021-02-01-20-15.html\" target=\"_blank\" rel=\"noopener noreferrer\">Details<\/a><\/span><\/p>\n<p><strong>Wiener Staatsoper | Mozart\u2019s Le nozze di Figaro<\/strong> \u2014\u00a09:30 a.m. ET (Live Stream). This is the venerable production by Jean-Pierre Ponnelle, starring Andr\u00e8 Schuen, Federica Lombardi, Louise Alder, Philippe Sly, and Virginie Verrez. Philippe Jordan conducts. Free but one-time registration required. | <span style=\"color: #ff0000\"><a style=\"color: #ff0000\" href=\"https:\/\/play.wiener-staatsoper.at\/calendar\" target=\"_blank\" rel=\"noopener noreferrer\">Details<\/a><\/span><\/p>\n<p><strong>Met | Gershwins\u2019 Porgy and Bess.<\/strong> Starring Angel Blue, Golda Schultz, Latonia Moore, Denyce Graves, Frederick Ballentine, Eric Owens, Alfred Walker, and Donovan Singletary, conducted by David Robertson. Production by James Robinson. From February 1, 2020. | <span style=\"color: #ff0000\"><a style=\"color: #ff0000\" href=\"https:\/\/www.metopera.org\/season\/on-demand\/opera\/?upc=810004200944\" target=\"_blank\" rel=\"noopener noreferrer\">Details<\/a><\/span><\/p>\n<h3><strong><span style=\"color: #ff0000\">Tuesday 2<\/span><\/strong><\/h3>\n<p><strong>Met | Verdi\u2019s La Forza del Destino.<\/strong> Starring Leontyne Price, Isola Jones, Giuseppe Giacomini, Leo Nucci, and Bonaldo Giaiotti, conducted by James Levine. Production by John Dexter. From March 24, 1984. One of the last performances of Price before retirement. | <span style=\"color: #ff0000\"><a style=\"color: #ff0000\" href=\"https:\/\/www.metopera.org\/season\/on-demand\/opera\/?upc=811357011423\" target=\"_blank\" rel=\"noopener noreferrer\">Details<\/a><\/span><\/p>\n<h3><strong><span style=\"color: #ff0000\">Wednesday 3<\/span><\/strong><\/h3>\n<p><strong>Met | Poulenc\u2019s Dialogues des Carm\u00e9lites<\/strong>. Starring Maria Ewing, Jessye Norman, Betsy Norden, R\u00e9gine Crespin, and Florence Quivar, conducted by Manuel Rosenthal. An inspired production by John Dexter, done on a very low budget in the mid \u201870s, and it remains one of the Met\u2019s most acclaimed. From April 4, 1987. | <span style=\"color: #ff0000\"><a style=\"color: #ff0000\" href=\"https:\/\/www.metopera.org\/season\/on-demand\/opera\/?upc=811357017937\" target=\"_blank\" rel=\"noopener noreferrer\">Details<\/a><\/span><\/p>\n<h3><strong><span style=\"color: #ff0000\">Thursday 4<\/span><\/strong><\/h3>\n<p><strong>Met | Rossini\u2019s La Cenerentola<\/strong>. Starring Elina Garan\u010da, Lawrence Brownlee, Simone Alberghini, Alessandro Corbelli, and John Relyea, conducted by Maurizio Benini. Production by Cesare Lievi. From May 9, 2009. | <span style=\"color: #ff0000\"><a style=\"color: #ff0000\" href=\"https:\/\/www.metopera.org\/season\/on-demand\/opera\/?upc=811357012628\" target=\"_blank\" rel=\"noopener noreferrer\">Details<\/a><\/span><\/p>\n<h3><strong><span style=\"color: #ff0000\">Friday 5<\/span><\/strong><\/h3>\n<p><strong>Met | Mozart\u2019s Le Nozze di Figaro<\/strong>. Starring Carol Vaness, Kathleen Battle, Frederica von Stade, Thomas Allen, and Ruggero Raimondi, conducted by James Levine. Production by Jean-Pierre Ponnelle. From December 14, 1985. | <span style=\"color: #ff0000\"><a style=\"color: #ff0000\" href=\"https:\/\/www.metopera.org\/season\/on-demand\/opera\/?upc=811357012406\" target=\"_blank\" rel=\"noopener noreferrer\">Details<\/a><\/span><\/p>\n<h3><strong><span style=\"color: #ff0000\">Saturday 6<\/span><\/strong><\/h3>\n<p><strong>San Francisco Opera | Wagner\u2019s Lohengrin<\/strong> \u2014\u00a07 a.m. ET. Tenor Brandon Jovanovich (Lohengrin), soprano Camilla Nylund (Elsa), mezzo Petra Lang (Ortrud), bass-baritone Gerd Grochowski (Telramund). Nicola Luisotti conducts. Available until 11:59 p.m. the next day. Free registration required <span style=\"color: #ff0000\"><a style=\"color: #ff0000\" href=\"https:\/\/sfopera.com\/\" target=\"_blank\" rel=\"noopener noreferrer\">here<\/a><\/span>. | <span style=\"color: #ff0000\"><a style=\"color: #ff0000\" href=\"https:\/\/sfopera.com\/opera-is-on\/streaming\/\" target=\"_blank\" rel=\"noopener noreferrer\">Details<\/a><\/span><\/p>\n<p><strong>Met Stars Live in Concert | Anna Netrebko<\/strong> \u2014\u00a01 p.m. ET. The Russian soprano performs live from the historic Spanish Riding School in Vienna, singing songs by Rachmaninoff, Rimsky-Korsakov, Tchaikovsky, Debussy, Dvo\u0159\u00e1k, Faur\u00e9 and Strauss, with pianist Pavel Nebolsin. Netrebko is joined by mezzo Elena Maximova for duets from Les Contes d\u2019Hoffmann and Queen of Spades. Available on demand for 14 days. Tickets $20 USD | <span style=\"color: #ff0000\"><a style=\"color: #ff0000\" href=\"https:\/\/www.metopera.org\/?gclid=Cj0KCQiA6t6ABhDMARIsAONIYyz_ZETkqzOt-IR84TfVARqwj4gy8gJgsSHfywdNhqL2Z75rAU8aIrcaAh4qEALw_wcB&amp;gclsrc=aw.ds\" target=\"_blank\" rel=\"noopener noreferrer\">Details<\/a><\/span><\/p>\n<p><strong>Met | Strauss\u2019s Ariadne auf Naxos<\/strong>. Starring Jessye Norman, Kathleen Battle, Tatiana Troyanos, and James King, conducted by James Levine. Production by Bodo Igesz. From March 12, 1988. | <span style=\"color: #ff0000\"><a style=\"color: #ff0000\" href=\"https:\/\/www.metopera.org\/season\/on-demand\/opera\/?upc=811357016664\" target=\"_blank\" rel=\"noopener noreferrer\">Details<\/a><\/span><\/p>\n<h3><strong><span style=\"color: #ff0000\">Sunday 7<\/span><\/strong><\/h3>\n<p><strong>Met | Puccini\u2019s Tosca<\/strong>. Starring Shirley Verrett, Luciano Pavarotti, and Cornell MacNeil, conducted by James Conlon. Directed by Tito Gobbi. From December 19, 1978. | <span style=\"color: #ff0000\"><a style=\"color: #ff0000\" href=\"https:\/\/www.metopera.org\/season\/on-demand\/opera\/?upc=811357013762\" target=\"_blank\" rel=\"noopener noreferrer\">Details<\/a><\/span><\/p>\n<h3><strong>Video-on-demand performances:<\/strong><\/h3>\n<p>1) <strong>Oper Frankfurt | B\u00fchne frei!<\/strong> Streamed Jan. 29, Canadian soprano Ambur Braid, a Fest artist at Oper Frankfurt, is joined by tenor A J Glueckert, mezzo Karolina Makula, and baritone Liviu Holender, in a recital of arias and duets from opera by Donizetti, Puccini, and Leh\u00e1r. Pianist is In Sun Suh.<\/p>\n<div class=\"jetpack-video-wrapper\"><span class=\"embed-youtube\" style=\"text-align:center; display: block;\"><iframe loading=\"lazy\" class=\"youtube-player\" width=\"640\" height=\"360\" src=\"https:\/\/www.youtube.com\/embed\/FhZ-kZC9LvQ?version=3&#038;rel=1&#038;showsearch=0&#038;showinfo=1&#038;iv_load_policy=1&#038;fs=1&#038;hl=en-US&#038;autohide=2&#038;start=10&#038;wmode=transparent\" allowfullscreen=\"true\" style=\"border:0;\" sandbox=\"allow-scripts allow-same-origin allow-popups allow-presentation\"><\/iframe><\/span><\/div>\n<p>2) <strong>NDR Elbphilharmonie Orchester Hamburg | Dvo\u0159\u00e1k &amp; Mahler<\/strong>. Streamed Dec. 18 and now on demand, cellist Gautier Capu\u00e7on plays Dvo\u0159\u00e1k&#8217;s Cello Concerto in B minor. This is followed by Alan Gilbert conducting Mahler&#8217;s Symphony No. 4 with soprano Anna Prohaska.<\/p>\n<div class=\"jetpack-video-wrapper\"><span class=\"embed-youtube\" style=\"text-align:center; display: block;\"><iframe loading=\"lazy\" class=\"youtube-player\" width=\"640\" height=\"360\" src=\"https:\/\/www.youtube.com\/embed\/2SKMuOjQ7VI?version=3&#038;rel=1&#038;showsearch=0&#038;showinfo=1&#038;iv_load_policy=1&#038;fs=1&#038;hl=en-US&#038;autohide=2&#038;wmode=transparent\" allowfullscreen=\"true\" style=\"border:0;\" sandbox=\"allow-scripts allow-same-origin allow-popups allow-presentation\"><\/iframe><\/span><\/div>\n<p>3) <strong>Wigmore Hall | Tenor David Webb\u2019s \u2018Winter Journey\u2019<\/strong>. Streamed Jan. 29, this concert is \u201cthe culmination of David Webb\u2019s personal \u2018Winter Journey\u2019, a 500-mile cycle ride over 12 days in the darkest month of the year to raise funds for mental health charities MIND and Music Minds Matter (Help Musicians UK).\u201d Webb speaks of his personal battle with mental illness. Winterreise \u201cdelves deep into humankind\u2019s propensity to feel, our emotional turmoil, grief, loss, depression and suicide with some of the most hauntingly beautiful music written.\u201d Webb is joined by tenors Alessandro Fisher and Rupert Charlesworth, and baritone Benedict Nelson. Iain Burnside is at the piano.<\/p>\n<div class=\"jetpack-video-wrapper\"><span class=\"embed-youtube\" style=\"text-align:center; display: block;\"><iframe loading=\"lazy\" class=\"youtube-player\" width=\"640\" height=\"360\" src=\"https:\/\/www.youtube.com\/embed\/s2deK3s5HGQ?version=3&#038;rel=1&#038;showsearch=0&#038;showinfo=1&#038;iv_load_policy=1&#038;fs=1&#038;hl=en-US&#038;autohide=2&#038;wmode=transparent\" allowfullscreen=\"true\" style=\"border:0;\" sandbox=\"allow-scripts allow-same-origin allow-popups allow-presentation\"><\/iframe><\/span><\/div>\n<p>4) <strong>Eliette and Herbert von Karajan Institute | Two Geniuses: Karajan &amp; Mozart<\/strong>. A new documentary from the Karajan Institute compares the conductor and the composer \u2013 \u201cboth born and raised in Salzburg, both musical geniuses.\u201d This documentary tries to uncover the similarities and differences between the two. Many artists interviewed, including Francisco Araiza, Paata Burchuladze, Ferruccio Furlanetto, Janet Perry, Anna Tomowa-Sintow, and Rolando Villazon. Is the comparison well considered or chutzpah? You decide.<\/p>\n<div class=\"jetpack-video-wrapper\"><span class=\"embed-youtube\" style=\"text-align:center; display: block;\"><iframe loading=\"lazy\" class=\"youtube-player\" width=\"640\" height=\"360\" src=\"https:\/\/www.youtube.com\/embed\/NYwHoTeev9s?version=3&#038;rel=1&#038;showsearch=0&#038;showinfo=1&#038;iv_load_policy=1&#038;fs=1&#038;hl=en-US&#038;autohide=2&#038;wmode=transparent\" allowfullscreen=\"true\" style=\"border:0;\" sandbox=\"allow-scripts allow-same-origin allow-popups allow-presentation\"><\/iframe><\/span><\/div>\n<p>5) <strong>Oslo Philharmonic | Sergei Rachmaninoff Piano Concerto No. 2<\/strong>. Streamed on Jan. 22 and now on demand, Norwegian pianist H\u00e5vard Gimse plays Rach 2, arguably the most beloved of all compositions by the Russian composer, conducted by Vasily Petrenko.<\/p>\n<div class=\"jetpack-video-wrapper\"><span class=\"embed-youtube\" style=\"text-align:center; display: block;\"><iframe loading=\"lazy\" class=\"youtube-player\" width=\"640\" height=\"360\" src=\"https:\/\/www.youtube.com\/embed\/eh2EHZBciLM?version=3&#038;rel=1&#038;showsearch=0&#038;showinfo=1&#038;iv_load_policy=1&#038;fs=1&#038;hl=en-US&#038;autohide=2&#038;wmode=transparent\" allowfullscreen=\"true\" style=\"border:0;\" sandbox=\"allow-scripts allow-same-origin allow-popups allow-presentation\"><\/iframe><\/span><\/div>\n<p>6) <strong>Bergen Philharmonic Orchestra | Wintermezzo: Lise Davidsen<\/strong>. This concert features the magnificent voice of Norwegian soprano Lise Davidsen, in a program of Sibelius Songs. Edward Garner conducts the Bergen Philharmonic. Also on the program is Sibelius Symphony No. 11. From Jan. 26 and now on demand. | <span style=\"color: #ff0000\"><a style=\"color: #ff0000\" href=\"https:\/\/www.operaonvideo.com\/lise-davidsen-sings-sibelius-bergen-2021\/\" target=\"_blank\" rel=\"noopener noreferrer\">Details<\/a><\/span><\/p>\n<p>7) <strong>City Opera Vancouver | The Human Voice: Isaiah Bell.<\/strong> Critic\u2019s Picks ends this week with something unusual, the work of a fine singer who is also a creative artist, tenor Isaiah Bell. He has written four(!) short operas, plus a one-man show, The Book of My Shames, which had a Toronto run two years ago. The Human Voice is his latest work, a gender-bending adaptation of Poulenc\u2019s La Voix Humaine, with a new libretto by the tenor. | <span style=\"color: #ff0000\"><a style=\"color: #ff0000\" href=\"http:\/\/cityoperavancouver.com\/category\/human-voice?fbclid=IwAR2eIhfS-sVAiSayP2HpPKw9P84VVo1-oVik5yHwfN8uCqeV6_lRt5sO5lA\" target=\"_blank\" rel=\"noopener noreferrer\">Details<\/a><\/span><\/p>\n<h3 class=\"western\"><em>#LUDWIGVAN<\/em><\/h3>\n<p class=\"western\"><em>Get the daily arts news straight to your inbox.<\/em><\/p>\n<h3 class=\"western\"><em>Sign up for the Ludwig van Daily\u00a0\u2014 classical music and opera in five minutes or less <\/em><span style=\"color: #ff0000\"><a style=\"color: #ff0000\" href=\"https:\/\/bowtie.mailbutler.io\/tracking\/hit\/583e6ce0-dfd0-48be-8a33-61256b3c58e3\/a01723d1-1d1d-44ee-9d0c-779ed93a798c\" target=\"_blank\" rel=\"noopener noreferrer\"><i>HERE<\/i><\/a><\/span><em>.<\/em><\/h3>\n","protected":false},"excerpt":{"rendered":"<p>Classical music and opera events streaming on the web for the week of February 1 \u2013 7.<\/p>\n","protected":false},"author":22,"featured_media":70249,"comment_status":"open","ping_status":"open","sticky":false,"template":"","format":"standard","meta":{"om_disable_all_campaigns":false,"jetpack_post_was_ever_published":false},"categories":[38476,76,19,35839,3895,43],"tags":[177,3767],"yst_prominent_words":[39186,7894,39189,28125,36437,36025,15776,39187,39190,39185,6835,18489,39193,22760,11835,6886,39191,6834,39188,39192],"acf":[],"jetpack_featured_media_url":"https:\/\/www.ludwig-van.com\/toronto\/wp-content\/uploads\/sites\/2\/2021\/02\/CP-_feb-1-feature-image.jpg","jetpack_sharing_enabled":true,"jetpack_shortlink":"https:\/\/wp.me\/p9bakr-ih2","amp_enabled":true,"_links":{"self":[{"href":"https:\/\/www.ludwig-van.com\/toronto\/wp-json\/wp\/v2\/posts\/70248"}],"collection":[{"href":"https:\/\/www.ludwig-van.com\/toronto\/wp-json\/wp\/v2\/posts"}],"about":[{"href":"https:\/\/www.ludwig-van.com\/toronto\/wp-json\/wp\/v2\/types\/post"}],"author":[{"embeddable":true,"href":"https:\/\/www.ludwig-van.com\/toronto\/wp-json\/wp\/v2\/users\/22"}],"replies":[{"embeddable":true,"href":"https:\/\/www.ludwig-van.com\/toronto\/wp-json\/wp\/v2\/comments?post=70248"}],"version-history":[{"count":1,"href":"https:\/\/www.ludwig-van.com\/toronto\/wp-json\/wp\/v2\/posts\/70248\/revisions"}],"predecessor-version":[{"id":70250,"href":"https:\/\/www.ludwig-van.com\/toronto\/wp-json\/wp\/v2\/posts\/70248\/revisions\/70250"}],"wp:featuredmedia":[{"embeddable":true,"href":"https:\/\/www.ludwig-van.com\/toronto\/wp-json\/wp\/v2\/media\/70249"}],"wp:attachment":[{"href":"https:\/\/www.ludwig-van.com\/toronto\/wp-json\/wp\/v2\/media?parent=70248"}],"wp:term":[{"taxonomy":"category","embeddable":true,"href":"https:\/\/www.ludwig-van.com\/toronto\/wp-json\/wp\/v2\/categories?post=70248"},{"taxonomy":"post_tag","embeddable":true,"href":"https:\/\/www.ludwig-van.com\/toronto\/wp-json\/wp\/v2\/tags?post=70248"},{"taxonomy":"yst_prominent_words","embeddable":true,"href":"https:\/\/www.ludwig-van.com\/toronto\/wp-json\/wp\/v2\/yst_prominent_words?post=70248"}],"curies":[{"name":"wp","href":"https:\/\/api.w.org\/{rel}","templated":true}]}}