{"id":70216,"date":"2021-01-25T10:40:31","date_gmt":"2021-01-25T15:40:31","guid":{"rendered":"https:\/\/www.ludwig-van.com\/toronto\/?p=70216"},"modified":"2021-01-25T10:40:31","modified_gmt":"2021-01-25T15:40:31","slug":"critics-picks-classical-opera-streams-absolutely-need-see-week-january-25-31","status":"publish","type":"post","link":"https:\/\/www.ludwig-van.com\/toronto\/2021\/01\/25\/critics-picks-classical-opera-streams-absolutely-need-see-week-january-25-31\/","title":{"rendered":"CRITIC&#8217;S PICKS | Classical And Opera Streams You Absolutely Need To See This Week: January 25 \u2013 31"},"content":{"rendered":"<figure id=\"attachment_70217\" aria-describedby=\"caption-attachment-70217\" style=\"width: 1200px\" class=\"wp-caption aligncenter\"><img decoding=\"async\" loading=\"lazy\" class=\"size-full wp-image-70217\" src=\"https:\/\/www.ludwig-van.com\/toronto\/wp-content\/uploads\/sites\/2\/2021\/01\/CP-_Jan-25-feature-image.jpg\" alt=\"Classical music and opera events streaming on the web for the week of January 25 \u2013 31.\" width=\"1200\" height=\"628\" srcset=\"https:\/\/www.ludwig-van.com\/toronto\/wp-content\/uploads\/sites\/2\/2021\/01\/CP-_Jan-25-feature-image.jpg 1200w, https:\/\/www.ludwig-van.com\/toronto\/wp-content\/uploads\/sites\/2\/2021\/01\/CP-_Jan-25-feature-image-300x157.jpg 300w, https:\/\/www.ludwig-van.com\/toronto\/wp-content\/uploads\/sites\/2\/2021\/01\/CP-_Jan-25-feature-image-1024x536.jpg 1024w, https:\/\/www.ludwig-van.com\/toronto\/wp-content\/uploads\/sites\/2\/2021\/01\/CP-_Jan-25-feature-image-768x402.jpg 768w\" sizes=\"(max-width: 1200px) 100vw, 1200px\" \/><figcaption id=\"caption-attachment-70217\" class=\"wp-caption-text\">Classical music and opera events streaming on the web for the week of January 25 \u2013 31.<\/figcaption><\/figure>\n<h3><strong>Critic\u2019s Picks (January 25 \u2013 31)<\/strong><\/h3>\n<p><em>\u201cWe live in an extraordinary Age\u201d \u2013 Carl Sagan.<\/em> Sadly, COVID-19 continues to decimate our musical life, with a depressing list of postponements and cancellations to start the new year. Op\u00e9ra Royal de Wallonie-Li\u00e8ge cancelled concerts by Juan Diego Fl\u00f3rez (Jan. 8) and Jonas Kaufmann (Jan. 10) due to pandemic measures by the government of Belgium. Opera houses in Darmstadt, Kassel, Wiesbaden, Marburg and Gie\u00dfen would remain closed until Easter. To that list now you can add Staatsoper Hannover, Deutsches Nationaltheater and Staatskapelle Weimar, Oper Frankfurt, Semperoper Dresden, and National-theater Mannheim. The Palau de Les Arts Reina Sof\u00eda in Valencia, Spain has announced the cancellation of its whole run of Verdi\u2019s <em>Falstaff<\/em> (Jan. 21 \u2013 31) due to COVID-19 cases in the production team.<\/p>\n<p>Interestingly, a new study in Dortmund by Fraunhofer Heinrich Institute &amp; Konzerthaus Dortmund has concluded that concert halls and theatres are not COVID superspreader venues when the proper precautions are taken. Let\u2019s hope they are right! Elsewhere, the Wiener Staatsoper has cancelled all performances until at least Jan. 28, on order from the Austrian federal government; Opernhaus Z\u00fcrich, Grand Th\u00e9\u00e2tre de Gen\u00e8ve, and Theater Basel are closed until at least Feb. 28, due to the Swiss federal authorities extending the lockdown. The Italian government has declared a State of Emergency to last until April 30. The Op\u00e9ra de Monte Carlo has updated performance times for its upcoming<em> Tha\u00efs<\/em> due to the new curfew imposed in Monaco.<\/p>\n<p>The Royal Swedish Opera has announced that it will extend closure until at least March 26, 2021, due to the current COVID-19 infection situation. If the pandemic situation allows, the opera house will reopen its doors for the premiere of Richard Strauss\u2019 opera <em>Ariadne auf Naxos<\/em> on March 27. According to <em>Opera Wire<\/em>, Teatro Massimo di Palermo will be livestreaming the opening of its 2021 season with the performance of the complex site-specific opera<em> Il Crepuscolo dei Sogni<\/em> on Jan. 26.<\/p>\n<p>The Met Opera\u2019s nightly free streaming features \u201cAntiheroes\u201d this week, with plenty of star singers giving their all \u2014 Jonas Kaufmann, Juan Diego Florez, Simon Keenlyside, \u017deljko Lu\u010di\u0107, Evgeny Nikitin and others. All Met nightly streams start at 7:30 p.m. ET and are available for 23 hours. On the Video-On-Demand front, a good choice is the recital by the great pianist Grigory Sokolov. COC audiences will be interested in the audio interview of both COC General Directors, the departing Alexander Neef and the incoming Perryn Leech. To hear opera stars of tomorrow, there are some terrific voices at the just concluded Vinas Vocal Competition from Barcelona. Finally, for fans of concept productions, here\u2019s a jaw-dropping treatment of the Puccini warhorse guaranteed to knock your socks off \u2014 you get two Toscas, in the persons of Angel Blue and a Norma Desmond-like Catherine Malfitano, courtesy of the 2019 Aix-en-Provence Festival.<\/p>\n<h3><strong><span style=\"color: #ff0000\">Monday 25<\/span><\/strong><\/h3>\n<p><strong>Bayerische Staatsoper | Montagsstucke XI: Sehnliches Verlangen (Ardent Desire)<\/strong> \u2014\u00a02:15 p.m. ET. Zubin Mehta conducts the Bayerisches Staatsorchester in Schubert\u2019s Great C Major Symphony. Soprano Camilla Nylund sings Richard Strauss\u2019s Vier letzte Lieder. | <span style=\"color: #ff0000\"><a style=\"color: #ff0000\" href=\"https:\/\/www.staatsoper.de\/stueckinfo\/montagsstueck-xi-sehnliches-verlangen-1\/2021-01-25-20-15-1.html\" target=\"_blank\" rel=\"noopener noreferrer\">Details<\/a><\/span><\/p>\n<p><strong>Wiener Staatsoper | Wagner\u2019s Die Walk\u00fcre<\/strong> \u2014\u00a01 p.m. ET. Performance from January 13, 2016. Adam Fischer conducts the production by Sven-Eric Bechtolf, starring Christopher Ventris, Ain Anger, Waltraud Meier, Linda Watson, and Tomasz Konieczny. One-time free registration required. | <span style=\"color: #ff0000\"><a style=\"color: #ff0000\" href=\"https:\/\/play.wiener-staatsoper.at\/calendar\" target=\"_blank\" rel=\"noopener noreferrer\">Details<\/a><\/span><\/p>\n<p><strong>Met | Mozart\u2019s Don Giovanni<\/strong>\u00a0Starring Hibla Gerzmava, Malin Bystr\u00f6m, Serena Malfi, Paul Appleby, Simon Keenlyside, Adam Plachetka, Matthew Rose, and Kwangchul Youn, conducted by Fabio Luisi. From October 22, 2016. | <span style=\"color: #ff0000\"><a style=\"color: #ff0000\" href=\"https:\/\/www.metopera.org\/season\/on-demand\/opera\/?upc=811357018750\" target=\"_blank\" rel=\"noopener noreferrer\">Details<\/a><\/span><\/p>\n<h3><strong><span style=\"color: #ff0000\">Tuesday 26<\/span><\/strong><\/h3>\n<p><strong>Teatro Massimo di Palermo | Il Crepuscolo dei Sogni (The Twilight of the Dreams)<\/strong> \u2014\u00a02 p.m. ET. Soprano Carmen Giannattasio, baritone Markus Werba, and bass-baritone Alexandros Stavrakakis star in this creation by director Johannes Erath, a site-specific performance for the 2021 opening of the Teatro Massimo season. \u201cEvery corner of the opera house becomes part of a wider stage, under a moonlight that transform everything it encounters\u2026a musical &#8220;winter journey&#8221; with music by Rossini, Verdi, Monteverdi, Schubert, Richard Strauss and many more.\u201d Teatro Massimo\u2019s Musical Director Omer Meir Wellber conducts. | <span style=\"color: #ff0000\"><a style=\"color: #ff0000\" href=\"https:\/\/www.teatromassimo.it\/eng\/on-stage\/concerts\/the-twilight-of-the-dreams.html\" target=\"_blank\" rel=\"noopener noreferrer\">Details<\/a><\/span><\/p>\n<p><strong>Met | Rossini\u2019s Le Comte Ory<\/strong>\u00a0Starring Diana Damrau, Joyce DiDonato, Susanne Resmark, Juan Diego Fl\u00f3rez, St\u00e9phane Degout, and Michele Pertusi, conducted by Maurizio Benini. From April 9, 2011. | <span style=\"color: #ff0000\"><a style=\"color: #ff0000\" href=\"https:\/\/www.metopera.org\/season\/on-demand\/opera\/?upc=811357014516\" target=\"_blank\" rel=\"noopener noreferrer\">Details<\/a><\/span><\/p>\n<h3><strong><span style=\"color: #ff0000\">Wednesday 27<\/span><\/strong><\/h3>\n<p><strong>Wigmore Hall | Holocaust Memorial Day Talk<\/strong> \u2014 5 a.m. ET. Many Hungarian Jewish musicians perished in the Holocaust. In this Holocause Memorial Day Talk, musicologist Dr Agnes Kory examines the lives of these musicians in Hungary prior to and after the Hungarian Nazi laws of 1938 and 1939, with musical interludes. Note the livestream is pre-dawn Toronto time, but it\u2019ll be available on demand. | <span style=\"color: #ff0000\"><a style=\"color: #ff0000\" href=\"https:\/\/www.youtube.com\/watch?v=H2gGdOvde4k\" target=\"_blank\" rel=\"noopener noreferrer\">Link<\/a><\/span><\/p>\n<p><strong>Met | Gounod\u2019s Faust<\/strong>\u00a0Starring Marina Poplavskaya, Jonas Kaufmann, and Ren\u00e9 Pape, conducted by Yannick N\u00e9zet-S\u00e9guin. From December 10, 2011. | <span style=\"color: #ff0000\"><a style=\"color: #ff0000\" href=\"https:\/\/www.metopera.org\/season\/on-demand\/opera\/?upc=811357015018\" target=\"_blank\" rel=\"noopener noreferrer\">Details<\/a><\/span><\/p>\n<h3><strong><span style=\"color: #ff0000\">Thursday 28<\/span><\/strong><\/h3>\n<p><strong>Tafelmusik Online Concert Hall | Close Encounters: Divertimento<\/strong> \u2014 8 p.m. ET. Members of Tafelmusik Baroque Orchestra (John Abberger oboe; Christopher Verrette violin; Patrick G. Jordan viola; Margaret Gay violoncello; Pippa Macmillan double bass) perform a program of works by Johann Michael Haydn, Johann Baptist Vanhal, Franz Anton Hoffmeister, and Franti\u0161ek Adam M\u00ed\u010da. Tickets: $20. | <span style=\"color: #ff0000\"><a style=\"color: #ff0000\" href=\"https:\/\/www.ludwig-van.com\/toronto\/event\/tafelmusik-divertimento\/\" target=\"_blank\" rel=\"noopener noreferrer\">Details<\/a><\/span><\/p>\n<p><strong>Met | Verdi\u2019s Falstaff<\/strong>\u00a0Starring Lisette Oropesa, Angela Meade, Stephanie Blythe, Jennifer Johnson Cano, Paolo Fanale, Ambrogio Maestri, and Franco Vassallo, conducted by James Levine. From December 14, 2013. | <span style=\"color: #ff0000\"><a style=\"color: #ff0000\" href=\"https:\/\/www.metopera.org\/season\/on-demand\/opera\/?upc=811357017036\" target=\"_blank\" rel=\"noopener noreferrer\">Details<\/a><\/span><\/p>\n<h3><strong><span style=\"color: #ff0000\">Friday 29<\/span><\/strong><\/h3>\n<p><strong>Berliner Philharmoniker Digital Concert Hall | Kirill Petrenko and Daniil Trifonov<\/strong> \u2014\u00a02 p.m. ET. The centrepiece is Trifonov playing the Prokofiev Piano Concerto No. 1. Plus a world premiere of Catamorphosis, by Icelandic composer Anna Thorvaldsd\u00f3ttir, commissioned jointly by the Berlin Phil and the Iceland Symphony Orchestra. A third piece is Josef Suk\u2019s tone poem A Summer\u2019s Tale. This is not free but Berlin Phil is worth it! You can purchase a ticket &#8211; various options, including free one-week trial. | <span style=\"color: #ff0000\"><a style=\"color: #ff0000\" href=\"https:\/\/www.digitalconcerthall.com\/en\/concert\/53139\" target=\"_blank\" rel=\"noopener noreferrer\">Details<\/a><\/span><\/p>\n<p><strong>Met | Wagner\u2019s Der Fliegende Holl\u00e4nder<\/strong>\u00a0Starring Anja Kampe, Mihoko Fujimura, Sergey Skorokhodov, David Portillo, Evgeny Nikitin, and Franz-Josef Selig, conducted by Valery Gergiev. From March 10, 2020. | <span style=\"color: #ff0000\"><a style=\"color: #ff0000\" href=\"https:\/\/www.metopera.org\/season\/on-demand\/opera\/?upc=810004200968\" target=\"_blank\" rel=\"noopener noreferrer\">Details<\/a><\/span><\/p>\n<h3><strong><span style=\"color: #ff0000\">Saturday 30<\/span><\/strong><\/h3>\n<p><strong>Met | Verdi\u2019s Rigoletto<\/strong> Starring Diana Damrau, Oksana Volkova, Piotr Becza\u0142a, \u017deljko Lu\u010di\u0107, and \u0160tefan Koc\u00e1n, conducted by Michele Mariotti. From February 16, 2013. | <span style=\"color: #ff0000\"><a style=\"color: #ff0000\" href=\"https:\/\/www.metopera.org\/season\/on-demand\/opera\/?upc=811357016022\" target=\"_blank\" rel=\"noopener noreferrer\">Details<\/a><\/span><\/p>\n<h3><span style=\"color: #ff0000\"><strong>Sunday 31<\/strong><\/span><\/h3>\n<p><strong>Teatro Massimo di Palermo | Concerto Prokofiev-Stravinsky<\/strong> 2 p.m. ET Livestreaming of a concert with mezzo Vasilisa Berzhanskaya, tenor Giulio Pelligra and bass Alexandros Stavrakakis, in a program of Sergej Prokofiev\u2019s Symphony No. 1 in D major op. 25, and Igor Stravinsky\u2019s \u201cPulcinella.\u201d Gabriele Ferro conducts the Teatro Massimo Orchestra. | <span style=\"color: #ff0000\"><a style=\"color: #ff0000\" href=\"https:\/\/www.teatromassimo.it\/eng\/on-stage\/concerts\/concerto-prokofiev-stravinsky.html\" target=\"_blank\" rel=\"noopener noreferrer\">Details<\/a><\/span><\/p>\n<p><strong>Met | Verdi\u2019s Macbeth<\/strong> Starring Maria Guleghina, Dimitri Pittas, \u017deljko Lu\u010di\u0107, and John Relyea, conducted by James Levine. From January 12, 2008. | <span style=\"color: #ff0000\"><a style=\"color: #ff0000\" href=\"https:\/\/www.metopera.org\/season\/on-demand\/opera\/?upc=811357011706\" target=\"_blank\" rel=\"noopener noreferrer\">Details<\/a><\/span><\/p>\n<h3><strong>Video-on-demand performances:<\/strong><\/h3>\n<p>1)<strong> Canadian Opera Company | Key Change Episode 6: Perryn Leech and Alexander Neef<\/strong> (audio podcast) Join co-hosts Robyn Grant-Moran and Julie McIsaac for an interesting chat with the COC&#8217;s departing General Director Alexander Neef and the company&#8217;s incoming top guy Perryn Leech. Hear their thoughts on opera and music in general, both as a music lover and as an intendant. You can either <span style=\"color: #ff0000\"><a style=\"color: #ff0000\" href=\"https:\/\/www.coc.ca\/KeyChange\" target=\"_blank\" rel=\"noopener noreferrer\">listen to the show<\/a><\/span>, or if you prefer, <span style=\"color: #ff0000\"><a style=\"color: #ff0000\" href=\"https:\/\/cdn.agilitycms.com\/canadian-opera-company-v2\/2020-2021\/keychange\/Key%20Change%20Ep.%206%20Transcription.pdf\" target=\"_blank\" rel=\"noopener noreferrer\">download<\/a><\/span> the 16-page transcript of the podcast.<\/p>\n<p>2) <strong>WDR Klassik | WDR Symphony Orchestra<\/strong> Recorded live on Jan. 15 at the K\u00f6lner Philharmonie and now on demand, Baiba Skride plays Mendelssohn\u2019s Violin Concerto in E minor. Andris Poga conducts.<\/p>\n<div class=\"jetpack-video-wrapper\"><span class=\"embed-youtube\" style=\"text-align:center; display: block;\"><iframe loading=\"lazy\" class=\"youtube-player\" width=\"640\" height=\"360\" src=\"https:\/\/www.youtube.com\/embed\/bU_uWSTXqtg?version=3&#038;rel=1&#038;showsearch=0&#038;showinfo=1&#038;iv_load_policy=1&#038;fs=1&#038;hl=en-US&#038;autohide=2&#038;wmode=transparent\" allowfullscreen=\"true\" style=\"border:0;\" sandbox=\"allow-scripts allow-same-origin allow-popups allow-presentation\"><\/iframe><\/span><\/div>\n<p>3) <strong>Wigmore Hall | Alina Ibragimova and C\u00e9dric Tiberghien<\/strong> Streamed on Jan. 19 and available on demand, the violin-piano duo perform Mendelssohn\u2019s Violin Sonata in F; Prokofiev 5 Melodies Op. 35bis; and Franck Sonata in A for violin and piano.<\/p>\n<div class=\"jetpack-video-wrapper\"><span class=\"embed-youtube\" style=\"text-align:center; display: block;\"><iframe loading=\"lazy\" class=\"youtube-player\" width=\"640\" height=\"360\" src=\"https:\/\/www.youtube.com\/embed\/5S2RzAAJEBk?version=3&#038;rel=1&#038;showsearch=0&#038;showinfo=1&#038;iv_load_policy=1&#038;fs=1&#038;hl=en-US&#038;autohide=2&#038;wmode=transparent\" allowfullscreen=\"true\" style=\"border:0;\" sandbox=\"allow-scripts allow-same-origin allow-popups allow-presentation\"><\/iframe><\/span><\/div>\n<p>4) <strong>The World Human Rights Concert 2020 | Grigory Sokolov<\/strong>\u00a0To celebrate the 75th anniversary of the United Nations, this recital, livestreamed on December 12 is now available on demand. It took place in the Human Rights Chamber of the Palais des Nations in Geneva, Switzerland. The great Grigory Sokolov gives a recital of Schumann and Chopin.<\/p>\n<div class=\"jetpack-video-wrapper\"><span class=\"embed-youtube\" style=\"text-align:center; display: block;\"><iframe loading=\"lazy\" class=\"youtube-player\" width=\"640\" height=\"360\" src=\"https:\/\/www.youtube.com\/embed\/PxNTOyWBwco?version=3&#038;rel=1&#038;showsearch=0&#038;showinfo=1&#038;iv_load_policy=1&#038;fs=1&#038;hl=en-US&#038;autohide=2&#038;wmode=transparent\" allowfullscreen=\"true\" style=\"border:0;\" sandbox=\"allow-scripts allow-same-origin allow-popups allow-presentation\"><\/iframe><\/span><\/div>\n<p>5) <strong>Gran Teatre del Liceu | 58\u00c8 Concurs Tenor Vi\u00f1as: Concert Final<\/strong> This vocal competition took place on the stage of the Liceu on January 24, featuring some terrific young voices of the future: Carmen Artaza, Olga Syniakova, Enrique Alcantara, Vasily Sokolov, My Chuan, Inna Demenkova. Quite an accomplishment to put this on in the middle of a pandemic!<\/p>\n<div class=\"jetpack-video-wrapper\"><span class=\"embed-youtube\" style=\"text-align:center; display: block;\"><iframe loading=\"lazy\" class=\"youtube-player\" width=\"640\" height=\"360\" src=\"https:\/\/www.youtube.com\/embed\/XUEoxDD21qQ?version=3&#038;rel=1&#038;showsearch=0&#038;showinfo=1&#038;iv_load_policy=1&#038;fs=1&#038;hl=en-US&#038;autohide=2&#038;wmode=transparent\" allowfullscreen=\"true\" style=\"border:0;\" sandbox=\"allow-scripts allow-same-origin allow-popups allow-presentation\"><\/iframe><\/span><\/div>\n<p>6) <strong>Aix en Provence | Tosca<\/strong> Finally, here\u2019s a 2019 Aix-en-Provence Festival Tosca, in a jaw-dropping production by Christophe Honor\u00e9. Totally original for sure, with beautiful singing, particularly from Angel Blue as Tosca. But Blue had to share the spotlight with another diva\u00a0\u2014\u00a0a Norma Desmond-like former Tosca (Catherine Malfitano) trying to relive her glory. Quite an outrageous premise. Joseph Calleja is Cavaradossi and Alexey Markov is Scarpia. Genius or travesty? You decide.<\/p>\n<div class=\"jetpack-video-wrapper\"><span class=\"embed-youtube\" style=\"text-align:center; display: block;\"><iframe loading=\"lazy\" class=\"youtube-player\" width=\"640\" height=\"360\" src=\"https:\/\/www.youtube.com\/embed\/0SyyQ7_hJJ4?version=3&#038;rel=1&#038;showsearch=0&#038;showinfo=1&#038;iv_load_policy=1&#038;fs=1&#038;hl=en-US&#038;autohide=2&#038;wmode=transparent\" allowfullscreen=\"true\" style=\"border:0;\" sandbox=\"allow-scripts allow-same-origin allow-popups allow-presentation\"><\/iframe><\/span><\/div>\n<h3 class=\"western\"><em>#LUDWIGVAN<\/em><\/h3>\n<p class=\"western\"><em>Get the daily arts news straight to your inbox.<\/em><\/p>\n<h3 class=\"western\"><em>Sign up for the Ludwig van Daily\u00a0\u2014 classical music and opera in five minutes or less <\/em><span style=\"color: #ff0000\"><a style=\"color: #ff0000\" href=\"https:\/\/bowtie.mailbutler.io\/tracking\/hit\/583e6ce0-dfd0-48be-8a33-61256b3c58e3\/a01723d1-1d1d-44ee-9d0c-779ed93a798c\" target=\"_blank\" rel=\"noopener noreferrer\"><i>HERE<\/i><\/a><\/span><em>.<\/em><\/h3>\n","protected":false},"excerpt":{"rendered":"<p>Classical music and opera events streaming on the web for the week of January 25 \u2013 31.<\/p>\n","protected":false},"author":22,"featured_media":70217,"comment_status":"open","ping_status":"open","sticky":false,"template":"","format":"standard","meta":{"om_disable_all_campaigns":false,"jetpack_post_was_ever_published":false},"categories":[38476,74,76,19,35839,3895,38,43],"tags":[223,825,38608,3223],"yst_prominent_words":[14776,7623,37325,28125,39111,39113,39108,21219,39109,36946,39110,39107,13725,27956,6886,39114,38930,39106,35763,39112],"acf":[],"jetpack_featured_media_url":"https:\/\/www.ludwig-van.com\/toronto\/wp-content\/uploads\/sites\/2\/2021\/01\/CP-_Jan-25-feature-image.jpg","jetpack_sharing_enabled":true,"jetpack_shortlink":"https:\/\/wp.me\/p9bakr-igw","amp_enabled":true,"_links":{"self":[{"href":"https:\/\/www.ludwig-van.com\/toronto\/wp-json\/wp\/v2\/posts\/70216"}],"collection":[{"href":"https:\/\/www.ludwig-van.com\/toronto\/wp-json\/wp\/v2\/posts"}],"about":[{"href":"https:\/\/www.ludwig-van.com\/toronto\/wp-json\/wp\/v2\/types\/post"}],"author":[{"embeddable":true,"href":"https:\/\/www.ludwig-van.com\/toronto\/wp-json\/wp\/v2\/users\/22"}],"replies":[{"embeddable":true,"href":"https:\/\/www.ludwig-van.com\/toronto\/wp-json\/wp\/v2\/comments?post=70216"}],"version-history":[{"count":4,"href":"https:\/\/www.ludwig-van.com\/toronto\/wp-json\/wp\/v2\/posts\/70216\/revisions"}],"predecessor-version":[{"id":70221,"href":"https:\/\/www.ludwig-van.com\/toronto\/wp-json\/wp\/v2\/posts\/70216\/revisions\/70221"}],"wp:featuredmedia":[{"embeddable":true,"href":"https:\/\/www.ludwig-van.com\/toronto\/wp-json\/wp\/v2\/media\/70217"}],"wp:attachment":[{"href":"https:\/\/www.ludwig-van.com\/toronto\/wp-json\/wp\/v2\/media?parent=70216"}],"wp:term":[{"taxonomy":"category","embeddable":true,"href":"https:\/\/www.ludwig-van.com\/toronto\/wp-json\/wp\/v2\/categories?post=70216"},{"taxonomy":"post_tag","embeddable":true,"href":"https:\/\/www.ludwig-van.com\/toronto\/wp-json\/wp\/v2\/tags?post=70216"},{"taxonomy":"yst_prominent_words","embeddable":true,"href":"https:\/\/www.ludwig-van.com\/toronto\/wp-json\/wp\/v2\/yst_prominent_words?post=70216"}],"curies":[{"name":"wp","href":"https:\/\/api.w.org\/{rel}","templated":true}]}}