{"id":70184,"date":"2021-01-18T10:23:35","date_gmt":"2021-01-18T15:23:35","guid":{"rendered":"https:\/\/www.ludwig-van.com\/toronto\/?p=70184"},"modified":"2021-01-18T10:23:35","modified_gmt":"2021-01-18T15:23:35","slug":"critics-picks-classical-and-opera-streams-you-absolutely-need-to-see-this-week-january-18-24","status":"publish","type":"post","link":"https:\/\/www.ludwig-van.com\/toronto\/2021\/01\/18\/critics-picks-classical-and-opera-streams-you-absolutely-need-to-see-this-week-january-18-24\/","title":{"rendered":"CRITIC&#8217;S PICKS | Classical And Opera Streams You Absolutely Need To See This Week: January 18 \u2013 24"},"content":{"rendered":"<figure id=\"attachment_70185\" aria-describedby=\"caption-attachment-70185\" style=\"width: 1200px\" class=\"wp-caption aligncenter\"><img decoding=\"async\" loading=\"lazy\" class=\"size-full wp-image-70185\" src=\"https:\/\/www.ludwig-van.com\/toronto\/wp-content\/uploads\/sites\/2\/2021\/01\/CP-_Jan-18.jpg\" alt=\"Classical music and opera events streaming on the web for the week of January 18 \u2013 24.\" width=\"1200\" height=\"628\" srcset=\"https:\/\/www.ludwig-van.com\/toronto\/wp-content\/uploads\/sites\/2\/2021\/01\/CP-_Jan-18.jpg 1200w, https:\/\/www.ludwig-van.com\/toronto\/wp-content\/uploads\/sites\/2\/2021\/01\/CP-_Jan-18-300x157.jpg 300w, https:\/\/www.ludwig-van.com\/toronto\/wp-content\/uploads\/sites\/2\/2021\/01\/CP-_Jan-18-1024x536.jpg 1024w, https:\/\/www.ludwig-van.com\/toronto\/wp-content\/uploads\/sites\/2\/2021\/01\/CP-_Jan-18-768x402.jpg 768w\" sizes=\"(max-width: 1200px) 100vw, 1200px\" \/><figcaption id=\"caption-attachment-70185\" class=\"wp-caption-text\">Classical music and opera events streaming on the web for the week of January 18 \u2013 24.<\/figcaption><\/figure>\n<h3><strong>Critic\u2019s Picks (January 18 &#8211; 24)<\/strong><\/h3>\n<p><em>\u201cWe live in an extraordinary Age\u201d \u2013 Carl Sagan.<\/em> Sadly, COVID-19 continues to decimate our musical life, with a depressing list of postponements and cancellations. The Op\u00e9ra Royal de Wallonie-Li\u00e8ge cancelled concerts by Juan Diego Fl\u00f3rez (Jan. 8) and Jonas Kaufmann (Jan. 10) due to pandemic measures by the government of Belgium. Last week, it was announced that German opera houses in Darmstadt, Kassel, Wiesbaden, Marburg and Gie\u00dfen would remain closed until Easter. To that list, you can now add Staatsoper Hannover, Deutsches Nationaltheater and Staatskapelle Weimar, Oper Frankfurt, and Semperoper Dresden, with the last house cancelling its entire 2020-21 season. Interestingly, a new study in Dortmund, by Fraunhofer Heinrich Institute &amp; Konzerthaus Dortmund, has concluded that concert halls and theatres are not COVID superspreader venues when the proper precautions are taken. Let\u2019s hope they are right!<\/p>\n<p>Elsewhere, the Wiener Staatsoper has cancelled all performances until at least Jan. 28, on order from the Austrian federal government; Opernhaus Z\u00fcrich, Grand Th\u00e9\u00e2tre de Gen\u00e8ve, and Theater Basel are closed until at least Feb. 28, due to the Swiss federal authorities extending the lockdown. The Italian government has declared a State of Emergency to last until April 30. The Op\u00e9ra de Monte Carlo has updated performance times for its upcoming <em>Tha\u00efs<\/em> due to the new curfew imposed in Monaco.<\/p>\n<p>A few events are still going ahead, but these are rare exceptions. The Met Stars Live in Concert event in Germany with Sondra Radvanovsky and Piotr Beczala on Jan. 23 is still on. New Orleans Opera has announced plans to present a virtual concert starring American tenor and New Orleans residents Bryan Hymel and his wife, soprano Irini Kyriakidou. The Met Opera\u2019s nightly free streaming soldiers on. Now in its 45th week, the theme this week is \u201cLeading Ladies: Opera\u2019s Greatest Heroines.\u201d Norma, Tosca, Carmen, Violetta, Lucia, Sieglinde, and Brunnhilde are the usual suspects when it comes to larger-than-life opera heroines, and we have great performances coming from Anna Netrebko, Sondra Radvanovsky, Diana Damrau, Hildegarde Behrens and others. All Met nightly streams start at 7:30 p.m. ET and are available for 23 hours.<\/p>\n<p>On the Video On Demand front, there is a slowing down of new material, perhaps a reflection of COVID fatigue? Song lovers will want to catch American baritone and Lieder specialist Thomas Hampson interviewing two Schubert scholars Graham Johnson and Susan Youens. Sondra Radvanovsky and Keri Alkema of the Screaming Divas speak with American icon Marilyn Horne about her career as singer and teacher. And the Vancouver Symphony Orchestra is presenting several programs on Mozart, on a pay per view basis.<\/p>\n<h3><span style=\"color: #ff0000\"><strong>Monday 18<\/strong><\/span><\/h3>\n<p><strong>Bayerische Staatsoper | Montagsstucke: Sch\u00f6n ist die Welt (How Fair the World)<\/strong> \u2014\u00a02:15 p.m. ET. Franz Leh\u00e1r\u2019s operetta, staged by Tobias Ribitzki. Friedrich Haider conducts. Julia Kleiter sings Prinzessin Elisabeth, and Sebastian Kohlhepp is Kronprinz Georg. Available for the next 30 days. | <span style=\"color: #ff0000\"><a style=\"color: #ff0000\" href=\"https:\/\/www.staatsoper.de\/stueckinfo\/montagsstueck-x-schoen-ist-die-welt\/2021-01-18-20-15-1.html\" target=\"_blank\" rel=\"noopener noreferrer\">Details<\/a><\/span><\/p>\n<p><strong>Wiener Staatsoper | Giselle (ballet)<\/strong> \u2014\u00a01 p.m. ET. This performance came from Sept 28, 2017, conducted by Valery Ovsyanikov. The lovers are Nina Pol\u00e1kov\u00e1 (Giselle) and Masayu Kimoto (Albrecht). | <span style=\"color: #ff0000\"><a style=\"color: #ff0000\" href=\"https:\/\/play.wiener-staatsoper.at\/event\/bfed8cc7-f022-4ac1-a082-0e4605b774a4\" target=\"_blank\" rel=\"noopener noreferrer\">Details<\/a><\/span><\/p>\n<p><strong>Met | Bizet\u2019s Carmen.<\/strong> Starring Anita Hartig, Anita Rachvelishvili, Aleksandrs Antonenko, and Ildar Abdrazakov, conducted by Pablo Heras-Casado. From November 1, 2014. | <span style=\"color: #ff0000\"><a style=\"color: #ff0000\" href=\"https:\/\/www.metopera.org\/season\/on-demand\/opera\/?upc=811357017654\" target=\"_blank\" rel=\"noopener noreferrer\">Details<\/a><\/span><\/p>\n<h3><span style=\"color: #ff0000\"><strong>Tuesday 19<\/strong><\/span><\/h3>\n<p><strong>The Arts Arena | James Conlon: A Live in Classical Music<\/strong> \u2014\u00a01 p.m. ET. American conductor James Conlon shares his thoughts on his Trans-Atlantic life in classical music, from Paris Op\u00e9ra to the Los Angeles Opera. The talk was given on January 15, 2016 in Paris and will be available for streaming. | <span style=\"color: #ff0000\"><a style=\"color: #ff0000\" href=\"https:\/\/www.youtube.com\/playlist?list=PLTR3uQpnw631imzEp_8jTXPV_A-smfT41\" target=\"_blank\" rel=\"noopener noreferrer\">Details<\/a><\/span><\/p>\n<p><strong>Met | Donizetti\u2019s Lucia di Lammermoor.<\/strong> Starring Anna Netrebko, Piotr Becza\u0142a, Mariusz Kwiecie\u0144, and Ildar Abdrazakov, conducted by Marco Armiliato. From February 7, 2009. | <span style=\"color: #ff0000\"><a style=\"color: #ff0000\" href=\"https:\/\/www.metopera.org\/season\/on-demand\/opera\/?upc=811357012314\" target=\"_blank\" rel=\"noopener noreferrer\">Details<\/a><\/span><\/p>\n<h3><strong><span style=\"color: #ff0000\">Wednesday 20<\/span><\/strong><\/h3>\n<p><strong>Met | Bellini\u2019s Norma.<\/strong> Starring Sondra Radvanovsky, Joyce DiDonato, Joseph Calleja, and Matthew Rose, conducted by Carlo Rizzi. From October 7, 2017. | <span style=\"color: #ff0000\"><a style=\"color: #ff0000\" href=\"https:\/\/www.metopera.org\/season\/on-demand\/opera\/?upc=811357019306\" target=\"_blank\" rel=\"noopener noreferrer\">Details<\/a><\/span><\/p>\n<h3><strong><span style=\"color: #ff0000\">Thursday 21<\/span><\/strong><\/h3>\n<p><strong>Met | Verdi\u2019s La Traviata<\/strong>. Starring Natalie Dessay, Matthew Polenzani, and Dmitri Hvorostovsky, conducted by Fabio Luisi. From April 14, 2012. | <span style=\"color: #ff0000\"><a style=\"color: #ff0000\" href=\"https:\/\/www.metopera.org\/season\/on-demand\/opera\/?upc=811357015179\" target=\"_blank\" rel=\"noopener noreferrer\">Details<\/a><\/span><\/p>\n<h3><span style=\"color: #ff0000\"><strong>Friday 22<\/strong><\/span><\/h3>\n<p><strong>Met | Puccini\u2019s Tosca<\/strong>. Starring Hildegard Behrens, Pl\u00e1cido Domingo, and Cornell MacNeil, conducted by Giuseppe Sinopoli. From March 27, 1985. | <span style=\"color: #ff0000\"><a style=\"color: #ff0000\" href=\"https:\/\/www.metopera.org\/season\/on-demand\/opera\/?upc=811357011522\" target=\"_blank\" rel=\"noopener noreferrer\">Details<\/a><\/span><\/p>\n<h3><strong><span style=\"color: #ff0000\">Saturday 23<\/span><\/strong><\/h3>\n<p><strong>Berliner Philharmoniker Digital Concert Hall | Daniele Gatti Conducts Stravinsky and Shostakovich<\/strong> \u2014\u00a01 p.m. ET. On the program is Stravinsky\u2019s Apollon musag\u00e8te (revised version from 1947), and Shostakovich\u2019s Symphony No. 5 in D minor, op. 47. | <span style=\"color: #ff0000\"><a style=\"color: #ff0000\" href=\"https:\/\/www.digitalconcerthall.com\/en\/concert\/53138\" target=\"_blank\" rel=\"noopener noreferrer\">Details<\/a><\/span><\/p>\n<p><strong>Met Stars Live in Concert | Piotr Beczala and Sondra Radvanovsky<\/strong> \u2014\u00a01 p.m. ET. Live from Germany\u2019s historic Stadthalle Wuppertal, Radvanovsky and Brczala sing a program of arias and duets from operas by Verdi, Giordano, Puccini, Cilea, Moniuszko, and Dvorak. Vincenzo Scalera is the pianist. Ticket is $20 USD. | <span style=\"color: #ff0000\"><a style=\"color: #ff0000\" href=\"https:\/\/metstarslive.brightcove-services.com\/events\/6168651046001\" target=\"_blank\" rel=\"noopener noreferrer\">Details<\/a><\/span><\/p>\n<p><strong>Met | Massenet\u2019s Manon<\/strong>. Starring Lisette Oropesa, Michael Fabiano, Carlo Bosi, Artur Ruci\u0144ski, Brett Polegato, and Kwangchul Youn, conducted by Maurizio Benini. From October 26, 2019. | <span style=\"color: #ff0000\"><a style=\"color: #ff0000\" href=\"https:\/\/www.metopera.org\/season\/on-demand\/opera\/?upc=810004200906\" target=\"_blank\" rel=\"noopener noreferrer\">Details<\/a><\/span><\/p>\n<h3><strong><span style=\"color: #ff0000\">Sunday 24<\/span><\/strong><\/h3>\n<p><strong>Met | Wagner\u2019s Die Walk\u00fcre<\/strong>. Starring Deborah Voigt, Eva-Maria Westbroek, Stephanie Blythe, Jonas Kaufmann, Bryn Terfel, and Hans-Peter K\u00f6nig, conducted by James Levine. From May 14, 2011. | <span style=\"color: #ff0000\"><a style=\"color: #ff0000\" href=\"https:\/\/www.metopera.org\/season\/on-demand\/opera\/?upc=811357015483\" target=\"_blank\" rel=\"noopener noreferrer\">Details<\/a><\/span><\/p>\n<h3><strong>Video-on-demand performances:<\/strong><\/h3>\n<p>1) <strong>Royal Swedish Opera | La Passion de Simone<\/strong>. Premiered on Jan. 16 and available for six months, this oratorio by Kaaja Saariaho on the French-Jewish philosopher and mystic Simone Weil features mezzo Anne Sophie von Otter. Christian Karlsen conducts. COC audiences will remember Saariaho\u2019s L\u2019amour de loin, staged a few seasons ago starring the late Erin Wall. Saariaho talks about her work.<\/p>\n<div class=\"jetpack-video-wrapper\"><span class=\"embed-youtube\" style=\"text-align:center; display: block;\"><iframe loading=\"lazy\" class=\"youtube-player\" width=\"640\" height=\"360\" src=\"https:\/\/www.youtube.com\/embed\/JqI3ka7-AaE?version=3&#038;rel=1&#038;showsearch=0&#038;showinfo=1&#038;iv_load_policy=1&#038;fs=1&#038;hl=en-US&#038;autohide=2&#038;start=153&#038;wmode=transparent\" allowfullscreen=\"true\" style=\"border:0;\" sandbox=\"allow-scripts allow-same-origin allow-popups allow-presentation\"><\/iframe><\/span><\/div>\n<p>Performance link:<\/p>\n<div class=\"jetpack-video-wrapper\"><span class=\"embed-youtube\" style=\"text-align:center; display: block;\"><iframe loading=\"lazy\" class=\"youtube-player\" width=\"640\" height=\"360\" src=\"https:\/\/www.youtube.com\/embed\/XIUVCH63XKU?version=3&#038;rel=1&#038;showsearch=0&#038;showinfo=1&#038;iv_load_policy=1&#038;fs=1&#038;hl=en-US&#038;autohide=2&#038;wmode=transparent\" allowfullscreen=\"true\" style=\"border:0;\" sandbox=\"allow-scripts allow-same-origin allow-popups allow-presentation\"><\/iframe><\/span><\/div>\n<p>2) <strong>Screaming Divas with Sondra and Keri | Marilyn Horne<\/strong>. From her home in Santa Barbara, California and one day before her 87th birthday (January 16), the great American mezzo Marilyn Horne joins Sondra and Keri by audio to talk about her distinguished career as an artist and a teacher. It\u2019s a miracle that Horne is still with us, given that she was diagnosed with the deadly pancreatic cancer back in 2005 and recovered. Not-to-be-missed.<\/p>\n<div class=\"jetpack-video-wrapper\"><span class=\"embed-youtube\" style=\"text-align:center; display: block;\"><iframe loading=\"lazy\" class=\"youtube-player\" width=\"640\" height=\"360\" src=\"https:\/\/www.youtube.com\/embed\/iMkJP2z9Ut8?version=3&#038;rel=1&#038;showsearch=0&#038;showinfo=1&#038;iv_load_policy=1&#038;fs=1&#038;hl=en-US&#038;autohide=2&#038;start=100&#038;wmode=transparent\" allowfullscreen=\"true\" style=\"border:0;\" sandbox=\"allow-scripts allow-same-origin allow-popups allow-presentation\"><\/iframe><\/span><\/div>\n<p>3) <strong>Idagio Stories | Thomas Hampson\u2019s World of Song No. 21 \u2013 Schubert Month<\/strong>. Lieder fans will enjoy this: January is Schubert Month, and the great American baritone\/song specialist Thomas Hampson interviews two important Schubert scholars, pianist Graham Johnson and musicologist Susan Youens. | <span style=\"color: #ff0000\"><a style=\"color: #ff0000\" href=\"https:\/\/app.idagio.com\/live\/event\/thomas-hampsons-world-of-song-no-21-schubert-month\" target=\"_blank\" rel=\"noopener noreferrer\">Details<\/a><\/span><\/p>\n<p>4) <strong>Vancouver Symphony Orchestra | A Month of Mozart<\/strong>. Inspired by Berlin Philharmonic\u2019s Digital Concert Hall, which offers online access by subscription, the VSO is presenting this month a series of Mozart events, with a 30-day pass for $15.99, which includes access to all previously released concerts. Mo-Zart! (Jan.17); A Tale of Two Mozarts (Jan. 22); Viennese Reflections (Jan. 29); and VSO Conductor Otto Tausk &amp; Rodney Sharman in conversation (Jan. 21, 2p.m.). | <span style=\"color: #ff0000\"><a style=\"color: #ff0000\" href=\"https:\/\/www.theconcerthall.ca\/\" target=\"_blank\" rel=\"noopener noreferrer\">Details<\/a><\/span><\/p>\n<p>5) <strong>Canadian Opera Company | Solo Spotlights<\/strong> Opera audiences understandably focus on the singers and the action onstage, while hardly giving the pit musicians a second thought. It\u2019s refreshing that the COC is presenting Solo Spotlights, in which Music Director Johannes Debus speaks with members of his Orchestra. The first one with Concertmaster Marie Berard came out a week ago. Now two additional episodes are available: Clarinettist Dominic Desautels and Shelley Brown, piccolo.<\/p>\n<div class=\"jetpack-video-wrapper\"><span class=\"embed-youtube\" style=\"text-align:center; display: block;\"><iframe loading=\"lazy\" class=\"youtube-player\" width=\"640\" height=\"360\" src=\"https:\/\/www.youtube.com\/embed\/YURKsYhCJKs?version=3&#038;rel=1&#038;showsearch=0&#038;showinfo=1&#038;iv_load_policy=1&#038;fs=1&#038;hl=en-US&#038;autohide=2&#038;wmode=transparent\" allowfullscreen=\"true\" style=\"border:0;\" sandbox=\"allow-scripts allow-same-origin allow-popups allow-presentation\"><\/iframe><\/span><\/div>\n<div class=\"jetpack-video-wrapper\"><span class=\"embed-youtube\" style=\"text-align:center; display: block;\"><iframe loading=\"lazy\" class=\"youtube-player\" width=\"640\" height=\"360\" src=\"https:\/\/www.youtube.com\/embed\/5OiFhdPWI60?version=3&#038;rel=1&#038;showsearch=0&#038;showinfo=1&#038;iv_load_policy=1&#038;fs=1&#038;hl=en-US&#038;autohide=2&#038;wmode=transparent\" allowfullscreen=\"true\" style=\"border:0;\" sandbox=\"allow-scripts allow-same-origin allow-popups allow-presentation\"><\/iframe><\/span><\/div>\n<p>6) <strong>Komische Oper Berlin | Lonely House<\/strong> Critic\u2019s Picks ends with something a little different, an intimate evening of Kurt Weill by Katharine Mehrling, with KOB artistic director Barry Kosky at the piano. Songs from Weill\u2019s Paris and New York periods, nothing grand but always affecting.<\/p>\n<div class=\"jetpack-video-wrapper\"><span class=\"embed-youtube\" style=\"text-align:center; display: block;\"><iframe loading=\"lazy\" class=\"youtube-player\" width=\"640\" height=\"360\" src=\"https:\/\/www.youtube.com\/embed\/BCSjG1Ehbgc?version=3&#038;rel=1&#038;showsearch=0&#038;showinfo=1&#038;iv_load_policy=1&#038;fs=1&#038;hl=en-US&#038;autohide=2&#038;wmode=transparent\" allowfullscreen=\"true\" style=\"border:0;\" sandbox=\"allow-scripts allow-same-origin allow-popups allow-presentation\"><\/iframe><\/span><\/div>\n<h3 class=\"western\"><em>#LUDWIGVAN<\/em><\/h3>\n<p class=\"western\"><em>Get the daily arts news straight to your inbox.<\/em><\/p>\n<h3 class=\"western\"><em>Sign up for the Ludwig van Daily\u00a0\u2014 classical music and opera in five minutes or less <\/em><span style=\"color: #ff0000\"><a style=\"color: #ff0000\" href=\"https:\/\/bowtie.mailbutler.io\/tracking\/hit\/583e6ce0-dfd0-48be-8a33-61256b3c58e3\/a01723d1-1d1d-44ee-9d0c-779ed93a798c\" target=\"_blank\" rel=\"noopener noreferrer\"><i>HERE<\/i><\/a><\/span><em>.<\/em><\/h3>\n","protected":false},"excerpt":{"rendered":"<p>Classical music and opera events streaming on the web for the week of January 18 \u2013 24.<\/p>\n","protected":false},"author":22,"featured_media":70185,"comment_status":"open","ping_status":"open","sticky":false,"template":"","format":"standard","meta":{"om_disable_all_campaigns":false,"jetpack_post_was_ever_published":false},"categories":[38476,445,19,35839,3895,43],"tags":[628,5887,4681],"yst_prominent_words":[8962,39072,6715,28125,12636,8207,39069,37725,39071,13725,37213,37207,27956,6886,38597,7886,39070,32258,37209,19910],"acf":[],"jetpack_featured_media_url":"https:\/\/www.ludwig-van.com\/toronto\/wp-content\/uploads\/sites\/2\/2021\/01\/CP-_Jan-18.jpg","jetpack_sharing_enabled":true,"jetpack_shortlink":"https:\/\/wp.me\/p9bakr-ig0","amp_enabled":true,"_links":{"self":[{"href":"https:\/\/www.ludwig-van.com\/toronto\/wp-json\/wp\/v2\/posts\/70184"}],"collection":[{"href":"https:\/\/www.ludwig-van.com\/toronto\/wp-json\/wp\/v2\/posts"}],"about":[{"href":"https:\/\/www.ludwig-van.com\/toronto\/wp-json\/wp\/v2\/types\/post"}],"author":[{"embeddable":true,"href":"https:\/\/www.ludwig-van.com\/toronto\/wp-json\/wp\/v2\/users\/22"}],"replies":[{"embeddable":true,"href":"https:\/\/www.ludwig-van.com\/toronto\/wp-json\/wp\/v2\/comments?post=70184"}],"version-history":[{"count":2,"href":"https:\/\/www.ludwig-van.com\/toronto\/wp-json\/wp\/v2\/posts\/70184\/revisions"}],"predecessor-version":[{"id":70187,"href":"https:\/\/www.ludwig-van.com\/toronto\/wp-json\/wp\/v2\/posts\/70184\/revisions\/70187"}],"wp:featuredmedia":[{"embeddable":true,"href":"https:\/\/www.ludwig-van.com\/toronto\/wp-json\/wp\/v2\/media\/70185"}],"wp:attachment":[{"href":"https:\/\/www.ludwig-van.com\/toronto\/wp-json\/wp\/v2\/media?parent=70184"}],"wp:term":[{"taxonomy":"category","embeddable":true,"href":"https:\/\/www.ludwig-van.com\/toronto\/wp-json\/wp\/v2\/categories?post=70184"},{"taxonomy":"post_tag","embeddable":true,"href":"https:\/\/www.ludwig-van.com\/toronto\/wp-json\/wp\/v2\/tags?post=70184"},{"taxonomy":"yst_prominent_words","embeddable":true,"href":"https:\/\/www.ludwig-van.com\/toronto\/wp-json\/wp\/v2\/yst_prominent_words?post=70184"}],"curies":[{"name":"wp","href":"https:\/\/api.w.org\/{rel}","templated":true}]}}