{"id":69846,"date":"2020-12-03T11:10:43","date_gmt":"2020-12-03T16:10:43","guid":{"rendered":"https:\/\/www.ludwig-van.com\/toronto\/?p=69846"},"modified":"2020-12-03T11:12:39","modified_gmt":"2020-12-03T16:12:39","slug":"scoop-yannick-nezet-seguin-wins-orchestras-canadas-betty-webster-award","status":"publish","type":"post","link":"https:\/\/www.ludwig-van.com\/toronto\/2020\/12\/03\/scoop-yannick-nezet-seguin-wins-orchestras-canadas-betty-webster-award\/","title":{"rendered":"THE SCOOP | Yannick N\u00e9zet-S\u00e9guin Wins Orchestras Canada&#8217;s Betty Webster Award"},"content":{"rendered":"<p style=\"text-align: center\"><img decoding=\"async\" loading=\"lazy\" class=\"aligncenter size-full wp-image-69847\" src=\"https:\/\/www.ludwig-van.com\/toronto\/wp-content\/uploads\/sites\/2\/2020\/12\/Yannick-N\u00e9zet-S\u00e9guin-Betty_Webster_Award.jpg\" alt=\"Yannick N\u00e9zet-S\u00e9guin Betty_Webster_Award\" width=\"1200\" height=\"628\" srcset=\"https:\/\/www.ludwig-van.com\/toronto\/wp-content\/uploads\/sites\/2\/2020\/12\/Yannick-N\u00e9zet-S\u00e9guin-Betty_Webster_Award.jpg 1200w, https:\/\/www.ludwig-van.com\/toronto\/wp-content\/uploads\/sites\/2\/2020\/12\/Yannick-N\u00e9zet-S\u00e9guin-Betty_Webster_Award-300x157.jpg 300w, https:\/\/www.ludwig-van.com\/toronto\/wp-content\/uploads\/sites\/2\/2020\/12\/Yannick-N\u00e9zet-S\u00e9guin-Betty_Webster_Award-1024x536.jpg 1024w, https:\/\/www.ludwig-van.com\/toronto\/wp-content\/uploads\/sites\/2\/2020\/12\/Yannick-N\u00e9zet-S\u00e9guin-Betty_Webster_Award-768x402.jpg 768w\" sizes=\"(max-width: 1200px) 100vw, 1200px\" \/><\/p>\n<p>Yannick N\u00e9zet-S\u00e9guin has won the Betty Webster Award from Orchestra Canada, an award that recognizes a person or organization that has made a sustained and significant contribution to the Canadian orchestral community. The award was created in 2002 in honour the founding Executive Director of Orchestras Canada.<\/p>\n<p>&#8220;Dear musicians across Canada, I am deeply honoured to receive the Betty Webster Award from Orchestras Canada,&#8221; said N\u00e9zet-S\u00e9guin in a statement. &#8220;The Canadian orchestral scene abounds in talent and, while we are going through a rough patch these days, I am one of those who remain hopeful and believe we must stand together in the coming months. To the entire musical world, to musicians across the country, bravo and thank you for your many initiatives. It warms my heart to receive this honour.&#8221;<\/p>\n<p>The prize includes a plaque as well as a donation to the orchestra chosen by the winner. N\u00e9zet-S\u00e9guin has requested that this year&#8217;s donation be directed to the Joseph-Fran\u00e7ois Perrault School Symphony Orchestra.<\/p>\n<p>The national jury was chaired by Jennifer MacDonald, OC Board member and director of artistic operations for the Calgary Philharmonic Orchestra, and included last year&#8217;s winner, Claire Guimond (flautist and founder \/ artistic director of Arion Baroque Orchestra, Montreal QC); Chris Lee (tuba, National Arts Center Orchestra); Eric Mathis (Director of Artistic Administration and Trombonist, Symphony Nova Scotia, Halifax NS); Leanne Miners (artistic director, North Bay ON); and Jeffrey Ryan (composer, Vancouver BC).<\/p>\n<p>N\u00e9zet-S\u00e9guin follows Claire Guimond, from Arion Baroque Orchestra, who won the prize in 2019.<\/p>\n<p>Yannick N\u00e9zet-S\u00e9guin can be seen conducting the Orchestre M\u00e9tropolitain and a professional choir on December 6, as part of the Bach Festival. Full <span style=\"color: #ff0000\"><a style=\"color: #ff0000\" href=\"https:\/\/quebecbaroque.com\/en\/produits\/concerts\/yannick-nezet-seguin-conductor\/\" target=\"_blank\" rel=\"noopener noreferrer\">details [HERE]<\/a><\/span>.<\/p>\n<p>Congratulations to Yannick N\u00e9zet-S\u00e9guin for this well-deserved honour!<\/p>\n<p><em>With files from Caroline Rodgers. <\/em><\/p>\n<h3 class=\"western\"><em>#LUDWIGVAN<\/em><\/h3>\n<p class=\"western\"><em>Get the daily arts news straight to your inbox.<\/em><\/p>\n<h3 class=\"western\"><em>Sign up for the Ludwig van Daily\u00a0\u2014 classical music and opera in five minutes or less <\/em><span style=\"color: #ff0000\"><a style=\"color: #ff0000\" href=\"https:\/\/bowtie.mailbutler.io\/tracking\/hit\/583e6ce0-dfd0-48be-8a33-61256b3c58e3\/a01723d1-1d1d-44ee-9d0c-779ed93a798c\" target=\"_blank\" rel=\"noopener noreferrer\"><i>HERE<\/i><\/a><\/span><em>.<\/em><\/h3>\n","protected":false},"excerpt":{"rendered":"<p>Yannick N\u00e9zet-S\u00e9guin has won the Betty Webster Award from Orchestra Canada in recognition of a sustained and significant contribution to the Canadian orchestral community.<\/p>\n","protected":false},"author":7,"featured_media":69847,"comment_status":"open","ping_status":"open","sticky":false,"template":"","format":"standard","meta":{"om_disable_all_campaigns":false,"jetpack_post_was_ever_published":false},"categories":[33451,5,875,39],"tags":[38625,38624,2521,6222,3627],"yst_prominent_words":[38623,38619,9008,11623,12272,6610,38627,38626,7070,16756,38622,6985,38620,35628,14627,6613,38621,38628,23084,18435],"acf":[],"jetpack_featured_media_url":"https:\/\/www.ludwig-van.com\/toronto\/wp-content\/uploads\/sites\/2\/2020\/12\/Yannick-N\u00e9zet-S\u00e9guin-Betty_Webster_Award.jpg","jetpack_sharing_enabled":true,"jetpack_shortlink":"https:\/\/wp.me\/p9bakr-iay","amp_enabled":true,"_links":{"self":[{"href":"https:\/\/www.ludwig-van.com\/toronto\/wp-json\/wp\/v2\/posts\/69846"}],"collection":[{"href":"https:\/\/www.ludwig-van.com\/toronto\/wp-json\/wp\/v2\/posts"}],"about":[{"href":"https:\/\/www.ludwig-van.com\/toronto\/wp-json\/wp\/v2\/types\/post"}],"author":[{"embeddable":true,"href":"https:\/\/www.ludwig-van.com\/toronto\/wp-json\/wp\/v2\/users\/7"}],"replies":[{"embeddable":true,"href":"https:\/\/www.ludwig-van.com\/toronto\/wp-json\/wp\/v2\/comments?post=69846"}],"version-history":[{"count":2,"href":"https:\/\/www.ludwig-van.com\/toronto\/wp-json\/wp\/v2\/posts\/69846\/revisions"}],"predecessor-version":[{"id":69849,"href":"https:\/\/www.ludwig-van.com\/toronto\/wp-json\/wp\/v2\/posts\/69846\/revisions\/69849"}],"wp:featuredmedia":[{"embeddable":true,"href":"https:\/\/www.ludwig-van.com\/toronto\/wp-json\/wp\/v2\/media\/69847"}],"wp:attachment":[{"href":"https:\/\/www.ludwig-van.com\/toronto\/wp-json\/wp\/v2\/media?parent=69846"}],"wp:term":[{"taxonomy":"category","embeddable":true,"href":"https:\/\/www.ludwig-van.com\/toronto\/wp-json\/wp\/v2\/categories?post=69846"},{"taxonomy":"post_tag","embeddable":true,"href":"https:\/\/www.ludwig-van.com\/toronto\/wp-json\/wp\/v2\/tags?post=69846"},{"taxonomy":"yst_prominent_words","embeddable":true,"href":"https:\/\/www.ludwig-van.com\/toronto\/wp-json\/wp\/v2\/yst_prominent_words?post=69846"}],"curies":[{"name":"wp","href":"https:\/\/api.w.org\/{rel}","templated":true}]}}