{"id":69814,"date":"2020-11-30T12:01:05","date_gmt":"2020-11-30T17:01:05","guid":{"rendered":"https:\/\/www.ludwig-van.com\/toronto\/?p=69814"},"modified":"2020-11-30T12:01:05","modified_gmt":"2020-11-30T17:01:05","slug":"critics-picks-classical-and-opera-streams-you-absolutely-need-to-see-this-week","status":"publish","type":"post","link":"https:\/\/www.ludwig-van.com\/toronto\/2020\/11\/30\/critics-picks-classical-and-opera-streams-you-absolutely-need-to-see-this-week\/","title":{"rendered":"CRITIC&#8217;S PICKS | Classical And Opera Streams You Absolutely Need To See This Week"},"content":{"rendered":"<figure id=\"attachment_69815\" aria-describedby=\"caption-attachment-69815\" style=\"width: 1200px\" class=\"wp-caption aligncenter\"><img decoding=\"async\" loading=\"lazy\" class=\"size-full wp-image-69815\" src=\"https:\/\/www.ludwig-van.com\/toronto\/wp-content\/uploads\/sites\/2\/2020\/11\/CP-_Nov-30_2020-feature_image.jpg\" alt=\"Classical music and opera events streaming on the web for the week of November 30 \u2013 December 6.\" width=\"1200\" height=\"628\" srcset=\"https:\/\/www.ludwig-van.com\/toronto\/wp-content\/uploads\/sites\/2\/2020\/11\/CP-_Nov-30_2020-feature_image.jpg 1200w, https:\/\/www.ludwig-van.com\/toronto\/wp-content\/uploads\/sites\/2\/2020\/11\/CP-_Nov-30_2020-feature_image-300x157.jpg 300w, https:\/\/www.ludwig-van.com\/toronto\/wp-content\/uploads\/sites\/2\/2020\/11\/CP-_Nov-30_2020-feature_image-1024x536.jpg 1024w, https:\/\/www.ludwig-van.com\/toronto\/wp-content\/uploads\/sites\/2\/2020\/11\/CP-_Nov-30_2020-feature_image-768x402.jpg 768w\" sizes=\"(max-width: 1200px) 100vw, 1200px\" \/><figcaption id=\"caption-attachment-69815\" class=\"wp-caption-text\">Classical music and opera events streaming on the web for the week of November 30 \u2013 December 6.<\/figcaption><\/figure>\n<h3><strong>Critic\u2019s Picks (November 30 \u2013 December 6)<\/strong><\/h3>\n<p><em>&#8220;We live in an extraordinary Age\u201d \u2014 Carl Sagan<\/em>. The COVID-19 pandemic continues to decimate our musical lives. The dreaded second wave is getting worse, forcing virtually all venues to close once again. Semperoper Dresden just announced all performances cancelled until Dec. 28. Surprisingly, the Op\u00e9ra National de Paris where Alexander Neef is now in charge, has just announced that it will reopen both of its theaters starting on Dec. 15, 2020. On the program are<em> La Boh\u00e8me<\/em> and concerts by the Academy and Les Arts Florissants. There will also be a recital by Julie Fuchs as well as the Ballet School\u2019s production of <em>Classes en sc\u00e8ne<\/em>.<\/p>\n<p>The venerable Teatro alla Scala reportedly has 50 COVID cases in its chorus, orchestra and staff. It has cancelled its fabled opening night on Dec. 7, 2020, when it was supposed to stage a new production of <em>Lucia di Lammermoor<\/em> with Lisette Oropesa and Juan Diego Florez. According to Norman Lebrecht\u2019s <em>Slipped Disc<\/em>, \u201cInstead it has cameos from Ildar Abdrazakov, Roberto Alagna, Carlos Alvarez, Piotr Beczala, Benjamin Bernheim, Eleonora Buratto, Marianne Crebassa, Placido Domingo, Juan Diego Florez, Elina Garanca, Vittorio Grigolo, Jonas Kaufmann, Aleksandra Kurzak, Francesco Meli, Camilla Nylund, Kristine Opolais, Lisette Oropesa, Marina Rebeka, Ludovic Tezier, and Sonya Yoncheva. Music director Riccardo Chailly will conduct the Scala orchestra and chorus.\u201d When and where these video clips come from is not clear. The La Scala Orchestra, which has its own concert series, has cancelled its own opening night, on December 14.<\/p>\n<p>In North America, performing arts venues are virtually shuttered. The National Ballet of Canada cancelled its entire season, as has the Metropolitan Opera and the COC. Recently, it was announced that the National and Cineplex are joining forces to bring <em>The Nutcracker<\/em> to your local Cineplex cinemas, beginning December 4. Sadly, Toronto and Peel Region are in lockdown again, meaning all cinemas there will not open. Presumably, the plan of showing the Holiday classic in the rest of Canada will go ahead, and the video is still available for home streaming.<\/p>\n<p>A piece of good news is the announcement of a livestreamed pay-per-view New Year\u2019s Eve Gala presented by the Met \u2014 that will take place in Germany! It features Pretty Yende and Javier Camarena, replacing their originally scheduled concert. They will be joined by Angel Blue and Matthew Polenzani, performing from the Parktheater in Augsburg, Germany. The Sonya Yoncheva concert is postponed yet again, leading to speculation that she has COVID-19. Today, she quelled the rumour by posting on social media that she has severe bronchitis. Carnegie Hall announced it has cancelled all live performances until April 5, 2021. The Cleveland Orchestra also cancelled all of its Christmas concerts. Lincoln Centre has cancelled all performances for spring 2021, which means its <em>Great Performers<\/em> series and its 2020-21 David Rubenstein Atrium Season are gone.<\/p>\n<p>Thank goodness there\u2019s always music on the internet. Wiener Staatsoper has resumed its free streaming. Very interesting that Jonas Kaufmann, now a bona fide Heldentenor, is taking on the lyric role of Rodolfo in <em>La Boheme<\/em>! Also very interesting is the Kirsten Flagstad Jubilee Concert celebrating the 125th anniversary of her birth from Den Norske Opera. Glyndebourne\u2019s annual tour is cancelled, but the company is offering a free stream of its <em>Rusalka<\/em>, albeit with a very tight window of availability. The Met\u2019s free nightly stream continues, starting at 7:30 p.m. ET and available for 23 hours. Lots of Canadian content this week, including soprano Simone Osborne and her baritone husband Gordon Bintner singing a recital from Oper Frankfurt.<\/p>\n<h3><strong><span style=\"color: #ff0000\">Monday 30<\/span><\/strong><\/h3>\n<p><strong>Bayerische Staatsoper | Puccini\u2019s La Boh\u00e8me<\/strong> \u2014 2:15 p.m. ET. As part of its Montagsst\u00fccke series, the livestream of this Puccini gem stars Jonas Kaufmann in his Munich role debut as Rodolfo, Rachel Willis-S\u00f8rensen as Mimi, Mirjam Mesak as Musetta, Andrei Zhilikhovsky as Marcello, and Sean Michael Plumb as Schaunard. Asher Fisch conducts. No physical audience due to lockdown. Livestream is free, but viewing starting Dec. 3 for 30 days requires a 14.90 Euros ticket. | <span style=\"color: #ff0000\"><a style=\"color: #ff0000\" href=\"https:\/\/www.staatsoper.de\/en\/staatsopertv.html?no_cache=1\" target=\"_blank\" rel=\"noopener noreferrer\">Details<\/a><\/span><\/p>\n<p><strong>Wiener Staatsoper | Mozart\u2019s Die Entf\u00fchrung aus dem Serail<\/strong> \u2014\u00a01:00 p.m. ET. Antonello Manacorda, conductor; Hans Neuenfels, director. Lisette Oropesa (Konstanze), Regula M\u00fchlemann (Blonde); Goran Juri\u0107 (Osmin); Daniel Behle (Belmonte). Be aware there are actors playing the same characters in addition to the singers. This is your typical Neuenfels concept production. You can\u2019t go wrong with the voices! | <span style=\"color: #ff0000\"><a style=\"color: #ff0000\" href=\"https:\/\/play.wiener-staatsoper.at\/event\/874eab60-b18f-4648-829c-2d1b312009b4\" target=\"_blank\" rel=\"noopener noreferrer\">Details<\/a><\/span><\/p>\n<p><strong>Met | Tchaikovsky\u2019s Eugene Onegin<\/strong>. Starring Ren\u00e9e Fleming, Ram\u00f3n Vargas, and Dmitri Hvorostovsky, conducted by Valery Gergiev. From February 24, 2007. A signature performance from all the principals, made more poignant with the passing of Dmitri Hvorostovsky in 2017. | <span style=\"color: #ff0000\"><a style=\"color: #ff0000\" href=\"https:\/\/www.metopera.org\/season\/on-demand\/opera\/?upc=811357011379\" target=\"_blank\" rel=\"noopener noreferrer\">Details<\/a><\/span><\/p>\n<p><strong>Piano Lunaire | The Beaver Moon<\/strong> \u2014\u00a08 p.m. ET. This concert is a fully edited, digital presentation of the Blue Moon Gala with Stephen Runge and Adam Sherkin from last October.<\/p>\n<div class=\"jetpack-video-wrapper\"><span class=\"embed-youtube\" style=\"text-align:center; display: block;\"><iframe loading=\"lazy\" class=\"youtube-player\" width=\"640\" height=\"360\" src=\"https:\/\/www.youtube.com\/embed\/oE7RyhZvZOw?version=3&#038;rel=1&#038;showsearch=0&#038;showinfo=1&#038;iv_load_policy=1&#038;fs=1&#038;hl=en-US&#038;autohide=2&#038;wmode=transparent\" allowfullscreen=\"true\" style=\"border:0;\" sandbox=\"allow-scripts allow-same-origin allow-popups allow-presentation\"><\/iframe><\/span><\/div>\n<h3><span style=\"color: #ff0000\"><strong>Tuesday 1<\/strong><\/span><\/h3>\n<p><strong>Wiener Staatsoper | Strauss\u2019 Capriccio<\/strong> \u2014\u00a01 p.m. ET. Michael Boder, conductor. Camilla Nylund, Markus Eiche, Michael Schade, Adrian Er\u00f6d, Wolfgang Bankl, and Angelika Kirchschlager. | <span style=\"color: #ff0000\"><a style=\"color: #ff0000\" href=\"https:\/\/play.wiener-staatsoper.at\/calendar\" target=\"_blank\" rel=\"noopener noreferrer\">Details<\/a><\/span><\/p>\n<p><strong>Met | Verdi\u2019s Aida<\/strong>. Starring Leontyne Price, Fiorenza Cossotto, James McCracken, and Simon Estes, conducted by James Levine. From January 3, 1985. One of Leontyne Price\u2019s last opera performances, who retired in a blaze of glory. | <span style=\"color: #ff0000\"><a style=\"color: #ff0000\" href=\"https:\/\/www.metopera.org\/season\/on-demand\/opera\/?upc=811357011799\" target=\"_blank\" rel=\"noopener noreferrer\">Details<\/a><\/span><\/p>\n<h3><strong><span style=\"color: #ff0000\">Wednesday 2<\/span><\/strong><\/h3>\n<p><strong>IRCPA | Moving Artists Forward: A Conversation with Managers Kathy Domoney and Andrew Kwan<\/strong>. 4:30 p.m. ET Two well known Canadian managers\/agents have nurtured the careers of many artists. Here they give their thoughts on how to manage in this difficult time for the performing arts. You need to RSVP to <span style=\"color: #ff0000\"><a style=\"color: #ff0000\" href=\"mailto:info@ircpa.net\" target=\"_blank\" rel=\"noopener noreferrer\">info@ircpa.net<\/a><\/span> to get a link to join the Zoom event. | <span style=\"color: #ff0000\"><a style=\"color: #ff0000\" href=\"https:\/\/ircpa.net\/news-events\/\" target=\"_blank\" rel=\"noopener noreferrer\">Details<\/a><\/span><\/p>\n<p><strong>Wiener Staatsoper | Puccini\u2019s La Boheme<\/strong> \u2014 1 p.m. ET (performance on December 22, 2019). Marco Armiliato, conductor. Stefan Pop, Irina Lungu, Samuel Hasselhorn, and Mariam Battistelli. | <span style=\"color: #ff0000\"><a style=\"color: #ff0000\" href=\"https:\/\/play.wiener-staatsoper.at\/calendar\" target=\"_blank\" rel=\"noopener noreferrer\">Details<\/a><\/span><\/p>\n<p><strong>Met | Wagner\u2019s Parsifal<\/strong>. Starring Katarina Dalayman, Jonas Kaufmann, Peter Mattei, Evgeny Nikitin, and Ren\u00e9 Pape, conducted by Daniele Gatti. From March 2, 2013. This is the striking Francois Girard production originally scheduled at the COC this fall. It will arrive in fall, 2022. | <span style=\"color: #ff0000\"><a style=\"color: #ff0000\" href=\"https:\/\/www.metopera.org\/season\/on-demand\/opera\/?upc=811357015896\" target=\"_blank\" rel=\"noopener noreferrer\">Details<\/a><\/span><\/p>\n<h3><strong><span style=\"color: #ff0000\">Thursday 3<\/span><\/strong><\/h3>\n<p><strong>Wiener Staatsoper | Kienzl\u2019s Don Quixote<\/strong> \u2014\u00a01 p.m. ET (performance in June 2016). Kevin Rhodes, conductor. Maria Yakovleva, Denys Cherevychko, Ketevan Papava, Roman Lazik, Olga Esina. | <span style=\"color: #ff0000\"><a style=\"color: #ff0000\" href=\"https:\/\/play.wiener-staatsoper.at\/calendar\" target=\"_blank\" rel=\"noopener noreferrer\">Details<\/a><\/span><\/p>\n<p><strong>Royal Conservatory of Music | Adrianne Pieczonka with the Canadian Opera Company Orchestra conducted by Johannes Debus<\/strong> 8 p.m. ET. Part of the Beethoven 250 Festival, Canadian soprano Adrianne Pieczonka sings Schubert\u2019s \u201cErlk\u00f6nig\u201d, \u201cDer Engel\u201d and \u201cTraume\u201d from Wesendonck-Lieder, and Leonore\u2019s great scena from Fidelio. Orchestral selections are Beethoven\u2019s Overture to Egmont, op. 84, and Symphony No. 2 in D major, op. 36. Tickets: $55. <span style=\"color: #ff0000\"><a style=\"color: #ff0000\" href=\"https:\/\/www.rcmusic.com\/events-and-performances\/coc\" target=\"_blank\" rel=\"noopener noreferrer\">Details<\/a><\/span>.<\/p>\n<p><strong>Met | Verdi\u2019s Macbeth<\/strong>. Starring Anna Netrebko, Joseph Calleja, \u017deljko Lu\u010di\u0107, and Ren\u00e9 Pape, conducted by Fabio Luisi. From October 11, 2014. | <span style=\"color: #ff0000\"><a style=\"color: #ff0000\" href=\"https:\/\/www.metopera.org\/season\/on-demand\/opera\/?upc=811357017623\" target=\"_blank\" rel=\"noopener noreferrer\">Details<\/a><\/span><\/p>\n<h3><strong><span style=\"color: #ff0000\">Friday 4<\/span><\/strong><\/h3>\n<p><strong>Wiener Staatsoper | Debussy\u2019s Pelleas et Melisande<\/strong> \u2014\u00a01 p.m. ET (performance on June 30, 2017). Alain Altinoglu, conductor. Bernarda Fink, Adrian Er\u00f6d, Simon Keenlyside, among others, Olga Bezsmertna, Maria Nazarova. | <span style=\"color: #ff0000\"><a style=\"color: #ff0000\" href=\"https:\/\/play.wiener-staatsoper.at\/calendar\" target=\"_blank\" rel=\"noopener noreferrer\">Details<\/a><\/span><\/p>\n<p><strong>San Francisco Opera | Celebrating the Voices of SFO<\/strong> \u2014\u00a010:30 p.m. ET. Co-Hosted by Matthew Shilvock and Eun Sun Kim, this virtual concert features Janai Brugger, Sondra Radvanovsky, Michael Fabiano, Artur Ruci\u0144ski, Nicola Luisotti and others. Livestreamed is free as part of Opera is ON, but archival access is available for donors of $75 and up and to all San Francisco Opera subscribers and members. Registration <span style=\"color: #ff0000\"><a style=\"color: #ff0000\" href=\"https:\/\/sfopera.com\/opera-is-on\/streaming\/\" target=\"_blank\" rel=\"noopener noreferrer\">required [HERE]<\/a><\/span>.| <span style=\"color: #ff0000\"><a style=\"color: #ff0000\" href=\"https:\/\/sfopera.com\/opera-is-on\/rsvp-celebratingthevoices\/\" target=\"_blank\" rel=\"noopener noreferrer\">Details<\/a><\/span><\/p>\n<p><strong>Upper Canada Choristers and Cantemos | Comfort and Joy<\/strong> \u2014\u00a07:30 p.m. ET. A live-stream from Grace Church on-the-Hill in Toronto, with Cantemos and some choristers on stage, and the rest of the choir live via the internet. Program includes \u201cGloria\u201d by Antonio Vivaldi, the premiere of the song \u201cComfort and Joy\u201d by Laurie Evan Fraser, and three Villancicos de Navidad from Spain.<\/p>\n<div class=\"jetpack-video-wrapper\"><span class=\"embed-youtube\" style=\"text-align:center; display: block;\"><iframe loading=\"lazy\" class=\"youtube-player\" width=\"640\" height=\"360\" src=\"https:\/\/www.youtube.com\/embed\/2imeL5Gdsvo?version=3&#038;rel=1&#038;showsearch=0&#038;showinfo=1&#038;iv_load_policy=1&#038;fs=1&#038;hl=en-US&#038;autohide=2&#038;wmode=transparent\" allowfullscreen=\"true\" style=\"border:0;\" sandbox=\"allow-scripts allow-same-origin allow-popups allow-presentation\"><\/iframe><\/span><\/div>\n<p><strong>Met | Bizet\u2019s Carmen<\/strong>. Starring Barbara Frittoli, El\u012bna Garan\u010da, Roberto Alagna, and Teddy Tahu Rhodes, conducted by Yannick N\u00e9zet-S\u00e9guin. From January 16, 2010. | <span style=\"color: #ff0000\"><a style=\"color: #ff0000\" href=\"https:\/\/www.metopera.org\/season\/on-demand\/opera\/?upc=811357013533\" target=\"_blank\" rel=\"noopener noreferrer\">Details<\/a><\/span><\/p>\n<h3><strong><span style=\"color: #ff0000\">Saturday 5<\/span><\/strong><\/h3>\n<p><strong>Wiener Staatsoper | Puccini\u2019s La Fanciulla del West<\/strong> \u2014\u00a01 p.m. ET (performance in October 2013). Franz Welser-M\u00f6st, conductor. Nina Stemme, Jonas Kaufmann, Tomasz Konieczny. | <span style=\"color: #ff0000\"><a style=\"color: #ff0000\" href=\"https:\/\/play.wiener-staatsoper.at\/calendar\" target=\"_blank\" rel=\"noopener noreferrer\">Details<\/a><\/span><\/p>\n<p><strong>Met | Strauss\u2019s Ariadne auf Naxos<\/strong>. Starring Jessye Norman, Kathleen Battle, Tatiana Troyanos, and James King, conducted by James Levine. From March 12, 1988. An iconic performance not to be missed. | <span style=\"color: #ff0000\"><a style=\"color: #ff0000\" href=\"https:\/\/www.metopera.org\/season\/on-demand\/opera\/?upc=811357016664\" target=\"_blank\" rel=\"noopener noreferrer\">Details<\/a><\/span><\/p>\n<h3><strong><span style=\"color: #ff0000\">Sunday 6<\/span><\/strong><\/h3>\n<p><strong>Wiener Staatsoper | Saint-Sa\u00ebns\u2019 Samson et Dalila<\/strong> \u2014 1 p.m. ET (performance on May 18, 2018). Marco Armiliato, conductor. Elina Garanca, Roberto Alagna, Carlos \u00c1lvarez, and Sorin Coliban. | <span style=\"color: #ff0000\"><a style=\"color: #ff0000\" href=\"https:\/\/play.wiener-staatsoper.at\/calendar\" target=\"_blank\" rel=\"noopener noreferrer\">Details<\/a><\/span><\/p>\n<p><strong>Met | Puccini\u2019s Tosca<\/strong>. Starring Shirley Verrett, Luciano Pavarotti, and Cornell MacNeil, conducted by James Conlon. From December 19, 1978. Sadly, all three stars are no longer with us, but we have this video legacy to remind us how terrific they were. | <span style=\"color: #ff0000\"><a style=\"color: #ff0000\" href=\"https:\/\/www.metopera.org\/season\/on-demand\/opera\/?upc=811357013762\" target=\"_blank\" rel=\"noopener noreferrer\">Details<\/a><\/span><\/p>\n<h3><strong>Video-on-demand performances:<\/strong><\/h3>\n<p>1) <strong>Glyndebourne Opera | Dvo\u0159\u00e1k\u2019s Rusalka<\/strong>. The annual Glyndebourne tour is cancelled due to the pandemic, but it\u2019s offering instead a stream of its Rusalka. Robin Ticciati conducts; Sally Mathews is Rusalka. Available only until Monday 30 November. Don\u2019t miss it!<\/p>\n<div class=\"jetpack-video-wrapper\"><span class=\"embed-youtube\" style=\"text-align:center; display: block;\"><iframe loading=\"lazy\" class=\"youtube-player\" width=\"640\" height=\"360\" src=\"https:\/\/www.youtube.com\/embed\/bAIJWLyLW18?version=3&#038;rel=1&#038;showsearch=0&#038;showinfo=1&#038;iv_load_policy=1&#038;fs=1&#038;hl=en-US&#038;autohide=2&#038;wmode=transparent\" allowfullscreen=\"true\" style=\"border:0;\" sandbox=\"allow-scripts allow-same-origin allow-popups allow-presentation\"><\/iframe><\/span><\/div>\n<p>2) <strong>Oper Frankfurt | Simone Osborne and Gordon Bintner in Recital<\/strong>. Live streamed on Nov. 27 and now on demand, the two Canadians, fest artists at Frankfurt Opera, sing songs and arias by Mendelssohn, Verdi, Wagner, and musical theatre. Simone Di Felice is the pianist.<\/p>\n<div class=\"jetpack-video-wrapper\"><span class=\"embed-youtube\" style=\"text-align:center; display: block;\"><iframe loading=\"lazy\" class=\"youtube-player\" width=\"640\" height=\"360\" src=\"https:\/\/www.youtube.com\/embed\/YrQ-Ggvn-MA?version=3&#038;rel=1&#038;showsearch=0&#038;showinfo=1&#038;iv_load_policy=1&#038;fs=1&#038;hl=en-US&#038;autohide=2&#038;start=117&#038;wmode=transparent\" allowfullscreen=\"true\" style=\"border:0;\" sandbox=\"allow-scripts allow-same-origin allow-popups allow-presentation\"><\/iframe><\/span><\/div>\n<p>3) <strong>Den Norske Opera &amp; Ballett | Kirsten Flagstad Jubilee Concert.<\/strong> Premiered on Nov. 29 and now on demand, this concert celebrates the 125th anniversary of the birth of the great Norwegian soprano. Kirill Karabits conducts the Den Norske Opera Orchestra, featuring the voices of mezzo Astrid Nordstad, sopranos Birgitte Christensen, Eli Kristin Hanssveen, and Elisabeth Teige, tenor Henrik Engelsviken and others.<\/p>\n<div class=\"jetpack-video-wrapper\"><span class=\"embed-youtube\" style=\"text-align:center; display: block;\"><iframe loading=\"lazy\" class=\"youtube-player\" width=\"640\" height=\"360\" src=\"https:\/\/www.youtube.com\/embed\/OWj1Kxr4Juk?version=3&#038;rel=1&#038;showsearch=0&#038;showinfo=1&#038;iv_load_policy=1&#038;fs=1&#038;hl=en-US&#038;autohide=2&#038;wmode=transparent\" allowfullscreen=\"true\" style=\"border:0;\" sandbox=\"allow-scripts allow-same-origin allow-popups allow-presentation\"><\/iframe><\/span><\/div>\n<p>4) <strong>Screaming Divas with Sondra and Keri | Golda Schultz<\/strong>. Streamed on Nov. 27 and now on demand, Sondra and Keri chat with the wonderful South African soprano Golda Schultz. I lifted this from Sondra and Keri: \u201cJoin us as we talk with the amazingly talented and beautiful-hearted soprano, Golds Schultz, about our mutual love of singing, the path it can take you on, using our voices as women to change the narrative, and the importance of kindness.\u201d<\/p>\n<div class=\"jetpack-video-wrapper\"><span class=\"embed-youtube\" style=\"text-align:center; display: block;\"><iframe loading=\"lazy\" class=\"youtube-player\" width=\"640\" height=\"360\" src=\"https:\/\/www.youtube.com\/embed\/jwAkW_dlTwg?version=3&#038;rel=1&#038;showsearch=0&#038;showinfo=1&#038;iv_load_policy=1&#038;fs=1&#038;hl=en-US&#038;autohide=2&#038;wmode=transparent\" allowfullscreen=\"true\" style=\"border:0;\" sandbox=\"allow-scripts allow-same-origin allow-popups allow-presentation\"><\/iframe><\/span><\/div>\n<p>5) <strong>Erica Miner | Staged For Murder Virtual Book Party (Zoom) 5 p.m. ET<\/strong> Now for something a little different &#8211; former Met Opera violinist and now celebrated author is hosting a virtual book party on the occasion of the e-book release of her Opera Mystery, Staged For Murder. There\u2019ll be music, an author interview, a quiz and more. To register, <span style=\"color: #ff0000\"><a style=\"color: #ff0000\" href=\"https:\/\/www.ericaminer.com\/contact.php\" target=\"_blank\" rel=\"noopener noreferrer\">sign up [HERE]<\/a><\/span> and put \u2018Book Party\u2019 in the \u2018Message\u2019 section. You will receive the Zoom link shortly before the event. | <span style=\"color: #ff0000\"><a style=\"color: #ff0000\" href=\"https:\/\/www.ericaminer.com\/events.php\" target=\"_blank\" rel=\"noopener noreferrer\">Details<\/a><\/span><\/p>\n<h3 class=\"western\"><em>#LUDWIGVAN<\/em><\/h3>\n<p class=\"western\"><em>Get the daily arts news straight to your inbox.<\/em><\/p>\n<h3 class=\"western\"><em>Sign up for the Ludwig van Daily\u00a0\u2014 classical music and opera in five minutes or less <\/em><span style=\"color: #ff0000\"><a style=\"color: #ff0000\" href=\"https:\/\/bowtie.mailbutler.io\/tracking\/hit\/583e6ce0-dfd0-48be-8a33-61256b3c58e3\/a01723d1-1d1d-44ee-9d0c-779ed93a798c\" target=\"_blank\" rel=\"noopener noreferrer\"><i>HERE<\/i><\/a><\/span><em>.<\/em><\/h3>\n","protected":false},"excerpt":{"rendered":"<p>Classical music and opera events streaming on the web for the week of November 30 \u2013 December 6.<\/p>\n","protected":false},"author":22,"featured_media":69815,"comment_status":"open","ping_status":"open","sticky":false,"template":"","format":"standard","meta":{"om_disable_all_campaigns":false,"jetpack_post_was_ever_published":false},"categories":[33451,76,19,35839,3895,43],"tags":[177,1457,3026,37910],"yst_prominent_words":[8962,38598,38600,28125,36437,36025,38595,13254,38596,21219,36946,38599,38594,6886,10287,38601,38597,38603,38602,35757],"acf":[],"jetpack_featured_media_url":"https:\/\/www.ludwig-van.com\/toronto\/wp-content\/uploads\/sites\/2\/2020\/11\/CP-_Nov-30_2020-feature_image.jpg","jetpack_sharing_enabled":true,"jetpack_shortlink":"https:\/\/wp.me\/p9bakr-ia2","amp_enabled":true,"_links":{"self":[{"href":"https:\/\/www.ludwig-van.com\/toronto\/wp-json\/wp\/v2\/posts\/69814"}],"collection":[{"href":"https:\/\/www.ludwig-van.com\/toronto\/wp-json\/wp\/v2\/posts"}],"about":[{"href":"https:\/\/www.ludwig-van.com\/toronto\/wp-json\/wp\/v2\/types\/post"}],"author":[{"embeddable":true,"href":"https:\/\/www.ludwig-van.com\/toronto\/wp-json\/wp\/v2\/users\/22"}],"replies":[{"embeddable":true,"href":"https:\/\/www.ludwig-van.com\/toronto\/wp-json\/wp\/v2\/comments?post=69814"}],"version-history":[{"count":4,"href":"https:\/\/www.ludwig-van.com\/toronto\/wp-json\/wp\/v2\/posts\/69814\/revisions"}],"predecessor-version":[{"id":69819,"href":"https:\/\/www.ludwig-van.com\/toronto\/wp-json\/wp\/v2\/posts\/69814\/revisions\/69819"}],"wp:featuredmedia":[{"embeddable":true,"href":"https:\/\/www.ludwig-van.com\/toronto\/wp-json\/wp\/v2\/media\/69815"}],"wp:attachment":[{"href":"https:\/\/www.ludwig-van.com\/toronto\/wp-json\/wp\/v2\/media?parent=69814"}],"wp:term":[{"taxonomy":"category","embeddable":true,"href":"https:\/\/www.ludwig-van.com\/toronto\/wp-json\/wp\/v2\/categories?post=69814"},{"taxonomy":"post_tag","embeddable":true,"href":"https:\/\/www.ludwig-van.com\/toronto\/wp-json\/wp\/v2\/tags?post=69814"},{"taxonomy":"yst_prominent_words","embeddable":true,"href":"https:\/\/www.ludwig-van.com\/toronto\/wp-json\/wp\/v2\/yst_prominent_words?post=69814"}],"curies":[{"name":"wp","href":"https:\/\/api.w.org\/{rel}","templated":true}]}}