{"id":69544,"date":"2020-11-02T09:53:30","date_gmt":"2020-11-02T14:53:30","guid":{"rendered":"https:\/\/www.ludwig-van.com\/toronto\/?p=69544"},"modified":"2020-11-02T09:53:30","modified_gmt":"2020-11-02T14:53:30","slug":"critics-picks-classical-music-livestreams-absolutely-need-see-week-november-2-8","status":"publish","type":"post","link":"https:\/\/www.ludwig-van.com\/toronto\/2020\/11\/02\/critics-picks-classical-music-livestreams-absolutely-need-see-week-november-2-8\/","title":{"rendered":"CRITIC&#8217;S PICKS | Classical Music Livestreams You Absolutely Need To See This Week (November 2 \u2013 8)"},"content":{"rendered":"<figure id=\"attachment_69545\" aria-describedby=\"caption-attachment-69545\" style=\"width: 1200px\" class=\"wp-caption aligncenter\"><img decoding=\"async\" loading=\"lazy\" class=\"size-full wp-image-69545\" src=\"https:\/\/www.ludwig-van.com\/toronto\/wp-content\/uploads\/sites\/2\/2020\/11\/CP-_-Nov-2-8-Feature-image.jpg\" alt=\"Classical music and opera events streaming on the web for the week of November 2 \u2013 8.\" width=\"1200\" height=\"628\" srcset=\"https:\/\/www.ludwig-van.com\/toronto\/wp-content\/uploads\/sites\/2\/2020\/11\/CP-_-Nov-2-8-Feature-image.jpg 1200w, https:\/\/www.ludwig-van.com\/toronto\/wp-content\/uploads\/sites\/2\/2020\/11\/CP-_-Nov-2-8-Feature-image-300x157.jpg 300w, https:\/\/www.ludwig-van.com\/toronto\/wp-content\/uploads\/sites\/2\/2020\/11\/CP-_-Nov-2-8-Feature-image-1024x536.jpg 1024w, https:\/\/www.ludwig-van.com\/toronto\/wp-content\/uploads\/sites\/2\/2020\/11\/CP-_-Nov-2-8-Feature-image-768x402.jpg 768w\" sizes=\"(max-width: 1200px) 100vw, 1200px\" \/><figcaption id=\"caption-attachment-69545\" class=\"wp-caption-text\">Classical music and opera events streaming on the web for the week of November 2 \u2013 8.<\/figcaption><\/figure>\n<h3><strong>Critic\u2019s Picks (November 2 \u2013 8)<\/strong><\/h3>\n<p><em>\u201cWe live in an extraordinary Age\u201d \u2013 Carl Sagan.<\/em> The COVID-19 pandemic continues to profoundly disrupt our musical lives. The dreaded second wave has arrived with a vengeance, forcing many venues that had reopened to close again. Beginning on Monday Nov. 2, Germany will be in lockdown for at least a month, meaning all opera houses and concert halls closed. Ditto for the Paris Opera in France. The Czech Republic is under strict lockdown. Switzerland has new strict measures. Events with more than 50 people will be prohibited. That means the Lucerne Festival\u2019s planned Beethoven Festival is no more, and the Opernhaus Zurich and Grand Theatre de Geneve are closed for the month of November. The Gran Teatre del Liceu in Barcelona is shut until November 24.<\/p>\n<p>The Italian government has just announced that all theatres and concert halls are closed until Nov. 24. Both La Scala and Teatro San Carlo di Napoli are reporting new COVID-19 cases. La Scala has seen 21 musicians test positive since the closing of the theatre. Among those testing positive, according to the theatre\u2019s spokesperson, were chorus members, string and wind players as well as star tenor Francesco Meli. La Scala will supposedly re-open after Nov. 24 for its run of <em>La Boheme<\/em>. Belgium, one of the hardest hit countries currently, has ordered <em>La Monnaie<\/em> closed until Nov. 22, reopening afterwards for performances of Mozart\u2019s <em>Der Schauspieldirektor<\/em>. That said, in these uncertain times, nothing is certain, so I would not hold my breath.<\/p>\n<p>The news is equally grim on this side of the pond. Cineplex Canada cancelled its planned encore screenings of three Met HD performances. The National Ballet of Canada cut short its run of <em>The Dreamers Ever Leave You<\/em>. The Metropolitan Opera will stay dark for the whole of the 2020-21 season, and the COC has cancelled its entire 2020-21 season. The <em>Met Stars Live in Concert<\/em> featuring soprano Pretty Yende and tenor Javier Camarena, scheduled for Nov. 7, has been postponed due to the non-COVID illness of Camarena. Carnegie Hall just announced it has cancelled all live performances until April 5, 2021. Lincoln Centre has cancelled all performances for spring 2021, which means its Great Performers series and 2020-21 David Rubenstein Atrium Season, as well as the annual American Songbook series, are all gone.<\/p>\n<p>Thank goodness that music lovers can turn to cyberspace for solace. The Met continues with its free nightly stream, at 7:30 p.m. ET and available for 23 hours. Given that this is the 34th week of streaming, even the Met with its huge archives is recycling some shows through ingenious repackaging: this is the first of a two-week program billed as <em>From the Baroque to the Present: A Two-Week Tour of Opera History<\/em>. Finally, be sure to watch the many video-on-demand offerings. A great choice is the Royal Conservatory Orchestra concert led by Jonathan Crow that took place earlier in October and now available for free streaming.<\/p>\n<h3><span style=\"color: #ff0000\"><strong>Monday 2<\/strong><\/span><\/h3>\n<p><strong>Wigmore Hall | Alice Coote &amp; Christian Blackshaw: Winterreise 2:30 p.m. ET<\/strong> The distinguished British mezzo Alice Coote tackles Winterreise, the Mount Everest of song cycle. Christian Blackshaw is the pianist. Not-to-be-missed.<\/p>\n<div class=\"jetpack-video-wrapper\"><span class=\"embed-youtube\" style=\"text-align:center; display: block;\"><iframe loading=\"lazy\" class=\"youtube-player\" width=\"640\" height=\"360\" src=\"https:\/\/www.youtube.com\/embed\/Evh9_eCHFuI?version=3&#038;rel=1&#038;showsearch=0&#038;showinfo=1&#038;iv_load_policy=1&#038;fs=1&#038;hl=en-US&#038;autohide=2&#038;wmode=transparent\" allowfullscreen=\"true\" style=\"border:0;\" sandbox=\"allow-scripts allow-same-origin allow-popups allow-presentation\"><\/iframe><\/span><\/div>\n<p><strong>Met | Handel\u2019s Rodelinda<\/strong>. Starring Ren\u00e9e Fleming, Stephanie Blythe, Andreas Scholl, Iestyn Davies, Joseph Kaiser, and Shenyang, conducted by Harry Bicket. From December 3, 2011. | <span style=\"color: #ff0000\"><a style=\"color: #ff0000\" href=\"https:\/\/www.metopera.org\/season\/on-demand\/opera\/?upc=811357014950\" target=\"_blank\" rel=\"noopener noreferrer\">Details<\/a><\/span><\/p>\n<h3><strong><span style=\"color: #ff0000\">Tuesday 3<\/span><\/strong><\/h3>\n<p><strong>University of Toronto Faculty of Music | Graham Johnson Masterclass 12:10 p.m. \u2013 2 p.m. ET <\/strong>The wonderful British pianist Graham Johnson, the John R Stratton Visitor in Music, is presenting a lecture on Franz Schubert featuring voice and piano duos. | <span style=\"color: #ff0000\"><a style=\"color: #ff0000\" href=\"https:\/\/www.ludwig-van.com\/toronto\/event\/university-toronto-faculty-music-graham-johnson-masterclass\/\" target=\"_blank\" rel=\"noopener noreferrer\">Details<\/a><\/span><\/p>\n<p><strong>Met | Gluck\u2019s Orfeo ed Euridice<\/strong>. Starring Danielle de Niese, Heidi Grant Murphy, and Stephanie Blythe, conducted by James Levine. From January 24, 2009. | <span style=\"color: #ff0000\"><a style=\"color: #ff0000\" href=\"https:\/\/www.metopera.org\/season\/on-demand\/opera\/?upc=811357012390\" target=\"_blank\" rel=\"noopener noreferrer\">Details<\/a><\/span><\/p>\n<h3><span style=\"color: #ff0000\"><strong>Wednesday 4<\/strong><\/span><\/h3>\n<p><strong>Met | Mozart\u2019s Idomeneo<\/strong>. Starring Elza van den Heever, Nadine Sierra, Alice Coote, Matthew Polenzani, and Alan Opie, conducted by James Levine. From March 25, 2017. | <span style=\"color: #ff0000\"><a style=\"color: #ff0000\" href=\"https:\/\/www.metopera.org\/season\/on-demand\/opera\/?upc=811357019078\" target=\"_blank\" rel=\"noopener noreferrer\">Details<\/a><\/span><\/p>\n<h3><strong><span style=\"color: #ff0000\">Thursday 5<\/span><\/strong><\/h3>\n<p><strong>Met | Rossini\u2019s Semiramide<\/strong>. Starring Angela Meade, Elizabeth DeShong, Javier Camarena, Ildar Abdrazakov, and Ryan Speedo Green, conducted by Maurizio Benini. From March 10, 2018. | <span style=\"color: #ff0000\"><a style=\"color: #ff0000\" href=\"https:\/\/www.metopera.org\/season\/on-demand\/opera\/?upc=811357019368\" target=\"_blank\" rel=\"noopener noreferrer\">Details<\/a><\/span><\/p>\n<h3><span style=\"color: #ff0000\"><strong>Friday 6<\/strong><\/span><\/h3>\n<p><strong>IRCPA | Conversation with Tomson Highway 12:30 p.m. ET<\/strong> Now for something non-classical \u2014 playwright, author and musician Tomson Highway in a Zoom conversation, courtesy of International Resource Centre for Performing Artists. Attendance is free, but pre-registration is required, with an RSVP to <span style=\"color: #ff0000\"><a style=\"color: #ff0000\" href=\"mailto:info@ircpa.net\">info@ircpa.net<\/a><\/span>. The Zoom link will be provided closer to the date. | <span style=\"color: #ff0000\"><a style=\"color: #ff0000\" href=\"https:\/\/ircpa.net\/\" target=\"_blank\" rel=\"noopener noreferrer\">Details<\/a><\/span><\/p>\n<p><strong>Met | Verdi\u2019s La Forza del Destino<\/strong>. Starring Leontyne Price, Giuseppe Giacomini, Leo Nucci, and Bonaldo Giaiotti, conducted by James Levine. From March 24, 1984. | <span style=\"color: #ff0000\"><a style=\"color: #ff0000\" href=\"https:\/\/www.metopera.org\/season\/on-demand\/opera\/?upc=811357011423\" target=\"_blank\" rel=\"noopener noreferrer\">Details<\/a><\/span><\/p>\n<h3><span style=\"color: #ff0000\"><strong>Saturday 7<\/strong><\/span><\/h3>\n<p><strong>Met | Gounod\u2019s Rom\u00e9o et Juliette<\/strong>. Starring Anna Netrebko, Roberto Alagna, Nathan Gunn, and Robert Lloyd, conducted by Pl\u00e1cido Domingo. From December 15, 2007. | <span style=\"color: #ff0000\"><a style=\"color: #ff0000\" href=\"https:\/\/www.metopera.org\/season\/on-demand\/opera\/?upc=811357011683\" target=\"_blank\" rel=\"noopener noreferrer\">Details<\/a><\/span><\/p>\n<h3><strong><span style=\"color: #ff0000\">Sunday 8<\/span><\/strong><\/h3>\n<p><strong>Met | Wagner\u2019s Die Meistersinger von N\u00fcrnberg.<\/strong> Starring Annette Dasch, Johan Botha, Paul Appleby, and Michael Volle, conducted by James Levine. From December 13, 2014. | <span style=\"color: #ff0000\"><a style=\"color: #ff0000\" href=\"https:\/\/www.metopera.org\/season\/on-demand\/opera\/?upc=811357017715\" target=\"_blank\" rel=\"noopener noreferrer\">Details<\/a><\/span><\/p>\n<p><strong>Trio Arkel | Catching Fire. 3:00 ET.<\/strong> Toronto\u2019s Trio Arkel opens its 7th season with a virtual concert with Johannes Brahms C Minor Piano Quartet and works by American composer Jennifer Higdon and the great Ludwig Van Beethoven.\u00a0| <span style=\"color: #ff0000\"><a style=\"color: #ff0000\" href=\"https:\/\/www.eventbrite.ca\/e\/catching-fire-tickets-123422896205?aff=ebdssbeac\" target=\"_blank\" rel=\"noopener noreferrer\">Details<\/a><\/span><\/p>\n<h3><strong>Video-on-demand performances:<\/strong><\/h3>\n<p>1) <strong>Royal Conservatory of Music | Royal Conservatory Orchestra<\/strong> RCO\u2019s first concert of the season that took place on October 4 was taped for streaming on Oct. 30, and now available on demand. TSO Concertmaster Jonathan Crow led the RCO forces, replacing the originally announced Trevor Pinnock, in Mozart\u2019s Symphony No. 35 in D Major, K. 385 (&#8220;Haffner&#8221;), and Beethoven\u2019s Piano Concerto No. 5 in E flat Major, op. 73 (\u201cEmperor\u201d), Sae Yoon Chon, pianist and winner of the 2020\u20132021 Ihnatowycz Prize. | <span style=\"color: #ff0000\"><a style=\"color: #ff0000\" href=\"https:\/\/www.rcmusic.com\/performance\/live-from-koerner-hall-concert-livestream?fbclid=IwAR3b81W0QnpZ0T6TvZnlPUTmPf98dc4ZI6eY_QUZ4kQZngKC9mX0LXmmB2c\" target=\"_blank\" rel=\"noopener noreferrer\">Details<\/a><\/span><\/p>\n<p>2) <strong>Teatro Colon | Rusalka<\/strong> Streamed live on Oct. 25 and now on demand, Argentina\u2019s famous opera house Teatro Colon presents the Dvor\u00e1k classic with Puerto Rican soprano Ana Mar\u00eda Mart\u00ednez in the title role and Russian tenor Dmitry Golovnin as the Prince. Conductor is none other than Julian Kuerti, the son of Anton.<\/p>\n<div class=\"jetpack-video-wrapper\"><span class=\"embed-youtube\" style=\"text-align:center; display: block;\"><iframe loading=\"lazy\" class=\"youtube-player\" width=\"640\" height=\"360\" src=\"https:\/\/www.youtube.com\/embed\/PuP9d_A_YP8?version=3&#038;rel=1&#038;showsearch=0&#038;showinfo=1&#038;iv_load_policy=1&#038;fs=1&#038;hl=en-US&#038;autohide=2&#038;wmode=transparent\" allowfullscreen=\"true\" style=\"border:0;\" sandbox=\"allow-scripts allow-same-origin allow-popups allow-presentation\"><\/iframe><\/span><\/div>\n<p>3) <strong>Deutsche Oper am Rhein | Der Kaiser von Atlantis<\/strong> Austrian-Jewish composer Viktor Ullmann wrote this while a prisoner in the Nazi concentration camp in Theresienstadt. He perished in the gas chambers in Auschwitz in 1944. The chamber opera premiered in Amsterdam in 1975. The COC Ensemble Studio staged it some twenty years ago, with a cast led by James Westman as the Emperor. The Deutsche Oper am Rhein production, streamed by OperaVision on October 30, now available on demand for a six-month period. Axel Kober conducts the Dusseldorf Symphony Orchestra and a committed cast in a haunting work.<\/p>\n<div class=\"jetpack-video-wrapper\"><span class=\"embed-youtube\" style=\"text-align:center; display: block;\"><iframe loading=\"lazy\" class=\"youtube-player\" width=\"640\" height=\"360\" src=\"https:\/\/www.youtube.com\/embed\/V1OfiRV5GJw?version=3&#038;rel=1&#038;showsearch=0&#038;showinfo=1&#038;iv_load_policy=1&#038;fs=1&#038;hl=en-US&#038;autohide=2&#038;wmode=transparent\" allowfullscreen=\"true\" style=\"border:0;\" sandbox=\"allow-scripts allow-same-origin allow-popups allow-presentation\"><\/iframe><\/span><\/div>\n<p>4) <strong>Concours musical international de Montr\u00e9al | Rihab Chaieb<\/strong> More video clips of performances by laureates of the 2018 CMIM. This time it\u2019s the Canadian mezzo Rihab Chaieb, winner of the Best Canadian Artist Award. In the semifinals, she sings the Komponist Aria from Ariadne auf Naxos, and Charlotte\u2019s scena from Werther. Graeme Jenkins conducts.<\/p>\n<div class=\"jetpack-video-wrapper\"><span class=\"embed-youtube\" style=\"text-align:center; display: block;\"><iframe loading=\"lazy\" class=\"youtube-player\" width=\"640\" height=\"360\" src=\"https:\/\/www.youtube.com\/embed\/eQU2hfRyqSQ?version=3&#038;rel=1&#038;showsearch=0&#038;showinfo=1&#038;iv_load_policy=1&#038;fs=1&#038;hl=en-US&#038;autohide=2&#038;wmode=transparent\" allowfullscreen=\"true\" style=\"border:0;\" sandbox=\"allow-scripts allow-same-origin allow-popups allow-presentation\"><\/iframe><\/span><\/div>\n<p>5) <strong>Wigmore Hall | Steven Isserlis and Connie Shih<\/strong> Cellist Steven Isserlis and pianist Connie Shih present a program of works by Hahn, Saint-Sa\u00ebns, Ad\u00e8s Chaminade, Faur\u00e9, and Franck.<\/p>\n<div class=\"jetpack-video-wrapper\"><span class=\"embed-youtube\" style=\"text-align:center; display: block;\"><iframe loading=\"lazy\" class=\"youtube-player\" width=\"640\" height=\"360\" src=\"https:\/\/www.youtube.com\/embed\/wsmQoge2Oi4?version=3&#038;rel=1&#038;showsearch=0&#038;showinfo=1&#038;iv_load_policy=1&#038;fs=1&#038;hl=en-US&#038;autohide=2&#038;wmode=transparent\" allowfullscreen=\"true\" style=\"border:0;\" sandbox=\"allow-scripts allow-same-origin allow-popups allow-presentation\"><\/iframe><\/span><\/div>\n<p>6) <strong>VoiceBox\/Opera In Concert | Rise and Fall of the City of Mahagonny<\/strong> This Kurt Weill satire got a rare staging in Canada in 2019, featuring an enthusiastic ensemble cast: Elizabeth DeGrazia (Jenny), Michael Barrett (Jimmy Mahoney), Beste Kalender (Widow Begbick). Here is a 20-minute snippet. Robert Cooper (Music and Chorus Director); Narmina Efendiyeva (piano); Guillermo Silva-Marin (stage director).<\/p>\n<div class=\"jetpack-video-wrapper\"><span class=\"embed-youtube\" style=\"text-align:center; display: block;\"><iframe loading=\"lazy\" class=\"youtube-player\" width=\"640\" height=\"360\" src=\"https:\/\/www.youtube.com\/embed\/qF7bNxiUuTk?version=3&#038;rel=1&#038;showsearch=0&#038;showinfo=1&#038;iv_load_policy=1&#038;fs=1&#038;hl=en-US&#038;autohide=2&#038;wmode=transparent\" allowfullscreen=\"true\" style=\"border:0;\" sandbox=\"allow-scripts allow-same-origin allow-popups allow-presentation\"><\/iframe><\/span><\/div>\n<p>7) <strong>Bolshoi Theatre | World Ballet Day: Bolshoi Ballet Live<\/strong>. Last Week was World Opera Day, can Ballet be far behind? Here it is, a three-hour stream on Oct. 29 of the magnificent Bolshoi Ballet, now available on demand. You will see fragments of rehearsals for The Sleeping Beauty, Swan Lake, The Nutcracker, and Onegin. Unfortunately, only Russian subtitles! A must-see for balletomanes.<\/p>\n<div class=\"jetpack-video-wrapper\"><span class=\"embed-youtube\" style=\"text-align:center; display: block;\"><iframe loading=\"lazy\" class=\"youtube-player\" width=\"640\" height=\"360\" src=\"https:\/\/www.youtube.com\/embed\/WeYU-OeWuyM?version=3&#038;rel=1&#038;showsearch=0&#038;showinfo=1&#038;iv_load_policy=1&#038;fs=1&#038;hl=en-US&#038;autohide=2&#038;wmode=transparent\" allowfullscreen=\"true\" style=\"border:0;\" sandbox=\"allow-scripts allow-same-origin allow-popups allow-presentation\"><\/iframe><\/span><\/div>\n<h3 class=\"western\"><em>#LUDWIGVAN<\/em><\/h3>\n<p class=\"western\"><em>Get the daily arts news straight to your inbox.<\/em><\/p>\n<h3 class=\"western\"><em>Sign up for the Ludwig van Daily\u00a0\u2014 classical music and opera in five minutes or less <\/em><span style=\"color: #ff0000\"><a style=\"color: #ff0000\" href=\"https:\/\/bowtie.mailbutler.io\/tracking\/hit\/583e6ce0-dfd0-48be-8a33-61256b3c58e3\/a01723d1-1d1d-44ee-9d0c-779ed93a798c\" target=\"_blank\" rel=\"noopener noreferrer\"><i>HERE<\/i><\/a><\/span><em>.<\/em><\/h3>\n","protected":false},"excerpt":{"rendered":"<p>Classical music and opera events streaming on the web for the week of November 2 \u2013 8.<\/p>\n","protected":false},"author":22,"featured_media":69545,"comment_status":"open","ping_status":"open","sticky":false,"template":"","format":"standard","meta":{"om_disable_all_campaigns":false,"jetpack_post_was_ever_published":false},"categories":[33451,445,76,19,35839,3895,43,63],"tags":[38269,4439,2504,32644,5094,9494,37728],"yst_prominent_words":[33425,34703,38266,37325,6715,28125,8129,36437,36025,36986,38268,15050,13725,27956,38267,38265,37802,6886,8282,10579],"acf":[],"jetpack_featured_media_url":"https:\/\/www.ludwig-van.com\/toronto\/wp-content\/uploads\/sites\/2\/2020\/11\/CP-_-Nov-2-8-Feature-image.jpg","jetpack_sharing_enabled":true,"jetpack_shortlink":"https:\/\/wp.me\/p9bakr-i5G","amp_enabled":true,"_links":{"self":[{"href":"https:\/\/www.ludwig-van.com\/toronto\/wp-json\/wp\/v2\/posts\/69544"}],"collection":[{"href":"https:\/\/www.ludwig-van.com\/toronto\/wp-json\/wp\/v2\/posts"}],"about":[{"href":"https:\/\/www.ludwig-van.com\/toronto\/wp-json\/wp\/v2\/types\/post"}],"author":[{"embeddable":true,"href":"https:\/\/www.ludwig-van.com\/toronto\/wp-json\/wp\/v2\/users\/22"}],"replies":[{"embeddable":true,"href":"https:\/\/www.ludwig-van.com\/toronto\/wp-json\/wp\/v2\/comments?post=69544"}],"version-history":[{"count":1,"href":"https:\/\/www.ludwig-van.com\/toronto\/wp-json\/wp\/v2\/posts\/69544\/revisions"}],"predecessor-version":[{"id":69546,"href":"https:\/\/www.ludwig-van.com\/toronto\/wp-json\/wp\/v2\/posts\/69544\/revisions\/69546"}],"wp:featuredmedia":[{"embeddable":true,"href":"https:\/\/www.ludwig-van.com\/toronto\/wp-json\/wp\/v2\/media\/69545"}],"wp:attachment":[{"href":"https:\/\/www.ludwig-van.com\/toronto\/wp-json\/wp\/v2\/media?parent=69544"}],"wp:term":[{"taxonomy":"category","embeddable":true,"href":"https:\/\/www.ludwig-van.com\/toronto\/wp-json\/wp\/v2\/categories?post=69544"},{"taxonomy":"post_tag","embeddable":true,"href":"https:\/\/www.ludwig-van.com\/toronto\/wp-json\/wp\/v2\/tags?post=69544"},{"taxonomy":"yst_prominent_words","embeddable":true,"href":"https:\/\/www.ludwig-van.com\/toronto\/wp-json\/wp\/v2\/yst_prominent_words?post=69544"}],"curies":[{"name":"wp","href":"https:\/\/api.w.org\/{rel}","templated":true}]}}