{"id":69485,"date":"2020-10-26T10:44:47","date_gmt":"2020-10-26T14:44:47","guid":{"rendered":"https:\/\/www.ludwig-van.com\/toronto\/?p=69485"},"modified":"2020-10-26T12:14:46","modified_gmt":"2020-10-26T16:14:46","slug":"critics-picks-classical-music-livestreams-absolutely-need-see-week-oct-26-nov-1","status":"publish","type":"post","link":"https:\/\/www.ludwig-van.com\/toronto\/2020\/10\/26\/critics-picks-classical-music-livestreams-absolutely-need-see-week-oct-26-nov-1\/","title":{"rendered":"CRITIC&#8217;S PICKS | Classical Music Livestreams You Absolutely Need To See This Week (Oct. 26 \u2013 Nov. 1)"},"content":{"rendered":"<figure id=\"attachment_69489\" aria-describedby=\"caption-attachment-69489\" style=\"width: 1200px\" class=\"wp-caption aligncenter\"><img decoding=\"async\" loading=\"lazy\" class=\"size-full wp-image-69489\" src=\"https:\/\/www.ludwig-van.com\/toronto\/wp-content\/uploads\/sites\/2\/2020\/10\/Critics_Oct_26_Nov_1_2020-image-update.jpg\" alt=\"Classical music and opera events streaming on the web for the week of October 26\u2014 November 1.\" width=\"1200\" height=\"628\" srcset=\"https:\/\/www.ludwig-van.com\/toronto\/wp-content\/uploads\/sites\/2\/2020\/10\/Critics_Oct_26_Nov_1_2020-image-update.jpg 1200w, https:\/\/www.ludwig-van.com\/toronto\/wp-content\/uploads\/sites\/2\/2020\/10\/Critics_Oct_26_Nov_1_2020-image-update-300x157.jpg 300w, https:\/\/www.ludwig-van.com\/toronto\/wp-content\/uploads\/sites\/2\/2020\/10\/Critics_Oct_26_Nov_1_2020-image-update-1024x536.jpg 1024w, https:\/\/www.ludwig-van.com\/toronto\/wp-content\/uploads\/sites\/2\/2020\/10\/Critics_Oct_26_Nov_1_2020-image-update-768x402.jpg 768w\" sizes=\"(max-width: 1200px) 100vw, 1200px\" \/><figcaption id=\"caption-attachment-69489\" class=\"wp-caption-text\">Classical music and opera events streaming on the web for the week of October 26\u2014 November 1.<\/figcaption><\/figure>\n<h3><strong>Critic\u2019s Picks (October 26 \u2013 November 1)<\/strong><\/h3>\n<p><em>\u201cWe live in an extraordinary Age\u201d \u2014 Carl Sagan.<\/em> COVID-19 pandemic continues to profoundly disrupt our musical lives. The dreaded second wave has arrived with a vengeance in Europe, leading to closures and cancellations, such as the entire run of <em>Tannhauser<\/em> in Rouen, and both<em> Le Nozze di Figaro<\/em> and<em> Il Barbiere di Siviglia<\/em> in Wiesbaden. A few opera houses valiantly try to adapt. The Grand Th\u00e9\u00e2tre de Gen\u00e8ve\u2019s upcoming run of <em>The Makropoulos Case<\/em> (Oct. 26 \u2013 Nov 6) will be performed without a live orchestra, due to limitations preventing social distancing. L\u2019Orchestre de la Suisse Romande will be pre-recorded and later played through speakers placed in the pit. Singers will be singing live, with Maestro Toma\u0161 Netopil conducting the recording. Sadly it may be the new normal.<\/p>\n<p>Yet nothing can suppress the burning desire of creativity. A case in point is Finnish National Opera\u2019s <em>Covid fan tutte<\/em>, adapting Mozart\u2019s sublime work with a new libretto, as a wry comment on the pandemic. A new piece has been commissioned by conductor Oliver Zeffman,<em> Eight Songs From Isolation<\/em>, exploring themes of distance. It features Zeffman conducting the Academy of St. Martin in the Fields chamber orchestra, with artists such as Sarah Connolly, Iestyn Davies, Sophie Bevan, Toby Spence, Julia Bullock and others.<\/p>\n<p>Russian soprano and COVID survivor Anna Netrebko returned to La Scala on Oct 21, in an operatic recital. Her Russian tour planned for October with her husband tenor Yusif Eyvazov has been postponed to March 2021. At La Scala for a recital on Oct. 22 was tenor Jonas Kaufmann and pianist Helmut Deutsch. As it turned out they were the lucky ones, as the Italian government has just announced that due to record spikes in cases, all theatres, concert halls are closed until Nov. 24. As I understand, La Scala will re-open after that for its run of <em>La Boheme<\/em>. Similarly, Belgium, one of the hardest hit countries in the Second Wave, has ordered<em> La Monnaie<\/em> closed from Oct. 26 to Nov. 22, reopening afterwards for performances of Mozart\u2019s<em> Der Schauspieldirektor.<\/em><\/p>\n<p>The news is grim on this side of the pond. Cineplex Canada cancelled its planned encore screenings of three Met HD performances. The National Ballet of Canada cut short its run of <em>The Dreamers Ever Leave You<\/em>. The Metropolitan Opera will stay dark for the whole of the 2020-21 season, and the COC has cancelled its entire 2020-21 season. A lone bright light is the San Diego Opera\u2019s Drive-In <em>La Boheme<\/em> starring Ana Maria Martinez (replacing the originally announced Angel Blue) and Joshua Guerrero, four performances from Oct 24 to Nov.1. San Francisco Opera is screening <em>Lucia di Lammermoor<\/em> on Oct. 25 at Fort Mason Flix Drive-In, for those wanting to see opera on the 40\u2019 X 20\u2019 LED screen at the Marina District drive-in and enjoy snacks from Off the Grid food trucks! It\u2019s a recycled 2008 performance starring Natalie Dessay and Giuseppe Filanoti.<\/p>\n<p>On the virtual front, the Met continues with its free nightly stream, at 7:30 p.m. ET and available for 23 hours. Given it is the elections in the US, the Met is presenting a week of \u201cPolitics in Opera.\u201d Lots of Canadians \u2014 Russell Braun in <em>Nixon In China<\/em>, and Adrianne Pieczonka in <em>Simon Boccanegra<\/em>. In <em>The Ghost of Versailles<\/em>, there are three Canadians \u2014 Teresa Stratas (Marie Antoinette), Gino Quilico (Figaro), and Tracy Dahl (Florestine). Don\u2019t miss the concerts from World Opera Day (Oct. 25), with performances from around the world available on demand.<\/p>\n<h3><span style=\"color: #ff0000;\"><strong>Monday 26<\/strong><\/span><\/h3>\n<p><strong>Wigmore Hall | Pavel Kolesnikov 2:30 p.m. ET<\/strong> The Russian pianist, who was the 2012 winner of the Honens Competition in Banff, plays a program of works by Scriabin, Liszt, Schubert, and Beethoven.<\/p>\n<div class=\"jetpack-video-wrapper\"><span class=\"embed-youtube\" style=\"text-align:center; display: block;\"><iframe loading=\"lazy\" class=\"youtube-player\" width=\"640\" height=\"360\" src=\"https:\/\/www.youtube.com\/embed\/RNQYEKPLE4A?version=3&#038;rel=1&#038;showsearch=0&#038;showinfo=1&#038;iv_load_policy=1&#038;fs=1&#038;hl=en-US&#038;autohide=2&#038;wmode=transparent\" allowfullscreen=\"true\" style=\"border:0;\" sandbox=\"allow-scripts allow-same-origin allow-popups allow-presentation\"><\/iframe><\/span><\/div>\n<p><strong>Met | Verdi\u2019s Don Carlo<\/strong> Starring Renata Scotto, Tatiana Troyanos, Vasile Moldoveanu, Sherrill Milnes, and Paul Plishka, conducted by James Levine. From February 21, 1980. | <span style=\"color: #ff0000;\"><a style=\"color: #ff0000;\" href=\"https:\/\/www.metopera.org\/season\/on-demand\/opera\/?upc=811357015605\" target=\"_blank\" rel=\"noopener noreferrer\">Details<\/a><\/span><\/p>\n<h3><span style=\"color: #ff0000;\"><strong>Tuesday 27<\/strong><\/span><\/h3>\n<p><strong>Canadian Opera Company | Key Change (Audio Podcast)<\/strong> While this column focuses on streaming videos, this new audio series of five podcasts to be released every other week is intriguing. Co-hosts Robyn Grant-Moran, a member of the COC\u2019s Indigenous Circle of Artists, and COC Director\/Dramaturg-in-Residence Julie McIsaac, explore what it\u2019s like to attend opera, interviewing special guests from both inside and outside the opera world. Guests on Episode One include sopranos Angel Blue and Midori Marsh, visual artists Shary Boyle, and COC Music Director Johannes Debus. <span style=\"color: #ff0000;\"><a style=\"color: #ff0000;\" href=\"https:\/\/www.coc.ca\/KeyChange?ref_src=wftext1&amp;utm_source=wordfly&amp;utm_medium=email&amp;utm_campaign=20-21WeeklyNewsletterE23fromDonors&amp;utm_content=version_A\" target=\"_blank\" rel=\"noopener noreferrer\">Details<\/a><\/span><\/p>\n<p><strong>Met | Handel\u2019s Agrippina<\/strong> Starring Brenda Rae, Joyce DiDonato, Kate Lindsey, Iestyn Davies, Duncan Rock, and Matthew Rose, conducted by Harry Bicket. From February 29, 2020. The last Met Live in HD before the pandemic, this fantastic performance has great singing, vivid acting, and eye-popping staging. Not to be missed. | <span style=\"color: #ff0000;\"><a style=\"color: #ff0000;\" href=\"https:\/\/www.metopera.org\/season\/on-demand\/opera\/?upc=810004200951\" target=\"_blank\" rel=\"noopener noreferrer\">Details<\/a><\/span><\/p>\n<h3><span style=\"color: #ff0000;\"><strong>Wednesday 28<\/strong><\/span><\/h3>\n<p><strong>Met | Verdi\u2019s Simon Boccanegra<\/strong> Starring Adrianne Pieczonka, Marcello Giordani, Pl\u00e1cido Domingo, and James Morris, conducted by James Levine. From February 6, 2010. | <span style=\"color: #ff0000;\"><a style=\"color: #ff0000;\" href=\"https:\/\/www.metopera.org\/season\/on-demand\/opera\/?upc=811357013618\" target=\"_blank\" rel=\"noopener noreferrer\">Details<\/a><\/span><\/p>\n<h3><strong><span style=\"color: #ff0000;\">Thursday 29<\/span><\/strong><\/h3>\n<p><strong>Met | John Adam\u2019s Nixon In China<\/strong> Starring Kathleen Kim, Janis Kelly, Robert Brubaker, Russell Braun, James Maddalena, and Richard Paul Fink, conducted by John Adams. From February 12, 2011. | <span style=\"color: #ff0000;\"><a style=\"color: #ff0000;\" href=\"https:\/\/www.metopera.org\/season\/on-demand\/opera\/?upc=811357014158\" target=\"_blank\" rel=\"noopener noreferrer\">Details<\/a><\/span><\/p>\n<h3><span style=\"color: #ff0000;\"><strong>Friday 30<\/strong><\/span><\/h3>\n<p><strong>Wigmore Hall | Siobhan Stagg 2:30 p.m. ET<\/strong> The Australian lyric soprano gives a recital of Beethoven, Schubert, Debussy and Strauss. Jonathan Ware is the pianist.<\/p>\n<div class=\"jetpack-video-wrapper\"><span class=\"embed-youtube\" style=\"text-align:center; display: block;\"><iframe loading=\"lazy\" class=\"youtube-player\" width=\"640\" height=\"360\" src=\"https:\/\/www.youtube.com\/embed\/M6JBjgPw-xk?version=3&#038;rel=1&#038;showsearch=0&#038;showinfo=1&#038;iv_load_policy=1&#038;fs=1&#038;hl=en-US&#038;autohide=2&#038;wmode=transparent\" allowfullscreen=\"true\" style=\"border:0;\" sandbox=\"allow-scripts allow-same-origin allow-popups allow-presentation\"><\/iframe><\/span><\/div>\n<p><strong>Met | Mussorgsky\u2019s Boris Godunov<\/strong> Starring Ekaterina Semenchuk, Aleksandrs Antonenko, Oleg Balashov, Evgeny Nikitin, Ren\u00e9 Pape, Mikhail Petrenko, and Vladimir Ognovenko, conducted by Valery Gergiev. From October 23, 2010. | <span style=\"color: #ff0000;\"><a style=\"color: #ff0000;\" href=\"https:\/\/www.metopera.org\/season\/on-demand\/opera\/?upc=811357013939\" target=\"_blank\" rel=\"noopener noreferrer\">Details<\/a><\/span><\/p>\n<p><strong>Piano Lunaire | The Blue Moon Gala 8 p.m. ET<\/strong> In partnership with Yamaha Music Canada, pianists Adam Sherkin and Stephen Runge present a program of works by John Adams, Saint-Sa\u00ebns, Rachmaninoff, Mason Bates and Adam Sherkin. Ticket is $30, 25% of which goes to the Emergency COVID-19 Appeal at the Children\u2019s Aid Foundation. | <span style=\"color: #ff0000;\"><a style=\"color: #ff0000;\" href=\"https:\/\/www.facebook.com\/events\/1148859608917385\" target=\"_blank\" rel=\"noopener noreferrer\">Details<\/a><\/span><\/p>\n<h3><span style=\"color: #ff0000;\"><strong>Saturday 31<\/strong><\/span><\/h3>\n<p><strong>Met | John Corigliano\u2019s The Ghosts of Versailles<\/strong> Starring Teresa Stratas, H\u00e5kan Hageg\u00e5rd, Gino Quilico, Graham Clark, Marilyn Horne, and Ren\u00e9e Fleming, conducted by James Levine. From January 10, 1992. This production was a hit at the premiere, featuring big names including Renee Fleming, Marilyn Horne, and Teresa Stratas. | <span style=\"color: #ff0000;\"><a style=\"color: #ff0000;\" href=\"https:\/\/www.metopera.org\/season\/on-demand\/opera\/?upc=811357013700\" target=\"_blank\" rel=\"noopener noreferrer\">Details<\/a><\/span><\/p>\n<h3><span style=\"color: #ff0000;\"><strong>Sunday 1<\/strong><\/span><\/h3>\n<p><strong>Met | Philip Glass\u2019s Satyagraha<\/strong> Starring Rachelle Durkin, Richard Croft, Kim Josephson, and Alfred Walker, conducted by Dante Anzolini. From November 19, 2011. | <span style=\"color: #ff0000;\"><a style=\"color: #ff0000;\" href=\"https:\/\/www.metopera.org\/season\/on-demand\/opera\/?upc=810004201507\" target=\"_blank\" rel=\"noopener noreferrer\">Details<\/a><\/span><\/p>\n<h3><strong>Video-on-demand performances:<\/strong><\/h3>\n<p>1) <strong>Garsington Opera | Fidelio<\/strong> Premiered Oct. 23 and now available on demand under the auspices of Opera Vision, it stars soprano Katherine Broderick as Leonore and tenor Toby Spence as Florestan. Because of COVID, this is a semi-staged concert version. Douglas Boyd conducts. | <span style=\"color: #ff0000;\"><a style=\"color: #ff0000;\" href=\"https:\/\/www.garsingtonopera.org\/performance\/fidelio-concert\" target=\"_blank\" rel=\"noopener noreferrer\">Details<\/a><\/span><\/p>\n<div class=\"jetpack-video-wrapper\"><span class=\"embed-youtube\" style=\"text-align:center; display: block;\"><iframe loading=\"lazy\" class=\"youtube-player\" width=\"640\" height=\"360\" src=\"https:\/\/www.youtube.com\/embed\/ffJPfqeE2LA?version=3&#038;rel=1&#038;showsearch=0&#038;showinfo=1&#038;iv_load_policy=1&#038;fs=1&#038;hl=en-US&#038;autohide=2&#038;start=113&#038;wmode=transparent\" allowfullscreen=\"true\" style=\"border:0;\" sandbox=\"allow-scripts allow-same-origin allow-popups allow-presentation\"><\/iframe><\/span><\/div>\n<p>2) <strong>Screaming Divas with Sondra and Keri<\/strong> | Quite a coup by Sondra Radvanovsky and Keri Alkema to snag the head honcho of the Met, Peter Gelb, who gives very few interviews, for a chat. Topics discussed include his stewardship of the Met during the COVID crisis, and what the future holds.<\/p>\n<div class=\"jetpack-video-wrapper\"><span class=\"embed-youtube\" style=\"text-align:center; display: block;\"><iframe loading=\"lazy\" class=\"youtube-player\" width=\"640\" height=\"360\" src=\"https:\/\/www.youtube.com\/embed\/kbQ8CVheeSM?version=3&#038;rel=1&#038;showsearch=0&#038;showinfo=1&#038;iv_load_policy=1&#038;fs=1&#038;hl=en-US&#038;autohide=2&#038;start=44&#038;wmode=transparent\" allowfullscreen=\"true\" style=\"border:0;\" sandbox=\"allow-scripts allow-same-origin allow-popups allow-presentation\"><\/iframe><\/span><\/div>\n<p>3)<strong> World Opera Day 2020 (October 25)<\/strong> saw performances all over the world in celebration. Here are four streamed videos that took place Oct. 23 to 25, showcasing a mix of famous stars and new voices.<\/p>\n<p><strong>Act 1<\/strong><\/p>\n<div class=\"jetpack-video-wrapper\"><span class=\"embed-youtube\" style=\"text-align:center; display: block;\"><iframe loading=\"lazy\" class=\"youtube-player\" width=\"640\" height=\"360\" src=\"https:\/\/www.youtube.com\/embed\/BVBDDakOGlY?version=3&#038;rel=1&#038;showsearch=0&#038;showinfo=1&#038;iv_load_policy=1&#038;fs=1&#038;hl=en-US&#038;autohide=2&#038;wmode=transparent\" allowfullscreen=\"true\" style=\"border:0;\" sandbox=\"allow-scripts allow-same-origin allow-popups allow-presentation\"><\/iframe><\/span><\/div>\n<p><strong>Act 2<\/strong><\/p>\n<div class=\"jetpack-video-wrapper\"><span class=\"embed-youtube\" style=\"text-align:center; display: block;\"><iframe loading=\"lazy\" class=\"youtube-player\" width=\"640\" height=\"360\" src=\"https:\/\/www.youtube.com\/embed\/2tuqfIlS6Fw?version=3&#038;rel=1&#038;showsearch=0&#038;showinfo=1&#038;iv_load_policy=1&#038;fs=1&#038;hl=en-US&#038;autohide=2&#038;wmode=transparent\" allowfullscreen=\"true\" style=\"border:0;\" sandbox=\"allow-scripts allow-same-origin allow-popups allow-presentation\"><\/iframe><\/span><\/div>\n<p><strong>Act 3<\/strong><\/p>\n<div class=\"jetpack-video-wrapper\"><span class=\"embed-youtube\" style=\"text-align:center; display: block;\"><iframe loading=\"lazy\" class=\"youtube-player\" width=\"640\" height=\"360\" src=\"https:\/\/www.youtube.com\/embed\/jKMZlIBX4Gs?version=3&#038;rel=1&#038;showsearch=0&#038;showinfo=1&#038;iv_load_policy=1&#038;fs=1&#038;hl=en-US&#038;autohide=2&#038;wmode=transparent\" allowfullscreen=\"true\" style=\"border:0;\" sandbox=\"allow-scripts allow-same-origin allow-popups allow-presentation\"><\/iframe><\/span><\/div>\n<p><strong>Act 4<\/strong><\/p>\n<div class=\"jetpack-video-wrapper\"><span class=\"embed-youtube\" style=\"text-align:center; display: block;\"><iframe loading=\"lazy\" class=\"youtube-player\" width=\"640\" height=\"360\" src=\"https:\/\/www.youtube.com\/embed\/OO2QbIOurB4?version=3&#038;rel=1&#038;showsearch=0&#038;showinfo=1&#038;iv_load_policy=1&#038;fs=1&#038;hl=en-US&#038;autohide=2&#038;wmode=transparent\" allowfullscreen=\"true\" style=\"border:0;\" sandbox=\"allow-scripts allow-same-origin allow-popups allow-presentation\"><\/iframe><\/span><\/div>\n<p>4) <strong>Concours musical international de Montr\u00e9al<\/strong> | The CMIM just made two clips from the 2018 competition winners available on demand: Korean tenor Mario Bahg singing \u201cIl mio tesoro\u201d and Canadian tenor Andrew Haji singing \u201cUna furtiva lagrima\u201d<\/p>\n<div class=\"jetpack-video-wrapper\"><span class=\"embed-youtube\" style=\"text-align:center; display: block;\"><iframe loading=\"lazy\" class=\"youtube-player\" width=\"640\" height=\"360\" src=\"https:\/\/www.youtube.com\/embed\/VMU63Xr5UYM?version=3&#038;rel=1&#038;showsearch=0&#038;showinfo=1&#038;iv_load_policy=1&#038;fs=1&#038;hl=en-US&#038;autohide=2&#038;wmode=transparent\" allowfullscreen=\"true\" style=\"border:0;\" sandbox=\"allow-scripts allow-same-origin allow-popups allow-presentation\"><\/iframe><\/span><\/div>\n<div class=\"jetpack-video-wrapper\"><span class=\"embed-youtube\" style=\"text-align:center; display: block;\"><iframe loading=\"lazy\" class=\"youtube-player\" width=\"640\" height=\"360\" src=\"https:\/\/www.youtube.com\/embed\/LyS6vK0YEjk.?version=3&#038;rel=1&#038;showsearch=0&#038;showinfo=1&#038;iv_load_policy=1&#038;fs=1&#038;hl=en-US&#038;autohide=2&#038;wmode=transparent\" allowfullscreen=\"true\" style=\"border:0;\" sandbox=\"allow-scripts allow-same-origin allow-popups allow-presentation\"><\/iframe><\/span><\/div>\n<p>5) <strong>Opera XXI Awards<\/strong> | To coincide with World Opera Day (Oct. 25) is the second edition of \u00d3pera XXI Awards which celebrates the best of opera in Spain. Postponed due to the pandemic from March in Barcelona&#8217;s Gran Teatre del Liceu, it is now online, courtesy of OperaVision. Among the recipients are soprano Sondra Radvanovsky (Best Singer Award) \u2013 she sings \u201cVissi d\u2019arte\u201d on the video; Nicola Luisotti (Best Musical Director Award); and Cristof Loy (Best Stage Director Award).<\/p>\n<div class=\"jetpack-video-wrapper\"><span class=\"embed-youtube\" style=\"text-align:center; display: block;\"><iframe loading=\"lazy\" class=\"youtube-player\" width=\"640\" height=\"360\" src=\"https:\/\/www.youtube.com\/embed\/J_DJ4aWecWQ?version=3&#038;rel=1&#038;showsearch=0&#038;showinfo=1&#038;iv_load_policy=1&#038;fs=1&#038;hl=en-US&#038;autohide=2&#038;start=19&#038;wmode=transparent\" allowfullscreen=\"true\" style=\"border:0;\" sandbox=\"allow-scripts allow-same-origin allow-popups allow-presentation\"><\/iframe><\/span><\/div>\n<h3 class=\"western\"><em>#LUDWIGVAN<\/em><\/h3>\n<p class=\"western\"><em>Get the daily arts news straight to your inbox.<\/em><\/p>\n<h3 class=\"western\"><em>Sign up for the Ludwig van Daily\u00a0\u2014 classical music and opera in five minutes or less <\/em><span style=\"color: #ff0000;\"><a style=\"color: #ff0000;\" href=\"https:\/\/bowtie.mailbutler.io\/tracking\/hit\/583e6ce0-dfd0-48be-8a33-61256b3c58e3\/a01723d1-1d1d-44ee-9d0c-779ed93a798c\" target=\"_blank\" rel=\"noopener noreferrer\"><i>HERE<\/i><\/a><\/span><em>.<\/em><\/h3>\n","protected":false},"excerpt":{"rendered":"<p>Classical music and opera events streaming on the web for the week of October 26\u2014 November 1.<\/p>\n","protected":false},"author":22,"featured_media":69489,"comment_status":"open","ping_status":"open","sticky":false,"template":"","format":"standard","meta":{"om_disable_all_campaigns":false,"jetpack_post_was_ever_published":false},"categories":[33451,76,19,35839,3895,43,63],"tags":[628,4839,35978,31143,38215],"yst_prominent_words":[38214,38209,37325,6715,28125,36437,36025,7438,36986,15050,13725,27956,10813,38213,38208,38207,6886,32258,38210,38211],"acf":[],"jetpack_featured_media_url":"https:\/\/www.ludwig-van.com\/toronto\/wp-content\/uploads\/sites\/2\/2020\/10\/Critics_Oct_26_Nov_1_2020-image-update.jpg","jetpack_sharing_enabled":true,"jetpack_shortlink":"https:\/\/wp.me\/p9bakr-i4J","amp_enabled":true,"_links":{"self":[{"href":"https:\/\/www.ludwig-van.com\/toronto\/wp-json\/wp\/v2\/posts\/69485"}],"collection":[{"href":"https:\/\/www.ludwig-van.com\/toronto\/wp-json\/wp\/v2\/posts"}],"about":[{"href":"https:\/\/www.ludwig-van.com\/toronto\/wp-json\/wp\/v2\/types\/post"}],"author":[{"embeddable":true,"href":"https:\/\/www.ludwig-van.com\/toronto\/wp-json\/wp\/v2\/users\/22"}],"replies":[{"embeddable":true,"href":"https:\/\/www.ludwig-van.com\/toronto\/wp-json\/wp\/v2\/comments?post=69485"}],"version-history":[{"count":4,"href":"https:\/\/www.ludwig-van.com\/toronto\/wp-json\/wp\/v2\/posts\/69485\/revisions"}],"predecessor-version":[{"id":69491,"href":"https:\/\/www.ludwig-van.com\/toronto\/wp-json\/wp\/v2\/posts\/69485\/revisions\/69491"}],"wp:featuredmedia":[{"embeddable":true,"href":"https:\/\/www.ludwig-van.com\/toronto\/wp-json\/wp\/v2\/media\/69489"}],"wp:attachment":[{"href":"https:\/\/www.ludwig-van.com\/toronto\/wp-json\/wp\/v2\/media?parent=69485"}],"wp:term":[{"taxonomy":"category","embeddable":true,"href":"https:\/\/www.ludwig-van.com\/toronto\/wp-json\/wp\/v2\/categories?post=69485"},{"taxonomy":"post_tag","embeddable":true,"href":"https:\/\/www.ludwig-van.com\/toronto\/wp-json\/wp\/v2\/tags?post=69485"},{"taxonomy":"yst_prominent_words","embeddable":true,"href":"https:\/\/www.ludwig-van.com\/toronto\/wp-json\/wp\/v2\/yst_prominent_words?post=69485"}],"curies":[{"name":"wp","href":"https:\/\/api.w.org\/{rel}","templated":true}]}}