{"id":69262,"date":"2020-09-28T10:19:42","date_gmt":"2020-09-28T14:19:42","guid":{"rendered":"https:\/\/www.ludwig-van.com\/toronto\/?p=69262"},"modified":"2020-09-28T11:39:07","modified_gmt":"2020-09-28T15:39:07","slug":"critics-picks-classical-music-livestreams-you-absolutely-need-to-see-this-week-sept-28-oct-4","status":"publish","type":"post","link":"https:\/\/www.ludwig-van.com\/toronto\/2020\/09\/28\/critics-picks-classical-music-livestreams-you-absolutely-need-to-see-this-week-sept-28-oct-4\/","title":{"rendered":"CRITIC&#8217;S PICKS | Classical Music Livestreams You Absolutely Need To See This Week (Sept. 28 \u2013 Oct. 4)"},"content":{"rendered":"<figure id=\"attachment_69263\" aria-describedby=\"caption-attachment-69263\" style=\"width: 1200px\" class=\"wp-caption aligncenter\"><img decoding=\"async\" loading=\"lazy\" class=\"size-full wp-image-69263\" src=\"https:\/\/www.ludwig-van.com\/toronto\/wp-content\/uploads\/sites\/2\/2020\/09\/Critics_Sept28_Oct4_2020-feature-image.jpg\" alt=\"CRITIC'S PICKS | Classical Music Livestreams You Absolutely Need To See This Week (Sept. 28 \u2013 Oct. 4)\" width=\"1200\" height=\"628\" srcset=\"https:\/\/www.ludwig-van.com\/toronto\/wp-content\/uploads\/sites\/2\/2020\/09\/Critics_Sept28_Oct4_2020-feature-image.jpg 1200w, https:\/\/www.ludwig-van.com\/toronto\/wp-content\/uploads\/sites\/2\/2020\/09\/Critics_Sept28_Oct4_2020-feature-image-300x157.jpg 300w, https:\/\/www.ludwig-van.com\/toronto\/wp-content\/uploads\/sites\/2\/2020\/09\/Critics_Sept28_Oct4_2020-feature-image-1024x536.jpg 1024w, https:\/\/www.ludwig-van.com\/toronto\/wp-content\/uploads\/sites\/2\/2020\/09\/Critics_Sept28_Oct4_2020-feature-image-768x402.jpg 768w\" sizes=\"(max-width: 1200px) 100vw, 1200px\" \/><figcaption id=\"caption-attachment-69263\" class=\"wp-caption-text\">CRITIC&#8217;S PICKS | Classical Music Livestreams You Absolutely Need To See This Week (Sept. 28 \u2013 Oct. 4)<\/figcaption><\/figure>\n<h3><strong>Critic\u2019s Picks (September 28 \u2013 October 4)<\/strong><\/h3>\n<p><em>\u201cWe live in an extraordinary Age\u201d \u2013 Carl Sagan.<\/em> Now fully into the 2020-21 season, our musical life continues to be severely disrupted by COVID-19. While some venues, mostly European, have reopened with precautions, the road has been difficult. The much feared second wave has arrived, especially in France, Spain, Germany, and the UK. Some sad examples \u2014 the Hessisches Staattheater Wiesbaden has had to cancel <em>Le Nozze di Figaro<\/em> (Sept. 25) and<em> Il Barbiere di Siviglia<\/em> (Sept. 26) on order by the State for health and safety reasons. A performance of <em>Un Ballo in Maschera<\/em> on Sept. 21 at the Teatro Real (Madrid) was disrupted and subsequently cancelled, due to audience in the upper galleries protesting against a lack of social distancing.<\/p>\n<p>On a happier note, just this week we learned of the recovery from COVID-19 of American soprano Nadine Sierra. Russian soprano Anna Netrebko, <span style=\"color: #ff0000\"><a style=\"color: #ff0000\" href=\"http:\/\/nytimes.com\/2020\/09\/17\/arts\/music\/anna-netrebko-coronavirus-bolshoi.html\" target=\"_blank\" rel=\"noopener noreferrer\">hospitalized in Moscow<\/a><\/span> with COVID-19 related pneumonia, has been discharged. Her appearance as Leonora in<em> Il Trovatore<\/em> in Spain was cancelled and replaced by American soprano Rachel Willis Sorenson. Netrebko\u2019s upcoming Met Stars Live in Concert on Oct. 10 has been postponed to February 6, 2021, with location to be announced. Similarly, the Met concert by Sondra Radvanovsky and Piotr Beczala, originally scheduled for September 26, is now rescheduled for January 21, 2021. However, their joint concert at the Teatro Liceu in Barcelona took place successfully a day later.<\/p>\n<p>A bombshell announcement this week that the Metropolitan Opera will <span style=\"color: #ff0000\"><a style=\"color: #ff0000\" href=\"https:\/\/www.nytimes.com\/2020\/09\/23\/arts\/music\/metropolitan-opera-cancels-coronavirus.html\" target=\"_blank\" rel=\"noopener noreferrer\">remain dark<\/a><\/span> for the whole of the 2020-21 season. Given the rising cases in the US, the plan of a New Year\u2019s Eve Gala to reopen the Met proved unrealistic. With the closure of the biggest opera venue in North America, it does not bode well for other opera companies on this side of the pond. A few have found new ways to perform, such as San Diego Opera\u2019s Drive-In <em>La Boheme<\/em> starring Angel Blue and Joshua Guerrero. Sadly, this appears to be the new normal in the foreseeable future.<\/p>\n<p>Meanwhile, the Met continues with its <span style=\"color: #ff0000\"><a style=\"color: #ff0000\" href=\"https:\/\/www.metopera.org\/user-information\/nightly-met-opera-streams\/\" target=\"_blank\" rel=\"noopener noreferrer\">free nightly stream<\/a><\/span>, at 7:30 p.m. ET and available for 23 hours. This week is Mozart week, with a particularly noteworthy performance on Saturday of <em>Le nozze di Figaro<\/em> from 1998 with a fantastic cast starring Ren\u00e9e Fleming, Cecilia Bartoli, Susanne Mentzer, Dwayne Croft, and Bryn Terfel, conducted by James Levine. There\u2019s a lot of interesting shows available video-on-demand \u2014 enjoy!<\/p>\n<h3><strong><span style=\"color: #ff0000\">Monday 28<\/span><\/strong><\/h3>\n<p><strong>Wigmore Hall | Angela Hewitt 2:30 p.m. ET<\/strong> The UK based Canadian pianist plays Bach\u2019s The Art of Fugue BWV1080, which she recorded to great acclaim some years ago. This is only one of a plethora of choices from Wigmore Hall\u2019s Autumn Series, all free with donations gratefully accepted.<\/p>\n<div class=\"jetpack-video-wrapper\"><span class=\"embed-youtube\" style=\"text-align:center; display: block;\"><iframe loading=\"lazy\" class=\"youtube-player\" width=\"640\" height=\"360\" src=\"https:\/\/www.youtube.com\/embed\/Mz1r7PeuePA?version=3&#038;rel=1&#038;showsearch=0&#038;showinfo=1&#038;iv_load_policy=1&#038;fs=1&#038;hl=en-US&#038;autohide=2&#038;wmode=transparent\" allowfullscreen=\"true\" style=\"border:0;\" sandbox=\"allow-scripts allow-same-origin allow-popups allow-presentation\"><\/iframe><\/span><\/div>\n<p><strong>Met | Mozart\u2019s Le Nozze di Figaro<\/strong> Starring Amanda Majeski, Marlis Petersen, Isabel Leonard, Peter Mattei, and Ildar Abdrazakov, conducted by James Levine. From October 18, 2014. | <span style=\"color: #ff0000\"><a style=\"color: #ff0000\" href=\"https:\/\/www.metopera.org\/season\/on-demand\/opera\/?upc=811357017593\" target=\"_blank\" rel=\"noopener noreferrer\">Details<\/a><\/span><\/p>\n<h3><strong><span style=\"color: #ff0000\">Tuesday 29<\/span><\/strong><\/h3>\n<p><strong>Met | Mozart\u2019s Cos\u00ec fan tutte<\/strong> Starring Susanna Phillips, Isabel Leonard, Danielle de Niese, Matthew Polenzani, Rodion Pogossov, and Maurizio Muraro, conducted by James Levine. From April 26, 2014. | <span style=\"color: #ff0000\"><a style=\"color: #ff0000\" href=\"https:\/\/www.metopera.org\/season\/on-demand\/opera\/?upc=811357017593\" target=\"_blank\" rel=\"noopener noreferrer\">Details<\/a><\/span><\/p>\n<h3><strong><span style=\"color: #ff0000\">Wednesday 30<\/span><\/strong><\/h3>\n<p><strong>Wigmore Hall | Ian Bostridge &amp; Imogen Cooper 8 p.m. ET<\/strong> The British tenor sings a program of Beethoven and Schumann, including An die ferne Geliebte and Liederkreis.<\/p>\n<div class=\"jetpack-video-wrapper\"><span class=\"embed-youtube\" style=\"text-align:center; display: block;\"><iframe loading=\"lazy\" class=\"youtube-player\" width=\"640\" height=\"360\" src=\"https:\/\/www.youtube.com\/embed\/jW0wAOGxZrw?version=3&#038;rel=1&#038;showsearch=0&#038;showinfo=1&#038;iv_load_policy=1&#038;fs=1&#038;hl=en-US&#038;autohide=2&#038;wmode=transparent\" allowfullscreen=\"true\" style=\"border:0;\" sandbox=\"allow-scripts allow-same-origin allow-popups allow-presentation\"><\/iframe><\/span><\/div>\n<p><strong>Met | Mozart\u2019s La Clemenza di Tito<\/strong> Starring Lucy Crowe, Barbara Frittoli, El\u012bna Garan\u010da, Kate Lindsey, Giuseppe Filianoti, and Oren Gradus, conducted by Harry Bicket. From December 1, 2012. | <span style=\"color: #ff0000\"><a style=\"color: #ff0000\" href=\"https:\/\/www.metopera.org\/season\/on-demand\/opera\/?upc=811357015872\" target=\"_blank\" rel=\"noopener noreferrer\">Details<\/a><\/span><\/p>\n<h3><span style=\"color: #ff0000\"><strong>Thursday 1<\/strong><\/span><\/h3>\n<p><strong>Met | Mozart\u2019s Die Zauberfl\u00f6te<\/strong> Starring Golda Schultz, Kathryn Lewek, Charles Castronovo, Markus Werba, Christian Van Horn, and Ren\u00e9 Pape, conducted by James Levine. From October 14, 2017. | <span style=\"color: #ff0000\"><a style=\"color: #ff0000\" href=\"https:\/\/www.metopera.org\/season\/on-demand\/opera\/?upc=810004201224\" target=\"_blank\" rel=\"noopener noreferrer\">Details<\/a><\/span><\/p>\n<h3><span style=\"color: #ff0000\">Friday 2<\/span><\/h3>\n<p><strong>Upper Canada Choristers\/Cantemos Ensemble | Inti Ukana: A Latin American Tapestry 7:30 p.m. ET<\/strong> This work is sung in Aymara, the language of an indigenous people of the Andean region. The song is performed in a new arrangement by Laurie Evan Fraser. Also included in the concert is Misa Criolla by Ariel Ramirez. | <span style=\"color: #ff0000\"><a style=\"color: #ff0000\" href=\"https:\/\/www.uppercanadachoristers.org\/\" target=\"_blank\" rel=\"noopener noreferrer\">Details<\/a><\/span><\/p>\n<p><strong>Tom Allen | The Last Curlew: A Micro-concert 7:30 p.m. ET<\/strong> Beaches Presbyterian Church. A physical concert with social distancing. Also Oct. 3. Tickets: $30 The Last Curlew mixes storytelling and dance with music by Alexina Louie, R. Murray Schafer and Ralph Vaughan-Williams. Based on the pioneering environmental novel The Last of the Curlews, by Toronto naturalist and author Fred Bodsworth, it details the astonishing 13,000 km migration of a lone male of the Northern Curlew, a critically endangered arctic sea bird. The show features the harpist Lori Gemmell (Principal Harp, Kitchener-Waterloo Symphony), TSO Assistant Concertmaster Etsuko Kimura, dancer Julia Aplin and narrators Annika Broadhead and Tom Allen. | <span style=\"color: #ff0000\"><a style=\"color: #ff0000\" href=\"https:\/\/www.ludwig-van.com\/toronto\/event\/tom-allen-last-curlew-micro-concert\/2020-10-02\/\" target=\"_blank\" rel=\"noopener noreferrer\">Details<\/a><\/span><\/p>\n<p><strong>Met | Mozart\u2019s Don Giovanni<\/strong> Starring Marina Rebeka, Barbara Frittoli, Mojca Erdmann, Ram\u00f3n Vargas, Mariusz Kwiecie\u0144, Luca Pisaroni, and \u0160tefan Koc\u00e1n, conducted by Fabio Luisi. From October 29, 2011. | <span style=\"color: #ff0000\"><a style=\"color: #ff0000\" href=\"https:\/\/www.metopera.org\/season\/on-demand\/opera\/?upc=811357014837\" target=\"_blank\" rel=\"noopener noreferrer\">Details<\/a><\/span><\/p>\n<h3><strong><span style=\"color: #ff0000\">Saturday 3<\/span><\/strong><\/h3>\n<p><strong>Met | Mozart\u2019s Le Nozze di Figaro<\/strong> Starring Ren\u00e9e Fleming, Cecilia Bartoli, Susanne Mentzer, Dwayne Croft, and Bryn Terfel, conducted by James Levine. From November 11, 1998. | <span style=\"color: #ff0000\"><a style=\"color: #ff0000\" href=\"https:\/\/www.metopera.org\/season\/on-demand\/opera\/?upc=811357011430\" target=\"_blank\" rel=\"noopener noreferrer\">Details<\/a><\/span><\/p>\n<h3><span style=\"color: #ff0000\"><strong>Sunday 4<\/strong><\/span><\/h3>\n<p><strong>Canzona Chamber Players | Jonathan Crow &amp; Joseph Johnson 7 p.m. ET<\/strong>. The TSO Concertmaster Jonathan Crow and Principal Cello Joseph Johnson gives a fundraising concert for The Courage Fund, which provides \u201cfrontline staff, palliative care patients and the most vulnerable members of our community with the food, clothing, and tablet computers they need to keep going, keep connected and keep safe.\u201d Works by Gliere, Alice Hong, Kodaly, and Handel-Halvorsen.<\/p>\n<div class=\"jetpack-video-wrapper\"><span class=\"embed-youtube\" style=\"text-align:center; display: block;\"><iframe loading=\"lazy\" class=\"youtube-player\" width=\"640\" height=\"360\" src=\"https:\/\/www.youtube.com\/embed\/UCQZnIntxOg?version=3&#038;rel=1&#038;showsearch=0&#038;showinfo=1&#038;iv_load_policy=1&#038;fs=1&#038;hl=en-US&#038;autohide=2&#038;wmode=transparent\" allowfullscreen=\"true\" style=\"border:0;\" sandbox=\"allow-scripts allow-same-origin allow-popups allow-presentation\"><\/iframe><\/span><\/div>\n<p><strong>Met | Mozart\u2019s Idomeneo<\/strong> Starring Elza van den Heever, Nadine Sierra, Alice Coote, Matthew Polenzani, and Alan Opie, conducted by James Levine. From March 25, 2017. | <span style=\"color: #ff0000\"><a style=\"color: #ff0000\" href=\"https:\/\/www.metopera.org\/season\/on-demand\/opera\/?upc=811357011430\" target=\"_blank\" rel=\"noopener noreferrer\">Details<\/a><\/span><\/p>\n<h3><strong>Video-on-demand performances:<\/strong><\/h3>\n<p>1) <strong>Royal College of Music | Alfred Brendel Masterclass<\/strong> Streamed on September 17 of an event originally recorded in 2011, the legendary pianist gives a masterclass on Liszt B minor sonata.<\/p>\n<div class=\"jetpack-video-wrapper\"><span class=\"embed-youtube\" style=\"text-align:center; display: block;\"><iframe loading=\"lazy\" class=\"youtube-player\" width=\"640\" height=\"360\" src=\"https:\/\/www.youtube.com\/embed\/er-PUs0_tys?version=3&#038;rel=1&#038;showsearch=0&#038;showinfo=1&#038;iv_load_policy=1&#038;fs=1&#038;hl=en-US&#038;autohide=2&#038;wmode=transparent\" allowfullscreen=\"true\" style=\"border:0;\" sandbox=\"allow-scripts allow-same-origin allow-popups allow-presentation\"><\/iframe><\/span><\/div>\n<p>2) <strong>OperaVision | Marina Rebeka<\/strong> The Latvian soprano gives an operatic recital at the Rund\u0101le Castle in Latvia. On the program are arias by Verdi, Puccini, Catalani and Lehar. She is joined by pianist Laila Holberga, who contributes piano solo pieces. Live streamed on September 25.<\/p>\n<div class=\"jetpack-video-wrapper\"><span class=\"embed-youtube\" style=\"text-align:center; display: block;\"><iframe loading=\"lazy\" class=\"youtube-player\" width=\"640\" height=\"360\" src=\"https:\/\/www.youtube.com\/embed\/LQdhPUsSLYs?version=3&#038;rel=1&#038;showsearch=0&#038;showinfo=1&#038;iv_load_policy=1&#038;fs=1&#038;hl=en-US&#038;autohide=2&#038;wmode=transparent\" allowfullscreen=\"true\" style=\"border:0;\" sandbox=\"allow-scripts allow-same-origin allow-popups allow-presentation\"><\/iframe><\/span><\/div>\n<p>3) <strong>Wigmore Hall | Gerald Finley and Julius Drake<\/strong> The great Canadian bass-baritone sings a program of Faure, Duparc, Barber, Ives, Arlen, and Porter. Streamed on September 26 and now available on demand.<\/p>\n<div class=\"jetpack-video-wrapper\"><span class=\"embed-youtube\" style=\"text-align:center; display: block;\"><iframe loading=\"lazy\" class=\"youtube-player\" width=\"640\" height=\"360\" src=\"https:\/\/www.youtube.com\/embed\/cYD__TRnk_8?version=3&#038;rel=1&#038;showsearch=0&#038;showinfo=1&#038;iv_load_policy=1&#038;fs=1&#038;hl=en-US&#038;autohide=2&#038;wmode=transparent\" allowfullscreen=\"true\" style=\"border:0;\" sandbox=\"allow-scripts allow-same-origin allow-popups allow-presentation\"><\/iframe><\/span><\/div>\n<p>4) <strong>Screaming Divas | Carlos Alvarez<\/strong> Sopranos\/best pals Sondra Radvanovsky and Keri Alkema chat with the veteran Spanish baritone about his long and distinguished career.<\/p>\n<div class=\"jetpack-video-wrapper\"><span class=\"embed-youtube\" style=\"text-align:center; display: block;\"><iframe loading=\"lazy\" class=\"youtube-player\" width=\"640\" height=\"360\" src=\"https:\/\/www.youtube.com\/embed\/PYa7lFmvFy0?version=3&#038;rel=1&#038;showsearch=0&#038;showinfo=1&#038;iv_load_policy=1&#038;fs=1&#038;hl=en-US&#038;autohide=2&#038;start=11&#038;wmode=transparent\" allowfullscreen=\"true\" style=\"border:0;\" sandbox=\"allow-scripts allow-same-origin allow-popups allow-presentation\"><\/iframe><\/span><\/div>\n<p>5) <strong>BYU Vocal Point | Nearer, My God, To Thee<\/strong> BYU Vocal Point stands for Brigham Young University\u2019s 9-man a cappella ensemble. In this evocative rendition of Nearer, My God, To Thee, the ensemble is joined by 800 musicians from 55 countries. Music by Sarah Adams and Lowell Mason, with original Latin lyrics and arrangement by James Stevens. Premiered August 7 and available on demand.<\/p>\n<div class=\"jetpack-video-wrapper\"><span class=\"embed-youtube\" style=\"text-align:center; display: block;\"><iframe loading=\"lazy\" class=\"youtube-player\" width=\"640\" height=\"360\" src=\"https:\/\/www.youtube.com\/embed\/o1trWhBvZTs?version=3&#038;rel=1&#038;showsearch=0&#038;showinfo=1&#038;iv_load_policy=1&#038;fs=1&#038;hl=en-US&#038;autohide=2&#038;wmode=transparent\" allowfullscreen=\"true\" style=\"border:0;\" sandbox=\"allow-scripts allow-same-origin allow-popups allow-presentation\"><\/iframe><\/span><\/div>\n<h3 class=\"western\"><em>#LUDWIGVAN<\/em><\/h3>\n<p class=\"western\"><em>Get the daily arts news straight to your inbox.<\/em><\/p>\n<h3 class=\"western\"><em>Sign up for the Ludwig van Daily\u00a0\u2014 classical music and opera in five minutes or less <\/em><span style=\"color: #ff0000\"><a style=\"color: #ff0000\" href=\"https:\/\/bowtie.mailbutler.io\/tracking\/hit\/583e6ce0-dfd0-48be-8a33-61256b3c58e3\/a01723d1-1d1d-44ee-9d0c-779ed93a798c\" target=\"_blank\" rel=\"noopener noreferrer\"><i>HERE<\/i><\/a><\/span><em>.<\/em><\/h3>\n","protected":false},"excerpt":{"rendered":"<p>Classical music and opera events streaming on the web for the week of September 28 \u2013 October 4.<\/p>\n","protected":false},"author":22,"featured_media":69263,"comment_status":"open","ping_status":"open","sticky":false,"template":"","format":"standard","meta":{"om_disable_all_campaigns":false,"jetpack_post_was_ever_published":false},"categories":[33451,76,19,35839,3895,43,63],"tags":[286,8030,35697,4439,4668,37910],"yst_prominent_words":[37900,37905,37899,36437,36025,37904,37903,37909,37898,12423,12420,37901,37902,12419,12422,37908,37897,37907,37896,37906],"acf":[],"jetpack_featured_media_url":"https:\/\/www.ludwig-van.com\/toronto\/wp-content\/uploads\/sites\/2\/2020\/09\/Critics_Sept28_Oct4_2020-feature-image.jpg","jetpack_sharing_enabled":true,"jetpack_shortlink":"https:\/\/wp.me\/p9bakr-i18","amp_enabled":true,"_links":{"self":[{"href":"https:\/\/www.ludwig-van.com\/toronto\/wp-json\/wp\/v2\/posts\/69262"}],"collection":[{"href":"https:\/\/www.ludwig-van.com\/toronto\/wp-json\/wp\/v2\/posts"}],"about":[{"href":"https:\/\/www.ludwig-van.com\/toronto\/wp-json\/wp\/v2\/types\/post"}],"author":[{"embeddable":true,"href":"https:\/\/www.ludwig-van.com\/toronto\/wp-json\/wp\/v2\/users\/22"}],"replies":[{"embeddable":true,"href":"https:\/\/www.ludwig-van.com\/toronto\/wp-json\/wp\/v2\/comments?post=69262"}],"version-history":[{"count":3,"href":"https:\/\/www.ludwig-van.com\/toronto\/wp-json\/wp\/v2\/posts\/69262\/revisions"}],"predecessor-version":[{"id":69267,"href":"https:\/\/www.ludwig-van.com\/toronto\/wp-json\/wp\/v2\/posts\/69262\/revisions\/69267"}],"wp:featuredmedia":[{"embeddable":true,"href":"https:\/\/www.ludwig-van.com\/toronto\/wp-json\/wp\/v2\/media\/69263"}],"wp:attachment":[{"href":"https:\/\/www.ludwig-van.com\/toronto\/wp-json\/wp\/v2\/media?parent=69262"}],"wp:term":[{"taxonomy":"category","embeddable":true,"href":"https:\/\/www.ludwig-van.com\/toronto\/wp-json\/wp\/v2\/categories?post=69262"},{"taxonomy":"post_tag","embeddable":true,"href":"https:\/\/www.ludwig-van.com\/toronto\/wp-json\/wp\/v2\/tags?post=69262"},{"taxonomy":"yst_prominent_words","embeddable":true,"href":"https:\/\/www.ludwig-van.com\/toronto\/wp-json\/wp\/v2\/yst_prominent_words?post=69262"}],"curies":[{"name":"wp","href":"https:\/\/api.w.org\/{rel}","templated":true}]}}