{"id":68224,"date":"2020-06-02T11:46:18","date_gmt":"2020-06-02T15:46:18","guid":{"rendered":"https:\/\/www.ludwig-van.com\/toronto\/?p=68224"},"modified":"2020-06-02T11:46:18","modified_gmt":"2020-06-02T15:46:18","slug":"feature-what-will-live-music-look-like-post-pandemic","status":"publish","type":"post","link":"https:\/\/www.ludwig-van.com\/toronto\/2020\/06\/02\/feature-what-will-live-music-look-like-post-pandemic\/","title":{"rendered":"FEATURE | What Will Live Music Look Like Post-Pandemic?"},"content":{"rendered":"<p><span style=\"color: #808080\"><strong>We look at how, when, and in what form live music might return after the silent stages of the COVID-19 lockdown.<\/strong><\/span><\/p>\n<figure id=\"attachment_68225\" aria-describedby=\"caption-attachment-68225\" style=\"width: 1199px\" class=\"wp-caption aligncenter\"><img decoding=\"async\" loading=\"lazy\" class=\"size-full wp-image-68225\" src=\"https:\/\/www.ludwig-van.com\/toronto\/wp-content\/uploads\/sites\/2\/2020\/06\/Return-of-live-music-feature.jpg\" alt=\"Paris street musician\" width=\"1199\" height=\"628\" srcset=\"https:\/\/www.ludwig-van.com\/toronto\/wp-content\/uploads\/sites\/2\/2020\/06\/Return-of-live-music-feature.jpg 1199w, https:\/\/www.ludwig-van.com\/toronto\/wp-content\/uploads\/sites\/2\/2020\/06\/Return-of-live-music-feature-300x157.jpg 300w, https:\/\/www.ludwig-van.com\/toronto\/wp-content\/uploads\/sites\/2\/2020\/06\/Return-of-live-music-feature-1024x536.jpg 1024w, https:\/\/www.ludwig-van.com\/toronto\/wp-content\/uploads\/sites\/2\/2020\/06\/Return-of-live-music-feature-768x402.jpg 768w\" sizes=\"(max-width: 1199px) 100vw, 1199px\" \/><figcaption id=\"caption-attachment-68225\" class=\"wp-caption-text\">Paris street musician (Photo: seoungsuk ham from Pixabay)<\/figcaption><\/figure>\n<p><span class=\"wpsdc-drop-cap\">S<\/span>ince the beginning of the COVID-19 lockdown, classical musicians, orchestras, and other groups have stepped up to the challenge of filling the void with music. While live performances were not possible, established companies with banks of video material like the Metropolitan Opera and Staatsoper Berlin have opened the vaults to <span style=\"color: #ff0000\"><a style=\"color: #ff0000\" href=\"https:\/\/www.ludwig-van.com\/toronto\/2020\/06\/01\/critics-picks-virtual-concerts-absolutely-need-see-week-streaming-edition-5\/\" target=\"_blank\" rel=\"noopener noreferrer\">free streaming<\/a><\/span>.<\/p>\n<p>Many musicians have made a success in the virtual world. The talented <span style=\"color: #ff0000\"><a style=\"color: #ff0000\" href=\"https:\/\/www.ludwig-van.com\/toronto\/2020\/01\/14\/qa-20-questions-for-sheku-kanneh-mason\/\" target=\"_blank\" rel=\"noopener noreferrer\">Kanneh-Mason family<\/a><\/span>\u2019s weekly living room livestreams regularly garner upwards of 50,000 viewers. A stream of Bach\u2019s <em>St. John Passion<\/em>, performed social-distancing style in the St. Thomas Church in Leipzig, Germany, has been viewed about 350,000 times. The performance features a tenor soloist inmost of the vocal roles, with a marimba and keyboard player, and the choruses performed by a virtual choir from around the world. The <span style=\"color: #ff0000\"><a style=\"color: #ff0000\" href=\"https:\/\/www.arte.tv\/de\/videos\/097176-000-A\/johannes-passion-aus-der-leipziger-thomaskirche\/\" target=\"_blank\" rel=\"noopener noreferrer\">video of the performance<\/a><\/span> is on view until July 10.<\/p>\n<p>While the online world provides an unexpected boost, and possibility of additional revenues, classical music is a genre that is <strong>defined by performance<\/strong>. The <strong>concert hall<\/strong> or venue itself adds a different dimension to the experience, along with the undeniable buzz of sharing the performance with others.<\/p>\n<p>It doesn\u2019t help that, in the beginning of the lockdown, estimates were overly optimistic. The first reports talked about getting back to normal in a matter of weeks, then months&#8230;now it\u2019s not clear if there will be a performing season per se until <strong>2022<\/strong>.<\/p>\n<p>Even more than the timing is the worry that, in some cases, the season may never really come back at all, and the uncertainty is ongoing.<\/p>\n<figure id=\"attachment_68229\" aria-describedby=\"caption-attachment-68229\" style=\"width: 1200px\" class=\"wp-caption aligncenter\"><img decoding=\"async\" loading=\"lazy\" class=\"size-full wp-image-68229\" src=\"https:\/\/www.ludwig-van.com\/toronto\/wp-content\/uploads\/sites\/2\/2020\/06\/Teatro-Colon-Buenos-Aires.jpg\" alt=\"Teatro Colon, Buenos Aires, Argentina (Photo: TravelCoffeeBook from Pixabay)\" width=\"1200\" height=\"799\" srcset=\"https:\/\/www.ludwig-van.com\/toronto\/wp-content\/uploads\/sites\/2\/2020\/06\/Teatro-Colon-Buenos-Aires.jpg 1200w, https:\/\/www.ludwig-van.com\/toronto\/wp-content\/uploads\/sites\/2\/2020\/06\/Teatro-Colon-Buenos-Aires-300x200.jpg 300w, https:\/\/www.ludwig-van.com\/toronto\/wp-content\/uploads\/sites\/2\/2020\/06\/Teatro-Colon-Buenos-Aires-1024x682.jpg 1024w, https:\/\/www.ludwig-van.com\/toronto\/wp-content\/uploads\/sites\/2\/2020\/06\/Teatro-Colon-Buenos-Aires-768x511.jpg 768w\" sizes=\"(max-width: 1200px) 100vw, 1200px\" \/><figcaption id=\"caption-attachment-68229\" class=\"wp-caption-text\">Teatro Colon, Buenos Aires, Argentina (Photo: TravelCoffeeBook from Pixabay)<\/figcaption><\/figure>\n<h3><strong>How Can Audiences Be Coaxed Back?<\/strong><\/h3>\n<p><span class=\"wpsdc-drop-cap\">A<\/span>t Ludwig Van, we created <span style=\"color: #ff0000\"><a style=\"color: #ff0000\" href=\"https:\/\/www.ludwig-van.com\/toronto\/2020\/05\/27\/feature-will-you-ever-feel-conformable-going-to-a-concert-again\/\" target=\"_blank\" rel=\"noopener noreferrer\">our own survey<\/a><\/span> asking respondents about their attitudes towards the performing arts during the pandemic lockdown. Most of the 619 who responded \u2014 a whopping 78.7% \u2014 said they had attended a live streamed event, with the majority of people saying they&#8217;d seen between one and five virtual concerts. A significant chunk, however, of 25.6% said they&#8217;d seen up to 10. Youtube and Facebook were the platforms of choice.<\/p>\n<p>Like reading patterns, however, <strong>viewing patterns appear to be different<\/strong> when it comes to live streaming. Just over 30% said they watched the entire performance, with another 31.8% saying they&#8217;d checked in for 50-75% of the stream. It leaves, however, just under 38% who stay for less than half of a stream, including 12.6% who stay for less than 5% of the proceedings.<\/p>\n<p>Nonetheless, the results are encouraging, with <strong>nearly 40% of our respondents<\/strong> saying they&#8217;d pay for a livestream ticket, and another 48.3% who&#8217;d consider it.\u00a0Most people \u2014 <strong>over 82%<\/strong> \u2014 want a true concert from a stage or venue, but there is also solid support for artist chats and mixed chat-concert events, and just under 60% who said they enjoyed an informal stream from the artist&#8217;s home.<\/p>\n<p>While the numbers are encouraging, much of the virtual programming has been performed free of charge to viewers, making it an unrealistic long term solution. The bigger question is: what would it take to get audiences back in their seats post-pandemic? A clear majority of 55-62.8 % want <strong>social distancing rules<\/strong> to apply, and about the same amount preferred outdoor to indoor venues. Most will also wait well beyond even the removal of government restrictions, however, before going back to a concert or live event.<\/p>\n<p>The numbers and trends of our Ludwig Van survey generally coincide with data gathered across the continent. According to an Abacus Data national opinion survey commissioned by Music Canada, even self confessed music lovers will wait at least <strong>six months after the government has lifted restrictions<\/strong> for public gatherings before going to a live concert or venue.<\/p>\n<p>Graham Henderson, President and CEO of Music Canada, is quoted in a <span style=\"color: #ff0000\"><a style=\"color: #ff0000\" href=\"https:\/\/musiccanada.com\/news\/public-research-findings-live-music-industry-faces-triple-threat-during-recovery\/\" target=\"_blank\" rel=\"noopener noreferrer\">media release<\/a><\/span>.<\/p>\n<blockquote><p>\u201cThe music industry faces a triple threat. First \u2013 the very real medical concerns of Canadians about the virus. Second \u2014 that government restrictions will remain on large gatherings well into recovery. And third \u2014 that even after government restrictions have lifted and economies begin to reopen \u2014 Canadian confidence in returning to these live events will continue to be low.\u201d<\/p><\/blockquote>\n<p>According to <span style=\"color: #ff0000\"><a style=\"color: #ff0000\" href=\"https:\/\/www.colleendilen.com\/2020\/05\/06\/meeting-visitor-needs-what-will-make-people-feel-safe-visiting-by-age-income-data\/\" target=\"_blank\" rel=\"noopener noreferrer\">data gathered by researchers in the US<\/a><\/span>, where many states have already reopened, most people seem to want to return to cultural life within three months or so. Unfortunately, the same respondents were selective about what they wanted to do. While most would return to activities like visiting public parks and beaches fairly quickly, most also indicated <strong>they would not return to pre-COVID-19 levels of attendance at concerts<\/strong> and other live performances, or movie theatres, in the foreseeable future.<\/p>\n<p>The availability of <strong>an effective vaccine<\/strong> was the deciding factor for most people who said they wouldn\u2019t go back yet. While several vaccine projects are underway, vaccine and immunology expert Robin Robinson Ph.D. explained to <span style=\"color: #ff0000\"><a style=\"color: #ff0000\" href=\"https:\/\/www.statnews.com\/2020\/05\/06\/mounting-promises-on-covid-vaccines\/\" target=\"_blank\" rel=\"noopener noreferrer\"><em>Stat News<\/em><\/a><\/span> that it would be some time before it was available to the general public. \u201cI don\u2019t think that the general population will have vaccine probably until <strong>the second half of 2021<\/strong>. And that\u2019s if everything works OK,\u201d he said.<\/p>\n<figure id=\"attachment_68231\" aria-describedby=\"caption-attachment-68231\" style=\"width: 1200px\" class=\"wp-caption aligncenter\"><img decoding=\"async\" loading=\"lazy\" class=\"size-full wp-image-68231\" src=\"https:\/\/www.ludwig-van.com\/toronto\/wp-content\/uploads\/sites\/2\/2020\/06\/Piano-recital.jpg\" alt=\"Piano recital (Photo: jswerd from Pixabay)\" width=\"1200\" height=\"800\" srcset=\"https:\/\/www.ludwig-van.com\/toronto\/wp-content\/uploads\/sites\/2\/2020\/06\/Piano-recital.jpg 1200w, https:\/\/www.ludwig-van.com\/toronto\/wp-content\/uploads\/sites\/2\/2020\/06\/Piano-recital-300x200.jpg 300w, https:\/\/www.ludwig-van.com\/toronto\/wp-content\/uploads\/sites\/2\/2020\/06\/Piano-recital-1024x683.jpg 1024w, https:\/\/www.ludwig-van.com\/toronto\/wp-content\/uploads\/sites\/2\/2020\/06\/Piano-recital-768x512.jpg 768w\" sizes=\"(max-width: 1200px) 100vw, 1200px\" \/><figcaption id=\"caption-attachment-68231\" class=\"wp-caption-text\">Piano recital (Photo: jswerd from Pixabay)<\/figcaption><\/figure>\n<h3><strong>The Next Tentative Steps<\/strong><\/h3>\n<p><span class=\"wpsdc-drop-cap\">A<\/span> fter lockdown, the second phase of pandemic response involves loosening restrictions gradually, always ready to increase testing and possibly go backwards to more restrictive practices based on results.<\/p>\n<p>A\u00a0state of relative safety will only be reached once there are <strong>mass vaccinations and immunity to the virus<\/strong>. Until that time, <strong>reopening will be limited,<\/strong> and continue to involve precautions. Digital efforts will be combined with limited live events to help make them more viable.<\/p>\n<p>There is no one-size-fits all solution. How can social distancing work in the performing arts? Theatres and venues around the world are experimenting with possibilities. In Germany, movie theatres have started to reopen. Some have installed plexiglass dividers between sections of seats, while others have removed whole blocks of seats.<\/p>\n<blockquote class=\"twitter-tweet\" data-width=\"550\" data-dnt=\"true\">\n<p lang=\"de\" dir=\"ltr\">neue Realit\u00e4t: so wird es ab n\u00e4chster Spielzeit im Gro\u00dfen Haus aussehen. <a href=\"https:\/\/twitter.com\/hashtag\/BEsonders2021?src=hash&amp;ref_src=twsrc%5Etfw\">#BEsonders2021<\/a> <a href=\"https:\/\/t.co\/ZZuLOHRnLa\">pic.twitter.com\/ZZuLOHRnLa<\/a><\/p>\n<p>&mdash; Berliner Ensemble (@blnensemble) <a href=\"https:\/\/twitter.com\/blnensemble\/status\/1265283083944824835?ref_src=twsrc%5Etfw\">May 26, 2020<\/a><\/p><\/blockquote>\n<p><script async src=\"https:\/\/platform.twitter.com\/widgets.js\" charset=\"utf-8\"><\/script><\/p>\n<p>Seating is only one area of a venue, however.<\/p>\n<p>\u2022 How will organizations and venues ensure that <strong>social distancing<\/strong> is maintained in lobbies?<br \/>\n\u2022 How will seats be assigned?<br \/>\n\u2022 Getting into a venue will take much longer. Where will people line up at the <strong>box office<\/strong>? Many organizations are already encouraging online-only ticket sales to avoid any contact.<br \/>\n\u2022 Another question to be considered is, will organizations <strong>screen ticket holders<\/strong> in some fashion to make sure they are not already sick before they enter? Audience data may now also have to include <strong>immunity and health check information<\/strong>.<\/p>\n<p>After all the precautions, the larger question remains: how can venues and arts organizations survive on about <strong>20-30% of their audiences<\/strong>? It\u2019s clear that digital initiatives will continue to be crucial during this period to try and help fill in the gaps.<\/p>\n<p>A discussion paper by Toronto&#8217;s <span style=\"color: #ff0000\"><a style=\"color: #ff0000\" href=\"https:\/\/www.theartsfirm.com\/what-we-think\/2020\/4\/28\/the-performing-arts-post-covid-19-a-discussion-paper\" target=\"_blank\" rel=\"noopener noreferrer\">The Arts Firm Inc<\/a><\/span>. offers some advice to organizations looking to plan for the future. The paper suggests that no one factor will decide audience behaviour. Issues like <strong>messaging and awareness<\/strong> of hygiene procedures that have been put into place will become as important as following those procedures.<\/p>\n<p>Because of the ongoing uncertainty and state of flux, organizations will have to operate with shorter and flexible time frames wherever possible.<\/p>\n<figure id=\"attachment_68232\" aria-describedby=\"caption-attachment-68232\" style=\"width: 1200px\" class=\"wp-caption aligncenter\"><img decoding=\"async\" loading=\"lazy\" class=\"size-full wp-image-68232\" src=\"https:\/\/www.ludwig-van.com\/toronto\/wp-content\/uploads\/sites\/2\/2020\/06\/Church-choir.jpg\" alt=\"Church choir (Photo: Delphin Media from Pixabay)\" width=\"1200\" height=\"800\" srcset=\"https:\/\/www.ludwig-van.com\/toronto\/wp-content\/uploads\/sites\/2\/2020\/06\/Church-choir.jpg 1200w, https:\/\/www.ludwig-van.com\/toronto\/wp-content\/uploads\/sites\/2\/2020\/06\/Church-choir-300x200.jpg 300w, https:\/\/www.ludwig-van.com\/toronto\/wp-content\/uploads\/sites\/2\/2020\/06\/Church-choir-1024x683.jpg 1024w, https:\/\/www.ludwig-van.com\/toronto\/wp-content\/uploads\/sites\/2\/2020\/06\/Church-choir-768x512.jpg 768w\" sizes=\"(max-width: 1200px) 100vw, 1200px\" \/><figcaption id=\"caption-attachment-68232\" class=\"wp-caption-text\">Church choir (Photo: Delphin Media from Pixabay)<\/figcaption><\/figure>\n<h3><strong>What About The Performer&#8217;s Side Of The Equation?<\/strong><\/h3>\n<p><span class=\"wpsdc-drop-cap\">F<\/span>or woodwind and brass instrumentalists, and singers, in particular, rehearsing and performing as an ensemble is likely to be significantly delayed.<\/p>\n<p>In the US, the <span style=\"color: #ff0000\"><a style=\"color: #ff0000\" href=\"https:\/\/www.nats.org\/cgi\/page.cgi\/_article.html\/What_s_New\/NATS_presents_A_Conversation\" target=\"_blank\" rel=\"noopener noreferrer\">National Association of Teachers of Singing<\/a><\/span> got together with the American Choral Directors Association (ACDA), Chorus America, Barbershop Harmony Society, and Performing Arts Medical Association (PAMA) to present a webinar in early May. They were joined by Dr. Donald Milton, Professor of Environmental Health at the University of Maryland School of Public Health, with a secondary appointment in the School of Medicine, and an expert in respiratory epidemiology. Also contributing was otolaryngologist Dr. Lucinda Halstead, founder and medical director of the Evelyn Trammell Institute for Voice and Swallowing at the Medical University of South Carolina, and President Elect of the Performing Arts Medical Association (PAMA).<\/p>\n<p>The live webinar <strong>shocked participants<\/strong> with Dr. Halstead\u2019s conclusion that that was no way for singers to rehearse or perform together safely without a vaccine, <strong>as well as an effective treatment for the coronavirus<\/strong>. Halstead put that possibility at <strong>18 to 24 months into the future<\/strong>.<\/p>\n<p>Both experts pointed out that there were specific issues that made choirs and singing groups particularly vulnerable. There is no viable distancing solution that would eliminate risk while allowing people to sing together, whether on a stage or a rehearsal hall.<\/p>\n<blockquote><p>\u201cYou would need a football stadium to space apart the Westminster choir,\u201d Halstead noted.<\/p><\/blockquote>\n<p>Masks don\u2019t work nearly as well when singing, because of the nature of the activity. She cited the availability of <strong>home testing kits<\/strong> as a key requirement. Singers could test themselves before going to each practice.<\/p>\n<p>It means that, going into reopening any kind of performance schedule prior to a vaccine, any ensemble will likely be limited to <strong>soloists, duos, or very small groups<\/strong> that can feasibly distance themselves from each other.<\/p>\n<figure id=\"attachment_68233\" aria-describedby=\"caption-attachment-68233\" style=\"width: 1200px\" class=\"wp-caption aligncenter\"><img decoding=\"async\" loading=\"lazy\" class=\"size-full wp-image-68233\" src=\"https:\/\/www.ludwig-van.com\/toronto\/wp-content\/uploads\/sites\/2\/2020\/06\/Flutist.jpg\" alt=\"Flutist (Photo: Brenda Geisse from Pixabay)\" width=\"1200\" height=\"800\" srcset=\"https:\/\/www.ludwig-van.com\/toronto\/wp-content\/uploads\/sites\/2\/2020\/06\/Flutist.jpg 1200w, https:\/\/www.ludwig-van.com\/toronto\/wp-content\/uploads\/sites\/2\/2020\/06\/Flutist-300x200.jpg 300w, https:\/\/www.ludwig-van.com\/toronto\/wp-content\/uploads\/sites\/2\/2020\/06\/Flutist-1024x683.jpg 1024w, https:\/\/www.ludwig-van.com\/toronto\/wp-content\/uploads\/sites\/2\/2020\/06\/Flutist-768x512.jpg 768w\" sizes=\"(max-width: 1200px) 100vw, 1200px\" \/><figcaption id=\"caption-attachment-68233\" class=\"wp-caption-text\">Flutist (Photo: Brenda Geisse from Pixabay)<\/figcaption><\/figure>\n<h3><strong>Reopening \u2014 An Ongoing Experiment<\/strong><\/h3>\n<p><span class=\"wpsdc-drop-cap\">S<\/span>ome music promoters, particularly in the US, are pushing for faster reopening. However, no matter how optimistic the projections, most experts seem sure that <strong>large-scale festivals and concerts<\/strong> will be among the very last of activities to get back on track.<\/p>\n<p>In some ways, the realm of classical music is unique in the music and performing arts industries. On one hand, the audience demographics tend to be middle-aged and older, making them a higher risk group overall. The relatively sedate practices of the classical concert hall, however, lend themselves better to social distancing than, say, the average dance club or rock venue.<\/p>\n<p>The <span style=\"color: #ff0000\"><a style=\"color: #ff0000\" href=\"https:\/\/www.eventsafetyalliance.org\/\" target=\"_blank\" rel=\"noopener noreferrer\">Event Safety Alliance<\/a><\/span>, a music industry non-profit, has compiled a reopening guide, available for download from their website. The document was compiled with the contributions of over 300 music industry professionals from all levels. From their website, they caution that, \u201c<strong>there is no such thing as \u2018best\u2019 practices<\/strong>. There are only practices that are reasonable for this venue, this event, this crowd, this time and place, during this pandemic.\u201d The guide offers advice and guidelines on healthy and safety issues, such as a temporary ban on crowdsurfing, which shouldn\u2019t cause too many waves in the world of classical music and opera.<\/p>\n<p>Creative options may see some concerts take place in the great outdoors this summer. Many municipalities will be opening <strong>drive-in theatres<\/strong> that can be used as music venues.<\/p>\n<p>In <span style=\"color: #ff0000\"><a style=\"color: #ff0000\" href=\"https:\/\/www.thespec.com\/news\/hamilton-region\/2020\/05\/28\/downtown-york-boulevard-parking-garage-to-be-used-as-rooftop-concert-venue.html\" target=\"_blank\" rel=\"noopener noreferrer\">Hamilton, Ontario<\/a><\/span>, a downtown six-story concrete parkade is set to be repurposed as an outdoor venue. Once provincial restrictions have been lifted on gatherings of at least 50 people, the city voted to put out a call for those interested in operating it as a rooftop concert venue. That operator would then hire musicians and arrange for seating with appropriate social distancing in place.<\/p>\n<p>Clearly, however, those types of solutions are limited by season, and even then, depend on the vagaries of the Canadian summer. Even if they work out as long as the weather lasts, they may leave audiences with a long, cold winter with little live music in sight.<\/p>\n<h3><strong>Small vs. Large Venues<\/strong><\/h3>\n<p><span class=\"wpsdc-drop-cap\">S<\/span>maller venues, where there just isn\u2019t enough space for social distancing to be viable, face their own set of issues. \u201cI\u2019ve been on 600 Zoom meetings and half of them are about reopening and the safety standards and protocols, and <strong>they\u2019re pretty much not attainable for music venues<\/strong>,\u201d club owner Shaun Bowring told <span style=\"color: #ff0000\"><a style=\"color: #ff0000\" href=\"https:\/\/toronto.citynews.ca\/2020\/05\/21\/concerts-music-fans-study-coronavirus\/\" target=\"_blank\" rel=\"noopener noreferrer\"><em>Toronto City News<\/em><\/a><\/span>.<\/p>\n<p>Large-scale concert presenter Live Nation is developing plans for what they are calling the \u201cfan-less concert\u201d and live shows with much reduced seating capacity.<\/p>\n<p>&#8220;We\u2019ll be starting slow and small, focusing on the basics and testing regionally,\u201d CEO Michael Rapino told <span style=\"color: #ff0000\"><a style=\"color: #ff0000\" href=\"https:\/\/variety.com\/2020\/music\/news\/live-nation-michael-rapino-coronavirus-concerts-return-1234601320\/\" target=\"_blank\" rel=\"noopener noreferrer\"><em>Variety<\/em><\/a><\/span>. Unlike smaller operations, Rapino says they have the numbers to \u201c<strong>make the math work<\/strong>\u201d.<\/p>\n<p>He outlined their immediate plans. \u201cOver the summer there will be testing happening, whether it\u2019s <strong>fan-less concerts<\/strong>, which offer great broadcast opportunities and are really important for our sponsorship business; <strong>drive-in concerts<\/strong>, which we\u2019re going to test and roll out and we\u2019re having some success with; or <strong>reduced-capacity festival concerts<\/strong>, which could be outdoors in a theatre on a large stadium floor, where there\u2019s enough room to be safe.\u201d<\/p>\n<p>Their most optimistic projections look for <strong>a return to full-scale concerts in late 2021<\/strong>.<\/p>\n<h3 class=\"western\"><em>#LUDWIGVAN<\/em><\/h3>\n<p class=\"western\"><em>Want more updates on classical music and opera news and reviews? Follow us\u00a0on <\/em><span style=\"color: #ff0000\"><em><a style=\"color: #ff0000\" href=\"https:\/\/www.facebook.com\/LudwigVanToronto\/\" target=\"_blank\" rel=\"noopener noreferrer\"><b>Facebook<\/b><\/a><\/em><em>, <\/em><em><a style=\"color: #ff0000\" href=\"https:\/\/www.instagram.com\/ludwigvantoronto\/\" target=\"_blank\" rel=\"noopener noreferrer\"><b>Instagram<\/b><\/a><\/em><b> <\/b><\/span><em>or <\/em><span style=\"color: #ff0000\"><em><a style=\"color: #ff0000\" href=\"https:\/\/twitter.com\/LudwigVanTO\" target=\"_blank\" rel=\"noopener noreferrer\"><b>Twitter<\/b><\/a><\/em><\/span><em> for all the latest.<\/em><\/p>\n","protected":false},"excerpt":{"rendered":"<p>We look at how, when, and in what form live music might return after the silent stages of the COVID-19 lockdown.<\/p>\n","protected":false},"author":64,"featured_media":68225,"comment_status":"open","ping_status":"open","sticky":false,"template":"","format":"standard","meta":{"om_disable_all_campaigns":false,"jetpack_post_was_ever_published":false},"categories":[33451,19,35839,4967,6992],"tags":[35697,36576,35924,20710],"yst_prominent_words":[36569,36567,6715,28125,11811,36571,36573,10704,10824,27667,36570,6616,27956,7081,7951,36568,36566,36565,36538,14069],"acf":[],"jetpack_featured_media_url":"https:\/\/www.ludwig-van.com\/toronto\/wp-content\/uploads\/sites\/2\/2020\/06\/Return-of-live-music-feature.jpg","jetpack_sharing_enabled":true,"jetpack_shortlink":"https:\/\/wp.me\/p9bakr-hKo","amp_enabled":true,"_links":{"self":[{"href":"https:\/\/www.ludwig-van.com\/toronto\/wp-json\/wp\/v2\/posts\/68224"}],"collection":[{"href":"https:\/\/www.ludwig-van.com\/toronto\/wp-json\/wp\/v2\/posts"}],"about":[{"href":"https:\/\/www.ludwig-van.com\/toronto\/wp-json\/wp\/v2\/types\/post"}],"author":[{"embeddable":true,"href":"https:\/\/www.ludwig-van.com\/toronto\/wp-json\/wp\/v2\/users\/64"}],"replies":[{"embeddable":true,"href":"https:\/\/www.ludwig-van.com\/toronto\/wp-json\/wp\/v2\/comments?post=68224"}],"version-history":[{"count":7,"href":"https:\/\/www.ludwig-van.com\/toronto\/wp-json\/wp\/v2\/posts\/68224\/revisions"}],"predecessor-version":[{"id":68239,"href":"https:\/\/www.ludwig-van.com\/toronto\/wp-json\/wp\/v2\/posts\/68224\/revisions\/68239"}],"wp:featuredmedia":[{"embeddable":true,"href":"https:\/\/www.ludwig-van.com\/toronto\/wp-json\/wp\/v2\/media\/68225"}],"wp:attachment":[{"href":"https:\/\/www.ludwig-van.com\/toronto\/wp-json\/wp\/v2\/media?parent=68224"}],"wp:term":[{"taxonomy":"category","embeddable":true,"href":"https:\/\/www.ludwig-van.com\/toronto\/wp-json\/wp\/v2\/categories?post=68224"},{"taxonomy":"post_tag","embeddable":true,"href":"https:\/\/www.ludwig-van.com\/toronto\/wp-json\/wp\/v2\/tags?post=68224"},{"taxonomy":"yst_prominent_words","embeddable":true,"href":"https:\/\/www.ludwig-van.com\/toronto\/wp-json\/wp\/v2\/yst_prominent_words?post=68224"}],"curies":[{"name":"wp","href":"https:\/\/api.w.org\/{rel}","templated":true}]}}