{"id":68213,"date":"2020-06-01T10:09:58","date_gmt":"2020-06-01T14:09:58","guid":{"rendered":"https:\/\/www.ludwig-van.com\/toronto\/?p=68213"},"modified":"2020-06-01T11:23:52","modified_gmt":"2020-06-01T15:23:52","slug":"critics-picks-virtual-concerts-absolutely-need-see-week-streaming-edition-5","status":"publish","type":"post","link":"https:\/\/www.ludwig-van.com\/toronto\/2020\/06\/01\/critics-picks-virtual-concerts-absolutely-need-see-week-streaming-edition-5\/","title":{"rendered":"CRITIC&#8217;S PICKS | Virtual Concerts You Absolutely Need To See This Week (Streaming Edition)"},"content":{"rendered":"<figure id=\"attachment_68214\" aria-describedby=\"caption-attachment-68214\" style=\"width: 1200px\" class=\"wp-caption aligncenter\"><img decoding=\"async\" loading=\"lazy\" class=\"size-full wp-image-68214\" src=\"https:\/\/www.ludwig-van.com\/toronto\/wp-content\/uploads\/sites\/2\/2020\/06\/CP-_June_1-7.jpg\" alt=\"Classical music and opera events streaming on the web for the week of June 1 \u2013 7.\" width=\"1200\" height=\"629\" srcset=\"https:\/\/www.ludwig-van.com\/toronto\/wp-content\/uploads\/sites\/2\/2020\/06\/CP-_June_1-7.jpg 1200w, https:\/\/www.ludwig-van.com\/toronto\/wp-content\/uploads\/sites\/2\/2020\/06\/CP-_June_1-7-300x157.jpg 300w, https:\/\/www.ludwig-van.com\/toronto\/wp-content\/uploads\/sites\/2\/2020\/06\/CP-_June_1-7-1024x537.jpg 1024w, https:\/\/www.ludwig-van.com\/toronto\/wp-content\/uploads\/sites\/2\/2020\/06\/CP-_June_1-7-768x403.jpg 768w\" sizes=\"(max-width: 1200px) 100vw, 1200px\" \/><figcaption id=\"caption-attachment-68214\" class=\"wp-caption-text\">Classical music and opera events streaming on the web for the week of June 1 \u2013 7.<\/figcaption><\/figure>\n<h3><strong>Critic\u2019s Picks (June 1 \u2013 7)<\/strong><\/h3>\n<p><em>\u201cWe live in an extraordinary Age\u201d \u2013 Carl Sagan<\/em>. Recent events have demonstrated this in no uncertain terms. A tiny previously unknown microbe, COVID-19, has shut down our musical life, hopefully only temporarily. Many opera companies and music organizations are offering video streaming services during the hiatus. This week, in addition to the two old standbys \u2014 the Met and Vienna \u2014 we\u2019re exploring other delectable options such as Glyndebourne Open House, the COC\u2019s \u201cFrom the Vault\u201d series, the Royal Ballet (London), and the Toronto Mendelssohn Choir. Now you can enjoy wonderful performances in the privacy of your own home \u2014 for free!<\/p>\n<h3><strong><span style=\"color: #ff0000\">Monday 1<\/span><\/strong><\/h3>\n<p><strong>Metropolitan Opera | Bellini\u2019s I Puritani \u2014 7:30 p.m. (ET)<\/strong>. Anna Netrebko, Eric Cutler, Franco Vassallo, and John Relyea. Conducted by Patrick Summers. Transmitted live on January 6, 2007. | <span style=\"color: #ff0000\"><a style=\"color: #ff0000\" href=\"https:\/\/www.metopera.org\/season\/on-demand\/opera\/?upc=811357011393\" target=\"_blank\" rel=\"noopener noreferrer\">Details<\/a><\/span><\/p>\n<p><strong>Vienna State Opera | Strauss\u2019 Die Frau ohne Schatten \u2014 9:00 a.m. (ET)<\/strong>. Stephen Gould, Camilla Nylund, Mihoko Fujimura, Clemens Unterreiner, Maria Nazarova, Tomasz Konieczny, Nina Stemme. Conducted by Christian Thielmann. Performance of Oct. 18, 2019. | <span style=\"color: #ff0000\"><a style=\"color: #ff0000\" href=\"https:\/\/www.wiener-staatsoper.at\/en\/staatsoper\/news\/detail\/news\/the-wiener-staatsoper-is-closed-but-continues-to-play-daily-online\/\" target=\"_blank\" rel=\"noopener noreferrer\">Details<\/a><\/span><\/p>\n<h3><strong><span style=\"color: #ff0000\">Tuesday 2<\/span><\/strong><\/h3>\n<p><strong>Metropolitan Opera | Berg\u2019s Lulu \u2014 7:30 p.m. (ET)<\/strong>. Marlis Petersen, Susan Graham, Daniel Brenna, Paul Groves, Johan Reuter, and Franz Grundheber. Conducted by Lothar Koenigs. Transmitted live on November 21, 2015. | <span style=\"color: #ff0000\"><a style=\"color: #ff0000\" href=\"https:\/\/www.metopera.org\/season\/on-demand\/opera\/?upc=811357018101\" target=\"_blank\" rel=\"noopener noreferrer\">Details<\/a><\/span><\/p>\n<p><strong>Vienna State Opera | Ad\u00e8s\u2019 The Tempest \u2014 9:00 a.m. (ET).<\/strong> Adrian Er\u00f6d, Audrey Luna, Thomas Ebenstein, Stephanie Houtzeel, Herbert Lippert. Conducted by Thomas Ad\u00e8s. Performance of June 24, 2016. | <span style=\"color: #ff0000\"><a style=\"color: #ff0000\" href=\"https:\/\/www.wiener-staatsoper.at\/en\/staatsoper\/news\/detail\/news\/the-wiener-staatsoper-is-closed-but-continues-to-play-daily-online\/\" target=\"_blank\" rel=\"noopener noreferrer\">Details<\/a><\/span><\/p>\n<p><strong>New Classical 96.3 FM | Interactive Conversation with Members of the Toronto Symphony Orchestra \u2014 12 p.m.<\/strong> Kathleen Kajioka is joined by TSO Concertmaster Jonathan Crow, Principal Double-Bass Jeffrey Beecher, Principal Oboe Sarah Jeffrey and Principal Harp Heidi Elise Bearcroft for an in-depth, interactive session. Watch videos the musicians have made during lockdown, and listeners will get a chance to ask questions. | <span style=\"color: #ff0000\"><a style=\"color: #ff0000\" href=\"https:\/\/mkt.zoomer.ca\/email\/view\/5ed02c3aee3a4557495581\" target=\"_blank\" rel=\"noopener noreferrer\">Details<\/a><\/span><\/p>\n<h3><strong><span style=\"color: #ff0000\">Wednesday 3<\/span><\/strong><\/h3>\n<p><strong>Metropolitan Opera | Gluck\u2019s Orfeo ed Euridice \u2014 7:30 p.m. (ET).<\/strong> Danielle de Niese, Heidi Grant Murphy, and Stephanie Blythe. Conducted by James Levine. Transmitted live on January 24, 2009. | <span style=\"color: #ff0000\"><a style=\"color: #ff0000\" href=\"https:\/\/www.metopera.org\/season\/on-demand\/opera\/?upc=811357012390\" target=\"_blank\" rel=\"noopener noreferrer\">Details<\/a><\/span><\/p>\n<p><strong>Vienna State Opera | Strauss\u2019 Elektra \u2014 9:00 a.m. (ET)<\/strong>. Anna Larsson, Nina Stemme, Gun-Brit Barkmin, Norbert Ernst, Falk Struckmann. Conducted by Mikko Franck. Performance of April 11, 2015. | <span style=\"color: #ff0000\"><a style=\"color: #ff0000\" href=\"https:\/\/www.wiener-staatsoper.at\/en\/staatsoper\/news\/detail\/news\/the-wiener-staatsoper-is-closed-but-continues-to-play-daily-online\/\" target=\"_blank\" rel=\"noopener noreferrer\">Details<\/a><\/span><\/p>\n<p><strong>Royal Conservatory of Music | Facebook Watch Party 4 p.m. (ET).\u00a0<\/strong> Canadian pianist Stewart Goodyear plays a program of Bach, Beethoven, Chopin, Tchaikovsky and Goodyear himself, this last a RCM commission: &#8220;Acabris! Acabras! Acabram!&#8221; Performance of Dec. 4, 2016.<\/p>\n<h3><strong><span style=\"color: #ff0000\">Thursday 4<\/span><\/strong><\/h3>\n<p><strong>Metropolitan Opera | Puccini\u2019s Tosca \u2014 7:30 p.m. (ET)<\/strong>. Shirley Verrett, Luciano Pavarotti, Cornell MacNeil. Conducted by James Conlon. Transmitted live on December 19, 1978. | <span style=\"color: #ff0000\"><a style=\"color: #ff0000\" href=\"https:\/\/www.metopera.org\/season\/on-demand\/opera\/?upc=811357013762\" target=\"_blank\" rel=\"noopener noreferrer\">Details<\/a><\/span><\/p>\n<p><strong>Vienna State Opera | Giordano\u2019s Andrea Ch\u00e9nier \u2014 9:00 a.m. (ET)<\/strong>. Anja Harteros, Jonas Kaufmann, Roberto Frontali, Ilseyar Khayrullova, Donna Ellen, Zoryana Kushpler, Boaz Daniel, Manuel Walser. Conducted by Marco Armiliato. Performance of May 2, 2018. | <span style=\"color: #ff0000\"><a style=\"color: #ff0000\" href=\"https:\/\/www.wiener-staatsoper.at\/en\/staatsoper\/news\/detail\/news\/the-wiener-staatsoper-is-closed-but-continues-to-play-daily-online\/\" target=\"_blank\" rel=\"noopener noreferrer\">Details<\/a><\/span><\/p>\n<h3><strong><span style=\"color: #ff0000\">Friday 5<\/span><\/strong><\/h3>\n<p><strong>Piano Lunaire | Strawberry Moon \u2014\u00a07:30 p.m. (ET)<\/strong>. After a two-month absence, the Piano Lunaire is now online, with its first event, Strawberry Moon, featuring pianist\/composer <strong>Adam Sherkin<\/strong> playing four sonata movements by Haydn, plus works by Lowell Liebermann, Nina Simone and Sherkin himself. Tune in via <span style=\"color: #ff0000\"><a style=\"color: #ff0000\" href=\"https:\/\/www.instagram.com\/adamsherkin\/?hl=en\" target=\"_blank\" rel=\"noopener noreferrer\">Instagram<\/a><\/span>. The entire show will also be available on <span style=\"color: #ff0000\"><a style=\"color: #ff0000\" href=\"https:\/\/www.youtube.com\/channel\/UCL2EiARDLpjFRVASagMK5fQ\" target=\"_blank\" rel=\"noopener noreferrer\">YouTube<\/a><\/span>. | <span style=\"color: #ff0000\"><a style=\"color: #ff0000\" href=\"https:\/\/www.facebook.com\/lunairerecords\/\" target=\"_blank\" rel=\"noopener noreferrer\">Details<\/a><\/span><\/p>\n<p><strong>Metropolitan Opera | Thomas Ad\u00e8s\u2019s The Exterminating Angel \u2014 7:30 p.m. (ET)<\/strong>. Audrey Luna, Amanda Echalaz, Sally Matthews, Sophie Bevan, Alice Coote, Christine Rice, Iestyn Davies, Joseph Kaiser, Fr\u00e9d\u00e9ric Antoun, David Portillo, David Adam Moore, Rod Gilfry, Kevin Burdette, Christian Van Horn, John Tomlinson. Conducted by Thomas Ades. Transmitted live on November 18, 2017. | <span style=\"color: #ff0000\"><a style=\"color: #ff0000\" href=\"https:\/\/www.metopera.org\/season\/on-demand\/opera\/?upc=811357019320\" target=\"_blank\" rel=\"noopener noreferrer\">Details<\/a><\/span><\/p>\n<p><strong>Vienna State Opera | Beethoven\u2019s Fidelio (original version) \u2014 9:00 a.m. (ET)<\/strong>. Jennifer Davis, Katrin R\u00f6ver, Benjamin Bruns, Falk Struckmann, Thomas Johannes Mayer, Samuel Hasselhorn, Chen Reiss, J\u00f6rg Schneider. Conducted by Tomas Netopil. Performance of Feb. 1, 2020. | <span style=\"color: #ff0000\"><a style=\"color: #ff0000\" href=\"https:\/\/www.wiener-staatsoper.at\/en\/staatsoper\/news\/detail\/news\/the-wiener-staatsoper-is-closed-but-continues-to-play-daily-online\/\" target=\"_blank\" rel=\"noopener noreferrer\">Details<\/a><\/span><\/p>\n<h3><strong><span style=\"color: #ff0000\">Saturday 6<\/span><\/strong><\/h3>\n<p><strong>Metropolitan Opera | Verdi\u2019s Otello \u2014 7:30 p.m. (ET)<\/strong>. Sonya Yoncheva, Aleksandrs Antonenko, and \u017deljko Lu\u010di\u0107. Conducted by Yannick N\u00e9zet-S\u00e9guin. Transmitted live on October 17, 2015. | <span style=\"color: #ff0000\"><a style=\"color: #ff0000\" href=\"https:\/\/www.metopera.org\/season\/on-demand\/opera\/?upc=811357018026\" target=\"_blank\" rel=\"noopener noreferrer\">Details<\/a><\/span><\/p>\n<p><strong>Vienna State Opera | Lortzing\u2019s Undine \u2014 9:00 a.m. (ET)<\/strong>. Carlos Osuna, Annika Gerhards, Lydia Rathkolb, Tae-Joong Yang, Il Hong. Conducted by Johannes Wildner. Performance of April 18, 2015. | <span style=\"color: #ff0000\"><a style=\"color: #ff0000\" href=\"https:\/\/www.wiener-staatsoper.at\/en\/staatsoper\/news\/detail\/news\/the-wiener-staatsoper-is-closed-but-continues-to-play-daily-online\/\" target=\"_blank\" rel=\"noopener noreferrer\">Details<\/a><\/span><\/p>\n<h3><strong><span style=\"color: #ff0000\">Sunday 7<\/span><\/strong><\/h3>\n<p><strong>Metropolitan Opera | Massenet\u2019s Tha\u00efs \u2014 7:30 p.m. (ET)<\/strong>. Ren\u00e9e Fleming, Michael Schade, and Thomas Hampson. Conducted by Jes\u00fas L\u00f3pez-Cobos. Transmitted live on December 20, 2008. | <span style=\"color: #ff0000\"><a style=\"color: #ff0000\" href=\"https:\/\/www.metopera.org\/season\/on-demand\/opera\/?upc=811357012208\" target=\"_blank\" rel=\"noopener noreferrer\">Details<\/a><\/span><\/p>\n<p><strong>Vienna State Opera | Cilea\u2019s Adriana Lecouvreur \u2014 9:00 a.m. (ET)<\/strong>. Angela Gheorghiu, Massimo Giordano, Roberto Frontali, Jongmin Park, Jinxu Xiahou. Conducted by Evelino Pid\u00f2. Performance of Feb. 22, 2014. | <span style=\"color: #ff0000\"><a style=\"color: #ff0000\" href=\"https:\/\/www.wiener-staatsoper.at\/en\/staatsoper\/news\/detail\/news\/the-wiener-staatsoper-is-closed-but-continues-to-play-daily-online\/\" target=\"_blank\" rel=\"noopener noreferrer\">Details<\/a><\/span><\/p>\n<h3><strong>Additional interesting streams by other companies as well as by individual artists:<\/strong><\/h3>\n<p>1) <strong>Glyndebourne Open House<\/strong> this week is <strong>Don Giovanni.<\/strong> It started yesterday (May 31) and continues to be available on demand until June 6. Glyndebourne\u2019s former Music Director Vladimir Jurowski conducts Jonathan Kent\u2019s 2010 production, with a great cast led by Canadian baritone <strong>Gerald Finley<\/strong> in the title role. Luca Pisaroni (Leporello), Anna Samuil (Donna Anna), Kate Royal (Donna Elvira), William Burden (Don Ottavio), Anna Virovlansky (Zerlina) and Guido Loconsolo (Masetto). | <span style=\"color: #ff0000\"><a style=\"color: #ff0000\" href=\"https:\/\/www.glyndebourne.com\/events\/don-giovanni-glyndebourne-open-house\/\" target=\"_blank\" rel=\"noopener noreferrer\">Details<\/a><\/span><\/p>\n<p>2) <strong>Royal Opera House Covent Garden<\/strong> presents the <strong>Royal Ballet<\/strong> in a premiere stream of <strong>The Cellist,<\/strong> Cathy Marston&#8217;s ballet based on the life of Jacqueline du Pr\u00e9. If you enjoyed Tapestry Opera\u2019s world premiere of <em>Jacqueline<\/em> which I reviewed <span style=\"color: #ff0000\"><a style=\"color: #ff0000\" href=\"https:\/\/www.ludwig-van.com\/toronto\/2020\/02\/20\/scrutiny-emotional-power-bravura-performance-tapestry-operas-jacqueline\/\" target=\"_blank\" rel=\"noopener noreferrer\">last February<\/a><\/span>, you wouldn\u2019t want to miss this. Available on demand until June 12.<\/p>\n<div class=\"jetpack-video-wrapper\"><span class=\"embed-youtube\" style=\"text-align:center; display: block;\"><iframe loading=\"lazy\" class=\"youtube-player\" width=\"640\" height=\"360\" src=\"https:\/\/www.youtube.com\/embed\/qDdo6P8LnFE?version=3&#038;rel=1&#038;showsearch=0&#038;showinfo=1&#038;iv_load_policy=1&#038;fs=1&#038;hl=en-US&#038;autohide=2&#038;wmode=transparent\" allowfullscreen=\"true\" style=\"border:0;\" sandbox=\"allow-scripts allow-same-origin allow-popups allow-presentation\"><\/iframe><\/span><\/div>\n<p>3)<strong> Canadian Opera Company\u2019<\/strong>s <strong>From the Vault<\/strong> series continues with <strong>L\u2019Elisir d\u2019amore<\/strong> starring Andrew Haji (Nemorino), Simone Osborne (Adina), and Gordon Bintner (Belcore). Available until May 27. Yves Abel conducts. An archival video, it uses a single, stationary camera at the back of the auditorium and no close-ups. | <span style=\"color: #ff0000\"><a style=\"color: #ff0000\" href=\"https:\/\/www.coc.ca\/Vault\" target=\"_blank\" rel=\"noopener noreferrer\">Details<\/a><\/span><\/p>\n<p>4) The<strong> Toronto Mendelssohn Choir<\/strong> presents <strong>Great Poets In Music<\/strong>. <strong>David Fallis<\/strong> shares performances of choral works for the TMC\u2019s live May 30th concert that was cancelled due to COVID-19, including masterpieces by Ralph Vaughan Williams, Edward Elgar and Leonard Cohen. Stratford actors <strong>Tom McCamu<\/strong>s and <strong>Lucy Peacock<\/strong> recite the poetry and present short scenes from works by Shakespeare and George Bernard Shaw. Live streamed on May 30, it is now available on demand. | <span style=\"color: #ff0000\"><a style=\"color: #ff0000\" href=\"https:\/\/livestream.com\/tmchoir\/greatpoetsinmusic\" target=\"_blank\" rel=\"noopener noreferrer\">Details<\/a><\/span><\/p>\n<p>&nbsp;<\/p>\n<h3><\/h3>\n<h3><\/h3>\n<h3 class=\"western\"><em>#LUDWIGVAN<\/em><\/h3>\n<p class=\"western\"><em>Want more updates on classical music and opera news and reviews? Follow us\u00a0on <\/em><span style=\"color: #ff0000\"><em><a style=\"color: #ff0000\" href=\"https:\/\/www.facebook.com\/LudwigVanToronto\/\" target=\"_blank\" rel=\"noopener noreferrer\"><b>Facebook<\/b><\/a><\/em><\/span><em>, <\/em><span style=\"color: #ff0000\"><em><a style=\"color: #ff0000\" href=\"https:\/\/www.instagram.com\/ludwigvantoronto\/\" target=\"_blank\" rel=\"noopener noreferrer\"><b>Instagram<\/b><\/a><\/em><\/span><b> <\/b><em>or <\/em><span style=\"color: #ff0000\"><em><a style=\"color: #ff0000\" href=\"https:\/\/twitter.com\/LudwigVanTO\" target=\"_blank\" rel=\"noopener noreferrer\"><b>Twitter<\/b><\/a><\/em><\/span><em> for all the latest.<\/em><\/p>\n","protected":false},"excerpt":{"rendered":"<p>Classical music and opera events streaming on the web for the week of June 1 \u2013 7.<\/p>\n","protected":false},"author":22,"featured_media":68214,"comment_status":"open","ping_status":"open","sticky":false,"template":"","format":"standard","meta":{"om_disable_all_campaigns":false,"jetpack_post_was_ever_published":false},"categories":[33451,19,35839,3895,43],"tags":[628,35976,1447,6181,36237,16066,3488],"yst_prominent_words":[7173,36021,28125,9100,13254,36558,36557,36232,36559,15967,27956,6886,36020,6914,36228,36556,36229,36356,36019,36017],"acf":[],"jetpack_featured_media_url":"https:\/\/www.ludwig-van.com\/toronto\/wp-content\/uploads\/sites\/2\/2020\/06\/CP-_June_1-7.jpg","jetpack_sharing_enabled":true,"jetpack_shortlink":"https:\/\/wp.me\/p9bakr-hKd","amp_enabled":true,"_links":{"self":[{"href":"https:\/\/www.ludwig-van.com\/toronto\/wp-json\/wp\/v2\/posts\/68213"}],"collection":[{"href":"https:\/\/www.ludwig-van.com\/toronto\/wp-json\/wp\/v2\/posts"}],"about":[{"href":"https:\/\/www.ludwig-van.com\/toronto\/wp-json\/wp\/v2\/types\/post"}],"author":[{"embeddable":true,"href":"https:\/\/www.ludwig-van.com\/toronto\/wp-json\/wp\/v2\/users\/22"}],"replies":[{"embeddable":true,"href":"https:\/\/www.ludwig-van.com\/toronto\/wp-json\/wp\/v2\/comments?post=68213"}],"version-history":[{"count":3,"href":"https:\/\/www.ludwig-van.com\/toronto\/wp-json\/wp\/v2\/posts\/68213\/revisions"}],"predecessor-version":[{"id":68218,"href":"https:\/\/www.ludwig-van.com\/toronto\/wp-json\/wp\/v2\/posts\/68213\/revisions\/68218"}],"wp:featuredmedia":[{"embeddable":true,"href":"https:\/\/www.ludwig-van.com\/toronto\/wp-json\/wp\/v2\/media\/68214"}],"wp:attachment":[{"href":"https:\/\/www.ludwig-van.com\/toronto\/wp-json\/wp\/v2\/media?parent=68213"}],"wp:term":[{"taxonomy":"category","embeddable":true,"href":"https:\/\/www.ludwig-van.com\/toronto\/wp-json\/wp\/v2\/categories?post=68213"},{"taxonomy":"post_tag","embeddable":true,"href":"https:\/\/www.ludwig-van.com\/toronto\/wp-json\/wp\/v2\/tags?post=68213"},{"taxonomy":"yst_prominent_words","embeddable":true,"href":"https:\/\/www.ludwig-van.com\/toronto\/wp-json\/wp\/v2\/yst_prominent_words?post=68213"}],"curies":[{"name":"wp","href":"https:\/\/api.w.org\/{rel}","templated":true}]}}