{"id":68068,"date":"2020-05-11T10:14:20","date_gmt":"2020-05-11T14:14:20","guid":{"rendered":"https:\/\/www.ludwig-van.com\/toronto\/?p=68068"},"modified":"2020-05-11T10:14:20","modified_gmt":"2020-05-11T14:14:20","slug":"critics-picks-virtual-concerts-you-absolutely-need-to-see-this-week-streaming-edition-5","status":"publish","type":"post","link":"https:\/\/www.ludwig-van.com\/toronto\/2020\/05\/11\/critics-picks-virtual-concerts-you-absolutely-need-to-see-this-week-streaming-edition-5\/","title":{"rendered":"CRITIC&#8217;S PICKS | Virtual Concerts You Absolutely Need To See This Week (Streaming Edition)"},"content":{"rendered":"<figure id=\"attachment_68069\" aria-describedby=\"caption-attachment-68069\" style=\"width: 1200px\" class=\"wp-caption aligncenter\"><img decoding=\"async\" loading=\"lazy\" class=\"wp-image-68069 size-full\" src=\"https:\/\/www.ludwig-van.com\/toronto\/wp-content\/uploads\/sites\/2\/2020\/05\/CP-_May11-17-2020.jpg\" alt=\"Virtual concerts week of May 11-17\" width=\"1200\" height=\"629\" srcset=\"https:\/\/www.ludwig-van.com\/toronto\/wp-content\/uploads\/sites\/2\/2020\/05\/CP-_May11-17-2020.jpg 1200w, https:\/\/www.ludwig-van.com\/toronto\/wp-content\/uploads\/sites\/2\/2020\/05\/CP-_May11-17-2020-300x157.jpg 300w, https:\/\/www.ludwig-van.com\/toronto\/wp-content\/uploads\/sites\/2\/2020\/05\/CP-_May11-17-2020-1024x537.jpg 1024w, https:\/\/www.ludwig-van.com\/toronto\/wp-content\/uploads\/sites\/2\/2020\/05\/CP-_May11-17-2020-768x403.jpg 768w\" sizes=\"(max-width: 1200px) 100vw, 1200px\" \/><figcaption id=\"caption-attachment-68069\" class=\"wp-caption-text\">Classical music and opera events streaming on the web for the week of May 11 \u2013 17.<\/figcaption><\/figure>\n<h3><strong>Critic\u2019s Picks (May 11 &#8211; 17)<\/strong><\/h3>\n<p><em>\u201cWe live in an extraordinary Age\u201d \u2014 Carl Sagan<\/em>. Recent events have demonstrated this in no uncertain terms. A tiny previously unknown microbe, COVID-19, has shut down our musical life, hopefully only temporarily. Many opera companies and music organizations are offering video streaming services during the hiatus. This week, we feature the Met, Vienna State Opera, Bayerische Staatsoper Munich, Melbourne Symphony, plus several individual artists. Now you can enjoy wonderful performances in the privacy of your own home \u2014 for free!<\/p>\n<h3><span style=\"color: #ff0000\"><strong>Monday 11<\/strong><\/span><\/h3>\n<p><strong>Bayerische Staatsoper | Monday Concert \u2014 2:15 p.m. (ET)<\/strong>. Features Brahms Sonata with David Schultheiss (violin) and Myron Romanul (piano); and Lieder by Brahms, Sch\u00f6nberg, Berg, Strauss and Mahler with mezzo Okka von der Damerau and pianist Sophie Raymaud. | <span style=\"color: #ff0000\"><a style=\"color: #ff0000\" href=\"https:\/\/www.staatsoper.de\/en\/staatsopertv.html?no_cache=1\" target=\"_blank\" rel=\"noopener noreferrer\">Details<\/a><\/span><\/p>\n<p><strong>Metropolitan Opera | Massenet\u2019s Werther \u2014 7:30 p.m. (ET)<\/strong>. A great cast led by Jonas Kaufmann as Werther and Sophie Koch as Charlotte. Lisette Oropesa is Sophie, and David Bizic is Albert. Alain Altinoglu conducts. Transmitted live on March 15, 2014. <strong>Available for 23 hours<\/strong> | <span style=\"color: #ff0000\"><a style=\"color: #ff0000\" href=\"https:\/\/www.metopera.org\/season\/on-demand\/opera\/?upc=811357017296\" target=\"_blank\" rel=\"noopener noreferrer\">Details<\/a><\/span><\/p>\n<h3><strong><span style=\"color: #ff0000\">Tuesday 12<\/span><\/strong><\/h3>\n<p><strong>Metropolitan Opera | Thomas Ad\u00e8s\u2019 The Tempest \u2014 7:30 p.m. (ET)<\/strong>. Audrey Luna, Isabel Leonard, Alek Shrader, Alan Oke, and Simon Keenlyside. Conducted by the composer, Thomas Ad\u00e8s, Transmitted live on November 10, 2012. <strong>Available for 23 hours<\/strong> | <span style=\"color: #ff0000\"><a style=\"color: #ff0000\" href=\"https:\/\/www.metopera.org\/season\/on-demand\/opera\/?upc=811357016664\" target=\"_blank\" rel=\"noopener noreferrer\">Details<\/a><\/span><\/p>\n<p><strong>Vienna State Opera | Strauss\u2019Ariadne auf Naxos<\/strong>. Soile Isokoski (Primadonna\/Ariadne), Johan Botha (Der Tenor\/Bacchus), Sophie Koch (Der Komponist), Daniela Fally (Zerbinetta0; Christian Thielemann, conductor. Performance of Oct. 23, 2014. <strong>Available for 72 hours (free registration required)<\/strong> | <span style=\"color: #ff0000\"><a style=\"color: #ff0000\" href=\"https:\/\/www.wiener-staatsoper.at\/en\/staatsoper-live\/wiener-staatsoper-livehome\/\" target=\"_blank\" rel=\"noopener noreferrer\">Details<\/a><\/span><\/p>\n<h3><strong><span style=\"color: #ff0000\">Wednesday 13<\/span><\/strong><\/h3>\n<p><strong>Metropolitan Opera | Strauss\u2019 Ariadne auf Naxos \u2014 7:30 p.m. (ET)<\/strong>. Don\u2019t miss the late, great soprano Jessye Norman in the title role, with the equally late, great Tatiana Troyanos as the Komponist. Kathleen Battle is Zerbinetta. James Levine conducts. Transmitted live on March 12, 1988. <strong>Available for 23 hours<\/strong> | <span style=\"color: #ff0000\"><a style=\"color: #ff0000\" href=\"https:\/\/www.metopera.org\/season\/on-demand\/opera\/?upc=811357016664\" target=\"_blank\" rel=\"noopener noreferrer\">Details<\/a><\/span><\/p>\n<p><strong>Vienna State Opera | Donizetti\u2019s Don Pasquale<\/strong>. Michele Pertusi (Don Pasquale), Valentina Naforni\u0163\u0103 (Norina), Adam Plachetka (Doktor Malatesta), Juan Diego Fl\u00f3rez (Ernesto) Evelino Pid\u00f2, conductor. Performance of April 21, 2016. <strong>Available for 72 hours (free registration required)<\/strong> | <span style=\"color: #ff0000\"><a style=\"color: #ff0000\" href=\"https:\/\/www.wiener-staatsoper.at\/en\/staatsoper-live\/wiener-staatsoper-livehome\/\" target=\"_blank\" rel=\"noopener noreferrer\">Details<\/a><\/span><\/p>\n<h3><strong><span style=\"color: #ff0000\">Thursday 14<\/span><\/strong><\/h3>\n<p><strong>Metropolitan Opera | Britten\u2019s Peter Grimes \u2014 7:30 p.m. (ET)<\/strong>. Patricia Racette, Anthony Dean Griffey, and Anthony Michaels-Moore. Sir Donald Runnicles, conductor. Transmitted live on March 15, 2008. <strong>Available for 23 hours<\/strong> | <span style=\"color: #ff0000\"><a style=\"color: #ff0000\" href=\"https:\/\/www.metopera.org\/season\/on-demand\/opera\/?upc=811357011713\" target=\"_blank\" rel=\"noopener noreferrer\">Details<\/a><\/span><\/p>\n<p><strong>Vienna State Opera | Wagner\u2019s Das Rheingold<\/strong>. Tomasz Konieczny (Wotan), Clemens Unterreiner (Donner), J\u00f6rg Schneider (Froh), Norbert Ernst (Loge), Jochen Schmeckenbecher (Alberich), Herwig Pecoraro (Mime), Jongmin Park (Fasolt), Sorin Coliban (Fafner), Sophie Koch (Fricka), Anna Gabler (Freia), Monika Bohinec (Erda); Axel Kober, conductor. Performance of January 8, 2019. <strong>Available for 72 hours (free registration required)<\/strong> | <span style=\"color: #ff0000\"><a style=\"color: #ff0000\" href=\"https:\/\/www.wiener-staatsoper.at\/en\/staatsoper-live\/wiener-staatsoper-livehome\/\" target=\"_blank\" rel=\"noopener noreferrer\">Details<\/a><\/span><\/p>\n<h3><strong><span style=\"color: #ff0000\">Friday 15<\/span><\/strong><\/h3>\n<p><strong>Metropolitan Opera | Donizetti\u2019s Lucia di Lammermoor (Viewers\u2019 Choice) \u2014 7:30 p.m. (ET)<\/strong>. Joan Sutherland, Alfredo Kraus, Pablo Elvira, and Paul Plishka. Richard Bonynge, conductor. Transmitted live on November 13, 1982. <strong>Available for 23 hours<\/strong> | <span style=\"color: #ff0000\"><a style=\"color: #ff0000\" href=\"https:\/\/www.metopera.org\/season\/on-demand\/opera\/?upc=811357011478\" target=\"_blank\" rel=\"noopener noreferrer\">Details<\/a><\/span><\/p>\n<p><strong>Vienna State Opera | Wagner\u2019s Die Walk\u00fcre<\/strong>. Christopher Ventris (Siegmund), Jongmin Park (Hunding), Tomasz Konieczny (Wotan), Simone Schneider (Sieglinde), Ir\u00e9ne Theorin (Br\u00fcnnhilde), Michaela Schuster (Fricka); Adam Fischer, conductor. Performance of April 8, 2018. <strong>Available for 72 hours (free registration required)<\/strong> | <span style=\"color: #ff0000\"><a style=\"color: #ff0000\" href=\"https:\/\/www.wiener-staatsoper.at\/en\/staatsoper-live\/wiener-staatsoper-livehome\/\" target=\"_blank\" rel=\"noopener noreferrer\">Details<\/a><\/span><\/p>\n<h3><strong><span style=\"color: #ff0000\">Saturday 16<\/span><\/strong><\/h3>\n<p><strong>Metropolitan Opera | Verdi\u2019s Rigoletto \u2014 7:30 p.m. (ET)<\/strong>. Diana Damrau, Oksana Volkova, Piotr Becza\u0142a, and \u017deljko Lu\u010di\u0107. Michele Mariotti, conductor. Transmitted live on February 16, 2013. <strong>Available for 23 hours<\/strong> | <span style=\"color: #ff0000\"><a style=\"color: #ff0000\" href=\"https:\/\/www.metopera.org\/season\/on-demand\/opera\/?upc=811357016022\" target=\"_blank\" rel=\"noopener noreferrer\">Details<\/a><\/span><\/p>\n<h3><strong><span style=\"color: #ff0000\">Sunday 17<\/span><\/strong><\/h3>\n<p><strong>Metropolitan Opera | Verdi\u2019s Nabucco \u2014 7:30 p.m. (ET)<\/strong>. Liudmyla Monastyrska, Jamie Barton, Russell Thomas, Pl\u00e1cido Domingo, and Dmitry Belosselskiy. James Levine, conductor. Transmitted live on January 7, 2017. <strong>Available for 23 hours<\/strong> | <span style=\"color: #ff0000\"><a style=\"color: #ff0000\" href=\"https:\/\/www.metopera.org\/season\/on-demand\/opera\/?upc=811357018965\" target=\"_blank\" rel=\"noopener noreferrer\">Details<\/a><\/span><\/p>\n<p><strong>Vienna State Opera | Wagner\u2019s Siegfried.<\/strong> Stephen Gould (Siegfried), Evelyn Herlitzius (Br\u00fcnnhilde), Tomasz Konieczny (Der Wanderer), Richard Paul Fink (Alberich), Janina Baechle (Erda), Herwig Pecoraro (Mime), Mikahil Petrenko (Fafner); Simon Rattle, conductor. Performance of June 4, 2015. <strong>Available for 72 hours (free registration required)<\/strong> | <span style=\"color: #ff0000\"><a style=\"color: #ff0000\" href=\"https:\/\/www.wiener-staatsoper.at\/en\/staatsoper-live\/wiener-staatsoper-livehome\/\" target=\"_blank\" rel=\"noopener noreferrer\">Details<\/a><\/span><\/p>\n<h3><strong>Additional interesting streams by other companies as well as by individual artists:<\/strong><\/h3>\n<p>1) On Monday, May 11 3 p.m. (Eastern Time), three top tenors <strong>Michael Fabiano<\/strong>, <strong>Bryan Hymel<\/strong> and <strong>Matthew Polenzani<\/strong>, give a <strong>Three Tenors Online Concert<\/strong>. It will be broadcast live on the Dallas Opera <span style=\"color: #ff0000\"><a style=\"color: #ff0000\" href=\"https:\/\/www.youtube.com\/user\/thedallasopera\/videos\" target=\"_blank\" rel=\"noopener noreferrer\">YouTube channel<\/a><\/span>. Full announcement of the event can be found <span style=\"color: #ff0000\"><a style=\"color: #ff0000\" href=\"https:\/\/www.facebook.com\/MatthewPolenzani\/photos\/a.140830739682799\/964912703941261\/?type=3&amp;theater\" target=\"_blank\" rel=\"noopener noreferrer\">here<\/a><\/span>.<\/p>\n<p>2) <strong><em>Le nozze di Figaro<\/em> Act 2 Finale featuring an all-Canadian cast<\/strong>: Russell Braun (Conte); Jessica Muirhead (Contessa); Jacqueline Woodley (Susanna); Neil Craighead (Figaro); Aaron Durand (Antonio); Megan Latham (Marcellina); Peter McGillivray (Bartolo); and Jean-Philippe Lazure (Basilio). Produced and edited by Neil Craighead.<\/p>\n<div class=\"jetpack-video-wrapper\"><span class=\"embed-youtube\" style=\"text-align:center; display: block;\"><iframe loading=\"lazy\" class=\"youtube-player\" width=\"640\" height=\"360\" src=\"https:\/\/www.youtube.com\/embed\/m2zga2E3xlU?version=3&#038;rel=1&#038;showsearch=0&#038;showinfo=1&#038;iv_load_policy=1&#038;fs=1&#038;hl=en-US&#038;autohide=2&#038;wmode=transparent\" allowfullscreen=\"true\" style=\"border:0;\" sandbox=\"allow-scripts allow-same-origin allow-popups allow-presentation\"><\/iframe><\/span><\/div>\n<p>3) Two Canadians, baritone <strong>Russell Braun<\/strong> and his pianist-wife <strong>Carolyn Maule<\/strong> have started a Wish-Concert on Facebook, and now <span style=\"color: #ff0000\"><a style=\"color: #ff0000\" href=\"https:\/\/www.youtube.com\/channel\/UCgna3UJpCzTS7bejy0rSc6w\" target=\"_blank\" rel=\"noopener noreferrer\">available on YouTube<\/a><\/span>. They invite their friends to request personal performances, with the goal of one song a day. In the first 53 days of COVID-19 isolation, they have already recorded 70 songs and one piano solo, ranging from Bach and Handel to opera to Broadway: \u201cOur intent was and is to bring comfort from our home, through music, into your homes.\u201d Here&#8217;s the latest video:<\/p>\n<div class=\"jetpack-video-wrapper\"><span class=\"embed-youtube\" style=\"text-align:center; display: block;\"><iframe loading=\"lazy\" class=\"youtube-player\" width=\"640\" height=\"360\" src=\"https:\/\/www.youtube.com\/embed\/TZ0Z0_eb6F4?version=3&#038;rel=1&#038;showsearch=0&#038;showinfo=1&#038;iv_load_policy=1&#038;fs=1&#038;hl=en-US&#038;autohide=2&#038;wmode=transparent\" allowfullscreen=\"true\" style=\"border:0;\" sandbox=\"allow-scripts allow-same-origin allow-popups allow-presentation\"><\/iframe><\/span><\/div>\n<p>4) Ending this week\u2019s Critic\u2019s Picks is a gem from Down Under. Members of the <strong>Melbourne Symphony and Chorus<\/strong>, together with <strong>community vocalists around the world<\/strong>, give a moving performance of the informal national anthem of Australia, <strong><em>Waltzing Matilda<\/em><\/strong>, dedicated to the health-care workers toiling to save lives during the current COVID-19 pandemic.<\/p>\n<div class=\"jetpack-video-wrapper\"><span class=\"embed-youtube\" style=\"text-align:center; display: block;\"><iframe loading=\"lazy\" class=\"youtube-player\" width=\"640\" height=\"360\" src=\"https:\/\/www.youtube.com\/embed\/UrG7PTffmlQ?version=3&#038;rel=1&#038;showsearch=0&#038;showinfo=1&#038;iv_load_policy=1&#038;fs=1&#038;hl=en-US&#038;autohide=2&#038;wmode=transparent\" allowfullscreen=\"true\" style=\"border:0;\" sandbox=\"allow-scripts allow-same-origin allow-popups allow-presentation\"><\/iframe><\/span><\/div>\n<h3 class=\"western\"><em>#LUDWIGVAN<\/em><\/h3>\n<p class=\"western\"><em>Want more updates on classical music and opera news and reviews? Follow us\u00a0on <\/em><span style=\"color: #ff0000\"><em><a style=\"color: #ff0000\" href=\"https:\/\/www.facebook.com\/LudwigVanToronto\/\" target=\"_blank\" rel=\"noopener noreferrer\"><b>Facebook<\/b><\/a><\/em><\/span><em>, <\/em><span style=\"color: #ff0000\"><em><a style=\"color: #ff0000\" href=\"https:\/\/www.instagram.com\/ludwigvantoronto\/\" target=\"_blank\" rel=\"noopener noreferrer\"><b>Instagram<\/b><\/a><\/em><\/span><b> <\/b><em>or <\/em><span style=\"color: #ff0000\"><em><a style=\"color: #ff0000\" href=\"https:\/\/twitter.com\/LudwigVanTO\" target=\"_blank\" rel=\"noopener noreferrer\"><b>Twitter<\/b><\/a><\/em><\/span><em> for all the latest.<\/em><\/p>\n","protected":false},"excerpt":{"rendered":"<p>Classical music and opera events streaming on the web for the week of May 11 \u2013 17.<\/p>\n","protected":false},"author":22,"featured_media":68069,"comment_status":"open","ping_status":"open","sticky":false,"template":"","format":"standard","meta":{"om_disable_all_campaigns":false,"jetpack_post_was_ever_published":false},"categories":[33451,19,35839,3895,43],"tags":[6231,663,2184,2207,2901,3488],"yst_prominent_words":[7173,36274,36026,28125,36022,36018,36359,36357,36355,15967,6886,36023,36020,36358,36228,36314,36354,36356,36019,36017],"acf":[],"jetpack_featured_media_url":"https:\/\/www.ludwig-van.com\/toronto\/wp-content\/uploads\/sites\/2\/2020\/05\/CP-_May11-17-2020.jpg","jetpack_sharing_enabled":true,"jetpack_shortlink":"https:\/\/wp.me\/p9bakr-hHS","amp_enabled":true,"_links":{"self":[{"href":"https:\/\/www.ludwig-van.com\/toronto\/wp-json\/wp\/v2\/posts\/68068"}],"collection":[{"href":"https:\/\/www.ludwig-van.com\/toronto\/wp-json\/wp\/v2\/posts"}],"about":[{"href":"https:\/\/www.ludwig-van.com\/toronto\/wp-json\/wp\/v2\/types\/post"}],"author":[{"embeddable":true,"href":"https:\/\/www.ludwig-van.com\/toronto\/wp-json\/wp\/v2\/users\/22"}],"replies":[{"embeddable":true,"href":"https:\/\/www.ludwig-van.com\/toronto\/wp-json\/wp\/v2\/comments?post=68068"}],"version-history":[{"count":5,"href":"https:\/\/www.ludwig-van.com\/toronto\/wp-json\/wp\/v2\/posts\/68068\/revisions"}],"predecessor-version":[{"id":68074,"href":"https:\/\/www.ludwig-van.com\/toronto\/wp-json\/wp\/v2\/posts\/68068\/revisions\/68074"}],"wp:featuredmedia":[{"embeddable":true,"href":"https:\/\/www.ludwig-van.com\/toronto\/wp-json\/wp\/v2\/media\/68069"}],"wp:attachment":[{"href":"https:\/\/www.ludwig-van.com\/toronto\/wp-json\/wp\/v2\/media?parent=68068"}],"wp:term":[{"taxonomy":"category","embeddable":true,"href":"https:\/\/www.ludwig-van.com\/toronto\/wp-json\/wp\/v2\/categories?post=68068"},{"taxonomy":"post_tag","embeddable":true,"href":"https:\/\/www.ludwig-van.com\/toronto\/wp-json\/wp\/v2\/tags?post=68068"},{"taxonomy":"yst_prominent_words","embeddable":true,"href":"https:\/\/www.ludwig-van.com\/toronto\/wp-json\/wp\/v2\/yst_prominent_words?post=68068"}],"curies":[{"name":"wp","href":"https:\/\/api.w.org\/{rel}","templated":true}]}}