{"id":67744,"date":"2020-04-06T09:27:41","date_gmt":"2020-04-06T13:27:41","guid":{"rendered":"https:\/\/www.ludwig-van.com\/toronto\/?p=67744"},"modified":"2020-04-06T09:27:41","modified_gmt":"2020-04-06T13:27:41","slug":"critics-picks-virtual-concerts-you-absolutely-need-to-see-this-week-streaming-edition-2","status":"publish","type":"post","link":"https:\/\/www.ludwig-van.com\/toronto\/2020\/04\/06\/critics-picks-virtual-concerts-you-absolutely-need-to-see-this-week-streaming-edition-2\/","title":{"rendered":"CRITIC&#8217;S PICKS | Virtual Concerts You Absolutely Need To See This Week (Streaming Edition)"},"content":{"rendered":"<figure id=\"attachment_67746\" aria-describedby=\"caption-attachment-67746\" style=\"width: 1200px\" class=\"wp-caption aligncenter\"><img decoding=\"async\" loading=\"lazy\" class=\"size-full wp-image-67746\" src=\"https:\/\/www.ludwig-van.com\/toronto\/wp-content\/uploads\/sites\/2\/2020\/04\/CP-_April_6-12-feature_image.jpg\" alt=\"Classical music and opera events streaming on the web for the week of April 6 - 12\" width=\"1200\" height=\"629\" srcset=\"https:\/\/www.ludwig-van.com\/toronto\/wp-content\/uploads\/sites\/2\/2020\/04\/CP-_April_6-12-feature_image.jpg 1200w, https:\/\/www.ludwig-van.com\/toronto\/wp-content\/uploads\/sites\/2\/2020\/04\/CP-_April_6-12-feature_image-300x157.jpg 300w, https:\/\/www.ludwig-van.com\/toronto\/wp-content\/uploads\/sites\/2\/2020\/04\/CP-_April_6-12-feature_image-1024x537.jpg 1024w, https:\/\/www.ludwig-van.com\/toronto\/wp-content\/uploads\/sites\/2\/2020\/04\/CP-_April_6-12-feature_image-768x403.jpg 768w\" sizes=\"(max-width: 1200px) 100vw, 1200px\" \/><figcaption id=\"caption-attachment-67746\" class=\"wp-caption-text\">Classical music and opera events streaming on the web for the week of April 6 &#8211; 12.<\/figcaption><\/figure>\n<h3><strong>Critic\u2019s Picks (April 6 \u2013 12)<\/strong><\/h3>\n<p>To take your mind off the continuing health crisis, try some of the streaming videos available this week, either time-specific offerings or video on demand.<\/p>\n<h1><strong>\u2014 \u2014 \u2014 \u2014 \u2014<\/strong><\/h1>\n<h3><span style=\"color: #ff0000\"><strong>Monday 6<\/strong><\/span><\/h3>\n<p><strong>Met Opera | Aida. 7:30 p.m. (ET)<\/strong>. Anna Netrebko, Anita Rachvelishvili, Aleksandrs Antonenko, Quinn Kelsey, Dmitry Belosselskiy, and Ryan Speedo Green, conducted by Nicola Luisotti. From October 6, 2018. <strong>Available until 6:30 p.m. April 7<\/strong>. | <span style=\"color: #ff0000\"><a style=\"color: #ff0000\" href=\"https:\/\/www.metopera.org\/season\/on-demand\/opera\/?upc=810004200500\" target=\"_blank\" rel=\"noopener noreferrer\">Details<\/a><\/span><\/p>\n<p><strong>Vienna State Opera | A Midsummer Night\u2019s Dream. 9:00 a.m. (ET)<\/strong>. Lawrence Zazzo (Oberon), Erin Morley (Titania), Th\u00e9o Touvet (Puck), Peter Kellner (Theseus), Szilvia V\u00f6r\u00f6s (Hippolyta), Josh Lovell (Lysander), Rafael Fingerlos (Demetrius), Rachel Frenkel (Hermia), Valentina Naforni\u0163\u0103 (Helena) Simone Young conducts. From October 2, 2019. <strong>Available for 72 hours (free registration required)<\/strong> | <span style=\"color: #ff0000\"><a style=\"color: #ff0000\" href=\"https:\/\/www.wiener-staatsoper.at\/en\/staatsoper-live\/wiener-staatsoper-livehome\/\" target=\"_blank\" rel=\"noopener noreferrer\">Details<\/a><\/span><\/p>\n<h3><span style=\"color: #ff0000\">Tuesday 7<\/span><\/h3>\n<p><strong>Met Opera | La Fanciulla del West. 7:30 p.m. (ET)<\/strong>. Deborah Voigt, Marcello Giordani, and Lucio Gallo, conducted by Nicola Luisotti. From January 8, 2011. <strong>Available until 6:30 p.m. April 8<\/strong>. | <span style=\"color: #ff0000\"><a style=\"color: #ff0000\" href=\"https:\/\/www.metopera.org\/season\/on-demand\/opera\/?upc=811357014004\" target=\"_blank\" rel=\"noopener noreferrer\">Details<\/a><\/span><\/p>\n<p><strong>Vienna State Opera | Das schlaue F\u00fcchslein. 9:00 a.m. (ET)<\/strong>. Chen Reiss (F\u00fcchslein Schlaukopf), Hyuna Ko (Fuchs), Roman Trekel (F\u00f6rster), Donna Ellen (Frau des F\u00f6rsters\/Eule), Joseph Dennis (Schulmeister), Marcus Pelz (Pfarrer\/Dachs), Paolo Rumetz (Hara\u0161ta) Tom\u00e1\u0161 Netopil conducts. From April 11, 2016. <strong>Available for 72 hours (free registration required)<\/strong>. | <span style=\"color: #ff0000\"><a style=\"color: #ff0000\" href=\"https:\/\/www.wiener-staatsoper.at\/en\/staatsoper-live\/wiener-staatsoper-livehome\/\" target=\"_blank\" rel=\"noopener noreferrer\">Details<\/a><\/span><\/p>\n<h3><span style=\"color: #ff0000\"><strong>Wednesday 8<\/strong><\/span><\/h3>\n<p><strong>Met Opera | Falstaff. 7:30 p.m. (ET)<\/strong>. Lisette Oropesa, Angela Meade, Stephanie Blythe, Jennifer Johnson Cano, Paolo Fanale, Ambrogio Maestri, and Franco Vassallo, conducted by James Levine. From December 14, 2013. <strong>Available until 6:30 p.m. April 9<\/strong>. | <span style=\"color: #ff0000\"><a style=\"color: #ff0000\" href=\"https:\/\/www.metopera.org\/season\/on-demand\/opera\/?upc=811357017036\" target=\"_blank\" rel=\"noopener noreferrer\">Details<\/a><\/span><\/p>\n<p><strong>Vienna State Opera | Ariodante. 9:00 a.m. (ET).<\/strong> Sarah Connolly (Ariodante), Chen Reiss (Ginevra), Hila Fahima (Dalinda), Christophe Dumaux (Polinesso), Rainer Trost (Lurcanio), Wilhelm Schwinghammer (Il Re di Scozia), Benedikt Kobel (Odoardo) William Christie conducts. From March 4, 2018. <strong>Available for 72 hours (free registration required)<\/strong>. | <span style=\"color: #ff0000\"><a style=\"color: #ff0000\" href=\"https:\/\/www.wiener-staatsoper.at\/en\/staatsoper-live\/wiener-staatsoper-livehome\/\" target=\"_blank\" rel=\"noopener noreferrer\">Details<\/a><\/span><\/p>\n<h3><span style=\"color: #ff0000\"><strong>Thursday 9<\/strong><\/span><\/h3>\n<p><strong>Met Opera | Parsifal. 7:30 p.m. (ET)<\/strong>. Katarina Dalayman, Jonas Kaufmann, Peter Mattei, Evgeny Nikitin, and Ren\u00e9 Pape, conducted by Daniele Gatti. From March 2, 2013. <strong>Available until 6:30 p.m. April 10<\/strong>. | <span style=\"color: #ff0000\"><a style=\"color: #ff0000\" href=\"https:\/\/www.metopera.org\/season\/on-demand\/opera\/?upc=811357015896\" target=\"_blank\" rel=\"noopener noreferrer\">Details<\/a><\/span><\/p>\n<p><strong>Vienna State Opera | Parsifal. 9:00 a.m. (ET).<\/strong> Michael Volle (Amfortas), Ryan Speedo Green (Titurel), Stephen Milling (Gurnemanz), Johan Botha (Parsifal), Boaz Daniel (Klingsor), Angela Denoke (Kundry). Adam Fischer conducts. From April 5, 2015. <strong>Available for 72 hours (free registration required)<\/strong>. | <span style=\"color: #ff0000\"><a style=\"color: #ff0000\" href=\"https:\/\/www.wiener-staatsoper.at\/en\/staatsoper-live\/wiener-staatsoper-livehome\/\" target=\"_blank\" rel=\"noopener noreferrer\">Details<\/a><\/span><\/p>\n<h3><span style=\"color: #ff0000\"><strong>Friday 10<\/strong><\/span><\/h3>\n<p><strong>Met Opera | Rom\u00e9o et Juliette. 7:30 p.m. (ET)<\/strong>. Diana Damrau, Vittorio Grigolo, Elliot Madore, and Mikhail Petrenko, conducted by Gianandrea Noseda. From January 21, 2017. <strong>Available until 6:30 p.m. April 1<\/strong>1. | <span style=\"color: #ff0000\"><a style=\"color: #ff0000\" href=\"https:\/\/www.metopera.org\/season\/on-demand\/opera\/?upc=811357018989\" target=\"_blank\" rel=\"noopener noreferrer\">Details<\/a><\/span><\/p>\n<h3><span style=\"color: #ff0000\"><strong>Saturday 11<\/strong><\/span><\/h3>\n<p><strong>Met Opera | Don Pasquale. 7:30 p.m. (ET)<\/strong>. Anna Netrebko, Matthew Polenzani, Mariusz Kwiecien, and John Del Carlo, conducted by James Levine. From November 13, 2010. <strong>Available until 6:30 p.m. April 12<\/strong>. | <span style=\"color: #ff0000\"><a style=\"color: #ff0000\" href=\"https:\/\/www.metopera.org\/season\/on-demand\/opera\/?upc=811357013922\" target=\"_blank\" rel=\"noopener noreferrer\">Details<\/a><\/span><\/p>\n<p><strong>Vienna State Opera | Die Feen (Production for Children). 9:00 a.m. (ET)<\/strong>. Sorin Coliban (Der Feenk\u00f6nig), Daniela Fally (Ada), Monika Bohinec (Farzana), Donna Ellen (Zemina), Gergely N\u00e9meti (Arindal), Caroline Wenborne (Lora), Hans Peter Kammerer (Gernot), Michael Roider (Gunter) Kathleen Kelly conducts. From March 3, 2012. <strong>Available for 72 hours (free registration required)<\/strong>. | <span style=\"color: #ff0000\"><a style=\"color: #ff0000\" href=\"https:\/\/www.wiener-staatsoper.at\/en\/staatsoper-live\/wiener-staatsoper-livehome\/\" target=\"_blank\" rel=\"noopener noreferrer\">Details<\/a><\/span><\/p>\n<h3><strong><span style=\"color: #ff0000\">Sunday 12<\/span><\/strong><\/h3>\n<p><strong>Met Opera | Cosi fan tutte. 7:30 p.m<\/strong>. <strong>(ET)<\/strong>. Amanda Majeski, Serena Malfi, Kelli O\u2019Hara, Ben Bliss, Adam Plachetka, and Christopher Maltman, conducted by David Robertson. From March 31, 2018. Available until 6:30 p.m. April 13. | <span style=\"color: #ff0000\"><a style=\"color: #ff0000\" href=\"https:\/\/www.metopera.org\/season\/on-demand\/opera\/?upc=811357019375\" target=\"_blank\" rel=\"noopener noreferrer\">Details<\/a><\/span><\/p>\n<p><strong>Vienna State Opera | Parsifal. 9:00 a.m. (ET)<\/strong>. Gerald Finley (Amfortas), Jongmin Park (Titurel), Kwangchul Youn (Gurnemanz), Christopher Ventris (Parsifal), Jochen Schmeckenbecher (Klingsor), Nina Stemme (Kundry). Semyon Bychkov conducts. From April 13, 2017. <strong>Available for 72 hours (free registration required)<\/strong>. | <span style=\"color: #ff0000\"><a style=\"color: #ff0000\" href=\"https:\/\/www.wiener-staatsoper.at\/en\/staatsoper-live\/wiener-staatsoper-livehome\/\" target=\"_blank\" rel=\"noopener noreferrer\">Details<\/a><\/span><\/p>\n<h1><strong>\u2014 \u2014 \u2014 \u2014 \u2014<\/strong><\/h1>\n<h3><strong>Video On Demand:<\/strong><\/h3>\n<p>Here are some more interesting free streams by other companies as well as by individual artists:<\/p>\n<p>1) Here\u2019s a great <em>Parsifal<\/em> I\u2019ve seen live &#8211; the <strong>Munich Opera<\/strong> <em>Parsifal<\/em> starring Jonas Kaufmann and Nina Stemme, conducted by Kirill Petrenko. | <span style=\"color: #ff0000\"><a style=\"color: #ff0000\" href=\"https:\/\/operlive.de\/parsifal\/?fbclid=IwAR1bwRnL0VQEWh1VNKbutbB7t0smG6WfKOZ4THuuI28Xk3FedN8IQfUySG0\" target=\"_blank\" rel=\"noopener noreferrer\">Details<\/a><\/span><\/p>\n<p>2) Unlike other opera companies, the <strong>Canadian Opera Company<\/strong> has not been televising complete operas for years. That said, their new digital initiative, #OperaAtHome, is worth checking out. It offers one video clip every day at 11 a.m. of either moments from favourite past productions or original performances from resident and visiting artists, available on its <span style=\"color: #ff0000\"><a style=\"color: #ff0000\" href=\"https:\/\/www.facebook.com\/canadianoperacompany\/\" target=\"_blank\" rel=\"noopener noreferrer\">Facebook page<\/a><\/span> or here:<\/p>\n<div class=\"jetpack-video-wrapper\"><span class=\"embed-youtube\" style=\"text-align:center; display: block;\"><iframe loading=\"lazy\" class=\"youtube-player\" width=\"640\" height=\"360\" src=\"https:\/\/www.youtube.com\/embed?version=3&#038;rel=1&#038;showsearch=0&#038;showinfo=1&#038;iv_load_policy=1&#038;fs=1&#038;hl=en-US&#038;autohide=2&#038;wmode=transparent&#038;listType=playlist&#038;list=PL7KMuQtaRtoyo1A8Nz42aOZZumiczWPF7\" allowfullscreen=\"true\" style=\"border:0;\" sandbox=\"allow-scripts allow-same-origin allow-popups allow-presentation\"><\/iframe><\/span><\/div>\n<p>3) <strong>Salzburg Easter Festival<\/strong> is streaming a fantastic lineup of performances with top singers: Apr. 4-6 <em>Die Walkure<\/em>; 6-8 <em>Otello<\/em>; 8-10 <em>Cavalleria rusticana<\/em>; 10-12 <em>Pagliacci<\/em>, 12-14 <em>Arabella.<\/em> |<span style=\"color: #ff0000\"> <a style=\"color: #ff0000\" href=\"https:\/\/m-festival.biz\/en\/10032?fbclid=IwAR09ckeBncsmRUQeKaG_-MO0Rx3oOCjyyaOUaJzt9Os16bgw_wo-hwbwgmw\" target=\"_blank\" rel=\"noopener noreferrer\">Details<\/a><\/span><\/p>\n<p>4) Here\u2019s a fun video clip for you Wagner addicts out there \u2013 and God knows we need a laugh or two these days! It\u2019s <strong><em>Das Rheingold &#8211; Coronadammerung<\/em><\/strong>, in a hilarious \u201cstaging.\u201d It stars the wonderful mezzo Jamie Barton and bass-baritone Ryan McKinny. Enjoy!<\/p>\n<div class=\"jetpack-video-wrapper\"><span class=\"embed-youtube\" style=\"text-align:center; display: block;\"><iframe loading=\"lazy\" class=\"youtube-player\" width=\"640\" height=\"360\" src=\"https:\/\/www.youtube.com\/embed\/n_ChqaZxLT4?version=3&#038;rel=1&#038;showsearch=0&#038;showinfo=1&#038;iv_load_policy=1&#038;fs=1&#038;hl=en-US&#038;autohide=2&#038;wmode=transparent\" allowfullscreen=\"true\" style=\"border:0;\" sandbox=\"allow-scripts allow-same-origin allow-popups allow-presentation\"><\/iframe><\/span><\/div>\n<p>5) Finally, I leave you with this video clip, of musicians of the <strong>Volksoper Wien<\/strong> playing a two-minute excerpt of <em>Donauwalzer<\/em> from their respective homes, synched to an existing soundtrack. Wonderful!<\/p>\n<div class=\"jetpack-video-wrapper\"><span class=\"embed-youtube\" style=\"text-align:center; display: block;\"><iframe loading=\"lazy\" class=\"youtube-player\" width=\"640\" height=\"360\" src=\"https:\/\/www.youtube.com\/embed\/OIOIZg5VUXk?version=3&#038;rel=1&#038;showsearch=0&#038;showinfo=1&#038;iv_load_policy=1&#038;fs=1&#038;hl=en-US&#038;autohide=2&#038;wmode=transparent\" allowfullscreen=\"true\" style=\"border:0;\" sandbox=\"allow-scripts allow-same-origin allow-popups allow-presentation\"><\/iframe><\/span><\/div>\n<h3 class=\"western\"><em>#LUDWIGVAN<\/em><\/h3>\n<p class=\"western\"><em>Want more updates on classical music and opera news and reviews? Follow us\u00a0on <\/em><span style=\"color: #ff0000\"><em><a style=\"color: #ff0000\" href=\"https:\/\/www.facebook.com\/LudwigVanToronto\/\" target=\"_blank\" rel=\"noopener noreferrer\"><b>Facebook<\/b><\/a><\/em><\/span><em>, <\/em><span style=\"color: #ff0000\"><em><a style=\"color: #ff0000\" href=\"https:\/\/www.instagram.com\/ludwigvantoronto\/\" target=\"_blank\" rel=\"noopener noreferrer\"><b>Instagram<\/b><\/a><\/em><\/span><b> <\/b><em>or <\/em><span style=\"color: #ff0000\"><em><a style=\"color: #ff0000\" href=\"https:\/\/twitter.com\/LudwigVanTO\" target=\"_blank\" rel=\"noopener noreferrer\"><b>Twitter<\/b><\/a><\/em><\/span><em> for all the latest.<\/em><\/p>\n","protected":false},"excerpt":{"rendered":"<p>Classical music and opera events streaming on the web for the week of April 6 &#8211; 12.<\/p>\n","protected":false},"author":22,"featured_media":67746,"comment_status":"open","ping_status":"open","sticky":false,"template":"","format":"standard","meta":{"om_disable_all_campaigns":false,"jetpack_post_was_ever_published":false},"categories":[33451,3895,43,61],"tags":[35976,6276,9686,36031,36030,5443],"yst_prominent_words":[15434,7173,36021,36027,36026,28125,36025,36024,13254,36022,36018,34944,6886,10287,36023,36028,36020,36029,36019,36017],"acf":[],"jetpack_featured_media_url":"https:\/\/www.ludwig-van.com\/toronto\/wp-content\/uploads\/sites\/2\/2020\/04\/CP-_April_6-12-feature_image.jpg","jetpack_sharing_enabled":true,"jetpack_shortlink":"https:\/\/wp.me\/p9bakr-hCE","amp_enabled":true,"_links":{"self":[{"href":"https:\/\/www.ludwig-van.com\/toronto\/wp-json\/wp\/v2\/posts\/67744"}],"collection":[{"href":"https:\/\/www.ludwig-van.com\/toronto\/wp-json\/wp\/v2\/posts"}],"about":[{"href":"https:\/\/www.ludwig-van.com\/toronto\/wp-json\/wp\/v2\/types\/post"}],"author":[{"embeddable":true,"href":"https:\/\/www.ludwig-van.com\/toronto\/wp-json\/wp\/v2\/users\/22"}],"replies":[{"embeddable":true,"href":"https:\/\/www.ludwig-van.com\/toronto\/wp-json\/wp\/v2\/comments?post=67744"}],"version-history":[{"count":4,"href":"https:\/\/www.ludwig-van.com\/toronto\/wp-json\/wp\/v2\/posts\/67744\/revisions"}],"predecessor-version":[{"id":67749,"href":"https:\/\/www.ludwig-van.com\/toronto\/wp-json\/wp\/v2\/posts\/67744\/revisions\/67749"}],"wp:featuredmedia":[{"embeddable":true,"href":"https:\/\/www.ludwig-van.com\/toronto\/wp-json\/wp\/v2\/media\/67746"}],"wp:attachment":[{"href":"https:\/\/www.ludwig-van.com\/toronto\/wp-json\/wp\/v2\/media?parent=67744"}],"wp:term":[{"taxonomy":"category","embeddable":true,"href":"https:\/\/www.ludwig-van.com\/toronto\/wp-json\/wp\/v2\/categories?post=67744"},{"taxonomy":"post_tag","embeddable":true,"href":"https:\/\/www.ludwig-van.com\/toronto\/wp-json\/wp\/v2\/tags?post=67744"},{"taxonomy":"yst_prominent_words","embeddable":true,"href":"https:\/\/www.ludwig-van.com\/toronto\/wp-json\/wp\/v2\/yst_prominent_words?post=67744"}],"curies":[{"name":"wp","href":"https:\/\/api.w.org\/{rel}","templated":true}]}}