{"id":67690,"date":"2020-03-30T12:41:59","date_gmt":"2020-03-30T16:41:59","guid":{"rendered":"https:\/\/www.ludwig-van.com\/toronto\/?p=67690"},"modified":"2020-03-30T12:41:59","modified_gmt":"2020-03-30T16:41:59","slug":"critics-picks-virtual-concerts-absolutely-need-see-week-streaming-edition-2","status":"publish","type":"post","link":"https:\/\/www.ludwig-van.com\/toronto\/2020\/03\/30\/critics-picks-virtual-concerts-absolutely-need-see-week-streaming-edition-2\/","title":{"rendered":"CRITIC&#8217;S PICKS | Virtual Concerts You Absolutely Need To See This Week (Streaming Edition)"},"content":{"rendered":"<figure id=\"attachment_67691\" aria-describedby=\"caption-attachment-67691\" style=\"width: 1200px\" class=\"wp-caption aligncenter\"><img decoding=\"async\" loading=\"lazy\" class=\"size-full wp-image-67691\" src=\"https:\/\/www.ludwig-van.com\/toronto\/wp-content\/uploads\/sites\/2\/2020\/03\/CP-feature_image-March_30-April_5.jpg\" alt=\"Classical music and opera events happening in and around Toronto for the week of March 30 \u2013 April 5.\" width=\"1200\" height=\"629\" srcset=\"https:\/\/www.ludwig-van.com\/toronto\/wp-content\/uploads\/sites\/2\/2020\/03\/CP-feature_image-March_30-April_5.jpg 1200w, https:\/\/www.ludwig-van.com\/toronto\/wp-content\/uploads\/sites\/2\/2020\/03\/CP-feature_image-March_30-April_5-300x157.jpg 300w, https:\/\/www.ludwig-van.com\/toronto\/wp-content\/uploads\/sites\/2\/2020\/03\/CP-feature_image-March_30-April_5-1024x537.jpg 1024w, https:\/\/www.ludwig-van.com\/toronto\/wp-content\/uploads\/sites\/2\/2020\/03\/CP-feature_image-March_30-April_5-768x403.jpg 768w\" sizes=\"(max-width: 1200px) 100vw, 1200px\" \/><figcaption id=\"caption-attachment-67691\" class=\"wp-caption-text\">Classical music and opera events happening in and around Toronto for the week of March 30 \u2013 April 5.<\/figcaption><\/figure>\n<h3><strong>Critic\u2019s Picks (March 30 \u2013 April 5)<\/strong><\/h3>\n<p><em><strong>The health calamity that is COVID-19 continues. Fortunately for us music lovers, more and more opera houses, concert organizations and individual artists are offering free streaming that we can view in the comfort of our own homes. Below are my two categories \u2013 first part consists of selections of recent additions to Video On Demand by opera companies, symphonies, and individual artists, available for free viewing at any time. This is followed by time specific streaming from various organizations.<\/strong><\/em><\/p>\n<h1><strong>\u2014 \u2014 \u2014 \u2014 \u2014\u00a0<\/strong><\/h1>\n<h3><span style=\"color: #ff0000\"><strong>Monday 30<\/strong><\/span><\/h3>\n<p><strong>Met Opera | Dialogues of the Carmelites<\/strong> \/ Isabel Leonard, Adrianne Pieczonka, Karita Mattila, conducted by Yannick Nezet-Sequin. | <span style=\"color: #ff0000\"><a style=\"color: #ff0000\" href=\"https:\/\/www.metopera.org\/season\/on-demand\/opera\/?upc=810004201149\" target=\"_blank\" rel=\"noopener noreferrer\">Details<\/a><\/span><\/p>\n<h3><span style=\"color: #ff0000\"><strong>Tuesday 31<\/strong><\/span><\/h3>\n<p><strong>Met Opera | Il barbiere di Siviglia<\/strong> \/ Joyce DiDonato, Juan Diego Florez, Peter Mattei, conducted by Maurizio Benini. | <span style=\"color: #ff0000\"><a style=\"color: #ff0000\" href=\"https:\/\/www.metopera.org\/season\/on-demand\/opera\/?upc=811357011669\" target=\"_blank\" rel=\"noopener noreferrer\">Details<\/a><\/span><\/p>\n<h3><span style=\"color: #ff0000\"><strong>Wednesday 1<\/strong><\/span><\/h3>\n<p><strong>Met Opera | Nixon in China<\/strong> \/ James Maddalena, Janis Kelly, conducted by John Adams. | <span style=\"color: #ff0000\"><a style=\"color: #ff0000\" href=\"https:\/\/www.metopera.org\/season\/on-demand\/opera\/?upc=811357014158\" target=\"_blank\" rel=\"noopener noreferrer\">Details<\/a><\/span><\/p>\n<h3><span style=\"color: #ff0000\">Thursday 2<\/span><\/h3>\n<p><strong>Met Opera | Don Carlo<\/strong> \/ Marina Poplavskaya, Roberto Alagna, Simon Keenlyside, conducted by Yannick Nezet-Seguin. | <span style=\"color: #ff0000\"><a style=\"color: #ff0000\" href=\"https:\/\/www.metopera.org\/season\/on-demand\/opera\/?upc=811357013984\" target=\"_blank\" rel=\"noopener noreferrer\">Details<\/a><\/span><\/p>\n<h3><strong><span style=\"color: #ff0000\">Friday 3<\/span><\/strong><\/h3>\n<p><strong>Met Opera | The Pearl Fishers<\/strong> \/ Diana Damrau, Matthew Polenzani, and Mariusz Kwiecien, conducted by Gianandrea Noseda | <span style=\"color: #ff0000\"><a style=\"color: #ff0000\" href=\"https:\/\/www.metopera.org\/season\/on-demand\/opera\/?upc=811357018156\" target=\"_blank\" rel=\"noopener noreferrer\">Details<\/a><\/span><\/p>\n<h3><strong><span style=\"color: #ff0000\">Saturday 4<\/span><\/strong><\/h3>\n<p><strong>Met Opera | Macbeth<\/strong> \/ Anna Netrebko, Joseph Calleja, \u017deljko Lu\u010di\u0107, Rene Pape, conducted by Fabio Luisi. | <span style=\"color: #ff0000\"><a style=\"color: #ff0000\" href=\"https:\/\/www.metopera.org\/season\/on-demand\/opera\/?upc=811357018156\" target=\"_blank\" rel=\"noopener noreferrer\">Details<\/a><\/span><\/p>\n<h3><strong><span style=\"color: #ff0000\">Sunday 5<\/span><\/strong><\/h3>\n<p><strong>Met Opera | Norma<\/strong> \/ Sondra Radvanovsky, Joyce DiDonato, Joseph Calleja, and Matthew Rose, conducted by Carlo Rizzi | <span style=\"color: #ff0000\"><a style=\"color: #ff0000\" href=\"https:\/\/www.metopera.org\/season\/on-demand\/opera\/?upc=811357019306\" target=\"_blank\" rel=\"noopener noreferrer\">Details<\/a><\/span><\/p>\n<h1><strong>\u2014 \u2014 \u2014 \u2014 \u2014\u00a0<\/strong><\/h1>\n<h3><strong>Videos On Demand:<\/strong><\/h3>\n<p><strong>Garsington Opera | Marriage of Figaro<\/strong> Joshua Bloom, Jennifer France, Duncan Rock, Kirsten MacKinnon, Marta Fontanals-Simmons. Douglas Boyd (cond.), John Cox (dir.) | <span style=\"color: #ff0000\"><a style=\"color: #ff0000\" href=\"https:\/\/www.garsingtonopera.org\/performance\/le-nozze-di-figaro\" target=\"_blank\" rel=\"noopener noreferrer\">Details<\/a><\/span><\/p>\n<p><strong>Royal Swedish Opera | Madama Butterfly<\/strong> Asmik Grigorian, Katarina Leoson, Daniel Johansson, Karl-Magnus Fredriksson. Lawrence Renes (cond.) | <span style=\"color: #ff0000\"><a style=\"color: #ff0000\" href=\"https:\/\/www.youtube.com\/watch?v=9FfhWTMjKQk\" target=\"_blank\" rel=\"noopener noreferrer\">Details<\/a><\/span><\/p>\n<p><strong>Berliner Philharmoniker | Digital Concert Hall <\/strong>Discover the fantastic archives of the Berlin Philharmonic for free! Their last ten concerts include New Year\u2019s Eve Concert with Kirill Petrenko conducting Diana Damrau; Simon Rattle conducting Berio and Bartok; Mahler Third Symphony; and a concert Suor Angelica. Not to be missed! Free registration required. | <span style=\"color: #ff0000\"><a style=\"color: #ff0000\" href=\"https:\/\/www.youtube.com\/watch?v=9FfhWTMjKQk\" target=\"_blank\" rel=\"noopener noreferrer\">Details<\/a><\/span><\/p>\n<p><strong>Russell Braun &amp; Carolyn Maule | A Song A Day<\/strong>\u00a0Canadian baritone Russell Braun and his pianist wife Carolyn Maule are offering one song a day on their Facebook page, \u201cto ease some of the anxiety we are all share at the moment.\u201d The songs include An die Musik (Schubert); Liebst du um Schonheit (Mahler); Oh Danny Boy; Es muss ein Wunderbares sein (Liszt); Pierrot\u2019s Tanzlied (Korngold); Fussreise (Wolf); Morgen (Strauss); and Somewhere Over The Rainbow and others. Tune in! | <span style=\"color: #ff0000\"><a style=\"color: #ff0000\" href=\"https:\/\/www.facebook.com\/russell.braun.14\" target=\"_blank\" rel=\"noopener noreferrer\">Details<\/a><\/span><\/p>\n<p>Metropolitan Opera\u2019s nightly live streams can be accessed <span style=\"color: #ff0000\"><a style=\"color: #ff0000\" href=\"https:\/\/www.metopera.org\/user-information\/nightly-met-opera-streams\/week-3\/\" target=\"_blank\" rel=\"noopener noreferrer\">here<\/a><\/span>.<\/p>\n<h3 class=\"western\"><em>#LUDWIGVAN<\/em><\/h3>\n<p class=\"western\"><em>Want more updates on classical music and opera news and reviews? Follow us\u00a0on <\/em><span style=\"color: #ff0000\"><em><a style=\"color: #ff0000\" href=\"https:\/\/www.facebook.com\/LudwigVanToronto\/\" target=\"_blank\" rel=\"noopener noreferrer\"><b>Facebook<\/b><\/a><\/em><\/span><em>, <\/em><span style=\"color: #ff0000\"><em><a style=\"color: #ff0000\" href=\"https:\/\/www.instagram.com\/ludwigvantoronto\/\" target=\"_blank\" rel=\"noopener noreferrer\"><b>Instagram<\/b><\/a><\/em><b> <\/b><\/span><em>or <\/em><span style=\"color: #ff0000\"><em><a style=\"color: #ff0000\" href=\"https:\/\/twitter.com\/LudwigVanTO\" target=\"_blank\" rel=\"noopener noreferrer\"><b>Twitter<\/b><\/a><\/em><\/span><em> for all the latest.<\/em><\/p>\n","protected":false},"excerpt":{"rendered":"<p>Classical music and opera events happening in and around Toronto for the week of March 30 \u2013 April 5.<\/p>\n","protected":false},"author":22,"featured_media":67691,"comment_status":"open","ping_status":"open","sticky":false,"template":"","format":"standard","meta":{"om_disable_all_campaigns":false,"jetpack_post_was_ever_published":false},"categories":[33451,19,3895,51,61],"tags":[6377,35976,35978,7189,2207,35977,13775,2901],"yst_prominent_words":[35972,35970,35973,16074,6715,28125,9100,35971,35363,35974,35975,13204,27789,35969,35968,13725,34944,27956,6886,7058],"acf":[],"jetpack_featured_media_url":"https:\/\/www.ludwig-van.com\/toronto\/wp-content\/uploads\/sites\/2\/2020\/03\/CP-feature_image-March_30-April_5.jpg","jetpack_sharing_enabled":true,"jetpack_shortlink":"https:\/\/wp.me\/p9bakr-hBM","amp_enabled":true,"_links":{"self":[{"href":"https:\/\/www.ludwig-van.com\/toronto\/wp-json\/wp\/v2\/posts\/67690"}],"collection":[{"href":"https:\/\/www.ludwig-van.com\/toronto\/wp-json\/wp\/v2\/posts"}],"about":[{"href":"https:\/\/www.ludwig-van.com\/toronto\/wp-json\/wp\/v2\/types\/post"}],"author":[{"embeddable":true,"href":"https:\/\/www.ludwig-van.com\/toronto\/wp-json\/wp\/v2\/users\/22"}],"replies":[{"embeddable":true,"href":"https:\/\/www.ludwig-van.com\/toronto\/wp-json\/wp\/v2\/comments?post=67690"}],"version-history":[{"count":3,"href":"https:\/\/www.ludwig-van.com\/toronto\/wp-json\/wp\/v2\/posts\/67690\/revisions"}],"predecessor-version":[{"id":67694,"href":"https:\/\/www.ludwig-van.com\/toronto\/wp-json\/wp\/v2\/posts\/67690\/revisions\/67694"}],"wp:featuredmedia":[{"embeddable":true,"href":"https:\/\/www.ludwig-van.com\/toronto\/wp-json\/wp\/v2\/media\/67691"}],"wp:attachment":[{"href":"https:\/\/www.ludwig-van.com\/toronto\/wp-json\/wp\/v2\/media?parent=67690"}],"wp:term":[{"taxonomy":"category","embeddable":true,"href":"https:\/\/www.ludwig-van.com\/toronto\/wp-json\/wp\/v2\/categories?post=67690"},{"taxonomy":"post_tag","embeddable":true,"href":"https:\/\/www.ludwig-van.com\/toronto\/wp-json\/wp\/v2\/tags?post=67690"},{"taxonomy":"yst_prominent_words","embeddable":true,"href":"https:\/\/www.ludwig-van.com\/toronto\/wp-json\/wp\/v2\/yst_prominent_words?post=67690"}],"curies":[{"name":"wp","href":"https:\/\/api.w.org\/{rel}","templated":true}]}}