{"id":65044,"date":"2019-11-25T10:17:17","date_gmt":"2019-11-25T15:17:17","guid":{"rendered":"https:\/\/www.ludwig-van.com\/toronto\/?p=65044"},"modified":"2019-11-25T10:17:17","modified_gmt":"2019-11-25T15:17:17","slug":"critics-picks-10-concerts-absolutely-need-see-toronto-week-november-25-december-1","status":"publish","type":"post","link":"https:\/\/www.ludwig-van.com\/toronto\/2019\/11\/25\/critics-picks-10-concerts-absolutely-need-see-toronto-week-november-25-december-1\/","title":{"rendered":"CRITIC&#8217;S PICKS | 10 Concerts You Absolutely Need To See In Toronto This Week (November 25 \u2013 December 1)"},"content":{"rendered":"<figure id=\"attachment_65045\" aria-describedby=\"caption-attachment-65045\" style=\"width: 1200px\" class=\"wp-caption aligncenter\"><img decoding=\"async\" loading=\"lazy\" class=\"size-full wp-image-65045\" src=\"https:\/\/www.ludwig-van.com\/toronto\/wp-content\/uploads\/sites\/2\/2019\/11\/CP-_Nov-25-Dec-1-cover.jpg\" alt=\"Classical music and opera events happening in and around Toronto for the week of November 25 \u2013 December 1.\" width=\"1200\" height=\"629\" srcset=\"https:\/\/www.ludwig-van.com\/toronto\/wp-content\/uploads\/sites\/2\/2019\/11\/CP-_Nov-25-Dec-1-cover.jpg 1200w, https:\/\/www.ludwig-van.com\/toronto\/wp-content\/uploads\/sites\/2\/2019\/11\/CP-_Nov-25-Dec-1-cover-300x157.jpg 300w, https:\/\/www.ludwig-van.com\/toronto\/wp-content\/uploads\/sites\/2\/2019\/11\/CP-_Nov-25-Dec-1-cover-768x403.jpg 768w, https:\/\/www.ludwig-van.com\/toronto\/wp-content\/uploads\/sites\/2\/2019\/11\/CP-_Nov-25-Dec-1-cover-1024x537.jpg 1024w\" sizes=\"(max-width: 1200px) 100vw, 1200px\" \/><figcaption id=\"caption-attachment-65045\" class=\"wp-caption-text\">Classical music and opera events happening in and around Toronto for the week of November 25 \u2013 December 1.<\/figcaption><\/figure>\n<h3>Critic\u2019s Picks (Nov. 25 \u2013 Dec. 1)<\/h3>\n<p><strong><em>Ludwig van Toronto\u2019s weekly Critic\u2019s Picks are a curated list of some of the best concerts happening now through the end of the week. For a look at the full breadth of what\u2019s available in and around Toronto, check out our curated concert listings\u00a0<a href=\"https:\/\/www.ludwig-van.com\/toronto\/events\/\" target=\"_blank\" rel=\"noopener\"><span style=\"color: #ff0000\">here.<\/span><\/a><\/em><\/strong><\/p>\n<h3><strong><span style=\"color: #ff0000\">Monday 25<\/span><\/strong><\/h3>\n<p><strong>Opera 5<\/strong> | Elizabeth Krehm Memorial Concert. 7:30 p.m. Christ Church Deer Park, 1570 Yonge St. PWYC. Fundraiser to benefit St. Michael\u2019s ICU.<\/p>\n<p>The Seventh Annual Elizabeth Krehm Memorial Concert presents a program of Bruch: <em>Kol Nidrei<\/em> with cellist Michel Strauss; Shostakovich: <em>Symphony No. 5<\/em>; Richard Strauss: <em>Four Last Songs<\/em> with soprano Rachel Krehm. The Canzona Chamber Players Orchestra conducted by Evan Mitchell. This annual event has raised over $100,000 in the past six years. All proceeds to benefit St. Michael\u2019s Hospital\u2019s Medical-Surgical Intensive Care Unit. | <a href=\"https:\/\/www.ludwig-van.com\/toronto\/event\/opera-5-elizabeth-krehm-memorial-concert\/\" target=\"_blank\" rel=\"noopener\"><span style=\"color: #ff0000\">Details<\/span><\/a><\/p>\n<h3><strong><span style=\"color: #ff0000\">Tuesday 26<\/span><\/strong><\/h3>\n<p><strong>Confluence Concerts<\/strong> | An Evening with Marion Newman. 8 p.m. Heliconian Hall, 35 Hazelton Ave. $30\/#25(sr)\/$20(under 30). Pre-concert talk at 7:15 p.m.<\/p>\n<p>Kwagiulth and St\u00f3:lo First Nations + English\/Irish\/Scottish mezzo-soprano Marion Newman curates a special program asking the question: \u201cWhat is Indigenous classical music?\u201d Joining her are mezzo-soprano Rebecca Cuddy, baritone Evan Korbut, pianist Gordon Gerrard and composer Ian Cusson. | <a href=\"https:\/\/www.ludwig-van.com\/toronto\/event\/confluence-concerts-evening-marion-newman\/\" target=\"_blank\" rel=\"noopener\"><span style=\"color: #ff0000\">Details<\/span><\/a><\/p>\n<h3><strong><span style=\"color: #ff0000\">Wednesday 27<\/span><\/strong><\/h3>\n<p><strong>National Ballet of Canada<\/strong> | Etudes\/Piano Concerto No. 1\/Petite Mort 7:30 p.m. Four Seasons Centre for the Performing Arts, 145 Queen St. W. $41-$240. Five more performances to Dec. 1.\u00a0Check website for start times.<\/p>\n<p>Set to music by Czerny, Harald Lander\u2019s <em>Etudes<\/em> is a fantastic, heart-stopping piece on virtuosic technique in ballet. I saw this many years ago at ABT and never forgot it. Only dancers with the requisite bravura technique qualify, and the National certainly has the dancers! Also on the program is Alexei Ratmansky\u2019s <em>Piano Concerto No. 1<\/em>, and <em>Petite Mort<\/em> by Czech choreographer Ji\u0159\u00ed Kyli\u00e1n. | <span style=\"color: #ff0000\"><a href=\"https:\/\/www.ludwig-van.com\/toronto\/event\/national-ballet-canada-etudes-piano-concerto-1-petite-mort\/2019-11-27\/\" target=\"_blank\" rel=\"noopener\">Details<\/a><\/span><\/p>\n<p><strong>Royal Conservatory of Music<\/strong> | Akademie f\u00fcr Alte Musik Berlin 8 p.m. Koerner Hall, 273 Bloor St. W. $45-$95.<\/p>\n<p>The Akademie f\u00fcr Alte Musik Berlin, a world-renowned chamber group playing on period instruments, performs an All-Bach program, including <em>Brandenburg Concertos No. 1-5<\/em>. | <a href=\"https:\/\/www.ludwig-van.com\/toronto\/event\/royal-conservatory-akademie-fur-alte-musik-berlin\/\" target=\"_blank\" rel=\"noopener\"><span style=\"color: #ff0000\">Details<\/span><\/a><\/p>\n<p><strong>Toronto Symphony Orchestra<\/strong> | All Tchaikovsky 8 p.m. Roy Thomson Hall, 60 Simcoe St. $41-$154. Repeats Nov. 28, 30, Dec. 1 (3 p.m.)<\/p>\n<p>RBC Resident Conductor Simon Rivard and the TSO perform an All Tchaikovsky program of <em>Symphony No. 1 \u201cWinter Dreams,\u201d Violin Concerto<\/em> with soloist Daniel Lozakovich; and the <em>1812 Overture<\/em>. | <a href=\"https:\/\/www.ludwig-van.com\/toronto\/event\/toronto-symphpny-orchestra-tchaikovsky\/2019-11-27\/\" target=\"_blank\" rel=\"noopener\"><span style=\"color: #ff0000\">Details<\/span><\/a><\/p>\n<h3><span style=\"color: #ff0000\"><strong>Thursday 28<\/strong><\/span><\/h3>\n<p><strong>Canadian Opera Company<\/strong> | Vocal Series: Schulich a la carte 12 p.m. Richard Bradshaw Amphitheatre, Four Seasons Centre for the Performing Arts, 145 Queen St. W. Free. Arrive early to secure a seat.<\/p>\n<p>Schulich School of Music\u2019s Wirth Vocal Prize winner tenor Marcel d\u2019Entremont sings a program of songs and arias, \u201cfrom Schubert\u2019s timeless classic <em>Erlk\u00f6nig<\/em> to Copland\u2019s hilarious<em> I Bought Me a Cat<\/em>.\u201d Full program details not available at press time. | <span style=\"color: #ff0000\"><a href=\"https:\/\/www.ludwig-van.com\/toronto\/event\/canadian-opera-company-vocal-series-schulich-a-la-carte\/\" target=\"_blank\" rel=\"noopener\">Details<\/a><\/span><\/p>\n<h3><span style=\"color: #ff0000\"><strong>Saturday 30<\/strong><\/span><\/h3>\n<p><strong>Pax Christi Chorale<\/strong> | Children\u2019s Messiah. 4 p.m. Church of the Redeemer, 162 Bloor St. W. PWYC. Proceeds will be donated to Church of the Redeemer\u2019s The Common Table Drop-In Program.<\/p>\n<p>The Pax Christi Chorale is joined by musicians from the Glenn Gould School and the Taylor Academy of the RCM in a performance of the Children\u2019s <em>Messiah<\/em>, aimed to introduce young audiences to a great choral work in a one-hour interactive performance, with simple narration and sing-along carols. | <span style=\"color: #ff0000\"><a href=\"https:\/\/www.ludwig-van.com\/toronto\/event\/pax-christi-chorale-childrens-messiah-2\/\" target=\"_blank\" rel=\"noopener\">Details<\/a><\/span><\/p>\n<p><strong>Ottawa Bach Choir<\/strong> | A Bach Christmas. 7:30 p.m. Grace Church on-the-Hill, 300 Lonsdale Road. $50\/$40\/$35(sr)\/$15(st).<\/p>\n<p>The Ottawa Bach Choir, joined by the Ensemble Caprice Baroque Orchestra and a quartet of soloists (soprano Meredith Hall, countertenor Nicholas Burns, tenor Philippe Gagn\u00e9 and bass Andrew Mahon), presents a program of Bach\u2019s Christmas music, including \u201cMeinen Jesum la\u00df ich nicht,\u201d BWV 124; \u201cAch Gott, wie manches Herzeleid,\u201d BWV 3; and \u201cWas mein Gott will, das g\u2019scheh allzeit,\u201d BWV 111. The program will be repeated on Dec. 1 at the Knox Presbyterian Church in Ottawa. | <a href=\"https:\/\/www.ludwig-van.com\/toronto\/event\/ottawa-bach-choir-a-bach-christmas\/\" target=\"_blank\" rel=\"noopener\"><span style=\"color: #ff0000\">Details<\/span><\/a><\/p>\n<h3><strong><span style=\"color: #ff0000\">Sunday 1<\/span><\/strong><\/h3>\n<p><strong>Off Centre Music Salon<\/strong> | Runaway Waltz. 3 p.m. Trinity-St. Paul\u2019s Centre, 427 Bloor St. W. $50\/$40(sr)\/$15(13-25).<\/p>\n<p>A concert hosted by Dr. Julia Zarankin, with soprano Allison Angelo, pianist Helen Becqu\u00e9, accordionist John Lettieri, pianist Inna Perkis, tenor Ernesto Ramirez, pianist Boris Zarankin, and soprano Ilana Zarankin. No program information on the website. | <a href=\"https:\/\/www.ludwig-van.com\/toronto\/event\/off-centre-music-salon-runaway-waltz\/\" target=\"_blank\" rel=\"noopener\"><span style=\"color: #ff0000\">Details<\/span><\/a><\/p>\n<p><strong>Esprit Orchestra<\/strong> | Sustain. 8 p.m. Koerner Hall, 273 Bloor St. W. 7:15 p.m. pre-concert chat. $20-$65.<\/p>\n<p>Alex Pauk conducts the Esprit Orchestra in a program of works by new music composers Andrew Norman, Adam Scime, and Jos\u00e9 Evangelista. V\u00e9ronique Mathieu, violin. | <a href=\"https:\/\/www.ludwig-van.com\/toronto\/event\/esprit-orchestra-sustain\/\" target=\"_blank\" rel=\"noopener\"><span style=\"color: #ff0000\">Details<\/span><\/a><\/p>\n<h3 class=\"western\"><em>#LUDWIGVAN<\/em><\/h3>\n<p class=\"western\"><em>Want more updates on classical music and opera news and reviews? Follow us\u00a0on <\/em><span style=\"color: #ff0000\"><em><a href=\"https:\/\/www.facebook.com\/LudwigVanToronto\/\" target=\"_blank\" rel=\"noopener\"><b>Facebook<\/b><\/a><\/em><\/span><em>, <\/em><span style=\"color: #ff0000\"><em><a href=\"https:\/\/www.instagram.com\/ludwigvantoronto\/\" target=\"_blank\" rel=\"noopener\"><b>Instagram<\/b><\/a><\/em><\/span><b> <\/b><em>or <\/em><span style=\"color: #ff0000\"><em><a href=\"https:\/\/twitter.com\/LudwigVanTO\" target=\"_blank\" rel=\"noopener\"><b>Twitter<\/b><\/a><\/em><\/span><em> for all the latest.<\/em><\/p>\n","protected":false},"excerpt":{"rendered":"<p>Classical music and opera events happening in and around Toronto for the week of November 25 \u2013 December 1.<\/p>\n","protected":false},"author":22,"featured_media":65045,"comment_status":"open","ping_status":"open","sticky":false,"template":"","format":"standard","meta":{"om_disable_all_campaigns":false,"jetpack_post_was_ever_published":false},"categories":[25164,445,74,11,76,19,3895,20,38],"tags":[33200,1194,2472,6536,2585,33199],"yst_prominent_words":[18509,33196,33192,33190,25642,25640,7949,28125,33194,33191,33197,33193,18300,18301,18299,33195,25641,25639,25638,9009],"acf":[],"jetpack_featured_media_url":"https:\/\/www.ludwig-van.com\/toronto\/wp-content\/uploads\/sites\/2\/2019\/11\/CP-_Nov-25-Dec-1-cover.jpg","jetpack_sharing_enabled":true,"jetpack_shortlink":"https:\/\/wp.me\/p9bakr-gV6","amp_enabled":true,"_links":{"self":[{"href":"https:\/\/www.ludwig-van.com\/toronto\/wp-json\/wp\/v2\/posts\/65044"}],"collection":[{"href":"https:\/\/www.ludwig-van.com\/toronto\/wp-json\/wp\/v2\/posts"}],"about":[{"href":"https:\/\/www.ludwig-van.com\/toronto\/wp-json\/wp\/v2\/types\/post"}],"author":[{"embeddable":true,"href":"https:\/\/www.ludwig-van.com\/toronto\/wp-json\/wp\/v2\/users\/22"}],"replies":[{"embeddable":true,"href":"https:\/\/www.ludwig-van.com\/toronto\/wp-json\/wp\/v2\/comments?post=65044"}],"version-history":[{"count":3,"href":"https:\/\/www.ludwig-van.com\/toronto\/wp-json\/wp\/v2\/posts\/65044\/revisions"}],"predecessor-version":[{"id":65048,"href":"https:\/\/www.ludwig-van.com\/toronto\/wp-json\/wp\/v2\/posts\/65044\/revisions\/65048"}],"wp:featuredmedia":[{"embeddable":true,"href":"https:\/\/www.ludwig-van.com\/toronto\/wp-json\/wp\/v2\/media\/65045"}],"wp:attachment":[{"href":"https:\/\/www.ludwig-van.com\/toronto\/wp-json\/wp\/v2\/media?parent=65044"}],"wp:term":[{"taxonomy":"category","embeddable":true,"href":"https:\/\/www.ludwig-van.com\/toronto\/wp-json\/wp\/v2\/categories?post=65044"},{"taxonomy":"post_tag","embeddable":true,"href":"https:\/\/www.ludwig-van.com\/toronto\/wp-json\/wp\/v2\/tags?post=65044"},{"taxonomy":"yst_prominent_words","embeddable":true,"href":"https:\/\/www.ludwig-van.com\/toronto\/wp-json\/wp\/v2\/yst_prominent_words?post=65044"}],"curies":[{"name":"wp","href":"https:\/\/api.w.org\/{rel}","templated":true}]}}