{"id":64989,"date":"2019-11-21T14:03:32","date_gmt":"2019-11-21T19:03:32","guid":{"rendered":"https:\/\/www.ludwig-van.com\/toronto\/?p=64989"},"modified":"2019-11-21T14:03:32","modified_gmt":"2019-11-21T19:03:32","slug":"the-scoop-principal-casting-announced-in-national-ballets-mixed-program","status":"publish","type":"post","link":"https:\/\/www.ludwig-van.com\/toronto\/2019\/11\/21\/the-scoop-principal-casting-announced-in-national-ballets-mixed-program\/","title":{"rendered":"THE SCOOP | Principal Casting Announced In National Ballet\u2019s Mixed Program"},"content":{"rendered":"<figure id=\"attachment_64992\" aria-describedby=\"caption-attachment-64992\" style=\"width: 1200px\" class=\"wp-caption aligncenter\"><img decoding=\"async\" loading=\"lazy\" class=\"size-full wp-image-64992\" src=\"https:\/\/www.ludwig-van.com\/toronto\/wp-content\/uploads\/sites\/2\/2019\/11\/National-Ballet-casting-header.jpg\" alt=\"Artists of the Ballet in Piano Concerto #1\u200b\" width=\"1200\" height=\"628\" srcset=\"https:\/\/www.ludwig-van.com\/toronto\/wp-content\/uploads\/sites\/2\/2019\/11\/National-Ballet-casting-header.jpg 1200w, https:\/\/www.ludwig-van.com\/toronto\/wp-content\/uploads\/sites\/2\/2019\/11\/National-Ballet-casting-header-300x157.jpg 300w, https:\/\/www.ludwig-van.com\/toronto\/wp-content\/uploads\/sites\/2\/2019\/11\/National-Ballet-casting-header-768x402.jpg 768w, https:\/\/www.ludwig-van.com\/toronto\/wp-content\/uploads\/sites\/2\/2019\/11\/National-Ballet-casting-header-1024x536.jpg 1024w\" sizes=\"(max-width: 1200px) 100vw, 1200px\" \/><figcaption id=\"caption-attachment-64992\" class=\"wp-caption-text\">Artists of the Ballet in Piano Concerto #1\u200b (Photo: Karolina Kuras)<\/figcaption><\/figure>\n<p>The principal casting for <em>Etudes<\/em> by Danish choreographer Harald Lander, Alexei Ratmansky\u2019s <em>Piano Concerto #1<\/em> and the company premiere of Ji\u0159\u00ed Kyli\u00e1n\u2019s <em>Petite Mort<\/em> has been announced.<\/p>\n<p>Alexei Ratmansky\u2019s <em>Piano Concerto #1<\/em> will feature Principal Dancers Heather Ogden, Harrison James and Naoya Ebe.\u00a0The ballet pays tribute to Dmitri Shostakovich as the final instalment of his Trilogy.<\/p>\n<p>Ji\u0159\u00ed Kyli\u00e1n\u2019s <em>Petite Mort<\/em> will feature Svetlana Lunkina, Harrison James, Naoya Ebe and First Soloist Jenna Savella in principal roles.\u00a0Reprised from the 1991 Salzburg Festival to mark the second centenary of the death of Mozart,<em> Petite Mort<\/em> includes music from two of Mozart\u2019s most famous piano concertos. Translating as \u201clittle death\u201d, the ballet explores the sexual innuendo in the phrase through a cast of dancers who move and spar with one another.<\/p>\n<figure id=\"attachment_64993\" aria-describedby=\"caption-attachment-64993\" style=\"width: 1200px\" class=\"wp-caption aligncenter\"><img decoding=\"async\" loading=\"lazy\" class=\"size-full wp-image-64993\" src=\"https:\/\/www.ludwig-van.com\/toronto\/wp-content\/uploads\/sites\/2\/2019\/11\/Artists_of_the_Ballet_in_Etudes_-_Photo_by_Cylla_von_Tiedemann.jpg\" alt=\"Artists of the Ballet in Etudes\" width=\"1200\" height=\"753\" srcset=\"https:\/\/www.ludwig-van.com\/toronto\/wp-content\/uploads\/sites\/2\/2019\/11\/Artists_of_the_Ballet_in_Etudes_-_Photo_by_Cylla_von_Tiedemann.jpg 1200w, https:\/\/www.ludwig-van.com\/toronto\/wp-content\/uploads\/sites\/2\/2019\/11\/Artists_of_the_Ballet_in_Etudes_-_Photo_by_Cylla_von_Tiedemann-300x188.jpg 300w, https:\/\/www.ludwig-van.com\/toronto\/wp-content\/uploads\/sites\/2\/2019\/11\/Artists_of_the_Ballet_in_Etudes_-_Photo_by_Cylla_von_Tiedemann-768x482.jpg 768w, https:\/\/www.ludwig-van.com\/toronto\/wp-content\/uploads\/sites\/2\/2019\/11\/Artists_of_the_Ballet_in_Etudes_-_Photo_by_Cylla_von_Tiedemann-1024x643.jpg 1024w\" sizes=\"(max-width: 1200px) 100vw, 1200px\" \/><figcaption id=\"caption-attachment-64993\" class=\"wp-caption-text\">Artists of the Ballet in Etudes (Photo: Cylla von Tiedemann)<\/figcaption><\/figure>\n<p>&nbsp;<\/p>\n<figure id=\"attachment_64994\" aria-describedby=\"caption-attachment-64994\" style=\"width: 1200px\" class=\"wp-caption aligncenter\"><img decoding=\"async\" loading=\"lazy\" class=\"size-full wp-image-64994\" src=\"https:\/\/www.ludwig-van.com\/toronto\/wp-content\/uploads\/sites\/2\/2019\/11\/Harrison_James_and_Svetlana_Lunkina_in_Piano_Concerto_1__-_Photo_by_Karolina_Kuras.jpg\" alt=\"Harrison James and Svetlana Lunkina in Piano Concerto #1\" width=\"1200\" height=\"800\" srcset=\"https:\/\/www.ludwig-van.com\/toronto\/wp-content\/uploads\/sites\/2\/2019\/11\/Harrison_James_and_Svetlana_Lunkina_in_Piano_Concerto_1__-_Photo_by_Karolina_Kuras.jpg 1200w, https:\/\/www.ludwig-van.com\/toronto\/wp-content\/uploads\/sites\/2\/2019\/11\/Harrison_James_and_Svetlana_Lunkina_in_Piano_Concerto_1__-_Photo_by_Karolina_Kuras-300x200.jpg 300w, https:\/\/www.ludwig-van.com\/toronto\/wp-content\/uploads\/sites\/2\/2019\/11\/Harrison_James_and_Svetlana_Lunkina_in_Piano_Concerto_1__-_Photo_by_Karolina_Kuras-768x512.jpg 768w, https:\/\/www.ludwig-van.com\/toronto\/wp-content\/uploads\/sites\/2\/2019\/11\/Harrison_James_and_Svetlana_Lunkina_in_Piano_Concerto_1__-_Photo_by_Karolina_Kuras-1024x683.jpg 1024w\" sizes=\"(max-width: 1200px) 100vw, 1200px\" \/><figcaption id=\"caption-attachment-64994\" class=\"wp-caption-text\">Harrison James and Svetlana Lunkina in Piano Concerto #1 (Photo: Karolina Kuras)<\/figcaption><\/figure>\n<p>Heather Ogden, Harrison James and Naoya Ebe will lead\u00a0Harald Lander\u2019s <em>Etudes<\/em>. The work was originally commissioned by The Royal Danish Ballet in 1948, and is set to piano exercises by composer Carl Czerny.<\/p>\n<p>Stay tuned for our review of the mixed program on November 28.<\/p>\n<p>The National Ballet&#8217;s<em> Etudes<\/em>,\u00a0<em>Piano Concerto #1<\/em> and\u00a0<em>Petite Mort<\/em> run November 27 \u2013 December 1, 2019, at the Four Seasons Centre for the Performing Arts. <a href=\"https:\/\/www.ludwig-van.com\/toronto\/event\/national-ballet-canada-etudes-piano-concerto-1-petite-mort\/2019-11-27\/\" target=\"_blank\" rel=\"noopener\"><span style=\"color: #ff0000\">Details\u00a0<\/span><\/a><\/p>\n<h3 class=\"western\"><em>#LUDWIGVAN<\/em><\/h3>\n<p class=\"western\"><em>Want more updates on classical music and opera news and reviews? Follow us\u00a0on <\/em><span style=\"color: #ff0000\"><em><a href=\"https:\/\/www.facebook.com\/LudwigVanToronto\/\" target=\"_blank\" rel=\"noopener\"><b>Facebook<\/b><\/a><\/em><\/span><em>, <\/em><span style=\"color: #ff0000\"><em><a href=\"https:\/\/www.instagram.com\/ludwigvantoronto\/\" target=\"_blank\" rel=\"noopener\"><b>Instagram<\/b><\/a><\/em><\/span><b> <\/b><em>or <\/em><span style=\"color: #ff0000\"><em><a href=\"https:\/\/twitter.com\/LudwigVanTO\" target=\"_blank\" rel=\"noopener\"><b>Twitter<\/b><\/a><\/em><\/span><em> for all the latest.<\/em><\/p>\n","protected":false},"excerpt":{"rendered":"<p>The principal casting for Etudes by Danish choreographer Harald Lander, Alexei Ratmansky\u2019s Piano Concerto #1 and the company premiere of Ji\u0159\u00ed Kyli\u00e1n\u2019s Petite Mort has been announced.<\/p>\n","protected":false},"author":7,"featured_media":64992,"comment_status":"open","ping_status":"open","sticky":false,"template":"","format":"standard","meta":{"om_disable_all_campaigns":false,"jetpack_post_was_ever_published":false},"categories":[25164,445,20,39],"tags":[33072,33071,33073,33116,27852],"yst_prominent_words":[33062,33059,33058,26746,33094,33077,33099,33085,33095,33064,33061,33065,33100,33076,26745,20426,8079,26734,33063,33060],"acf":[],"jetpack_featured_media_url":"https:\/\/www.ludwig-van.com\/toronto\/wp-content\/uploads\/sites\/2\/2019\/11\/National-Ballet-casting-header.jpg","jetpack_sharing_enabled":true,"jetpack_shortlink":"https:\/\/wp.me\/p9bakr-gUd","amp_enabled":true,"_links":{"self":[{"href":"https:\/\/www.ludwig-van.com\/toronto\/wp-json\/wp\/v2\/posts\/64989"}],"collection":[{"href":"https:\/\/www.ludwig-van.com\/toronto\/wp-json\/wp\/v2\/posts"}],"about":[{"href":"https:\/\/www.ludwig-van.com\/toronto\/wp-json\/wp\/v2\/types\/post"}],"author":[{"embeddable":true,"href":"https:\/\/www.ludwig-van.com\/toronto\/wp-json\/wp\/v2\/users\/7"}],"replies":[{"embeddable":true,"href":"https:\/\/www.ludwig-van.com\/toronto\/wp-json\/wp\/v2\/comments?post=64989"}],"version-history":[{"count":8,"href":"https:\/\/www.ludwig-van.com\/toronto\/wp-json\/wp\/v2\/posts\/64989\/revisions"}],"predecessor-version":[{"id":65000,"href":"https:\/\/www.ludwig-van.com\/toronto\/wp-json\/wp\/v2\/posts\/64989\/revisions\/65000"}],"wp:featuredmedia":[{"embeddable":true,"href":"https:\/\/www.ludwig-van.com\/toronto\/wp-json\/wp\/v2\/media\/64992"}],"wp:attachment":[{"href":"https:\/\/www.ludwig-van.com\/toronto\/wp-json\/wp\/v2\/media?parent=64989"}],"wp:term":[{"taxonomy":"category","embeddable":true,"href":"https:\/\/www.ludwig-van.com\/toronto\/wp-json\/wp\/v2\/categories?post=64989"},{"taxonomy":"post_tag","embeddable":true,"href":"https:\/\/www.ludwig-van.com\/toronto\/wp-json\/wp\/v2\/tags?post=64989"},{"taxonomy":"yst_prominent_words","embeddable":true,"href":"https:\/\/www.ludwig-van.com\/toronto\/wp-json\/wp\/v2\/yst_prominent_words?post=64989"}],"curies":[{"name":"wp","href":"https:\/\/api.w.org\/{rel}","templated":true}]}}