{"id":58605,"date":"2019-02-08T19:43:59","date_gmt":"2019-02-09T00:43:59","guid":{"rendered":"https:\/\/www.ludwig-van.com\/toronto\/?p=58605"},"modified":"2019-02-08T21:19:41","modified_gmt":"2019-02-09T02:19:41","slug":"interview-jessye-norman-a-force-of-nature","status":"publish","type":"post","link":"https:\/\/www.ludwig-van.com\/toronto\/2019\/02\/08\/interview-jessye-norman-a-force-of-nature\/","title":{"rendered":"INTERVIEW | Jessye Norman: A Force Of Nature"},"content":{"rendered":"<figure id=\"attachment_58609\" aria-describedby=\"caption-attachment-58609\" style=\"width: 1024px\" class=\"wp-caption aligncenter\"><img decoding=\"async\" loading=\"lazy\" class=\"size-full wp-image-58609\" src=\"https:\/\/www.ludwig-van.com\/toronto\/wp-content\/uploads\/sites\/2\/2019\/02\/Jessye-Norman-interview.jpg\" alt=\"Jessye Norman\" width=\"1024\" height=\"530\" srcset=\"https:\/\/www.ludwig-van.com\/toronto\/wp-content\/uploads\/sites\/2\/2019\/02\/Jessye-Norman-interview.jpg 1024w, https:\/\/www.ludwig-van.com\/toronto\/wp-content\/uploads\/sites\/2\/2019\/02\/Jessye-Norman-interview-300x155.jpg 300w, https:\/\/www.ludwig-van.com\/toronto\/wp-content\/uploads\/sites\/2\/2019\/02\/Jessye-Norman-interview-768x398.jpg 768w\" sizes=\"(max-width: 1024px) 100vw, 1024px\" \/><figcaption id=\"caption-attachment-58609\" class=\"wp-caption-text\">The legendary American soprano and Glenn Gould Prize Winner reflects on her career, her experiences of being an artist of colour, and her thoughts on issues dear to her heart.<\/figcaption><\/figure>\n<p><span class=\"wpsdc-drop-cap\">W<\/span>e are barely into the second month of 2019, and one of the most significant musical events in Canada is already upon us. I am referring to the visit to Toronto of the great American soprano Jessye Norman. It was <a href=\"https:\/\/www.ludwig-van.com\/toronto\/2018\/04\/13\/the-scoop-jessye-norman-wins-2018-glenn-gould-prize\/\" target=\"_blank\" rel=\"noopener\">announced last April<\/a> that Norman has been named the recipient of the Twelfth Glenn Gould Prize, the first woman and the first opera singer to receive this honour.<\/p>\n<p>I recall attending the press conference on that afternoon in April, in the lobby of Koerner Hall. Members of the jury panel were all there for the announcement, chaired by actor Viggo Mortensen. Many musical luminaries were on the panel, among them soprano Sondra Radvanovsky and cabaret singer Ute Lemper.<\/p>\n<p>As is typical of these events, the logistics is a great deal of work, to find just the right time for the award ceremonies. Now ten months later, Jessye Norman is finally coming to Toronto to receive the Prize, and to attend a <a href=\"https:\/\/www.ludwig-van.com\/toronto\/event\/glenn-gould-foundation-glenn-gould-prize-celebrates-jessye-norman\/\" target=\"_blank\" rel=\"noopener\">Gala concert<\/a> in her honour. The University of Toronto Faculty of Music has also named her the John R. Stratton Visitor in Music, which means she\u2019ll be giving a public masterclass on Feb. 15. Altogether there\u2019ll be <a href=\"http:\/\/www.glenngould.ca\/announcing-the-twelfth-glenn-gould-prize-celebrations-honouring-laureate-jessye-norman\/\" target=\"_blank\" rel=\"noopener\">ten days of events<\/a> in total.<\/p>\n<p>Very special is the upcoming session, <em>Divine: A Jessye Norman Tribute at TIFF<\/em>, during which COC General Director Alexander Neef will be in conversation with the soprano. On the same evening, there\u2019ll be a screening of documentaries and filmed operas of Norman, on the making <em>Carmen<\/em>, as well as a performance of Norman\u2019s Jocasta in <em>Oedipus Rex<\/em>.<\/p>\n<p>Also very interesting is the all-day symposium at the Toronto Reference Library, <em>Black Opera: Uncovering Music History<\/em>, on Feb. 16. It centers on the important contributions artists of colour have made to the world of music. Norman herself has devoted her energies in bringing to the forefront the life and art of a long-forgotten African-American opera singer, Sissieretta Jones, the first black woman to sing in Carnegie Hall, Madison Square Garden, and Covent Garden, decades before the great black American contralto Marian Anderson.<\/p>\n<p>The centrepiece of her visit is, of course, the gala concert in her honour \u2014\u00a0<em><a href=\"https:\/\/www.ludwig-van.com\/toronto\/event\/glenn-gould-foundation-glenn-gould-prize-celebrates-jessye-norman\/\" target=\"_blank\" rel=\"noopener\">The Voice of Jessye Norman \u2014 The Twelfth Glenn Gould Prize<\/a>, <\/em>to take place on Feb. 20 at the Four Seasons Centre. Performers include soprano Nina Stemme (in her Toronto debut), soprano Sondra Radvanovsky, mezzo Wallis Giunta, mezzo Susan Platts, the Nathaniel Dett Chorale and many others. The COC Orchestra will be conducted by Johannes Debus and several guest conductors including Bernard Labadie and Donald Runnicles.<\/p>\n<p>At the Gala, Norman will present the Prot\u00e9g\u00e9 Prize ($15,000), which is part of the Glenn Gould Foundation Award, to American jazz singer C\u00e9cile McLoren Salvant. Canadian mezzo Susan Platts was a former prot\u00e9g\u00e9 of Norman\u2019s back in 2004, under the Rolex Mentor and Arts Prot\u00e9g\u00e9 Initiative. \u201cJessye has been such an inspiration to me for so long,\u201d Platts says. \u201cShe has helped to shape me into a more confident singer, believing in me and what I do. She has given me invaluable musical, technical and language advice that, to this day, I think about when I practice and before I step on to a stage to perform.\u201d<\/p>\n<p>I confess I\u2019ve always loved the Jessye Norman voice, ever since I heard her live at Massey Hall in the late \u201970s. In its prime, the Norman soprano was truly a force of nature \u2014 opulent, rich, deep, dark-hued, resonant, and totally unforgettable. As a very young singer, she won the ARD international music competition in Munich in the late 1960s and went on to become one of the most celebrated classical singers of our time. \u00a0Among the most memorable experiences I\u2019ve had was the time when she sang Cassandre and Didon in <em>Les Troyens<\/em>\u00a0\u2014 in the same performance! A fabulous concert singer, her recitals leave an indelible impression on her audience.<\/p>\n<p>By the late 1990s, Norman scaled back her operatic and classical appearances and increasingly migrated to the pop and jazz genres. By the early 2000s, she stopped singing opera entirely, with rare exceptions. In 2010, she released <a href=\"https:\/\/open.spotify.com\/album\/3gE3GI0HStHDXJUu271GbJ?si=h1eLZtXJTyq5dUzR4nIa_Q\" target=\"_blank\" rel=\"noopener\"><em>Roots: My Life, My Song<\/em><\/a> on the Sony label, to my knowledge her last recording. And it was in jazz that I heard her last, at Koerner Hall in June 2011, as part of the Toronto Jazz Festival. In that concert, Norman paid tribute to the great ladies of jazz \u2014 Ella Fitzgerald, Nina Simone, Odetta, and Lena Horne.<\/p>\n<p>Even though her performing days are behind her, Norman remains active in the many causes that are dear to her heart \u2014 her humanitarian work, championing Civil Rights, helping the poor, AIDS research, environmentalism and arts education. Her Jessye Norman School of the Arts has benefited disadvantaged children from her home town of August, Georgia, but providing them with free arts education.<\/p>\n<p>In advance of her upcoming visit, I took the opportunity to interview Norman by phone to her home. Friendly and cordial, her beautifully modulated voice together with her distinct way of speaking instantly recognizable.\u00a0 She fielded my questions with grace, and shared her thoughts on her career and the many issues that she\u2019s passionate about:<\/p>\n<p><strong><em>Greetings from Toronto, Ms. Norman!\u00a0 We\u2019re excited that you\u2019re returning to our city, for a whole week of events centring on the Glenn Gould Prize. Can you say a few words about being awarded this Prize?<\/em><\/strong><\/p>\n<p>It\u2019s wonderful to receive the Prize. It\u2019s lovely that it just comes out of the air and landed on one\u2019s lap! And it\u2019s amazing to me to be the first woman to receive this Prize. That\u2019s really outstanding, and rather appropriate considering what\u2019s going on socially in the world right now. I am thrilled to be that woman, indeed I am!<\/p>\n<p><strong><em>Also, you are the first opera singer to receive the Glenn Gould Prize.<\/em><\/strong><\/p>\n<p>Yes, that\u2019s really quite marvellous\u2026 very grateful for that.<\/p>\n<p><strong><em>I want to ask if you have any plans for the prize money?<\/em><\/strong><\/p>\n<p>Oh yes, with my school\u2026 the prize money from the Glenn Gould Award will be shared with them, indeed. \u00a0The children are absolutely golden; anytime I can contribute to their welfare, to things they need, and to make them feel prized and loved.<\/p>\n<p><strong><em>You\u2019ve had such a long and distinguished career, and you\u2019ve received so many awards \u2014 forty honorary degrees, totally astounding. \u00a0My question is, do you have one or two accomplishments in your career that you are most proud of, that have given you the most satisfaction?<\/em><\/strong><\/p>\n<p>Well, over a period of more than forty years, there were wonderful highlights, and it would be difficult for me to choose. Every performance is new and different; every performance is a different outing. I can think of only one or two things that stand out in my mind, as being something that have gone on to live after the performance \u2014 like as an American, to be invited to sing the national anthem in Paris for the Bicentennial of the French Revolution. The political situation as it is now, it would be very odd for an American to be invited to sing the national anthem at a European capital\u2026 that was a different time. Various ministries of education in France have used that particular recording to teach children in France their own national anthem, to show them that the person singing the national anthem does not necessarily have to look native-born. I have found that to be something that I\u2019m very pleased, very thrilled that children have been learning their national anthem by singing along with me.<\/p>\n<p><strong><em>Given the political climate today, you\u2019re probably the first and the last American to be invited to do this in France.<\/em><\/strong><\/p>\n<p>Let\u2019s hope that the world will come around again, that the pendulum that has swung so far to the right might come to the middle again. I don\u2019t know how many generations it\u2019ll take, that we might somehow learn that the world is full of all kinds of people, and that we have so much in common. I live in hope that we\u2019ll come back to understand the value of every human life, and to know we\u2019re all responsible for taking care of the planet and taking care of one another.<\/p>\n<p><strong><em>Along the same line, I\u2019m very interested in the upcoming symposium on Black artists working in opera. \u00a0Western opera is a very Eurocentric art form, and I\u2019m curious how you feel, as an African-American woman, to be in a field that\u2019s dominated by Europeans?<\/em><\/strong><\/p>\n<p>I\u2019m not sure it\u2019s still the case \u2014 the whole horizon of opera singing has widened. It\u2019s important to understand my entry into opera. The first opera I ever sang professionally was that of a German girl in a German opera in Germany \u2014 Elisabeth in <em>Tannhauser<\/em>, in one of the largest opera houses in Europe, Deutsche Oper Berlin. I entered the opera field already being very different. It\u2019s not happy for me to say that to this day I\u2019m the only African-American to sing these leading roles in Wagner, whether it\u2019s Elisabeth or Elsa or Kundry or Sieglinde. It\u2019s really something that I did not sense at the beginning of my professional life that it was something that\u2019s going to be odd for me to do, being a woman of colour. I simply went into it, simply took the bull by the horns, and decided that I would do my very best, that I would not sing in a language that I did not speak, that anything that I had done on stage, I had studied the language as a language, and it hasn\u2019t been something that I\u2019ve been coached to speak properly, or to say something without knowing exactly what I\u2019m talking about. It\u2019s important for me to say to my younger colleagues to understand the language that you\u2019re singing; it makes it that much more fun! Therefore I have not allowed myself to be narrow in my thinking, that I cannot do this because I\u2019m an African-American woman.<\/p>\n<p><strong><em>But in those early years in Germany, in 1968, how were you treated?<\/em><\/strong><\/p>\n<p>The thing that\u2019s interesting, and I\u2019ve said this many times \u2014 I was exactly the age of a person that would have been a war baby. People thought I had a German mother and an African-American father because I spoke German and I was exactly the right age. \u00a0I had a little friend in the building that I was staying in Munich. I often volunteered to pick him up at kindergarten, and they thought that he was my child!<\/p>\n<p><strong><em>So you felt that you were accepted by the Germans in those days?<\/em><\/strong><\/p>\n<p>I felt that I was accepted because I had made such an effort to learn the language. Even though being African-American which perhaps would cause people to be a bit standoffish, they were more accepting of the fact that I worked so hard to speak the language and to become part of their society. I did not feel odd or looked down upon, any of those things that might have happened if I had not been able to speak the language and worked within the society.<\/p>\n<p><strong><em>What about within the opera profession \u2014 how were you treated?<\/em><\/strong><\/p>\n<p>I was treated as a person who has some talent, who is willing to work very hard. \u00a0Looking at the operas I was singing \u2014 <em>Marriage of Figaro<\/em> and <em>Don Giovanni<\/em> \u2014 everybody understood that I was serious and willing to work hard, and this wasn\u2019t a kind of junket for me, but this is my profession. I didn\u2019t show up at rehearsals unprepared, I didn\u2019t show up late, whenever I went to rehearsal, I was ready to do it. When I was singing Tannhauser, I didn\u2019t know you had to learn all the other peoples\u2019 parts \u2014 it was my first opera, I had no idea! [laughs] I took that as a way to go forward in this profession, in any opera I had sung afterwards I knew all the parts as well.<\/p>\n<p><strong><em>What advice would you have for young artists coming up \u2014 for any young artists, but also artists of colour?<\/em><\/strong><\/p>\n<p>I wouldn\u2019t necessarily have advice for artists of colour that would be different. I think I would say that it\u2019s important to enjoy the process of getting ready to perform. You\u2019re going to spend a great deal more time preparing for a performance than actually doing the performance. It takes you two, three months to actually learn a role, and you probably will go to an opera house and do six or seven performances of it, and if you\u2019re very lucky perhaps you\u2019ll be invited to sing that particular role in another house. You need to understand that there\u2019s joy in the preparation; there\u2019s joy in understanding the arc of a line. It might take you a while to understand. I feel so very strongly one has to enjoy the process. If you\u2019re prepared, the joy is there even before you step on the stage.<\/p>\n<p><strong><em>When you were a young artist starting out, what was the best piece of advice given to you?<\/em><\/strong><\/p>\n<p>I was lucky to have not one single mentor but lots of people who supported me, saying to me \u201cYou can do this; trust yourself.\u201d \u00a0The very first time I sang for a very large audience, I wasn\u2019t quite 21 and had just left Howard University. \u00a0I was invited to sing \u201cAmerica the Beautiful\u201d at the Lincoln Memorial on occasion of the Carl Sandburg memorial service; he had passed away that year. \u00a0There I was, with the president and the vice president and all the people from the government. I could have been completely daunted, but [thanks to the advice] even if there was an earthquake I could have still sung (laughs).<\/p>\n<p><strong><em>You are currently very involved in a project to raise the public awareness of the first African-American opera singer, Sissieretta Jones. Can you say something about her?<\/em><\/strong><\/p>\n<p>She was the first African-American opera singer to sing on the mainstage of Carnegie Hall. It opened its door in 1891. In 1892, Madame Sissieretta Jones was singing on the small stage, which is now the Weill Recital Hall. In 1893 she was singing on the mainstage. The first aria she sang on the mainstage was \u201cSempre libera\u201d from <em>La traviata<\/em>. An extraordinary student, she sang in the Baptist church as a child in Providence Rhode Island. People who heard her noted it was an unusual voice and put their pennies together and sent her to the conservatory in Boston. People there were so enamoured with her voice that they invited concert promoters to come to hear her. She wasn\u2019t even 20 and was already taken by the presenters to tour the United States. When she was 21, she was singing in South America and the West Indies. The governments and the royalties there were giving her gold coins and necklaces, inviting her to the palaces and so on. She sang for four American presidents. Amazingly all of this happened to this singer and nobody knows about it! Therefore this project is to honour the life, the legacy and the stunning achievement of this person. Imagine, she was born only three years after the Emancipation Proclamation! She lived between 1858 and 1933.<\/p>\n<p><strong><em>The fact that she sang \u2018Sempre libera\u2019 tells me she was a lyric soprano\u2026<\/em><\/strong><\/p>\n<p>She was a lyric soprano with incredible coloratura. Imagine the sound of her voice \u2013 people talked about the depth of her voice, her wonderful low notes, her pure middle voice, and she had a coloratura top!<\/p>\n<p><strong><em>Anyone writing a book on her?<\/em><\/strong><\/p>\n<p>There\u2019s a book already, by someone called Maureen Lee that came out around 2005. Also available at the Library of Congress, a woman who is distantly related to Sissieretta Jones, her name is Willa Daughtry. Her dissertation from 1968 gave an incredible overview on Jones.<\/p>\n<p><strong><em>Any plans to make a documentary on her?<\/em><\/strong><\/p>\n<p>Oh yes, we\u2019ve already begun talking to the people who\u2019ll film the process of us bringing this to the fore. We\u2019ve already had one performance at the National Sawdust. We\u2019ll present the whole idea of what we intend to do, to have a documentary, have all the information online, to go through the social and political events that happened in that period of time.<\/p>\n<p><strong><em>Is there any trace of her voice?<\/em><\/strong><\/p>\n<p>I am hoping the BBC has something, as she did sing for Queen Victoria. I know the BBC World Service has everything, hoping something in their archives. I hope something will turn up. Now that people are aware of our intention to bring her whole life to the fore, I think we\u2019are going to find things. I\u2019ve already have people saying \u201cOh we have a poster of her in our house, when she sang in San Francisco in 1926.\u201d I live in hope that things will be unearthed.<\/p>\n<p><strong><em>I wonder if she ever performed in Canada?<\/em><\/strong><\/p>\n<p>I\u2019m sure she did!\u00a0 Let me have a quick look\u2026 [pause] She was in Victoria, and in New Westminster, Vancouver, 1901.<\/p>\n<p><strong><em>Jones is so much earlier than Marian Anderson\u2026<\/em><\/strong><\/p>\n<p>Exactly!\u00a0 I\u2019ve talked about my love and devotion to Marian Anderson. It\u2019s important that we should know there\u2019s another singer before her, that even Marian Anderson was standing on the shoulder of somebody else. That\u2019s an amazing thing to know.<\/p>\n<p><strong><em>You were a mentor to Canadian mezzo Susan Platts, back in 2004, under the Rolex Mentor program. Can you say a few words about that experience?<\/em><\/strong><\/p>\n<p>When I was asked to become a mentor in the Rolex program, I had a lot of people whose ideas I respected to help me find singers from whom I could choose as a prot\u00e9g\u00e9.\u00a0 People like Dalton Baldwin, the wonderful pianist I had worked with for years, and also Ken Fischer at the University of Michigan. We started with dozens of singers and whittled them down to eight. I listened to them sing, and Susan stood out. She seemed very serious, a person so young devoted to the music of Mahler \u2013 it really caught my eye. I worked with all of them in the south of France one summer, and it was Susan that I decided that I would work with for a year. We stayed in touch and are very great friends.<\/p>\n<p><strong><em>I contacted Susan for this article, and she said you have been a great source of inspiration for her. She says she\u2019s going to sing in the gala concert\u2026<\/em><\/strong><\/p>\n<p>That\u2019ll be wonderful, I\u2019m looking forward to it!<\/p>\n<p><strong><em>A final question \u2014 can you say a few words about Cecile McLoren Salvant?<\/em><\/strong><\/p>\n<p>Isn\u2019t she fantastic?<\/p>\n<p><strong><em>I must confess, I don\u2019t know what she sounds like.\u00a0 \u00a0 \u00a0 \u00a0\u00a0<\/em><\/strong><\/p>\n<p>Well, you\u2019ll be surprised! You know we singers don\u2019t like to be compared to other singers, but this is a singer who has the deep voice of Sarah Vaughn, the agility that you would find in Ella Fitzgerald, and the maturity, an amazing voice and she has the self-assurance on stage I really enjoy seeing. You can tell she\u2019s having a wonderful time on stage. She loves working with her jazz trio. I can\u2019t wait to hear what she\u2019s going to do in the concert.<\/p>\n<p><strong><em>Well, Ms. Norman, I want to thank you for speaking with me.<\/em><\/strong><\/p>\n<p>It\u2019s my great pleasure. I liked that we had more of a conversation than an interview. An interview can be so boring [laughs].<\/p>\n<h3><b><i>LUDWIG VAN TORONTO<\/i><br \/>\n<\/b><\/h3>\n<p><i>Want more updates on Toronto-centric classical music news and reviews? Follow us on\u00a0<\/i><span style=\"color: #ff0000\"><strong><a href=\"https:\/\/www.facebook.com\/LudwigVanToronto\/\" target=\"_blank\" rel=\"noopener\"><u><i>Facebook<\/i><\/u><\/a><\/strong><\/span><i>\u00a0or\u00a0<\/i><span style=\"color: #ff0000\"><strong><a href=\"https:\/\/twitter.com\/LudwigVanTO\" target=\"_blank\" rel=\"noopener\"><u><i>Twitter<\/i><\/u><\/a><\/strong><\/span><i>\u00a0for all the latest.<\/i><\/p>\n","protected":false},"excerpt":{"rendered":"<p>The legendary American soprano and Glenn Gould Prize Winner reflects on her career, her experiences of being an artist of colour, and her thoughts on issues dear to her heart.<\/p>\n","protected":false},"author":22,"featured_media":58609,"comment_status":"open","ping_status":"open","sticky":false,"template":"","format":"standard","meta":{"om_disable_all_campaigns":false,"jetpack_post_was_ever_published":false},"categories":[25164,4967,29,43],"tags":[1434,18505],"yst_prominent_words":[26665,26669,26668,26667,26662,26664,26655,26656,9021,16993,16995,26659,26657,18489,26654,6938,26653,26661,26663,26660],"acf":[],"jetpack_featured_media_url":"https:\/\/www.ludwig-van.com\/toronto\/wp-content\/uploads\/sites\/2\/2019\/02\/Jessye-Norman-interview.jpg","jetpack_sharing_enabled":true,"jetpack_shortlink":"https:\/\/wp.me\/p9bakr-fff","amp_enabled":true,"_links":{"self":[{"href":"https:\/\/www.ludwig-van.com\/toronto\/wp-json\/wp\/v2\/posts\/58605"}],"collection":[{"href":"https:\/\/www.ludwig-van.com\/toronto\/wp-json\/wp\/v2\/posts"}],"about":[{"href":"https:\/\/www.ludwig-van.com\/toronto\/wp-json\/wp\/v2\/types\/post"}],"author":[{"embeddable":true,"href":"https:\/\/www.ludwig-van.com\/toronto\/wp-json\/wp\/v2\/users\/22"}],"replies":[{"embeddable":true,"href":"https:\/\/www.ludwig-van.com\/toronto\/wp-json\/wp\/v2\/comments?post=58605"}],"version-history":[{"count":12,"href":"https:\/\/www.ludwig-van.com\/toronto\/wp-json\/wp\/v2\/posts\/58605\/revisions"}],"predecessor-version":[{"id":58619,"href":"https:\/\/www.ludwig-van.com\/toronto\/wp-json\/wp\/v2\/posts\/58605\/revisions\/58619"}],"wp:featuredmedia":[{"embeddable":true,"href":"https:\/\/www.ludwig-van.com\/toronto\/wp-json\/wp\/v2\/media\/58609"}],"wp:attachment":[{"href":"https:\/\/www.ludwig-van.com\/toronto\/wp-json\/wp\/v2\/media?parent=58605"}],"wp:term":[{"taxonomy":"category","embeddable":true,"href":"https:\/\/www.ludwig-van.com\/toronto\/wp-json\/wp\/v2\/categories?post=58605"},{"taxonomy":"post_tag","embeddable":true,"href":"https:\/\/www.ludwig-van.com\/toronto\/wp-json\/wp\/v2\/tags?post=58605"},{"taxonomy":"yst_prominent_words","embeddable":true,"href":"https:\/\/www.ludwig-van.com\/toronto\/wp-json\/wp\/v2\/yst_prominent_words?post=58605"}],"curies":[{"name":"wp","href":"https:\/\/api.w.org\/{rel}","templated":true}]}}