{"id":50455,"date":"2018-01-18T12:23:03","date_gmt":"2018-01-18T17:23:03","guid":{"rendered":"https:\/\/www.ludwig-van.com\/toronto\/?p=50455"},"modified":"2018-01-20T09:36:56","modified_gmt":"2018-01-20T14:36:56","slug":"on-the-radar-why-were-excited-about-continuums-time-travels-light-this-weel","status":"publish","type":"post","link":"https:\/\/www.ludwig-van.com\/toronto\/2018\/01\/18\/on-the-radar-why-were-excited-about-continuums-time-travels-light-this-weel\/","title":{"rendered":"ON THE RADAR | Why We&#8217;re Excited About Continuum&#8217;s Time Travels Light This Week"},"content":{"rendered":"<p style=\"text-align: center;\">\n<figure id=\"attachment_50459\" aria-describedby=\"caption-attachment-50459\" style=\"width: 1024px\" class=\"wp-caption aligncenter\"><img decoding=\"async\" loading=\"lazy\" class=\"size-full wp-image-50459\" src=\"https:\/\/www.ludwig-van.com\/toronto\/wp-content\/uploads\/sites\/2\/2018\/01\/Fjola_Evans_Photo_by_Eugen_Sakhenko.jpg\" alt=\"Fjola Evans (Photo: Eugen Sakhenko)\" width=\"1024\" height=\"1280\" srcset=\"https:\/\/www.ludwig-van.com\/toronto\/wp-content\/uploads\/sites\/2\/2018\/01\/Fjola_Evans_Photo_by_Eugen_Sakhenko.jpg 1024w, https:\/\/www.ludwig-van.com\/toronto\/wp-content\/uploads\/sites\/2\/2018\/01\/Fjola_Evans_Photo_by_Eugen_Sakhenko-240x300.jpg 240w, https:\/\/www.ludwig-van.com\/toronto\/wp-content\/uploads\/sites\/2\/2018\/01\/Fjola_Evans_Photo_by_Eugen_Sakhenko-768x960.jpg 768w, https:\/\/www.ludwig-van.com\/toronto\/wp-content\/uploads\/sites\/2\/2018\/01\/Fjola_Evans_Photo_by_Eugen_Sakhenko-819x1024.jpg 819w\" sizes=\"(max-width: 1024px) 100vw, 1024px\" \/><figcaption id=\"caption-attachment-50459\" class=\"wp-caption-text\">Fjola Evans (Photo: Eugen Sakhenko)<\/figcaption><\/figure>\n<p>Iconic landscapes and <em>the<\/em> space permeate the Continuum Ensemble&#8217;s second program for the 2017\/18 season: <a href=\"http:\/\/continuummusic.org\/seasons\/1718\/time-travels-light.php\" target=\"_blank\" rel=\"noopener\">Time Travels Light<\/a>.\u00a0 The concert opens with solo electronic percussion, progressing to a duo and a quartet by Andrew Staniland, and finally moving on to two premieres by Fj\u00f3la Evans and Michael Oesterle, set for an ensemble of six (<a href=\"http:\/\/www.torqpercussion.ca\/\" target=\"_blank\" rel=\"noopener\">TorQ Percussion Quartet<\/a> with <a href=\"http:\/\/www.ryanscottpercussion.com\/\" target=\"_blank\" rel=\"noopener\">Ryan Scott<\/a> and <a href=\"http:\/\/www.robpower.ca\/\" target=\"_blank\" rel=\"noopener\">Rob Power<\/a>) plus six (the lower strings of Continuum).<\/p>\n<p>Drawing from the kitchen sink: Morse code, the sounds of insects and animals, a youthful impression of California past, visceral loneliness in the stark landscape of Iceland \u2014 this program is an inversion: percussion dominates and strings accompany. How did we get here?<\/p>\n<p>When artistic director Ryan Scott initially approached Fj\u00f3la for a piece for percussion sextet and members of Continuum a year or so ago, she, in return, proposed the addition of six lower strings.\u00a0 Always keen to investigate fresh ideas,\u00a0 Ryan decided to ask Michael Oesterle to rework his percussion octet <em>California<\/em> to the match this instrumentation, and six+six became a major feature for Sunday\u2019s concert.<\/p>\n<p>The audience may not yet be familiar with Fj\u00f3la Evans, but this young Icelandic\/Canadian composer\/cellist moved from Reykjavik to Toronto when she was not yet a teenager, and grew up in the Junction. Currently a graduate student in composition at the Yale School of Music, Fj\u00f3la went to McGill for Undergraduate Cello Performance, where she realized that the Performance program\u2019s focus (orchestral training and the traditional solo career) did not inspire her: \u201cAnd when I didn\u2019t see myself doing either, I was on a mission to figure out how to become a musician without pursuing those two specific directions.\u201d<\/p>\n<p>Luckily, her innate interest in improvisation (\u201cI was always interested in improvisation on the cello, though I did not know what improvisation meant then,\u201d) and in the collaborative process, led her to the digital composers&#8217; studio at McGill, where Fj\u00f3la found her interest in contemporary composition.<\/p>\n<p>After graduating, Fj\u00f3la dug deep into the Montr\u00e9al pop music scene. Thanks to the massive creativity in the city inspired by the success of Arcade Fire, there were many opportunities for her to be involved in gigs and recordings as a &#8216;cellist, and through these gigs, she developed a keen interest in technology, timbre and sound, the recording process and the manipulation of it.<\/p>\n<p>When she moved to New York to study composition with Julia Wolfe of the Bang on a Can composers&#8217; collective, Fj\u00f3la encountered many new inspirations, including the composers Molly Herron) and artist and instrument builder Merche Blasco. Herron\u2019s curation, New Music for New Instruments (2014) paired up instrument makers with composers: the idea of giving completely new instruments to composers <em>carte blanche<\/em> led to some wild exploration of potentials \u2013 those of the new instrument itself, the composer, and of the performers.<\/p>\n<p>Merche and Fj\u00f3la presented Whirlpool for Three Sopranos and Theremin Orchestra (Merche made the theremins and Fj\u00f3la composed) for the &#8216;New Music&#8217; show. Fj\u00f3la credits both technology and her artist and performers collaborators in encouraging composers to push the boundary: \u201cIt is a symbiotic relationship, as my music does not exist if people don\u2019t play it.\u201d<\/p>\n<div class=\"jetpack-video-wrapper\"><span class=\"embed-youtube\" style=\"text-align:center; display: block;\"><iframe loading=\"lazy\" class=\"youtube-player\" width=\"640\" height=\"360\" src=\"https:\/\/www.youtube.com\/embed\/4YHQd0u0VHg?version=3&#038;rel=1&#038;showsearch=0&#038;showinfo=1&#038;iv_load_policy=1&#038;fs=1&#038;hl=en-US&#038;autohide=2&#038;wmode=transparent\" allowfullscreen=\"true\" style=\"border:0;\" sandbox=\"allow-scripts allow-same-origin allow-popups allow-presentation\"><\/iframe><\/span><\/div>\n<p>As Fj\u00f3la had already shown she was keen to explore combinations of lower sounds in her recent work, Spun (2017), perhaps it was only natural to suggest this six+six format for Continuum.<\/p>\n<p>Looking at the program, my mind wanders back.\u00a0 I remember listening to Bach&#8217;s <em>Brandenburg Concerto No.6<\/em>, BWV 1051, as a young child.\u00a0 Back then, I didn\u2019t know how it happened, but the dark, incredibly beautiful mahogany palette left a striking impression in my heart.\u00a0 Only much later, on my music undergraduate course, I learned that the mechanics of that particular beauty came from the omission of violins, and a cast of lower strings as the main focus \u2014 a bold new move.<\/p>\n<p>And it leads me to be curious about <em>Time Travels Light.<\/em> Percussion may be the oldest instrumental genre, yet it is only relatively recently that serious and rigorous percussion literature has come into existence.\u00a0 Though many elements of this concert may be familiar, it is the freshness of this six+six format and the proven artistic excellence of the performers that entices curious listeners to this Sunday evening expedition, with its new and intriguing destinations.<\/p>\n<p>+++<\/p>\n<p>Continuum presents <a href=\"https:\/\/www.ludwig-van.com\/toronto\/event\/continuum-contemporary-music-time-travels-light\/\" target=\"_blank\" rel=\"noopener\">Time Travels Light<\/a>, 21 January 2018, 8 pm at 918 Bathurst Street, Toronto.<\/p>\n<h3><b><i>LUDWIG VAN TORONTO<\/i><br \/>\n<\/b><\/h3>\n<p><i>Want more updates on Toronto-centric classical music news and reviews before anyone else finds out? Follow us on\u00a0<\/i><strong><a href=\"https:\/\/www.facebook.com\/LudwigVanToronto\/\" target=\"_blank\" rel=\"noopener\"><u><i><span style=\"color: #ff0000;\">Facebook<\/span><\/i><\/u><\/a><\/strong><i>\u00a0or\u00a0<\/i><span style=\"color: #ff0000;\"><strong><a href=\"https:\/\/twitter.com\/LudwigVanTO\" target=\"_blank\" rel=\"noopener\"><u><i>Twitter<\/i><\/u><\/a><\/strong><\/span><i>\u00a0for all the latest.<\/i><\/p>\n<p><img decoding=\"async\" loading=\"lazy\" class=\"wp-image-48756 alignleft\" src=\"https:\/\/www.ludwig-van.com\/toronto\/wp-content\/uploads\/sites\/2\/2017\/10\/LudwigVan-head-text-looking_right.jpg\" alt=\"\" width=\"35\" height=\"55\" srcset=\"https:\/\/www.ludwig-van.com\/toronto\/wp-content\/uploads\/sites\/2\/2017\/10\/LudwigVan-head-text-looking_right.jpg 833w, https:\/\/www.ludwig-van.com\/toronto\/wp-content\/uploads\/sites\/2\/2017\/10\/LudwigVan-head-text-looking_right-190x300.jpg 190w, https:\/\/www.ludwig-van.com\/toronto\/wp-content\/uploads\/sites\/2\/2017\/10\/LudwigVan-head-text-looking_right-768x1213.jpg 768w, https:\/\/www.ludwig-van.com\/toronto\/wp-content\/uploads\/sites\/2\/2017\/10\/LudwigVan-head-text-looking_right-648x1024.jpg 648w\" sizes=\"(max-width: 35px) 100vw, 35px\" \/><\/p>\n<div class=\"abh_box abh_box_down abh_box_business\"><\/div>\n","protected":false},"excerpt":{"rendered":"<p>Drawing from the kitchen sink: Morse code, the sounds of insects and animals, a youthful impression of California past, and visceral loneliness in the stark landscape of Iceland. How did we get here? Continuum&#8217;s Ryan Scott walks us through it. <\/p>\n","protected":false},"author":62,"featured_media":50459,"comment_status":"open","ping_status":"open","sticky":false,"template":"","format":"standard","meta":{"om_disable_all_campaigns":false,"jetpack_post_was_ever_published":false},"categories":[14761,4967,12991,4557,63],"tags":[894,15883,2905],"yst_prominent_words":[7599,15877,14513,15932,15870,15873,15874,15881,15872,6616,15875,9024,12088,14497,15878,15871,15876,15754,15750,15753],"acf":[],"jetpack_featured_media_url":"https:\/\/www.ludwig-van.com\/toronto\/wp-content\/uploads\/sites\/2\/2018\/01\/Fjola_Evans_Photo_by_Eugen_Sakhenko.jpg","jetpack_sharing_enabled":true,"jetpack_shortlink":"https:\/\/wp.me\/p9bakr-d7N","amp_enabled":true,"_links":{"self":[{"href":"https:\/\/www.ludwig-van.com\/toronto\/wp-json\/wp\/v2\/posts\/50455"}],"collection":[{"href":"https:\/\/www.ludwig-van.com\/toronto\/wp-json\/wp\/v2\/posts"}],"about":[{"href":"https:\/\/www.ludwig-van.com\/toronto\/wp-json\/wp\/v2\/types\/post"}],"author":[{"embeddable":true,"href":"https:\/\/www.ludwig-van.com\/toronto\/wp-json\/wp\/v2\/users\/62"}],"replies":[{"embeddable":true,"href":"https:\/\/www.ludwig-van.com\/toronto\/wp-json\/wp\/v2\/comments?post=50455"}],"version-history":[{"count":9,"href":"https:\/\/www.ludwig-van.com\/toronto\/wp-json\/wp\/v2\/posts\/50455\/revisions"}],"predecessor-version":[{"id":50491,"href":"https:\/\/www.ludwig-van.com\/toronto\/wp-json\/wp\/v2\/posts\/50455\/revisions\/50491"}],"wp:featuredmedia":[{"embeddable":true,"href":"https:\/\/www.ludwig-van.com\/toronto\/wp-json\/wp\/v2\/media\/50459"}],"wp:attachment":[{"href":"https:\/\/www.ludwig-van.com\/toronto\/wp-json\/wp\/v2\/media?parent=50455"}],"wp:term":[{"taxonomy":"category","embeddable":true,"href":"https:\/\/www.ludwig-van.com\/toronto\/wp-json\/wp\/v2\/categories?post=50455"},{"taxonomy":"post_tag","embeddable":true,"href":"https:\/\/www.ludwig-van.com\/toronto\/wp-json\/wp\/v2\/tags?post=50455"},{"taxonomy":"yst_prominent_words","embeddable":true,"href":"https:\/\/www.ludwig-van.com\/toronto\/wp-json\/wp\/v2\/yst_prominent_words?post=50455"}],"curies":[{"name":"wp","href":"https:\/\/api.w.org\/{rel}","templated":true}]}}