{"id":46319,"date":"2017-07-11T14:12:01","date_gmt":"2017-07-11T18:12:01","guid":{"rendered":"https:\/\/www.ludwig-van.com\/?p=46319"},"modified":"2017-07-11T17:51:48","modified_gmt":"2017-07-11T21:51:48","slug":"the-scoop-ottawa-cellist-bryan-cheng-wins-2017-michael-measures-prize","status":"publish","type":"post","link":"https:\/\/www.ludwig-van.com\/toronto\/2017\/07\/11\/the-scoop-ottawa-cellist-bryan-cheng-wins-2017-michael-measures-prize\/","title":{"rendered":"THE SCOOP |\u00a0Bryan Cheng Wins 2017 Michael Measures Prize"},"content":{"rendered":"<figure id=\"attachment_46321\" aria-describedby=\"caption-attachment-46321\" style=\"width: 1024px\" class=\"wp-caption alignnone\"><img decoding=\"async\" loading=\"lazy\" class=\"size-full wp-image-46321\" src=\"http:\/\/www.ludwig-van.com\/toronto\/wp-content\/uploads\/sites\/2\/2017\/07\/Bryan-Cheng.jpg\" alt=\"Bryan Cheng (courtesy of the artist)\" width=\"1024\" height=\"758\" srcset=\"https:\/\/www.ludwig-van.com\/toronto\/wp-content\/uploads\/sites\/2\/2017\/07\/Bryan-Cheng.jpg 1024w, https:\/\/www.ludwig-van.com\/toronto\/wp-content\/uploads\/sites\/2\/2017\/07\/Bryan-Cheng-300x222.jpg 300w, https:\/\/www.ludwig-van.com\/toronto\/wp-content\/uploads\/sites\/2\/2017\/07\/Bryan-Cheng-768x569.jpg 768w\" sizes=\"(max-width: 1024px) 100vw, 1024px\" \/><figcaption id=\"caption-attachment-46321\" class=\"wp-caption-text\">Bryan Cheng (courtesy of the artist)<\/figcaption><\/figure>\n<p>19-year-old cellist Bryan Cheng is the recipient of this year&#8217;s Michael Measures Prize. The $25,000 award is offered yearly to a musician in the National Youth Orchestra of Canada in conjunction with the Canada Council for the Arts.<\/p>\n<p>A native of Ottawa, Cheng has performed at Carnegie Hall, and has appeared with I Musici de Montr\u00e9al. He plays on a 1754 Venetian cello by Bartolomeo Tassini, and forms part of Cheng\u00b2 Duo along with his sister, pianist Silvie Cheng.<\/p>\n<p>&#8220;I&#8217;m extremely honoured to be the recipient of the Michael Measures Prize!&#8221; Cheng shared in a statement. &#8220;I also realize how very fortunate I am as a Canadian to receive support like this that enables me to pursue my dreams.&#8221; Cheng aspires to push his music beyond the country: &#8220;I&#8217;m looking forward to continuing to polish my craft and share the beauty of classical music with audiences not only in this wonderful country, but also those far and beyond!&#8221;<\/p>\n<figure id=\"attachment_46320\" aria-describedby=\"caption-attachment-46320\" style=\"width: 1024px\" class=\"wp-caption alignnone\"><img decoding=\"async\" loading=\"lazy\" class=\"size-full wp-image-46320\" src=\"http:\/\/www.ludwig-van.com\/toronto\/wp-content\/uploads\/sites\/2\/2017\/07\/Bryan-Cheng1.jpg\" alt=\"Bryan Cheng (courtesy of the artist)\" width=\"1024\" height=\"686\" srcset=\"https:\/\/www.ludwig-van.com\/toronto\/wp-content\/uploads\/sites\/2\/2017\/07\/Bryan-Cheng1.jpg 1024w, https:\/\/www.ludwig-van.com\/toronto\/wp-content\/uploads\/sites\/2\/2017\/07\/Bryan-Cheng1-300x201.jpg 300w, https:\/\/www.ludwig-van.com\/toronto\/wp-content\/uploads\/sites\/2\/2017\/07\/Bryan-Cheng1-768x515.jpg 768w\" sizes=\"(max-width: 1024px) 100vw, 1024px\" \/><figcaption id=\"caption-attachment-46320\" class=\"wp-caption-text\">Bryan Cheng (courtesy of the artist)<\/figcaption><\/figure>\n<p>Past winners have indeed gone on to perfect their musical studies abroad, in such destinations as the United States and France. Blake Pouliot, Cameron Crozman, Antoine Malette-Ch\u00e9nier, B\u00e9n\u00e9dicte Lauzi\u00e8re, Daniel Hass, and Hugo Lee number among the recipients in past years for the Prize, which was implemented in 2011.<\/p>\n<p>The Prize will be formally presented on July 22 in Ottawa, during a NYO Canada concert at the National Arts Centre.<\/p>\n<h3>For more CLASSICAL MUSIC NEWS, visit\u00a0<span style=\"color: #ff0000;\"><a style=\"color: #ff0000;\" href=\"http:\/\/www.musicaltoronto.org\/category\/scoop\/\" target=\"_blank\" rel=\"noopener noreferrer\"><u>HERE<\/u><\/a><\/span>.<\/h3>\n<h3><b><i>#LUDWIGVAN<\/i><\/b><\/h3>\n\n","protected":false},"excerpt":{"rendered":"<p>The 2017 Michael Measures Prize has been awarded to Bryan Cheng, a cellist from Ottawa. <\/p>\n","protected":false},"author":47,"featured_media":46321,"comment_status":"open","ping_status":"open","sticky":false,"template":"","format":"standard","meta":{"om_disable_all_campaigns":false,"jetpack_post_was_ever_published":false},"categories":[6439,5,9,39,9570],"tags":[9672,9673],"yst_prominent_words":[],"acf":[],"jetpack_featured_media_url":"https:\/\/www.ludwig-van.com\/toronto\/wp-content\/uploads\/sites\/2\/2017\/07\/Bryan-Cheng.jpg","jetpack_sharing_enabled":true,"jetpack_shortlink":"https:\/\/wp.me\/p9bakr-c35","amp_enabled":true,"_links":{"self":[{"href":"https:\/\/www.ludwig-van.com\/toronto\/wp-json\/wp\/v2\/posts\/46319"}],"collection":[{"href":"https:\/\/www.ludwig-van.com\/toronto\/wp-json\/wp\/v2\/posts"}],"about":[{"href":"https:\/\/www.ludwig-van.com\/toronto\/wp-json\/wp\/v2\/types\/post"}],"author":[{"embeddable":true,"href":"https:\/\/www.ludwig-van.com\/toronto\/wp-json\/wp\/v2\/users\/47"}],"replies":[{"embeddable":true,"href":"https:\/\/www.ludwig-van.com\/toronto\/wp-json\/wp\/v2\/comments?post=46319"}],"version-history":[{"count":2,"href":"https:\/\/www.ludwig-van.com\/toronto\/wp-json\/wp\/v2\/posts\/46319\/revisions"}],"predecessor-version":[{"id":46323,"href":"https:\/\/www.ludwig-van.com\/toronto\/wp-json\/wp\/v2\/posts\/46319\/revisions\/46323"}],"wp:featuredmedia":[{"embeddable":true,"href":"https:\/\/www.ludwig-van.com\/toronto\/wp-json\/wp\/v2\/media\/46321"}],"wp:attachment":[{"href":"https:\/\/www.ludwig-van.com\/toronto\/wp-json\/wp\/v2\/media?parent=46319"}],"wp:term":[{"taxonomy":"category","embeddable":true,"href":"https:\/\/www.ludwig-van.com\/toronto\/wp-json\/wp\/v2\/categories?post=46319"},{"taxonomy":"post_tag","embeddable":true,"href":"https:\/\/www.ludwig-van.com\/toronto\/wp-json\/wp\/v2\/tags?post=46319"},{"taxonomy":"yst_prominent_words","embeddable":true,"href":"https:\/\/www.ludwig-van.com\/toronto\/wp-json\/wp\/v2\/yst_prominent_words?post=46319"}],"curies":[{"name":"wp","href":"https:\/\/api.w.org\/{rel}","templated":true}]}}