{"id":44239,"date":"2017-03-31T16:13:49","date_gmt":"2017-03-31T20:13:49","guid":{"rendered":"https:\/\/www.ludwig-van.com\/?p=44239"},"modified":"2017-03-31T21:38:38","modified_gmt":"2017-04-01T01:38:38","slug":"the-scoop-the-kitchener-waterloo-symphony-announces-new-music-director","status":"publish","type":"post","link":"https:\/\/www.ludwig-van.com\/toronto\/2017\/03\/31\/the-scoop-the-kitchener-waterloo-symphony-announces-new-music-director\/","title":{"rendered":"THE SCOOP | Kitchener-Waterloo Symphony Makes History Appointing 26-Year Old Music Director"},"content":{"rendered":"<figure id=\"attachment_44242\" aria-describedby=\"caption-attachment-44242\" style=\"width: 1024px\" class=\"wp-caption aligncenter\"><img decoding=\"async\" loading=\"lazy\" class=\"size-full wp-image-44242\" src=\"http:\/\/www.ludwig-van.com\/toronto\/wp-content\/uploads\/sites\/2\/2017\/03\/FeherA.jpg\" alt=\"Andrei Feher\" width=\"1024\" height=\"639\" srcset=\"https:\/\/www.ludwig-van.com\/toronto\/wp-content\/uploads\/sites\/2\/2017\/03\/FeherA.jpg 1024w, https:\/\/www.ludwig-van.com\/toronto\/wp-content\/uploads\/sites\/2\/2017\/03\/FeherA-300x187.jpg 300w, https:\/\/www.ludwig-van.com\/toronto\/wp-content\/uploads\/sites\/2\/2017\/03\/FeherA-768x479.jpg 768w\" sizes=\"(max-width: 1024px) 100vw, 1024px\" \/><figcaption id=\"caption-attachment-44242\" class=\"wp-caption-text\">The Kitchener-Waterloo Symphony appoints 27-year-old Andrei Feher as Music Director.<\/figcaption><\/figure>\n<p>The Kitchener-Waterloo Symphony (KWS) has named 26-year old conductor Andrei Feher to a four-year appointment as Music Director, effective August 2018. The appointment will make Feher the second youngest conductor of a major orchestra in Canada after Alex Prior (24) at the Edmonton Symphony Orchestra.<\/p>\n<p>Feher will replace outgoing Music Director Edwin Outwater who will be <a href=\"http:\/\/www.musicaltoronto.org\/2015\/09\/22\/the-scoop-music-director-edwin-outwater-says-goodbye-to-the-kitchener-waterloo-symphony\/\" target=\"_blank\">leaving the orchestra<\/a>\u00a0to lead the summer concert programming at the San Francisco Symphony, and direct the Sierra Summer Festival in California at the end of the 2016\/17 Season.<\/p>\n<p>\u201cI am pleased and honoured to accept this position,\u201d said Feher in a statement. &#8220;From my first contact with the Orchestra, I felt welcomed as if we already knew each other, as if I were part of the family. I believe that our future together will bring richly emotional experiences.\u201d<\/p>\n<p>Despite his young age, Feher has an impressive amount of experience. Originally born in Romania, he relocated to Canada in 2010 with his family to study at the Montreal Conservatoire. By the age of 22, he became assistant\u00a0conductor of the Qu\u00e9bec Symphony Orchestra. In 2013, he was named conducting assistant to Yannick N\u00e9zet-S\u00e9guin at the Orchestre M\u00e9tropolitan in Montreal. Feher moved to Paris in September 2014 to join the Orchestre de Paris as Chef Assistant with Paavo J\u00e4rvi.<\/p>\n<p>Feher made his debut with the KWS in November 2016 in a concert of Debuts &amp; Bijoux, and immediately caught the\u00a0attention\u00a0of the KWS search committee. They were impressed by his &#8220;conducting prowess and musicianship, as well his imaginative approach to performance, repertoire and community connection.\u201d<\/p>\n<p>KWS Principal Trumpet Larry Larson recalled Feher&#8217;s first visit with the orchestra as creating a wonderful energy felt across all orchestra\u00a0members, \u00a0&#8220;&#8230;a buzz which is still being felt by members of the orchestra&#8230;&#8221;<\/p>\n<p>Under the title of Music Director Designate, Feher will return in the 2017-18 season to conduct Brahms, Schubert, and P\u00e4rt featuring <a href=\"http:\/\/www.musicaltoronto.org\/2015\/05\/25\/qa-39-questions-for-krisztina-szabo\/\" target=\"_blank\">Krisztina Szab\u00f3<\/a> and the Estonian National Male Choir in November. He will also conduct Beethoven&#8217;s 9th Symphony for the season finale in May 2018.<\/p>\n<p>Feher plans to move back to Montreal from his current home in Paris, and will later relocate to Kitchener-Waterloo once his new post officially\u00a0begins in September\u00a02018.<\/p>\n<p><em>Correction March 31, 2017. A previous version\u00a0asserted Andrei Feher (26) will be the youngest music director of a major symphony orchestra in Canada. In fact, Alex Prior (24) at Edmonton Symphony Orchestra is the youngest.<\/em><\/p>\n<h3>For more CLASSICAL MUSIC NEWS, visit\u00a0<span style=\"color: #ff0000;\"><a style=\"color: #ff0000;\" href=\"http:\/\/www.musicaltoronto.org\/category\/scoop\/\" target=\"_blank\"><u>HERE<\/u><\/a><\/span>.<\/h3>\n<h3><b><i>#LUDWIGVAN<\/i><\/b><\/h3>\n\n","protected":false},"excerpt":{"rendered":"<p>The Kitchener-Waterloo Symphony appoints 26-year-old Andrei Feher as Music Director, making him second the youngest conductor of a major orchestra in Canada.<\/p>\n","protected":false},"author":7,"featured_media":44242,"comment_status":"open","ping_status":"open","sticky":false,"template":"","format":"standard","meta":{"om_disable_all_campaigns":false,"jetpack_post_was_ever_published":false},"categories":[6439,875,36,39,60],"tags":[9519,1872],"yst_prominent_words":[],"acf":[],"jetpack_featured_media_url":"https:\/\/www.ludwig-van.com\/toronto\/wp-content\/uploads\/sites\/2\/2017\/03\/FeherA.jpg","jetpack_sharing_enabled":true,"jetpack_shortlink":"https:\/\/wp.me\/p9bakr-bvx","amp_enabled":true,"_links":{"self":[{"href":"https:\/\/www.ludwig-van.com\/toronto\/wp-json\/wp\/v2\/posts\/44239"}],"collection":[{"href":"https:\/\/www.ludwig-van.com\/toronto\/wp-json\/wp\/v2\/posts"}],"about":[{"href":"https:\/\/www.ludwig-van.com\/toronto\/wp-json\/wp\/v2\/types\/post"}],"author":[{"embeddable":true,"href":"https:\/\/www.ludwig-van.com\/toronto\/wp-json\/wp\/v2\/users\/7"}],"replies":[{"embeddable":true,"href":"https:\/\/www.ludwig-van.com\/toronto\/wp-json\/wp\/v2\/comments?post=44239"}],"version-history":[{"count":17,"href":"https:\/\/www.ludwig-van.com\/toronto\/wp-json\/wp\/v2\/posts\/44239\/revisions"}],"predecessor-version":[{"id":44265,"href":"https:\/\/www.ludwig-van.com\/toronto\/wp-json\/wp\/v2\/posts\/44239\/revisions\/44265"}],"wp:featuredmedia":[{"embeddable":true,"href":"https:\/\/www.ludwig-van.com\/toronto\/wp-json\/wp\/v2\/media\/44242"}],"wp:attachment":[{"href":"https:\/\/www.ludwig-van.com\/toronto\/wp-json\/wp\/v2\/media?parent=44239"}],"wp:term":[{"taxonomy":"category","embeddable":true,"href":"https:\/\/www.ludwig-van.com\/toronto\/wp-json\/wp\/v2\/categories?post=44239"},{"taxonomy":"post_tag","embeddable":true,"href":"https:\/\/www.ludwig-van.com\/toronto\/wp-json\/wp\/v2\/tags?post=44239"},{"taxonomy":"yst_prominent_words","embeddable":true,"href":"https:\/\/www.ludwig-van.com\/toronto\/wp-json\/wp\/v2\/yst_prominent_words?post=44239"}],"curies":[{"name":"wp","href":"https:\/\/api.w.org\/{rel}","templated":true}]}}