{"id":40226,"date":"2016-11-24T18:27:03","date_gmt":"2016-11-24T23:27:03","guid":{"rendered":"https:\/\/www.ludwig-van.com\/?p=40226"},"modified":"2016-11-26T08:47:33","modified_gmt":"2016-11-26T13:47:33","slug":"the-scoop-yannick-nezet-seguin-orchestre-metropolitain","status":"publish","type":"post","link":"https:\/\/www.ludwig-van.com\/toronto\/2016\/11\/24\/the-scoop-yannick-nezet-seguin-orchestre-metropolitain\/","title":{"rendered":"THE SCOOP | Yannick N\u00e9zet-S\u00e9guin To Take Europe By Storm With Orchestre M\u00e9tropolitain"},"content":{"rendered":"<figure id=\"attachment_40235\" aria-describedby=\"caption-attachment-40235\" style=\"width: 1024px\" class=\"wp-caption aligncenter\"><img decoding=\"async\" loading=\"lazy\" class=\"size-full wp-image-40235\" src=\"http:\/\/www.ludwig-van.com\/toronto\/wp-content\/uploads\/sites\/2\/2016\/11\/yannick-nezet-seguin-biographie-04-1475611157.jpg\" alt=\"Yannick N\u00e9zet-S\u00e9guin conducts the Philadelphia Orchestra (Photo: Chris Lee)\" width=\"1024\" height=\"683\" srcset=\"https:\/\/www.ludwig-van.com\/toronto\/wp-content\/uploads\/sites\/2\/2016\/11\/yannick-nezet-seguin-biographie-04-1475611157.jpg 1024w, https:\/\/www.ludwig-van.com\/toronto\/wp-content\/uploads\/sites\/2\/2016\/11\/yannick-nezet-seguin-biographie-04-1475611157-300x200.jpg 300w, https:\/\/www.ludwig-van.com\/toronto\/wp-content\/uploads\/sites\/2\/2016\/11\/yannick-nezet-seguin-biographie-04-1475611157-768x512.jpg 768w\" sizes=\"(max-width: 1024px) 100vw, 1024px\" \/><figcaption id=\"caption-attachment-40235\" class=\"wp-caption-text\">Yannick N\u00e9zet-S\u00e9guin conducts the Philadelphia Orchestra (Photo: Chris Lee)<\/figcaption><\/figure>\n<p>For the first time in its history, The Orchestre M\u00e9tropolitain will be embarking on an international tour spearheaded by superstar conductor Yannick N\u00e9zet-S\u00e9guin.<\/p>\n<p>Between November 23 and December 4, 2017, the orchestra will perform seven concerts in six cities with stops in Dortmund, Cologne, Hamburg, Amsterdam, Rotterdam, and Paris.<\/p>\n<p>The tour will feature a cast of Quebecois and French soloists, including pianist Alexandre Tharaud, contralto Marie-Nicole Lemieux, as well as cellists St\u00e9phane T\u00e9treault and Jean-Guihen Queyras. It will also point\u00a0up two works by Montreal composers Pierre Mercure (Kal\u00e9idoscope) and \u00c9ric Champagne (Exil int\u00e9rieur).<\/p>\n<p>The tour will cycle between two different programs, each designed to showcase Quebec&#8217;s cultural history\u00a0and musical talent.<\/p>\n<p>&#8220;Tours are part of my life,&#8221; the Orchestre M\u00e9tropolitain&#8217;s artistic director and principal conductor, Yannick N\u00e9zet-S\u00e9guin said. &#8220;This time, it gives me great pride to tour with my Orchestre M\u00e9tropolitain, which is so close to my heart. To present this ensemble to European audiences, who know it through its recordings but have not yet had the opportunity to hear it in concert, is especially exciting for me, who has performed in all these cities and all these famous venues with my other orchestras. This tour with the M\u00e9tropolitain&#8217;s musicians is an important step on our shared musical path.&#8221;<\/p>\n<p>According to Jean R. Dupr\u00e9, president and CEO of the Orchestre M\u00e9tropolitain, the tour marks a pivotal period in the orchestra&#8217;s 35-year history. &#8220;It is a confirmation of the place that the Orchestre has carved out for itself on the international music scene&#8230;,&#8221; he said in a press release statement.<\/p>\n<p>Dupr\u00e9 said they will dedicate the tour to Montreal audiences.<\/p>\n<h3><strong><em>#LUDWIGVAN<\/em><\/strong><\/h3>\n<p><em>Want more updates on Toronto-centric classical music news and review\u00a0before anyone else finds out? F<\/em><em>ollow us on\u00a0<\/em><em><span style=\"color: #ff0000;\"><a style=\"color: #ff0000;\" href=\"https:\/\/www.facebook.com\/LudwigVanToronto\/\">Facebook<\/a><\/span>\u00a0or <span style=\"color: #ff0000;\"><a style=\"color: #ff0000;\" href=\"https:\/\/www.facebook.com\/LudwigVanToronto\">Twitter<\/a><\/span> for all the latest.<\/em><\/p>\n\n","protected":false},"excerpt":{"rendered":"<p>For the first time in its history, The Orchestre M\u00e9tropolitain will be embarking on an international tour spearheaded by superstar conductor Yannick N\u00e9zet-S\u00e9guin.<\/p>\n","protected":false},"author":7,"featured_media":40235,"comment_status":"open","ping_status":"open","sticky":false,"template":"","format":"standard","meta":{"om_disable_all_campaigns":false,"jetpack_post_was_ever_published":false},"categories":[5723,39],"tags":[2521,3627],"yst_prominent_words":[],"acf":[],"jetpack_featured_media_url":"https:\/\/www.ludwig-van.com\/toronto\/wp-content\/uploads\/sites\/2\/2016\/11\/yannick-nezet-seguin-biographie-04-1475611157.jpg","jetpack_sharing_enabled":true,"jetpack_shortlink":"https:\/\/wp.me\/p9bakr-asO","amp_enabled":true,"_links":{"self":[{"href":"https:\/\/www.ludwig-van.com\/toronto\/wp-json\/wp\/v2\/posts\/40226"}],"collection":[{"href":"https:\/\/www.ludwig-van.com\/toronto\/wp-json\/wp\/v2\/posts"}],"about":[{"href":"https:\/\/www.ludwig-van.com\/toronto\/wp-json\/wp\/v2\/types\/post"}],"author":[{"embeddable":true,"href":"https:\/\/www.ludwig-van.com\/toronto\/wp-json\/wp\/v2\/users\/7"}],"replies":[{"embeddable":true,"href":"https:\/\/www.ludwig-van.com\/toronto\/wp-json\/wp\/v2\/comments?post=40226"}],"version-history":[{"count":7,"href":"https:\/\/www.ludwig-van.com\/toronto\/wp-json\/wp\/v2\/posts\/40226\/revisions"}],"predecessor-version":[{"id":40259,"href":"https:\/\/www.ludwig-van.com\/toronto\/wp-json\/wp\/v2\/posts\/40226\/revisions\/40259"}],"wp:featuredmedia":[{"embeddable":true,"href":"https:\/\/www.ludwig-van.com\/toronto\/wp-json\/wp\/v2\/media\/40235"}],"wp:attachment":[{"href":"https:\/\/www.ludwig-van.com\/toronto\/wp-json\/wp\/v2\/media?parent=40226"}],"wp:term":[{"taxonomy":"category","embeddable":true,"href":"https:\/\/www.ludwig-van.com\/toronto\/wp-json\/wp\/v2\/categories?post=40226"},{"taxonomy":"post_tag","embeddable":true,"href":"https:\/\/www.ludwig-van.com\/toronto\/wp-json\/wp\/v2\/tags?post=40226"},{"taxonomy":"yst_prominent_words","embeddable":true,"href":"https:\/\/www.ludwig-van.com\/toronto\/wp-json\/wp\/v2\/yst_prominent_words?post=40226"}],"curies":[{"name":"wp","href":"https:\/\/api.w.org\/{rel}","templated":true}]}}