{"id":3423,"date":"2012-05-02T07:51:54","date_gmt":"2012-05-02T12:51:54","guid":{"rendered":"https:\/\/www.ludwig-van.com\/?p=3423"},"modified":"2012-05-02T07:51:54","modified_gmt":"2012-05-02T12:51:54","slug":"interview-violinist-rachel-podgers-sunshine-lights-up-this-weeks-tafelmusik-concerts","status":"publish","type":"post","link":"https:\/\/www.ludwig-van.com\/toronto\/2012\/05\/02\/interview-violinist-rachel-podgers-sunshine-lights-up-this-weeks-tafelmusik-concerts\/","title":{"rendered":"Interview: Violinist Rachel Podger&#8217;s sunshine lights up this week&#8217;s Tafelmusik concerts"},"content":{"rendered":"<figure id=\"attachment_3424\" aria-describedby=\"caption-attachment-3424\" style=\"width: 440px\" class=\"wp-caption aligncenter\"><a href=\"http:\/\/207.112.70.56\/wp-content\/uploads\/2012\/05\/rachel.jpg\"><img decoding=\"async\" loading=\"lazy\" class=\"size-full wp-image-3424\" title=\"rachel\" src=\"http:\/\/207.112.70.56\/wp-content\/uploads\/2012\/05\/rachel.jpg\" alt=\"\" width=\"440\" height=\"293\" srcset=\"https:\/\/www.ludwig-van.com\/toronto\/wp-content\/uploads\/sites\/2\/2012\/05\/rachel.jpg 1140w, https:\/\/www.ludwig-van.com\/toronto\/wp-content\/uploads\/sites\/2\/2012\/05\/rachel-300x200.jpg 300w, https:\/\/www.ludwig-van.com\/toronto\/wp-content\/uploads\/sites\/2\/2012\/05\/rachel-1024x682.jpg 1024w\" sizes=\"(max-width: 440px) 100vw, 440px\" \/><\/a><figcaption id=\"caption-attachment-3424\" class=\"wp-caption-text\">British violinist Rachel Podger leads Tafelmusik this week (L. Rajchert\/Wratislavia Cantans photo).<\/figcaption><\/figure>\n<p>It\u2019s such a clich\u00e9 to describe a person as a ray of sunshine. But British violinist Rachel Podger is living proof that clich\u00e9s are based in reality.<\/p>\n<p>The period-performance specialist makes her Toronto d\u00e9but tonight as guest leader and soloist with Tafelmusik Baroque Orchestra in a programme of musical treats by J.S. Bach, Antonio Vivaldi and Georg Philipp Telemann at Trinity-St. Paul\u2019s Centre.<!--more--><\/p>\n<p>The concerts, which continue to Sunday afternoon, are very likely to be one of the highlights of the concert season.<\/p>\n<p>Podger, founder of several period-performance ensembles and a festival in Wales, leader of the Orchestra of the Age of Enlightenment, prolific recording artist and popular solo guest, is an unstoppable musical life force.<\/p>\n<p>Her interpretations radiate the same luminosity as her personality, which lit up a pre-rehearsal breakfast interview yesterday morning.<\/p>\n<p>There\u2019s been a substantial shift in period interpretation over the past decade, as the original gang of pioneers from the 1970s and early 1980s give way to performers who have been immersed in period-performance rules and traditions from their student days.<\/p>\n<p>As with every generational change, there is a fundamental desire to put a fresh imprint on art. Podger is an example of someone filled with the same desire, tempered by a desire to stay true to the basics.<\/p>\n<p>\u201cIt\u2019s an obvious thing to say, of course, but my guide is to always look at the score,\u201d says Podger. \u201cEverything starts and ends there. If it\u2019s not true to what\u2019s being said in the score, then why do it?<\/p>\n<p>\u201cOf course, you can go with all sorts of different effects and explore lots of different characterizations and timing and all sorts of things like that, and it\u2019s really fun. But there\u2019s a danger in that, because sometimes it becomes a self-fulfilling procedure rather than something that\u2019s in service of the music or what the composer had in mind.\u201d<\/p>\n<p><a href=\"http:\/\/207.112.70.56\/wp-content\/uploads\/2012\/05\/playing.jpg\"><img decoding=\"async\" loading=\"lazy\" class=\"alignleft size-medium wp-image-3431\" title=\"playing\" src=\"http:\/\/207.112.70.56\/wp-content\/uploads\/2012\/05\/playing.jpg?w=300\" alt=\"\" width=\"300\" height=\"200\" srcset=\"https:\/\/www.ludwig-van.com\/toronto\/wp-content\/uploads\/sites\/2\/2012\/05\/playing.jpg 1140w, https:\/\/www.ludwig-van.com\/toronto\/wp-content\/uploads\/sites\/2\/2012\/05\/playing-300x200.jpg 300w, https:\/\/www.ludwig-van.com\/toronto\/wp-content\/uploads\/sites\/2\/2012\/05\/playing-1024x682.jpg 1024w\" sizes=\"(max-width: 300px) 100vw, 300px\" \/><\/a>Then there\u2019s the balance a performer like Podger needs to strike between her inclinations as a soloist and leader, and working with an established \u2013 and respected \u2013 group, like Tafelmusik.<\/p>\n<p>\u201cAs someone who is coming in as a guest director, you need to respect that and then see how much you can liven things up or calm them down,\u201d the violinist explains. \u201cIt\u2019s always a challenge, but it\u2019s a creative challenge.\u201d<\/p>\n<p>Anyone familiar with Baroque music knows there are styles of composition and performance peculiar to England, France, Italy and Germany. But each composer also adds a layer of individuality that an ensemble leader needs to parse.<\/p>\n<p>As is the case with so many musicians, J.S. Bach provides the greatest fodder for a lifetime of study.<\/p>\n<p>\u201cI know it sounds like a clich\u00e9, but every revisit of Bach is a deeper experience,\u201d Podger says. \u201cIt doesn\u2019t matter how many times you play it, or with how many different people. Also, it\u2019s a very rich experience, because every musician brings something slightly different to it and you hear things in different ways.<\/p>\n<p>\u201cIt\u2019s like ever-changing lighting, where you see different things all the time. Bach being so contrapuntal and complex, it can take so many different ways of doing it \u2013 different tempi, different emphases, different characters, too. It\u2019s really remarkable.\u201d<\/p>\n<p>This week\u2019s programme opens and closes with Bach: The A Major <em>Violin Concerto<\/em>, BWV 1042, and the golden <em>Brandenburg Concerto No. 4<\/em>, BWV 1049.<\/p>\n<p>In between are concertos by Vivaldi and Telemann, including his <em>Concerto for Three Violins<\/em> (out of his <em>Tafelmusik<\/em> series) which Podger performs with orchestra members Julia Wedman and Cristina Zacharias.<\/p>\n<p>\u201cVivaldi needs high energy. It\u2019s power, power. It\u2019s sugar,\u201d Podger explains. \u201cIt needs effervescence and excitement. You kind of have to chuck it out at the audience.\u201d<\/p>\n<p>Telemann is a bit more of a puzzle. Podger describes his varied style as hard to pin down.<\/p>\n<p>\u201cThere is so much variety in his style of composition. Sometimes it\u2019s really folky and earthbound, as if you were wearing clogs and doing a clog dance. At other times, it\u2019s very French and you can smell the fragrance; it\u2019s sophisticated.<\/p>\n<p>\u201cI love all those changes, it\u2019s so inspiring,\u201d says Podger. But they demand a lot of thought: \u201cYou have to make some decisions so that you lay out a kind of geography and orientation.\u201d<\/p>\n<p>Although this is Podger\u2019s Toronto d\u00e9but, Tafelmusik\u2019s wide international reach means they have all met before.<\/p>\n<p>The guest violinist became friends with Wedman in Banff during a three-month residency in 1997. She met other members of the orchestra while a guest at the summertime Klang und Raum festival in Irsee, Germany, where Tafelmusik was the founding resident ensemble.<\/p>\n<p>Podger comes from an intensely musical family. Her brother Julian, a tenor and a conductor, was a guest soloist with Tafelmusik several seasons ago.<\/p>\n<p>And, somewhere, somehow, in her nonstop schedule, Podger and her viola-playing husband have found a way to raise two girls, who are now 11 and 8 years old. They, too, are learning instruments.<\/p>\n<p>But the eldest, Carus, as yet unmoved by her mother the performer, decided that violin was not the way to go, choosing piano, flute and viola instead.<\/p>\n<p>\u201cShe was very sweet about it.,\u201d Podger recalls, smiling. She quotes her daughter: \u201cI don\u2019t want to make you unhappy, Mummy, but I don\u2019t really want to do the same as you.\u201d<\/p>\n<p>+++<\/p>\n<p>For all concert details, background information and tickets, click <a href=\"http:\/\/www.tafelmusik.org\/concerts\/concert_BachViolin.htm\">here<\/a>.<\/p>\n<p>+++<\/p>\n<p>For a deeper taste of Podger and her art, here is an interview related to a recording Podger made last year of Bach <em>Violin Concertos<\/em> with her Welsh festival ensemble, Brecon Baroque (she discusses the E Major concerto around the third minute of the video).<\/p>\n<div class=\"jetpack-video-wrapper\"><span class=\"embed-youtube\" style=\"text-align:center; display: block;\"><iframe loading=\"lazy\" class=\"youtube-player\" width=\"640\" height=\"360\" src=\"https:\/\/www.youtube.com\/embed\/Vo5CLJkG53g?version=3&#038;rel=1&#038;showsearch=0&#038;showinfo=1&#038;iv_load_policy=1&#038;fs=1&#038;hl=en-US&#038;autohide=2&#038;wmode=transparent\" allowfullscreen=\"true\" style=\"border:0;\" sandbox=\"allow-scripts allow-same-origin allow-popups allow-presentation\"><\/iframe><\/span><\/div>\n<p>For a big musical treat, J.S. Bach&#8217;s <em>Concerto for Two Violins<\/em> played not at all the way Toronto heard it at Roy Thomson Hall last Saturday night. This performance, with fellow soloist Andrew Manze, is from the 2006 BBC Proms:<\/p>\n<div class=\"jetpack-video-wrapper\"><span class=\"embed-youtube\" style=\"text-align:center; display: block;\"><iframe loading=\"lazy\" class=\"youtube-player\" width=\"640\" height=\"360\" src=\"https:\/\/www.youtube.com\/embed\/LIOh5Iq683o?version=3&#038;rel=1&#038;showsearch=0&#038;showinfo=1&#038;iv_load_policy=1&#038;fs=1&#038;hl=en-US&#038;autohide=2&#038;wmode=transparent\" allowfullscreen=\"true\" style=\"border:0;\" sandbox=\"allow-scripts allow-same-origin allow-popups allow-presentation\"><\/iframe><\/span><\/div>\n<div class=\"jetpack-video-wrapper\"><span class=\"embed-youtube\" style=\"text-align:center; display: block;\"><iframe loading=\"lazy\" class=\"youtube-player\" width=\"640\" height=\"360\" src=\"https:\/\/www.youtube.com\/embed\/oaUY8bU5XBI?version=3&#038;rel=1&#038;showsearch=0&#038;showinfo=1&#038;iv_load_policy=1&#038;fs=1&#038;hl=en-US&#038;autohide=2&#038;wmode=transparent\" allowfullscreen=\"true\" style=\"border:0;\" sandbox=\"allow-scripts allow-same-origin allow-popups allow-presentation\"><\/iframe><\/span><\/div>\n<div class=\"jetpack-video-wrapper\"><span class=\"embed-youtube\" style=\"text-align:center; display: block;\"><iframe loading=\"lazy\" class=\"youtube-player\" width=\"640\" height=\"360\" src=\"https:\/\/www.youtube.com\/embed\/k1vEAsJpZ_w?version=3&#038;rel=1&#038;showsearch=0&#038;showinfo=1&#038;iv_load_policy=1&#038;fs=1&#038;hl=en-US&#038;autohide=2&#038;wmode=transparent\" allowfullscreen=\"true\" style=\"border:0;\" sandbox=\"allow-scripts allow-same-origin allow-popups allow-presentation\"><\/iframe><\/span><\/div>\n<p><em>John Terauds<\/em><\/p>\n","protected":false},"excerpt":{"rendered":"<p>It\u2019s such a clich\u00e9 to describe a person as a ray of sunshine. But British violinist Rachel Podger is living proof that clich\u00e9s are based in reality. The period-performance specialist makes her Toronto d\u00e9but tonight as guest leader and soloist with Tafelmusik Baroque Orchestra in a programme of musical treats by J.S. Bach, Antonio Vivaldi [&hellip;]<\/p>\n","protected":false},"author":2,"featured_media":3424,"comment_status":"open","ping_status":"open","sticky":false,"template":"","format":"standard","meta":{"om_disable_all_campaigns":false,"jetpack_post_was_ever_published":false},"categories":[2,74,19,29,36,46,58,60,63,68],"tags":[6450,435,857,2298,2749,3223,3255,6474,3498,3516],"yst_prominent_words":[],"acf":[],"jetpack_featured_media_url":"https:\/\/www.ludwig-van.com\/toronto\/wp-content\/uploads\/sites\/2\/2012\/05\/rachel.jpg","jetpack_sharing_enabled":true,"jetpack_shortlink":"https:\/\/wp.me\/p9bakr-Td","amp_enabled":true,"_links":{"self":[{"href":"https:\/\/www.ludwig-van.com\/toronto\/wp-json\/wp\/v2\/posts\/3423"}],"collection":[{"href":"https:\/\/www.ludwig-van.com\/toronto\/wp-json\/wp\/v2\/posts"}],"about":[{"href":"https:\/\/www.ludwig-van.com\/toronto\/wp-json\/wp\/v2\/types\/post"}],"author":[{"embeddable":true,"href":"https:\/\/www.ludwig-van.com\/toronto\/wp-json\/wp\/v2\/users\/2"}],"replies":[{"embeddable":true,"href":"https:\/\/www.ludwig-van.com\/toronto\/wp-json\/wp\/v2\/comments?post=3423"}],"version-history":[{"count":0,"href":"https:\/\/www.ludwig-van.com\/toronto\/wp-json\/wp\/v2\/posts\/3423\/revisions"}],"wp:featuredmedia":[{"embeddable":true,"href":"https:\/\/www.ludwig-van.com\/toronto\/wp-json\/wp\/v2\/media\/3424"}],"wp:attachment":[{"href":"https:\/\/www.ludwig-van.com\/toronto\/wp-json\/wp\/v2\/media?parent=3423"}],"wp:term":[{"taxonomy":"category","embeddable":true,"href":"https:\/\/www.ludwig-van.com\/toronto\/wp-json\/wp\/v2\/categories?post=3423"},{"taxonomy":"post_tag","embeddable":true,"href":"https:\/\/www.ludwig-van.com\/toronto\/wp-json\/wp\/v2\/tags?post=3423"},{"taxonomy":"yst_prominent_words","embeddable":true,"href":"https:\/\/www.ludwig-van.com\/toronto\/wp-json\/wp\/v2\/yst_prominent_words?post=3423"}],"curies":[{"name":"wp","href":"https:\/\/api.w.org\/{rel}","templated":true}]}}