{"id":29848,"date":"2015-08-19T11:26:35","date_gmt":"2015-08-19T15:26:35","guid":{"rendered":"https:\/\/www.ludwig-van.com\/?p=29848"},"modified":"2015-08-19T11:26:35","modified_gmt":"2015-08-19T15:26:35","slug":"cd-review-antonin-kubalek-he-deserved-better","status":"publish","type":"post","link":"https:\/\/www.ludwig-van.com\/toronto\/2015\/08\/19\/cd-review-antonin-kubalek-he-deserved-better\/","title":{"rendered":"CD REVIEW | Anton\u00edn Kub\u00e1lek: He Deserved Better"},"content":{"rendered":"<figure id=\"attachment_29850\" aria-describedby=\"caption-attachment-29850\" style=\"width: 770px\" class=\"wp-caption alignnone\"><img decoding=\"async\" loading=\"lazy\" class=\"wp-image-29850 size-full\" src=\"http:\/\/www.ludwig-van.com\/toronto\/wp-content\/uploads\/sites\/2\/2015\/08\/91fd-m25IzL._SL1425_.jpg\" alt=\"91fd-m25IzL._SL1425_\" width=\"770\" height=\"770\" srcset=\"https:\/\/www.ludwig-van.com\/toronto\/wp-content\/uploads\/sites\/2\/2015\/08\/91fd-m25IzL._SL1425_.jpg 770w, https:\/\/www.ludwig-van.com\/toronto\/wp-content\/uploads\/sites\/2\/2015\/08\/91fd-m25IzL._SL1425_-150x150.jpg 150w, https:\/\/www.ludwig-van.com\/toronto\/wp-content\/uploads\/sites\/2\/2015\/08\/91fd-m25IzL._SL1425_-300x300.jpg 300w\" sizes=\"(max-width: 770px) 100vw, 770px\" \/><figcaption id=\"caption-attachment-29850\" class=\"wp-caption-text\">Anton\u00edn Kub\u00e1lek&#8217;s 2010 CD collection of rare recordings reminds us of his enduring legacy.<\/figcaption><\/figure>\n<h3>The Anton\u00edn Kub\u00e1lek Collection, 7 CDs, 2010.<\/h3>\n<p>In 2010, at the age of 74, pianist Anton\u00edn Kub\u00e1lek began to reissue some of his discontinued recordings on his own label. Most of these recordings had never appeared on CD, but they represented some of his finest work. Shortly afterwards, after months of incapacitating pain and discomfort, Kub\u00e1lek had surgery for a brain tumour. He did not survive. So ended the life of one of the greatest pianists ever to make his home in Canada.<\/p>\n<p>I was privileged to know Anton and to work with him; as music director of CJRT-FM, I arranged to record some of his concerts for broadcast shortly after his arrival from Czechoslovakia in 1968. Later, he appeared with the CJRT Orchestra in concertos by Dvo\u0159\u00e1k and Martinu, and we also collaborated on a performance of Rawsthorne\u2019s Piano Concerto No. 1 for the CBC. I thoroughly enjoyed every minute we spent together in discussion and performance. He was a somewhat cynical but jovial individual, with a keyboard facility second to none; he could learn any piece in a matter of hours and perform it as though he had known it all his life. Only later in our friendship did I realize that he was nearly blind, the result of picking up an unexploded grenade in his native Czechoslovakia when he was only ten years old.<\/p>\n<p>After Anton\u2019s death, his wife Patricia arranged to release a seventh volume, adding to the six CDs released in 2010. This recording was of a concert he gave in the Glenn Gould Theatre at the CBC (2002) under the title \u201cPrague Spring Festival Recital,\u201d and was part of his preparation for a concert that same year at the Prague Spring Festival, which turned out to be a triumphant return to his homeland.<\/p>\n<p>The program for this concert, which included Prokofiev\u2019s <em>Visions<\/em> <em>Fugitives<\/em>, Stravinsky\u2019s Sonata, Suk\u2019s <em>Things Lived and Dreamed<\/em> Op. 30 and a group of Czech Dances by Smetana, was very unusual and demanding. I didn\u2019t hear the Prague performance, but the Toronto \u201crehearsal\u201d is truly remarkable; Anton plays magnificently, the engineers do splendid work, and the piano sound is also rich and full from top to bottom.<\/p>\n<figure id=\"attachment_29857\" aria-describedby=\"caption-attachment-29857\" style=\"width: 770px\" class=\"wp-caption alignnone\"><img decoding=\"async\" loading=\"lazy\" class=\"size-full wp-image-29857\" src=\"http:\/\/www.ludwig-van.com\/toronto\/wp-content\/uploads\/sites\/2\/2015\/08\/2005070110b.jpg\" alt=\"Anton\u00edn Kub\u00e1lek at Festival of Chamber Music \u010cesk\u00fd Krumlov 2005 Photo: Lubor Mr\u00e1zek\" width=\"770\" height=\"513\" srcset=\"https:\/\/www.ludwig-van.com\/toronto\/wp-content\/uploads\/sites\/2\/2015\/08\/2005070110b.jpg 770w, https:\/\/www.ludwig-van.com\/toronto\/wp-content\/uploads\/sites\/2\/2015\/08\/2005070110b-300x200.jpg 300w\" sizes=\"(max-width: 770px) 100vw, 770px\" \/><figcaption id=\"caption-attachment-29857\" class=\"wp-caption-text\">Anton\u00edn Kub\u00e1lek at Festival of Chamber Music \u010cesk\u00fd Krumlov 2005 Photo: Lubor Mr\u00e1zek<\/figcaption><\/figure>\n<p>Anton had not only superb technique (much needed in many parts of this program), but also an extraordinary ability to get to the very soul of the music. He finds the very essence of each of Prokofiev\u2019s <em>Visions<\/em> <em>Fugitives<\/em> &#8211; 20 very short, remarkably expressive character pieces, some with humorous titles, such as No. 10 \u201cRidicolosamente\u201d. Similarly, in Suk\u2019s rarely-played \u201cThings Live and Dreamed,\u201d he gives ideal expression to the composer\u2019s vast range of poetic feeling.<\/p>\n<p>The CD titled \u201cEarly Recordings\u201d brings together some CBC recordings from 1970 (Mozart and Beethoven) and some Golden Crest recordings from 1972. In his early years in Canada, Anton taught piano at the Brodie School of Music, and saxophonist Paul Brodie, who was already recording with Golden Crest also helped Anton make some appearances on the label.<\/p>\n<p>From 1974, there is a CBC recording with the Orford String Quartet of Chausson\u2019s Concerto for Piano, Violin and String Quartet. This is powerful music-making, perhaps too much so as engineers were still trying to harness Anton\u2019s colossal sound.<\/p>\n<p>Throughout his Canadian career, Anton played an enormous amount of music by Canadian composers. It is appropriate that one of the CDs \u2013 actually a two-CD set \u2013 is devoted to Piano Sonatas by Walter Buczynski. Kub\u00e1lek recorded four of the Buczynski sonatas over a period of many years for the CBC, and they are collected here with notes by both Anton and the composer. These are strikingly original and effective pieces and in his notes Anton rightly wonders why so few pianists have taken the trouble to learn them and promote them to a wider audience.<\/p>\n<p>Each of the recordings is technically first-class in spite of being based on LP originals in some cases. The CD cover art is entirely worthy of the performances. All seven CDs are available for download on <a href=\"https:\/\/itunes.apple.com\/ca\/artist\/antonin-kubalek\/id265053829\" target=\"_blank\">iTunes<\/a> and <a href=\"https:\/\/www.cdbaby.com\/Artist\/AntoninKubalek\">www.cdbaby.com<\/a>. Kubalek also made dozens of other recordings, mostly for Dorian, and serious collectors will be able to track them down on websites such as <a href=\"http:\/\/www.amazon.com\/s\/ref=sr_st_date-desc-rank?fst=as%3Aoff&amp;rh=n%3A5174%2Cp_32%3AAntonin+Kubalek%2Cp_n_binding_browse-bin%3A387645011&amp;qid=1439996469&amp;bbn=5174&amp;sort=date-desc-rank\">www.amazon.com<\/a>.<\/p>\n<p>The CDs resuscitated and reissued in 2010, and in 2012 (\u201cPrague Spring in Toronto\u201d recital), are reminders not only of Anton\u2019s great gifts, but also of the fact that during his lifetime this man who contributed so much to Toronto\u2019s musical life received so little recognition. No management stepped forward to give him the international career he deserved. Nor did the powers that be in his adopted country give him the awards that he had surely earned over a Canadian career of more than 40 years; if ever any musician deserved the Order of Canada, it was Anton.<\/p>\n<p><strong><em>#LUDWIGVAN<\/em><\/strong><\/p>\n<p><em>Want more updates on Toronto-centric classical music news and review\u00a0before anyone else finds out? Get our exclusive newsletter\u00a0<\/em><span style=\"color: #ff0000;\"><em><a style=\"color: #ff0000;\" href=\"https:\/\/www.facebook.com\/LudwigVanToronto\/app_100265896690345\">here<\/a><\/em><\/span><em>\u00a0and follow us on\u00a0<\/em><em><span style=\"color: #ff0000;\"><a style=\"color: #ff0000;\" href=\"https:\/\/www.facebook.com\/LudwigVanToronto?fref=ts\">Facebook<\/a><\/span> for all the latest.<\/em><\/p>\n\n","protected":false},"excerpt":{"rendered":"<p>Anton\u00edn Kub\u00e1lek&#8217;s 2010 CD collection of rare recordings reminds us of his enduring legacy.<\/p>\n","protected":false},"author":10,"featured_media":29850,"comment_status":"open","ping_status":"open","sticky":false,"template":"","format":"standard","meta":{"om_disable_all_campaigns":false,"jetpack_post_was_ever_published":false},"categories":[118,77,51,52,4933],"tags":[5555],"yst_prominent_words":[],"acf":[],"jetpack_featured_media_url":"https:\/\/www.ludwig-van.com\/toronto\/wp-content\/uploads\/sites\/2\/2015\/08\/91fd-m25IzL._SL1425_.jpg","jetpack_sharing_enabled":true,"jetpack_shortlink":"https:\/\/wp.me\/p9bakr-7Lq","amp_enabled":true,"_links":{"self":[{"href":"https:\/\/www.ludwig-van.com\/toronto\/wp-json\/wp\/v2\/posts\/29848"}],"collection":[{"href":"https:\/\/www.ludwig-van.com\/toronto\/wp-json\/wp\/v2\/posts"}],"about":[{"href":"https:\/\/www.ludwig-van.com\/toronto\/wp-json\/wp\/v2\/types\/post"}],"author":[{"embeddable":true,"href":"https:\/\/www.ludwig-van.com\/toronto\/wp-json\/wp\/v2\/users\/10"}],"replies":[{"embeddable":true,"href":"https:\/\/www.ludwig-van.com\/toronto\/wp-json\/wp\/v2\/comments?post=29848"}],"version-history":[{"count":8,"href":"https:\/\/www.ludwig-van.com\/toronto\/wp-json\/wp\/v2\/posts\/29848\/revisions"}],"predecessor-version":[{"id":29858,"href":"https:\/\/www.ludwig-van.com\/toronto\/wp-json\/wp\/v2\/posts\/29848\/revisions\/29858"}],"wp:featuredmedia":[{"embeddable":true,"href":"https:\/\/www.ludwig-van.com\/toronto\/wp-json\/wp\/v2\/media\/29850"}],"wp:attachment":[{"href":"https:\/\/www.ludwig-van.com\/toronto\/wp-json\/wp\/v2\/media?parent=29848"}],"wp:term":[{"taxonomy":"category","embeddable":true,"href":"https:\/\/www.ludwig-van.com\/toronto\/wp-json\/wp\/v2\/categories?post=29848"},{"taxonomy":"post_tag","embeddable":true,"href":"https:\/\/www.ludwig-van.com\/toronto\/wp-json\/wp\/v2\/tags?post=29848"},{"taxonomy":"yst_prominent_words","embeddable":true,"href":"https:\/\/www.ludwig-van.com\/toronto\/wp-json\/wp\/v2\/yst_prominent_words?post=29848"}],"curies":[{"name":"wp","href":"https:\/\/api.w.org\/{rel}","templated":true}]}}