{"id":19483,"date":"2014-06-24T16:36:02","date_gmt":"2014-06-24T20:36:02","guid":{"rendered":"https:\/\/www.ludwig-van.com\/?p=19483"},"modified":"2014-06-24T19:25:20","modified_gmt":"2014-06-24T23:25:20","slug":"opera-review-against-the-grain-theatre-presents-pelleas-et-melisande","status":"publish","type":"post","link":"https:\/\/www.ludwig-van.com\/toronto\/2014\/06\/24\/opera-review-against-the-grain-theatre-presents-pelleas-et-melisande\/","title":{"rendered":"Opera review: Against the Grain Theatre presents Pell\u00e9as et M\u00e9lisande"},"content":{"rendered":"<figure id=\"attachment_19484\" aria-describedby=\"caption-attachment-19484\" style=\"width: 1024px\" class=\"wp-caption aligncenter\"><a href=\"http:\/\/www.ludwig-van.com\/toronto\/wp-content\/uploads\/sites\/2\/2014\/06\/Screen-Shot-2014-06-24-at-4.00.54-PM.png\"><img decoding=\"async\" loading=\"lazy\" class=\" wp-image-19484\" alt=\"Screen Shot 2014-06-24 at 4.00.54 PM\" src=\"http:\/\/www.ludwig-van.com\/toronto\/wp-content\/uploads\/sites\/2\/2014\/06\/Screen-Shot-2014-06-24-at-4.00.54-PM-1024x739.png\" width=\"1024\" height=\"739\" srcset=\"https:\/\/www.ludwig-van.com\/toronto\/wp-content\/uploads\/sites\/2\/2014\/06\/Screen-Shot-2014-06-24-at-4.00.54-PM-1024x739.png 1024w, https:\/\/www.ludwig-van.com\/toronto\/wp-content\/uploads\/sites\/2\/2014\/06\/Screen-Shot-2014-06-24-at-4.00.54-PM-300x216.png 300w, https:\/\/www.ludwig-van.com\/toronto\/wp-content\/uploads\/sites\/2\/2014\/06\/Screen-Shot-2014-06-24-at-4.00.54-PM.png 1140w\" sizes=\"(max-width: 1024px) 100vw, 1024px\" \/><\/a><figcaption id=\"caption-attachment-19484\" class=\"wp-caption-text\">\u00c9TIENNE DUPUIS, BARITONE. PHOTO: DARRYL BLOCK.<\/figcaption><\/figure>\n<p>June 21st was one of those perfect straw-hat days. Summer solstice \u2013 a breezy bright late afternoon which begs a dinner out on a terrace somewhere cozy, with plenty of Sangria. Afterwards was a blind date with <a href=\"http:\/\/againstthegraintheatre.com\/\" target=\"_blank\">Against the Grain\u2019s<\/a> al fresco production of Debussy\u2019s <em>Pell\u00e9as et M\u00e9lisande<\/em>. Qui sonne bien.<\/p>\n<p>I strolled through the entrance and funnelled into the inner courtyard of the Canadian Opera Company\u2019s office and rehearsal space. Filled with mature trees, a large gazebo, iron gates and arched-brick lined walls, the space was idyllic.<\/p>\n<p>Good gracious, I thought, where has this place been hiding all my life? It was not only a perfect spot to simply sit and soak in, but for an opera setting, its potential was obvious. This could be very interesting, I thought. And it was.<\/p>\n<p>As the sun began to break into that special time between night and day, the opera began to unfold. The music was entirely performed on an upright piano by <a href=\"http:\/\/www.julienleblanc.com\/\" target=\"_blank\">Julien LeBlanc<\/a> and a rather frantic looking page turner who, after a 2 \u00bd-hour long production, deserved some kind of award in itself.<\/p>\n<p>Julien LeBlanc\u2019s playing was nuanced and inspired. My only whinge was that it was an upright \u2013 an apartment-sized piano whose tone was thin and brittle. Why not a grand piano? It would have made an enormous difference in sound quality, and I think Julien LeBlanc deserved an instrument to match his talent.<\/p>\n<figure id=\"attachment_19485\" aria-describedby=\"caption-attachment-19485\" style=\"width: 683px\" class=\"wp-caption aligncenter\"><a href=\"http:\/\/www.ludwig-van.com\/toronto\/wp-content\/uploads\/sites\/2\/2014\/06\/AtG1.jpg\"><img decoding=\"async\" loading=\"lazy\" class=\"size-full wp-image-19485\" alt=\"MIRIAM KHALIL, SOPRANO. PHOTO: DARRYL BLOCK.\" src=\"http:\/\/www.ludwig-van.com\/toronto\/wp-content\/uploads\/sites\/2\/2014\/06\/AtG1.jpg\" width=\"683\" height=\"1024\" srcset=\"https:\/\/www.ludwig-van.com\/toronto\/wp-content\/uploads\/sites\/2\/2014\/06\/AtG1.jpg 683w, https:\/\/www.ludwig-van.com\/toronto\/wp-content\/uploads\/sites\/2\/2014\/06\/AtG1-200x300.jpg 200w\" sizes=\"(max-width: 683px) 100vw, 683px\" \/><\/a><figcaption id=\"caption-attachment-19485\" class=\"wp-caption-text\">MIRIAM KHALIL, SOPRANO. PHOTO: DARRYL BLOCK.<\/figcaption><\/figure>\n<p>But back to the love fest, shall we? AtG\u2019s <em>Pell\u00e9as et M\u00e9lisande<\/em> was slight and pensive, with hints of an age where ideas of love and loss mixed with the aching surroundings of forlorn impressionist beauty. The characters wafted in and out of the piazza like ghosts, and the effect was nothing short of magical.<\/p>\n<p>This is a slow-moving opera which Debussy struggled to get right for a long time. Found in a story by Maurice Maeterlinck, it\u2019s characters are set against the mercy of life and destiny. The text was fought over by Gabriel Faur\u00e9, Jean Sibelius and Arnold Schoenberg, who all swooped in to set it to music. But Debussy saw an opera in it, stating \u201cThe drama of Pell\u00e9as which, despite its dream-like atmosphere, contains far more humanity than those so-called \u2018real-life documents\u2019, seemed to suit my intentions admirably. In it there is an evocative language whose sensitivity could be extended into music and into the orchestral backcloth.\u201d<\/p>\n<p>The plot circles around a love triangle between Prince Golaud, M\u00e9lisande, and Pell\u00e9as.<\/p>\n<p>It begins with Prince Golaud, who finds a mysterious young woman, M\u00e9lisande, alone and lost in a forest. He marries her, and takes her back to his grandfather\u2019s castle. M\u00e9lisande meets Golaud\u2019s younger half-brother Pell\u00e9as, and the two start to fall in love, arousing Golaud\u2019s jealousy. Golaud forces his son Yniold, to spy on the couple. Pell\u00e9as leaves the castle but arranges to rendezvous with M\u00e9lisande and the two confess their love for each other. An eavesdropping Golaud rushes out and sinks a sword into Pell\u00e9as. A devastated M\u00e9lisande gives birth to a daughter and dies, leaving Golaud alone to obsess about the devastating reality of loving someone who cannot love him back.<\/p>\n<figure id=\"attachment_19486\" aria-describedby=\"caption-attachment-19486\" style=\"width: 683px\" class=\"wp-caption aligncenter\"><a href=\"http:\/\/www.ludwig-van.com\/toronto\/wp-content\/uploads\/sites\/2\/2014\/06\/ANDREA-NU\u00d1EZ-SOPRANO-AND-GREGORY-DAHL-BARITONE.-PHOTO-DARRYL-BLOCK..jpg\"><img decoding=\"async\" loading=\"lazy\" class=\"size-full wp-image-19486\" alt=\"ANDREA NU\u00d1EZ, SOPRANO, AND GREGORY DAHL, BARITONE. PHOTO- DARRYL BLOCK.\" src=\"http:\/\/www.ludwig-van.com\/toronto\/wp-content\/uploads\/sites\/2\/2014\/06\/ANDREA-NU\u00d1EZ-SOPRANO-AND-GREGORY-DAHL-BARITONE.-PHOTO-DARRYL-BLOCK..jpg\" width=\"683\" height=\"1024\" srcset=\"https:\/\/www.ludwig-van.com\/toronto\/wp-content\/uploads\/sites\/2\/2014\/06\/ANDREA-NU\u00d1EZ-SOPRANO-AND-GREGORY-DAHL-BARITONE.-PHOTO-DARRYL-BLOCK..jpg 683w, https:\/\/www.ludwig-van.com\/toronto\/wp-content\/uploads\/sites\/2\/2014\/06\/ANDREA-NU\u00d1EZ-SOPRANO-AND-GREGORY-DAHL-BARITONE.-PHOTO-DARRYL-BLOCK.-200x300.jpg 200w\" sizes=\"(max-width: 683px) 100vw, 683px\" \/><\/a><figcaption id=\"caption-attachment-19486\" class=\"wp-caption-text\">ANDREA NU\u00d1EZ, SOPRANO, AND GREGORY DAHL, BARITONE. PHOTO- DARRYL BLOCK.<\/figcaption><\/figure>\n<p>I really have to hand it to Artistic Director <a href=\"http:\/\/www.joelivany.com\/index\/welcome.html\" target=\"_blank\">Joel Ivany<\/a>, who has taken to the heights of opera with a humble budget. Creativity will beat spectacle every time, and he knows it.<\/p>\n<p>The casting was also a winning combination. <a href=\"http:\/\/www.alaincoulombe.com\/\" target=\"_blank\">Alain Coulombe<\/a> was perfect in his role as the grandfather Arkel, and <a href=\"http:\/\/www.deanartists.com\/vocal\/mezzo-soprano\/megan-latham\" target=\"_blank\">Megan Latham<\/a> carried the role of the grandmother Genevi\u00e8ve, with impressive charisma.<\/p>\n<p>The love triangle played between <a href=\"http:\/\/www.ariamanagement.com\/en\/nos-artistes\/etienne-dupuis-w\/\" target=\"_blank\">\u00c9tienne Dupuis<\/a>, <a href=\"http:\/\/www.gregorydahl.com\/\" target=\"_blank\">Gregory Dahl<\/a>, and <a href=\"http:\/\/www.miriamkhalil.com\/Home.html\" target=\"_blank\">Miriam Khalil<\/a> was also a slam dunk. In particular Dupuis, who absolutely lived in the role of Pell\u00e9as, and Miriam Khalil, who seemed as if she had stepped right out of Monet\u2019s Garden at Sainte-Adresse as M\u00e9lisande incarnate. Her signature warm lyrical voice countered the lower male voices to great effect. Gregory Dahl was also astonishing in his portrayal of the antagonist Prince Golaud, a complex role requiring a deep understanding of the philological trauma of someone who has lost their way.<\/p>\n<p><a href=\"http:\/\/againstthegraintheatre.com\/artists\/533c48810082a28353000000\" target=\"_blank\">Andrea N\u00fa\u00f1ez\u2019s<\/a> performance of Golaud\u2019s son Yniold was also very strong. Her interaction with her father was engaging and provided a narrative depth to the tragedy about to unfold before them.<\/p>\n<p>AtG\u2019s Pell\u00e9as et M\u00e9lisande was perhaps the highlight of the opera season for me, which compared to a very strong season at the COC and elsewhere, says something very important.<\/p>\n<p>Opera is not about spectacle, but the strange alchemy between words and music consumed in the mythical ritual of theatre performance. The singers bring it all to life and this is where the AtG shine brightest. Casting casting casting.<\/p>\n<p>Evidenced by the number of squirrels and birds in attendance, they also approved.<\/p>\n<p>Well-done everyone.<\/p>\n<p>+++<\/p>\n<p>Against the Grain Theatre\u2019s Pell\u00e9as et M\u00e9lisande closes Wednesday, June 25th, 2014. Tickets and details <a href=\"http:\/\/www.againstthegraintheatre.com\/shows\/pelleas\" target=\"_blank\">here<\/a>.<\/p>\n<p>&nbsp;<\/p>\n<p><em>Michael Vincent<\/em><\/p>\n","protected":false},"excerpt":{"rendered":"<p>June 21st was one of those perfect straw-hat days. Summer solstice \u2013 a breezy bright late afternoon which begs a dinner out on a terrace somewhere cozy, with plenty of Sangria. Afterwards was a blind date with Against the Grain\u2019s al fresco production of Debussy\u2019s Pell\u00e9as et M\u00e9lisande. Qui sonne bien. I strolled through the [&hellip;]<\/p>\n","protected":false},"author":7,"featured_media":19485,"comment_status":"open","ping_status":"open","sticky":false,"template":"","format":"standard","meta":{"om_disable_all_campaigns":false,"jetpack_post_was_ever_published":false},"categories":[117,43,52],"tags":[186,4741,4746,983,4743,4747,1736,4742,4745,2592],"yst_prominent_words":[],"acf":[],"jetpack_featured_media_url":"https:\/\/www.ludwig-van.com\/toronto\/wp-content\/uploads\/sites\/2\/2014\/06\/AtG1.jpg","jetpack_sharing_enabled":true,"jetpack_shortlink":"https:\/\/wp.me\/p9bakr-54f","amp_enabled":true,"_links":{"self":[{"href":"https:\/\/www.ludwig-van.com\/toronto\/wp-json\/wp\/v2\/posts\/19483"}],"collection":[{"href":"https:\/\/www.ludwig-van.com\/toronto\/wp-json\/wp\/v2\/posts"}],"about":[{"href":"https:\/\/www.ludwig-van.com\/toronto\/wp-json\/wp\/v2\/types\/post"}],"author":[{"embeddable":true,"href":"https:\/\/www.ludwig-van.com\/toronto\/wp-json\/wp\/v2\/users\/7"}],"replies":[{"embeddable":true,"href":"https:\/\/www.ludwig-van.com\/toronto\/wp-json\/wp\/v2\/comments?post=19483"}],"version-history":[{"count":16,"href":"https:\/\/www.ludwig-van.com\/toronto\/wp-json\/wp\/v2\/posts\/19483\/revisions"}],"predecessor-version":[{"id":19502,"href":"https:\/\/www.ludwig-van.com\/toronto\/wp-json\/wp\/v2\/posts\/19483\/revisions\/19502"}],"wp:featuredmedia":[{"embeddable":true,"href":"https:\/\/www.ludwig-van.com\/toronto\/wp-json\/wp\/v2\/media\/19485"}],"wp:attachment":[{"href":"https:\/\/www.ludwig-van.com\/toronto\/wp-json\/wp\/v2\/media?parent=19483"}],"wp:term":[{"taxonomy":"category","embeddable":true,"href":"https:\/\/www.ludwig-van.com\/toronto\/wp-json\/wp\/v2\/categories?post=19483"},{"taxonomy":"post_tag","embeddable":true,"href":"https:\/\/www.ludwig-van.com\/toronto\/wp-json\/wp\/v2\/tags?post=19483"},{"taxonomy":"yst_prominent_words","embeddable":true,"href":"https:\/\/www.ludwig-van.com\/toronto\/wp-json\/wp\/v2\/yst_prominent_words?post=19483"}],"curies":[{"name":"wp","href":"https:\/\/api.w.org\/{rel}","templated":true}]}}