{"id":16278,"date":"2013-11-27T08:38:13","date_gmt":"2013-11-27T13:38:13","guid":{"rendered":"https:\/\/www.ludwig-van.com\/?p=16278"},"modified":"2013-11-27T09:10:35","modified_gmt":"2013-11-27T14:10:35","slug":"tonight-and-tomorrow-conductor-edward-gardners-blind-dates-now-include-the-toronto-symphony-orchestra","status":"publish","type":"post","link":"https:\/\/www.ludwig-van.com\/toronto\/2013\/11\/27\/tonight-and-tomorrow-conductor-edward-gardners-blind-dates-now-include-the-toronto-symphony-orchestra\/","title":{"rendered":"Tonight and tomorrow: Conductor Edward Gardner&#8217;s blind dates now include the Toronto Symphony Orchestra"},"content":{"rendered":"<figure id=\"attachment_16279\" aria-describedby=\"caption-attachment-16279\" style=\"width: 720px\" class=\"wp-caption aligncenter\"><a href=\"http:\/\/www.ludwig-van.com\/toronto\/wp-content\/uploads\/sites\/2\/2013\/11\/gardner.jpg\"><img decoding=\"async\" loading=\"lazy\" class=\"size-full wp-image-16279\" alt=\"Edward gardner conducted the Last Night of the Proms at Royal Albert Hall two years ago (Chris Christodoulou\/BBC photo).\" src=\"http:\/\/www.ludwig-van.com\/toronto\/wp-content\/uploads\/sites\/2\/2013\/11\/gardner.jpg\" width=\"720\" height=\"405\" srcset=\"https:\/\/www.ludwig-van.com\/toronto\/wp-content\/uploads\/sites\/2\/2013\/11\/gardner.jpg 720w, https:\/\/www.ludwig-van.com\/toronto\/wp-content\/uploads\/sites\/2\/2013\/11\/gardner-300x168.jpg 300w\" sizes=\"(max-width: 720px) 100vw, 720px\" \/><\/a><figcaption id=\"caption-attachment-16279\" class=\"wp-caption-text\">Edward Gardner conducted the Last Night of the Proms at Royal Albert Hall two years ago (Chris Christodoulou\/BBC photo).<\/figcaption><\/figure>\n<p>Edward Gardner, making his local d\u00e9but with the Toronto Symphony tonight and tomorrow, describes the relationship between a conductor and orchestra as, &#8220;a chemical thing.&#8221;<!--more--><\/p>\n<p>&#8220;Sometimes it clicks and sometimes it doesn&#8217;t,&#8221; he continues, adding that Sir Colin Davis used to refer the first contact between baton and players as &#8220;a blind date.&#8221;<\/p>\n<p>Clearly Gardner has the right combination of attractive traits, because wherever the 39-year-old goes, orchestras and opera companies want him back.<\/p>\n<p>Like Canadian Yannick N\u00e9zet-S\u00e9guin&#8217;s, Gardner&#8217;s career arc looks more like a rocket launch. And, like N\u00e9zet-S\u00e9guin, Gardner can&#8217;t seem to say no. His schedule is packed with guest visits around the world &#8212; all the while working as the music director at English National Opera (since 2007) and the City of Birmingham Symphony Orchestra (since 2011).<\/p>\n<p>Gardner built his reputation as a fine opera conductor &#8212; so much so that he is also in demand at the Met now &#8212; but is equally at home in the concert hall.<\/p>\n<p>He justifies his crazy travel schedule by saying that he&#8217;s looking at finding a better balance between opera and concert work.\u00a0&#8220;I&#8217;ve done a hell of a lot of opera in 10 years of [professional] conducting,&#8221; he says. &#8220;Orchestras around the world have different personalities, and, so far, I haven&#8217;t had a lot of opportunity to get to know North American orchestras.&#8221;<\/p>\n<p>Gardner says the first half hour of rehearsal is &#8220;a seminal time&#8221; with a new orchestra. When I suggest it might be closer to the first 30 seconds, he laughs and admits that might be true, too.<\/p>\n<p>The Toronto Symphony often introduces new guest conductors with lighter repertoire. Not so with Gardner, who jumps into the deep end with Gustav Mahler&#8217;s <em>Symphony No. 1<\/em>, the &#8220;Titan.&#8221; Coincidentally, Mahler was known primarily as an opera conductor &#8212; and he clearly brought some of that sensibility to his symphonic compositions.<\/p>\n<p>&#8220;There is a great innate sense of drama&#8221; in the <em>First Symphony<\/em>, says Gardner. He, like many people, wonders why the composer never wrote an actual opera.<\/p>\n<p>They round out the quasi-operatic connections in this week&#8217;s Toronto Symphony programme, we get the Prelude to Richard Wagner&#8217;s <em>Die Meistersinger<\/em>. The guest soloist is trumpeter Alison Balsom, playing a virtuosic <em>Trumpet Concerto<\/em> by Johann Nepomuk Hummell.<\/p>\n<p>Besides wanting to explore the sounds and dynamics of different orchestras, Gardner is also interested in delving deeper into the symphonic canon &#8212; like Mahler and Brahms and Bruckner.<\/p>\n<p>Gardner didn&#8217;t follow what we think of in North America as a conventional path to the podium. Like Canadian Opera Company music director Johannes Debus, Gardner was first immersed in music as a church chorister (at Gloucester Cathedral) and entered the opera work through the rehearsal-room door, as a r\u00e9p\u00e9titeur at the Salzburg Festival.<\/p>\n<p>Yes, he does have formal musical schooling, but he learned the real craft on the job, at the piano as much as wielding a baton. And so the traditional repertoire of the symphony orchestra is not necessarily something he is intimate with.<\/p>\n<p>I ask him how it&#8217;s possible to travel so much and also learn new repertoire. He replies that an opera conductor actually has quite a bit of time to study once a production is up and running. &#8220;There is always space between performances, in the evenings and on free days,&#8221; he says.<\/p>\n<p>So now we know how he likes to spend his spare time.<\/p>\n<p>For all the details on the Toronto Symphony concerts on Wednesday night and Thursday afternoon, click <a href=\"http:\/\/tso.ca\/Concerts-And-Tickets\/Events\/2013-2014-Season\/Mahler-Symphony-1.aspx\" target=\"_blank\">here<\/a>.<\/p>\n<p>And here, as a particularly impressive introduction, is Gardner leading the Radio Filharmonisch Orkest of Holland in Sergei Rachmaninov&#8217;s <em>Symphonic Dances<\/em> at the big hall of the Concertgebouw in Amsterdam two years ago:<\/p>\n<div class=\"jetpack-video-wrapper\"><span class=\"embed-youtube\" style=\"text-align:center; display: block;\"><iframe loading=\"lazy\" class=\"youtube-player\" width=\"640\" height=\"360\" src=\"https:\/\/www.youtube.com\/embed\/otJmf3pyb1E?version=3&#038;rel=1&#038;showsearch=0&#038;showinfo=1&#038;iv_load_policy=1&#038;fs=1&#038;hl=en-US&#038;autohide=2&#038;wmode=transparent\" allowfullscreen=\"true\" style=\"border:0;\" sandbox=\"allow-scripts allow-same-origin allow-popups allow-presentation\"><\/iframe><\/span><\/div>\n<p><em>John Terauds<\/em><\/p>\n","protected":false},"excerpt":{"rendered":"<p>Edward Gardner, making his local d\u00e9but with the Toronto Symphony tonight and tomorrow, describes the relationship between a conductor and orchestra as, &#8220;a chemical thing.&#8221;<\/p>\n","protected":false},"author":2,"featured_media":16279,"comment_status":"open","ping_status":"open","sticky":false,"template":"","format":"standard","meta":{"om_disable_all_campaigns":false,"jetpack_post_was_ever_published":false},"categories":[3,76,19,29,36,43,60,63],"tags":[6451,857,6484,4222,2445,6467,6473,6474],"yst_prominent_words":[],"acf":[],"jetpack_featured_media_url":"https:\/\/www.ludwig-van.com\/toronto\/wp-content\/uploads\/sites\/2\/2013\/11\/gardner.jpg","jetpack_sharing_enabled":true,"jetpack_shortlink":"https:\/\/wp.me\/p9bakr-4ey","amp_enabled":true,"_links":{"self":[{"href":"https:\/\/www.ludwig-van.com\/toronto\/wp-json\/wp\/v2\/posts\/16278"}],"collection":[{"href":"https:\/\/www.ludwig-van.com\/toronto\/wp-json\/wp\/v2\/posts"}],"about":[{"href":"https:\/\/www.ludwig-van.com\/toronto\/wp-json\/wp\/v2\/types\/post"}],"author":[{"embeddable":true,"href":"https:\/\/www.ludwig-van.com\/toronto\/wp-json\/wp\/v2\/users\/2"}],"replies":[{"embeddable":true,"href":"https:\/\/www.ludwig-van.com\/toronto\/wp-json\/wp\/v2\/comments?post=16278"}],"version-history":[{"count":3,"href":"https:\/\/www.ludwig-van.com\/toronto\/wp-json\/wp\/v2\/posts\/16278\/revisions"}],"predecessor-version":[{"id":16282,"href":"https:\/\/www.ludwig-van.com\/toronto\/wp-json\/wp\/v2\/posts\/16278\/revisions\/16282"}],"wp:featuredmedia":[{"embeddable":true,"href":"https:\/\/www.ludwig-van.com\/toronto\/wp-json\/wp\/v2\/media\/16279"}],"wp:attachment":[{"href":"https:\/\/www.ludwig-van.com\/toronto\/wp-json\/wp\/v2\/media?parent=16278"}],"wp:term":[{"taxonomy":"category","embeddable":true,"href":"https:\/\/www.ludwig-van.com\/toronto\/wp-json\/wp\/v2\/categories?post=16278"},{"taxonomy":"post_tag","embeddable":true,"href":"https:\/\/www.ludwig-van.com\/toronto\/wp-json\/wp\/v2\/tags?post=16278"},{"taxonomy":"yst_prominent_words","embeddable":true,"href":"https:\/\/www.ludwig-van.com\/toronto\/wp-json\/wp\/v2\/yst_prominent_words?post=16278"}],"curies":[{"name":"wp","href":"https:\/\/api.w.org\/{rel}","templated":true}]}}