{"id":13930,"date":"2013-07-17T07:37:59","date_gmt":"2013-07-17T12:37:59","guid":{"rendered":"https:\/\/www.ludwig-van.com\/?p=13930"},"modified":"2013-07-17T10:55:15","modified_gmt":"2013-07-17T15:55:15","slug":"toronto-memorial-for-late-cellist-janos-starker-set-for-july-27","status":"publish","type":"post","link":"https:\/\/www.ludwig-van.com\/toronto\/2013\/07\/17\/toronto-memorial-for-late-cellist-janos-starker-set-for-july-27\/","title":{"rendered":"Toronto memorial for late cellist Janos Starker set for July 27"},"content":{"rendered":"<p><a href=\"http:\/\/www.ludwig-van.com\/toronto\/wp-content\/uploads\/sites\/2\/2013\/07\/janos-starker1.jpg\"><img decoding=\"async\" loading=\"lazy\" class=\"aligncenter size-full wp-image-13931\" alt=\"janos-starker1\" src=\"http:\/\/www.ludwig-van.com\/toronto\/wp-content\/uploads\/sites\/2\/2013\/07\/janos-starker1.jpg\" width=\"600\" height=\"337\" srcset=\"https:\/\/www.ludwig-van.com\/toronto\/wp-content\/uploads\/sites\/2\/2013\/07\/janos-starker1.jpg 600w, https:\/\/www.ludwig-van.com\/toronto\/wp-content\/uploads\/sites\/2\/2013\/07\/janos-starker1-300x168.jpg 300w\" sizes=\"(max-width: 600px) 100vw, 600px\" \/><\/a><\/p>\n<p>Cellist and music retailer Michael Remenyi is helping organize a memorial for Janos Starker, who died on April 28. The cellist, who had deep Toronto connections, will be remembered on Saturday afternoon, July 27.<!--more--><\/p>\n<p>&#8220;We invite former students and friends, the &#8216;family&#8217; and all who loved him, to join us in this gathering to share our thoughts, memories and music,&#8221; writes Remenyi in his invitation. &#8220;This occasion is meant to provide a somewhat more intimate opportunity to pay tribute. And, please remember to bring along favourite pictures and recollections.&#8221;<\/p>\n<p>Any gathering like this will have music. At this point, Remenyi says cellist Winona Zelenka and violinist Jacques Israelievitch will play part of a duo by Zolt\u00e1n Kod\u00e1ly, the Annex Quartet is bringing some Ern\u00f6 von Dohnanyi, and cellist Coenraad Bloemendal will lead David Popper&#8217;s <em>Requiem<\/em> (for three cellos and piano).<\/p>\n<p>Remenyi promises &#8220;lots of camaraderie and laughs.&#8221;<\/p>\n<p>The event is being held at the Toronto Cricket Skating &amp; Curling Club, 141 Wilson Ave. The gathering starts at 1 p.m. Instead of simply showing up, please rsvp to admin (at) remenyi.com.<br \/>\n<em>John Terauds<\/em><\/p>\n","protected":false},"excerpt":{"rendered":"<p>Cellist and music retailer Michael Remenyi is helping organize a memorial for Janos Starker, who died on April 28. The cellist, who had deep Toronto connections, will be remembered on Saturday afternoon, July 27.<\/p>\n","protected":false},"author":2,"featured_media":13931,"comment_status":"open","ping_status":"open","sticky":false,"template":"","format":"standard","meta":{"om_disable_all_campaigns":false,"jetpack_post_was_ever_published":false},"categories":[3,9,14,36,39,63,1],"tags":[6451,1697,3729,2186,6474],"yst_prominent_words":[],"acf":[],"jetpack_featured_media_url":"https:\/\/www.ludwig-van.com\/toronto\/wp-content\/uploads\/sites\/2\/2013\/07\/janos-starker1.jpg","jetpack_sharing_enabled":true,"jetpack_shortlink":"https:\/\/wp.me\/p9bakr-3CG","amp_enabled":true,"_links":{"self":[{"href":"https:\/\/www.ludwig-van.com\/toronto\/wp-json\/wp\/v2\/posts\/13930"}],"collection":[{"href":"https:\/\/www.ludwig-van.com\/toronto\/wp-json\/wp\/v2\/posts"}],"about":[{"href":"https:\/\/www.ludwig-van.com\/toronto\/wp-json\/wp\/v2\/types\/post"}],"author":[{"embeddable":true,"href":"https:\/\/www.ludwig-van.com\/toronto\/wp-json\/wp\/v2\/users\/2"}],"replies":[{"embeddable":true,"href":"https:\/\/www.ludwig-van.com\/toronto\/wp-json\/wp\/v2\/comments?post=13930"}],"version-history":[{"count":4,"href":"https:\/\/www.ludwig-van.com\/toronto\/wp-json\/wp\/v2\/posts\/13930\/revisions"}],"predecessor-version":[{"id":13935,"href":"https:\/\/www.ludwig-van.com\/toronto\/wp-json\/wp\/v2\/posts\/13930\/revisions\/13935"}],"wp:featuredmedia":[{"embeddable":true,"href":"https:\/\/www.ludwig-van.com\/toronto\/wp-json\/wp\/v2\/media\/13931"}],"wp:attachment":[{"href":"https:\/\/www.ludwig-van.com\/toronto\/wp-json\/wp\/v2\/media?parent=13930"}],"wp:term":[{"taxonomy":"category","embeddable":true,"href":"https:\/\/www.ludwig-van.com\/toronto\/wp-json\/wp\/v2\/categories?post=13930"},{"taxonomy":"post_tag","embeddable":true,"href":"https:\/\/www.ludwig-van.com\/toronto\/wp-json\/wp\/v2\/tags?post=13930"},{"taxonomy":"yst_prominent_words","embeddable":true,"href":"https:\/\/www.ludwig-van.com\/toronto\/wp-json\/wp\/v2\/yst_prominent_words?post=13930"}],"curies":[{"name":"wp","href":"https:\/\/api.w.org\/{rel}","templated":true}]}}