{"id":122400,"date":"2026-03-09T10:57:01","date_gmt":"2026-03-09T14:57:01","guid":{"rendered":"https:\/\/www.ludwig-van.com\/toronto\/?p=122400"},"modified":"2026-03-09T10:57:01","modified_gmt":"2026-03-09T14:57:01","slug":"critics-picks-classical-music-events-absolutely-need-see-week-march-9-march-15-2026","status":"publish","type":"post","link":"https:\/\/www.ludwig-van.com\/toronto\/2026\/03\/09\/critics-picks-classical-music-events-absolutely-need-see-week-march-9-march-15-2026\/","title":{"rendered":"CRITIC\u2019S PICKS | Classical Music Events You Absolutely Need To See This Week: March 9 \u2013 March 15 2026"},"content":{"rendered":"<figure id=\"attachment_122401\" aria-describedby=\"caption-attachment-122401\" style=\"width: 1200px\" class=\"wp-caption aligncenter\"><img decoding=\"async\" loading=\"lazy\" class=\"size-full wp-image-122401\" src=\"https:\/\/www.ludwig-van.com\/toronto\/wp-content\/uploads\/sites\/2\/2026\/03\/Copy-of-CRITICS-PICKS-2026-03-09T104912.559.jpg\" alt=\"L-R (clockwise): Cellist Pablo Ferr\u00e1ndez (Photo courtesy of the artist); Oboist Sarah Jeffrey (Photo: Christopher Wahl); Ivar Taurins conducts the Tafelmusik Baroque Orchestra &amp; Chamber Choir, December 2024 (Photo: Dahlia Katz)\" width=\"1200\" height=\"628\" srcset=\"https:\/\/www.ludwig-van.com\/toronto\/wp-content\/uploads\/sites\/2\/2026\/03\/Copy-of-CRITICS-PICKS-2026-03-09T104912.559.jpg 1200w, https:\/\/www.ludwig-van.com\/toronto\/wp-content\/uploads\/sites\/2\/2026\/03\/Copy-of-CRITICS-PICKS-2026-03-09T104912.559-300x157.jpg 300w, https:\/\/www.ludwig-van.com\/toronto\/wp-content\/uploads\/sites\/2\/2026\/03\/Copy-of-CRITICS-PICKS-2026-03-09T104912.559-1024x536.jpg 1024w, https:\/\/www.ludwig-van.com\/toronto\/wp-content\/uploads\/sites\/2\/2026\/03\/Copy-of-CRITICS-PICKS-2026-03-09T104912.559-768x402.jpg 768w\" sizes=\"(max-width: 1200px) 100vw, 1200px\" \/><figcaption id=\"caption-attachment-122401\" class=\"wp-caption-text\">L-R (clockwise): Cellist Pablo Ferr\u00e1ndez (Photo courtesy of the artist); Oboist Sarah Jeffrey (Photo: Christopher Wahl); Ivar Taurins conducts the Tafelmusik Baroque Orchestra &amp; Chamber Choir, December 2024 (Photo: Dahlia Katz)<\/figcaption><\/figure>\n<p>This is a list of concerts we are attending, wishing we could attend, or thinking about attending between March 9 and 15, 2026. For more of what\u2019s happening around Toronto, visit our calendar <strong><a href=\"https:\/\/www.ludwig-van.com\/toronto\/events\" target=\"_blank\" rel=\"noopener\">here<\/a><\/strong>.<\/p>\n<h3>Tafelmusik Baroque: A Bach Celebration<\/h3>\n<p>Thursday, March 12, 7:30 p.m.; Friday, March 13, 8 p.m.; Saturday, March 14, 8 p.m.; Sunday, March 15, 3 p.m.<br \/>\nTrinity St. Paul\u2019s United Church, $23.50+<\/p>\n<p>Bach spent his last four decades writing amazing cantatas, and Ivars Taurins, with his deep musical scholarship and incredible musicianship, has programmed an evening of drama, beauty, and expressivity. These works have survived 270+ years since Bach\u2019s death in 1750, and his massive contribution to Western classical music still runs hot through its veins. However, as Bach is so beloved, we do tend to hear a selected few favourites on repeat; Taurin\u2019s decision to focus on less-performed works brings an interesting perspective to even the most seasoned Bach aficionados. Come out and experience that familiar Bach genius through fresh works, as two soloists, Myriam Leblanc and James Rees, shine atop the Tafel ensemble. Read our <a href=\"https:\/\/www.ludwig-van.com\/toronto\/2026\/03\/05\/preview-tafelmusik-presents-bach-celebration-featuring-rarely-heard-works-200-cantatas\/\" target=\"_blank\" rel=\"noopener\">Preview here<\/a>. Info <strong><a href=\"https:\/\/tafelmusik.org\/concerts-events\/concerts\/a-bach-celebration\/\" target=\"_blank\" rel=\"noopener\">here<\/a><\/strong>.<\/p>\n<h3>University of Toronto Opera: The Rape of Lucretia<\/h3>\n<p>Thursday, March 12, Friday, March 13, Saturday, March 14: 7:30 p.m.; Sunday, March 15: 2:30 p.m.,<br \/>\nHarbourfront Centre Theatre, $10+<\/p>\n<p>Britten\u2019s mastery of difficult human emotions, especially in opera, is unrivalled. Exploring deeply into the ugly side of the human psyche, the Rape of Lucretia, his first chamber opera, employs a small ensemble \u2014 tiny, compared to the usual grande opera scale. However, designed for tours, the intimacy and clarity of the chamber opera, involving just eight singers and thirteen instrumentalists, creates an unusually intense and devastating form of storytelling. Opening with banging dissonances, we are greeted with quite a situation: \u201cRome is now ruled by the Etruscan upstart\u2026\u201d How did Tarquinius reach the throne? By making his own virtues and his will bent to the purpose of determined evil. The simple plot, where Lucretia is raped by the narcissist Tarqunius who simply uses rape as a weapon of boasting, leaving her to simply choose death, is perhaps too unreal. Or is it too real? Where are we in the world, and what are our values? Epstein files aside, this century-old plot isn\u2019t just a story. It is real for so many \u2014 even one would&#8217;ve been too many, yet here we are. Who is Tarquinius? And should we still expect Lucretia to choose death? Would today\u2019s Lucretia have lived \u2014 if yes, how? It is very difficult to forget Virginia Giuffre\u2019s death, and her harrowing tales. Brock Turner, with his Stanford swimming team glory, raped two girls, then was too sad to eat a steak while waiting for the trial \u2014 is this where we are? Did we go anywhere since 1949, or from the Roman times? Who could tell? Come and experience Britten\u2019s genius, and take another look at our own world, as Lucretia\u2019s final aria, blood-stained and soaked in shame, rings against all the wrongs that the weak face, against the tyrants of the world. Info <strong><a href=\"https:\/\/music.utoronto.ca\/event\/opera-20260312\" target=\"_blank\" rel=\"noopener\">here<\/a><\/strong>.<\/p>\n<h3>Toronto Symphony Orchestra. Dvo\u0159\u00e1k&#8217;s Cello<\/h3>\n<p>Thursday, March 12, Friday, March 13, Saturday, March 14, all shows at 7:30 p.m.<br \/>\nRoy Thomson Hall, $67+<\/p>\n<p>The TSO brings a perennial favourite, Dvo\u0159\u00e1k&#8217;s Cello Concerto, with Pablo Ferr\u00e1ndez. Armed with the Stradivarius \u201cArchinto\u201d 1689 on a life-loan, Ferr\u00e1ndez, hailed as one of the best modern upcoming cellists, well-known for his beautifully romantic interpretation and slightly unorthodox use of vibrato, is an exciting soloist choice. Gimeno\u2019s connections have been a great asset to the TSO, not only in general morale and quality playing, but also bringing in new talents to the city, including the music of Francisco Coll. Coll\u2019s piano concerto, \u201cCiudad sin sue\u00f1o\u201d with the Spanish giant Javier Perianes, and \u201cElysian\u201d \u2014 both were simply stunning. He is easily one of the best current composers of our time. Seeing Coll\u2019s \u201cLilith\u201d, a TSO co-commission on the program for its North American premiere, is an exciting perspective. New music isn\u2019t scary or difficult. Rather, our perception of what music should be makes things impossible at times \u2014 expectations are limiting and confining. Coll\u2019s kinaesthetic energy and beautiful orchestration is hauntingly beautiful, so put away your worries about things unknown \u2014 after all, it\u2019s in our human nature to go explore. Come and keep your ears and senses open to Coll\u2019s world. If it leaves you slightly uneasy, don\u2019t worry, the timeless beauty of Dvo\u0159\u00e1k&#8217;s Cello Concerto will soothe anyone, and everyone. Info <strong><a href=\"https:\/\/www.tso.ca\/concerts-and-events\/events\/dvoaks-cello\" target=\"_blank\" rel=\"noopener\">here<\/a><\/strong>.<\/p>\n<h3>That Arts Group: That Community Choir \u2014 Folk Songs<\/h3>\n<p>Saturday, March 14<br \/>\nChurch of St. Mary Magdalene, 477 Manning Ave., $10+, Pay What You Can<\/p>\n<p>That Arts Group, led by Craig Pike, Artistic Director, has been diversifying and growing beyond That Choir in the last few years. Now TAG has a theatre venture, That Theatre Company, and a community-based choral group, That Community Choir, plus a physical homebase space \u2014 that\u2019s quite a feat. Judging from the serious commitment to artistry of TC, TCC promises a lovely evening of community-based music making through folksongs from around the world. TCC\u2019s first concert was a year ago \u2014 let\u2019s see how they\u2019ve grown over a year, and join them in the true beauty of choral singing \u2014 in the heart of a community, built through the vulnerability of singing together. Bring all your friends; at pay-what-you-can, starting at $10, it\u2019s a very generous way to experience live performance. Info <strong><a href=\"https:\/\/www.thatartsgroup.com\/that-community-choir\" target=\"_blank\" rel=\"noopener\">here<\/a><\/strong>.<\/p>\n<h3>Royal Conservatory of Music: An Afternoon of Bach<\/h3>\n<p>Sunday, March 15, 2 p.m.<br \/>\nMazzoleni Concert Hall, Royal Conservatory of Music, $25+<\/p>\n<p>Bach is certainly in the air this week. Faculty and students of the Glenn Gould School are joined by Jens Lindemann on trumpet for three concerti this Sunday afternoon. Lovely Sarah Jeffrey, principal oboe of the TSO, and Jonathan Crow, the concertmaster of TSO and newly appointed director for the Temerty Orchestral Program, will open the afternoon with Bach\u2019s Concerto for Violin and Oboe in C minor, followed by Brandenburg Concerto No. 5 \u2014 the harpsichord extravaganza \u2014 and Brandenburg Concerto No. 2, a work focusing on the brilliance of upper register instruments: trumpet, flute, oboe, and violin. With spring on its way, albeit leisurely, this brilliant music can certainly help to lift the spirits against the slow thawing of March. Info <strong><a href=\"https:\/\/www.rcmusic.com\/events-and-performances\/an-afternoon-of-bach\" target=\"_blank\" rel=\"noopener\">here<\/a><\/strong>.<\/p>\n<h3 class=\"western\"><em><b>#LUDWIGVAN<\/b><\/em><\/h3>\n<p class=\"western\"><em>Get the daily arts news straight to your inbox.<\/em><\/p>\n<h3 class=\"western\"><em>Sign up for the Ludwig Van Toronto e-Blast! \u2014 local classical music and opera news straight to your inbox <\/em><br \/>\n<a href=\"https:\/\/583e6ce0-dfd0-48be-8a33-61256b3c58e3.mlbtlr.com\/p2\/Fbd8jWoWQQ6CdBcLIvut3Q\/02E3cYaETqaj4Xm087cpSg?contactid=S3HHYfHY5rZv5f94S15MnA\" target=\"_blank\" rel=\"noopener\" data-saferedirecturl=\"https:\/\/www.google.com\/url?q=https:\/\/583e6ce0-dfd0-48be-8a33-61256b3c58e3.mlbtlr.com\/p2\/Fbd8jWoWQQ6CdBcLIvut3Q\/02E3cYaETqaj4Xm087cpSg?contactid%3DS3HHYfHY5rZv5f94S15MnA&amp;source=gmail&amp;ust=1695737525351000&amp;usg=AOvVaw0QTqKRwRJQFGK3KoJYigxX\">HERE<\/a>.<\/h3>\n","protected":false},"excerpt":{"rendered":"<p>Classical music and opera events in Toronto for the week of March 9 to 15, 2026. <\/p>\n","protected":false},"author":62,"featured_media":122401,"comment_status":"open","ping_status":"open","sticky":false,"template":"","format":"standard","meta":{"om_disable_all_campaigns":false,"jetpack_post_was_ever_published":false},"categories":[42533,74,10,11,76,19,3895,38,43,63],"tags":[41757,4439,40655,39729,5793],"yst_prominent_words":[11056],"acf":[],"jetpack_featured_media_url":"https:\/\/www.ludwig-van.com\/toronto\/wp-content\/uploads\/sites\/2\/2026\/03\/Copy-of-CRITICS-PICKS-2026-03-09T104912.559.jpg","jetpack_sharing_enabled":true,"jetpack_shortlink":"https:\/\/wp.me\/p9bakr-vQc","amp_enabled":true,"_links":{"self":[{"href":"https:\/\/www.ludwig-van.com\/toronto\/wp-json\/wp\/v2\/posts\/122400"}],"collection":[{"href":"https:\/\/www.ludwig-van.com\/toronto\/wp-json\/wp\/v2\/posts"}],"about":[{"href":"https:\/\/www.ludwig-van.com\/toronto\/wp-json\/wp\/v2\/types\/post"}],"author":[{"embeddable":true,"href":"https:\/\/www.ludwig-van.com\/toronto\/wp-json\/wp\/v2\/users\/62"}],"replies":[{"embeddable":true,"href":"https:\/\/www.ludwig-van.com\/toronto\/wp-json\/wp\/v2\/comments?post=122400"}],"version-history":[{"count":1,"href":"https:\/\/www.ludwig-van.com\/toronto\/wp-json\/wp\/v2\/posts\/122400\/revisions"}],"predecessor-version":[{"id":122402,"href":"https:\/\/www.ludwig-van.com\/toronto\/wp-json\/wp\/v2\/posts\/122400\/revisions\/122402"}],"wp:featuredmedia":[{"embeddable":true,"href":"https:\/\/www.ludwig-van.com\/toronto\/wp-json\/wp\/v2\/media\/122401"}],"wp:attachment":[{"href":"https:\/\/www.ludwig-van.com\/toronto\/wp-json\/wp\/v2\/media?parent=122400"}],"wp:term":[{"taxonomy":"category","embeddable":true,"href":"https:\/\/www.ludwig-van.com\/toronto\/wp-json\/wp\/v2\/categories?post=122400"},{"taxonomy":"post_tag","embeddable":true,"href":"https:\/\/www.ludwig-van.com\/toronto\/wp-json\/wp\/v2\/tags?post=122400"},{"taxonomy":"yst_prominent_words","embeddable":true,"href":"https:\/\/www.ludwig-van.com\/toronto\/wp-json\/wp\/v2\/yst_prominent_words?post=122400"}],"curies":[{"name":"wp","href":"https:\/\/api.w.org\/{rel}","templated":true}]}}