{"id":120880,"date":"2026-01-12T16:01:53","date_gmt":"2026-01-12T21:01:53","guid":{"rendered":"https:\/\/www.ludwig-van.com\/toronto\/?p=120880"},"modified":"2026-01-13T13:00:01","modified_gmt":"2026-01-13T18:00:01","slug":"preview-music-toronto-presents-gryphon-trio-nordic-voices-january-27","status":"publish","type":"post","link":"https:\/\/www.ludwig-van.com\/toronto\/2026\/01\/12\/preview-music-toronto-presents-gryphon-trio-nordic-voices-january-27\/","title":{"rendered":"PREVIEW | Music Toronto Presents The Gryphon Trio &amp; Nordic Voices January 27"},"content":{"rendered":"<figure id=\"attachment_120881\" aria-describedby=\"caption-attachment-120881\" style=\"width: 1200px\" class=\"wp-caption aligncenter\"><img decoding=\"async\" loading=\"lazy\" class=\"size-full wp-image-120881\" src=\"https:\/\/www.ludwig-van.com\/toronto\/wp-content\/uploads\/sites\/2\/2026\/01\/Copy-of-REVIEW-2026-01-12T155709.785.jpg\" alt=\"L: Gryphon Trio (Photo: Bo Huang); R: Nordic Voice (Photo courtesy of the artists)\" width=\"1200\" height=\"628\" srcset=\"https:\/\/www.ludwig-van.com\/toronto\/wp-content\/uploads\/sites\/2\/2026\/01\/Copy-of-REVIEW-2026-01-12T155709.785.jpg 1200w, https:\/\/www.ludwig-van.com\/toronto\/wp-content\/uploads\/sites\/2\/2026\/01\/Copy-of-REVIEW-2026-01-12T155709.785-300x157.jpg 300w, https:\/\/www.ludwig-van.com\/toronto\/wp-content\/uploads\/sites\/2\/2026\/01\/Copy-of-REVIEW-2026-01-12T155709.785-1024x536.jpg 1024w, https:\/\/www.ludwig-van.com\/toronto\/wp-content\/uploads\/sites\/2\/2026\/01\/Copy-of-REVIEW-2026-01-12T155709.785-768x402.jpg 768w\" sizes=\"(max-width: 1200px) 100vw, 1200px\" \/><figcaption id=\"caption-attachment-120881\" class=\"wp-caption-text\">L: Gryphon Trio (Photo: Bo Huang); R: Nordic Voice (Photo courtesy of the artists)<\/figcaption><\/figure>\n<p>Four new works by living composers will be on the program when the Gryphon Trio and Nordic Voices get together for a concert on January 27.<\/p>\n<p>Music Toronto presents the concert, which features recently commissioned works by Cree composer Andrew Balfour, Canadian-Polish composer Norbert Palej, Canadian composer Jeffrey Ryan, and Ukrainian composer Bohdana Frolyak.<\/p>\n<h3>Performers<\/h3>\n<p>The <strong>Gryphon Trio<\/strong> \u2014 violinist Annalee Patipatanakoon, cellist Roman Borys, and pianist Jamie Parker \u2014 are one of Canada\u2019s preeminent classical music ensembles. They are known for their diverse repertoire, ranging from classical European based works to 21st century multimedia works, and beyond.<\/p>\n<p>Founded more than 30 years ago, they have released over 20 albums, and garnered three JUNO Awards. Their discography includes works by Haydn, Mozart, Beethoven, Schubert, Mendelssohn, Dvo\u0159\u00e1k, Ravel, Shostakovich, and Piazzolla, Valentin Silvestrov, Christos Hatzis, and Kelly-Marie Murphy.<\/p>\n<p>The trio has served as ensemble-in-residence at Music Toronto for more than 25 years, along with touring extensively across North America and Europe. They have commissioned more than 100 new works, including music and multimedia, and collaborated with an impressive list of musicians and artists from a range of fields outside music.<\/p>\n<p>As dedicated educators, they have presented masterclasses across North America, and serve as Artists-in-Residence at the University of Toronto\u2019s Faculty of Music. Jamie Parker holds the Rupert E. Edwards Chair in Piano Performance, Annalee Patipatanakoon is Professor of Violin and Chamber Music, and Roman Borys is Artistic and Executive Director of Toronto\u2019s long-running chamber music series, Music Toronto.<\/p>\n<p><strong>Nordic Voices<\/strong> is a six-voice a cappella group, formed in 1996 by six graduates of the Norwegian Academy of Music and the Norwegian Academy of Opera. Along with performing, as a group, their backgrounds include choral conducting, teacher training, and composition. They have performed across the globe, from South Africa to Taiwan to Bolivia and Canada.<\/p>\n<p>Their repertoire includes everything form early music to new commissions from Norwegian composers and others, and their programs often include a broad mix of music.<\/p>\n<p>Nordic Voices are musical adventurers who look to expand the ways in which the classically trained voice can be used, including new vocal techniques.<\/p>\n<p>As recording artists, they\u2019ve released several albums and contributed to many others, and garnered awards that include the Fartein Valen-award, the Rolf Gammeleng-award, and in 2014, the prestigious \u201cPerformer of the year\u201d from the Norwegian Society of Composers.<\/p>\n<h3>Program<\/h3>\n<p><strong>Omaa Biindig by Cree composer Andrew Balfour<\/strong><\/p>\n<p>Andrew Balfour\u2019s Omaa Biindi incorporates texts in Ojibway and Norwegian. It is in essence a kind of ritual journey to the North, South, East, and West, incorporating Water and Earth, and finally, in the often overlooked direction of inwards, towards the self.<\/p>\n<p><strong>DAL by Canadian-Polish composer Norbert Palej<\/strong><\/p>\n<p>Norbert Palej\u2019s DAL receives its world premiere at the concert. The work is set to poems by by Tadeusz Mici\u0144ski, Juliusz S\u0142owacki, and Stanis\u0142aw Wyspia\u0144ski, taking their voices from Poland\u2019s literary past and adding a contemporary musical soundscape infused with folk music.<\/p>\n<p><strong>Scar Tissue by Canadian composer Jeffrey Ryan<\/strong><\/p>\n<p>Jeffrey Ryan is Music Toronto\u2019s composer-in-residence. Scar Tissue is a collaboration with Giller Prize-winning author and poet Michael Redhill that was commissioned by Gryphon Trio. The work examines memory, and the marks we bear that are left by history.<\/p>\n<p><strong>Will Sing Life Again by Ukrainian composer Bohdana Frolyak<\/strong><\/p>\n<p>Frolyak\u2019s Will Sing Life Again is the heart of the program. It is a setting of Poem about a Crow by<br \/>\nUkrainian writer and war journalist Viktoria Amelin, who was killed in 2023 while documenting<br \/>\nwar crimes in the Donbas region of Eastern Ukraine. Will Sing Life Again, an intense, haunting work, premiered in the summer of 2025 in Norway. The crow becomes a symbol of both mourning and endurance, a symbol of collective memory and loss, where remembrance can also be an act of renewal.<\/p>\n<h3>Concert Details<\/h3>\n<p>Gryphon Trio with Nordic Voices takes place on January 27 at the Jane Mallet Theatre, St. Lawrence Centre for the Arts.<\/p>\n<p>Gryphon Trio will perform three additional concerts with Nordic Voices at Western University<br \/>\nDon Wright School of Music (January 23), Wilfrid Laurier University (January 29), and Burlington<br \/>\nPerforming Arts Centre (January 31).<\/p>\n<ul>\n<li>Find details and information about the Toronto concert [<strong><a href=\"https:\/\/musictorontoconcerts.com\/concerts\/nordic-voices\" target=\"_blank\" rel=\"noopener\">HERE<\/a><\/strong>].<\/li>\n<\/ul>\n<p><strong><em>Are you looking to promote an <a href=\"https:\/\/www.ludwig-van.com\/toronto\/advertising\/\" target=\"_blank\" rel=\"noopener\"><span style=\"color: #0e101a\"><u>event<\/u><\/span><\/a>? Have a\u00a0<a href=\"https:\/\/www.ludwig-van.com\/toronto\/masthead\/\" target=\"_blank\" rel=\"noopener\"><u>news tip<\/u><\/a>? Need to know the best\u00a0<a href=\"https:\/\/www.ludwig-van.com\/toronto\/events\/\" target=\"_blank\" rel=\"noopener\"><u>events<\/u><\/a>\u00a0happening this weekend? Send us a\u00a0<\/em><\/strong><a href=\"mailto:anya@ludwig-van.com?subject=Let's%20chat\" target=\"_blank\" rel=\"noopener\"><strong><em><u>note<\/u>.<\/em><\/strong><br \/>\n<\/a><\/p>\n<h3 class=\"western\"><em><b>#LUDWIGVAN<\/b><\/em><\/h3>\n<p class=\"western\"><em>Get the daily arts news straight to your inbox.<\/em><\/p>\n<h3 class=\"western\"><em>Sign up for the Ludwig Van Toronto e-Blast! \u2014 local classical music and opera news straight to your inbox <\/em><a href=\"https:\/\/583e6ce0-dfd0-48be-8a33-61256b3c58e3.mlbtlr.com\/p2\/Fbd8jWoWQQ6CdBcLIvut3Q\/02E3cYaETqaj4Xm087cpSg?contactid=S3HHYfHY5rZv5f94S15MnA\" target=\"_blank\" rel=\"noopener\" data-saferedirecturl=\"https:\/\/www.google.com\/url?q=https:\/\/583e6ce0-dfd0-48be-8a33-61256b3c58e3.mlbtlr.com\/p2\/Fbd8jWoWQQ6CdBcLIvut3Q\/02E3cYaETqaj4Xm087cpSg?contactid%3DS3HHYfHY5rZv5f94S15MnA&amp;source=gmail&amp;ust=1695737525351000&amp;usg=AOvVaw0QTqKRwRJQFGK3KoJYigxX\">HERE<\/a>.<\/h3>\n","protected":false},"excerpt":{"rendered":"<p>Four new works by living composers will be on the program when the Gryphon Trio and Nordic Voices get together for a concert on January 27.<\/p>\n","protected":false},"author":64,"featured_media":120881,"comment_status":"open","ping_status":"open","sticky":false,"template":"","format":"standard","meta":{"om_disable_all_campaigns":false,"jetpack_post_was_ever_published":false},"categories":[42533,10,11,19,38,63],"tags":[1492,40199],"yst_prominent_words":[13025,14678,13028,6616,9087],"acf":[],"jetpack_featured_media_url":"https:\/\/www.ludwig-van.com\/toronto\/wp-content\/uploads\/sites\/2\/2026\/01\/Copy-of-REVIEW-2026-01-12T155709.785.jpg","jetpack_sharing_enabled":true,"jetpack_shortlink":"https:\/\/wp.me\/p9bakr-vrG","amp_enabled":true,"_links":{"self":[{"href":"https:\/\/www.ludwig-van.com\/toronto\/wp-json\/wp\/v2\/posts\/120880"}],"collection":[{"href":"https:\/\/www.ludwig-van.com\/toronto\/wp-json\/wp\/v2\/posts"}],"about":[{"href":"https:\/\/www.ludwig-van.com\/toronto\/wp-json\/wp\/v2\/types\/post"}],"author":[{"embeddable":true,"href":"https:\/\/www.ludwig-van.com\/toronto\/wp-json\/wp\/v2\/users\/64"}],"replies":[{"embeddable":true,"href":"https:\/\/www.ludwig-van.com\/toronto\/wp-json\/wp\/v2\/comments?post=120880"}],"version-history":[{"count":9,"href":"https:\/\/www.ludwig-van.com\/toronto\/wp-json\/wp\/v2\/posts\/120880\/revisions"}],"predecessor-version":[{"id":120892,"href":"https:\/\/www.ludwig-van.com\/toronto\/wp-json\/wp\/v2\/posts\/120880\/revisions\/120892"}],"wp:featuredmedia":[{"embeddable":true,"href":"https:\/\/www.ludwig-van.com\/toronto\/wp-json\/wp\/v2\/media\/120881"}],"wp:attachment":[{"href":"https:\/\/www.ludwig-van.com\/toronto\/wp-json\/wp\/v2\/media?parent=120880"}],"wp:term":[{"taxonomy":"category","embeddable":true,"href":"https:\/\/www.ludwig-van.com\/toronto\/wp-json\/wp\/v2\/categories?post=120880"},{"taxonomy":"post_tag","embeddable":true,"href":"https:\/\/www.ludwig-van.com\/toronto\/wp-json\/wp\/v2\/tags?post=120880"},{"taxonomy":"yst_prominent_words","embeddable":true,"href":"https:\/\/www.ludwig-van.com\/toronto\/wp-json\/wp\/v2\/yst_prominent_words?post=120880"}],"curies":[{"name":"wp","href":"https:\/\/api.w.org\/{rel}","templated":true}]}}