{"id":119135,"date":"2025-11-03T14:49:15","date_gmt":"2025-11-03T19:49:15","guid":{"rendered":"https:\/\/www.ludwig-van.com\/toronto\/?p=119135"},"modified":"2025-11-03T14:50:44","modified_gmt":"2025-11-03T19:50:44","slug":"scrutiny-full-love-renee-flemings-gala-torontos-koerner-hall","status":"publish","type":"post","link":"https:\/\/www.ludwig-van.com\/toronto\/2025\/11\/03\/scrutiny-full-love-renee-flemings-gala-torontos-koerner-hall\/","title":{"rendered":"SCRUTINY | All Is Full of Love: Ren\u00e9e Fleming\u2019s Gala At Toronto\u2019s Koerner Hall"},"content":{"rendered":"<figure id=\"attachment_119137\" aria-describedby=\"caption-attachment-119137\" style=\"width: 1200px\" class=\"wp-caption aligncenter\"><img decoding=\"async\" loading=\"lazy\" class=\"size-full wp-image-119137\" src=\"https:\/\/www.ludwig-van.com\/toronto\/wp-content\/uploads\/sites\/2\/2025\/11\/Copy-of-REVIEW-2025-11-03T144449.926.jpg\" alt=\"Ren\u00e9e Fleming performs at Toronto\u2019s Koerner Hall (Photo: Lisa Sakulensky Photography)\" width=\"1200\" height=\"628\" srcset=\"https:\/\/www.ludwig-van.com\/toronto\/wp-content\/uploads\/sites\/2\/2025\/11\/Copy-of-REVIEW-2025-11-03T144449.926.jpg 1200w, https:\/\/www.ludwig-van.com\/toronto\/wp-content\/uploads\/sites\/2\/2025\/11\/Copy-of-REVIEW-2025-11-03T144449.926-300x157.jpg 300w, https:\/\/www.ludwig-van.com\/toronto\/wp-content\/uploads\/sites\/2\/2025\/11\/Copy-of-REVIEW-2025-11-03T144449.926-1024x536.jpg 1024w, https:\/\/www.ludwig-van.com\/toronto\/wp-content\/uploads\/sites\/2\/2025\/11\/Copy-of-REVIEW-2025-11-03T144449.926-768x402.jpg 768w\" sizes=\"(max-width: 1200px) 100vw, 1200px\" \/><figcaption id=\"caption-attachment-119137\" class=\"wp-caption-text\">Ren\u00e9e Fleming performs at Toronto\u2019s Koerner Hall (Photo: Lisa Sakulensky Photography)<\/figcaption><\/figure>\n<p><em><strong>Royal Conservatory of Music: An Intimate Evening with Ren\u00e9e Fleming. November 1, 2025, Koerner Hall.<\/strong><\/em><\/p>\n<p>\u201cI didn\u2019t think anyone would be here tonight,\u201d quipped a typically glamorous Ren\u00e9e Fleming, alluding to the Blue Jays\u2019 nail-biter 15 minutes down the road.<\/p>\n<p>Prior to the concert, the Royal Conservatory\u2019s marketing team had reassured ticketholders at the Fundraising Gala that the game would be viewable during the intermission and at the post-concert champagne reception \u2014 an inspired bit of audience management aspiring to turn the evening into a double celebration.<\/p>\n<p>Alas, the hoped-for victory was not to be. But, those who chose to be at Koerner Hall could take solace in what proved a genuinely special occasion, even if not always a musically consistent one.<\/p>\n<figure id=\"attachment_119139\" aria-describedby=\"caption-attachment-119139\" style=\"width: 1200px\" class=\"wp-caption aligncenter\"><img decoding=\"async\" loading=\"lazy\" class=\"size-full wp-image-119139\" src=\"https:\/\/www.ludwig-van.com\/toronto\/wp-content\/uploads\/sites\/2\/2025\/11\/Outlook-DZ6_0674.j.jpg\" alt=\"Ren\u00e9e Fleming performs at Toronto\u2019s Koerner Hall (Photo: Lisa Sakulensky Photography)\" width=\"1200\" height=\"799\" srcset=\"https:\/\/www.ludwig-van.com\/toronto\/wp-content\/uploads\/sites\/2\/2025\/11\/Outlook-DZ6_0674.j.jpg 1200w, https:\/\/www.ludwig-van.com\/toronto\/wp-content\/uploads\/sites\/2\/2025\/11\/Outlook-DZ6_0674.j-300x200.jpg 300w, https:\/\/www.ludwig-van.com\/toronto\/wp-content\/uploads\/sites\/2\/2025\/11\/Outlook-DZ6_0674.j-1024x682.jpg 1024w, https:\/\/www.ludwig-van.com\/toronto\/wp-content\/uploads\/sites\/2\/2025\/11\/Outlook-DZ6_0674.j-768x511.jpg 768w\" sizes=\"(max-width: 1200px) 100vw, 1200px\" \/><figcaption id=\"caption-attachment-119139\" class=\"wp-caption-text\">Ren\u00e9e Fleming performs at Toronto\u2019s Koerner Hall (Photo: Lisa Sakulensky Photography)<\/figcaption><\/figure>\n<h3>Voice of Nature: The Anthropocene<\/h3>\n<p>The program was billed as Voice of Nature: The Anthropocene, the title of Fleming and Yannick N\u00e9zet-S\u00e9guin\u2019s Grammy-winning album \u2014 an awareness raising collage of new and not-so-new music inspired by the natural world and the climate crisis.<\/p>\n<p>\u201cAnthropocene,\u201d of course, denotes the current geological era shaped by humanity\u2019s indelible mark on the planet. Yet for a project conceived as an urgent call to action, the selections heard here were curiously serene, even detached.<\/p>\n<p>Stripped of most of the album\u2019s art song repertoire, the concert offered instead a sequence of pop-inflected songs, accompanied by a stream of National Geographic-curated videos, \u00e0 la David Attenborough.<\/p>\n<p>Unfortunately, the images, the lyrics, and the music never fully aligned to create the intended impact. Footage scrolled through every eco-clich\u00e9 in the book, from collapsing icebergs and sped-up Northern lights to adorable baby animals, often with little connection to the words being sung. The music ranged from a souped-up version of Bj\u00f6rk\u2019s All Is Full of Love to Burt Bacharach\u2019s What the World Needs Now, served up with generous helpings of schmaltz and kitsch.<\/p>\n<p>There was certainly nothing to fault in Fleming\u2019s intentions or presence. Moving seamlessly between operatic projection and a more intimate, microphone-assisted pop tone, she remained far more compelling to watch than the nature montages behind her.<\/p>\n<p>The overall atmosphere was lush, immersive, and carefully curated \u2014 a multimedia meditation rather than a call to arms, bathed in gentle light and well-meant optimism. This was all very much in the spirit of a fundraiser \u2014 on message, polished, and occasionally overproduced.<\/p>\n<h3>The Royal Conservatory Orchestra<\/h3>\n<p>The inclusion of the Royal Conservatory Orchestra, led by the <strong>Robert Moody<\/strong>, gave the evening an extra sense of purpose and community, the students representing the potential beneficiaries as well as potential sufferers from the climate crisis.<\/p>\n<p>Moody brought infectious energy and rapport to the proceedings, allowing the players not only to deliver the goods but to enjoy themselves in the process. Yet in the first half especially, exuberance came at the expense of balance; even with amplification, Fleming\u2019s voice was more than occasionally submerged, like an endangered Indian Ocean archipelago.<\/p>\n<figure id=\"attachment_119140\" aria-describedby=\"caption-attachment-119140\" style=\"width: 1200px\" class=\"wp-caption aligncenter\"><img decoding=\"async\" loading=\"lazy\" class=\"size-full wp-image-119140\" src=\"https:\/\/www.ludwig-van.com\/toronto\/wp-content\/uploads\/sites\/2\/2025\/11\/Outlook-DZ2_3413.j.jpg\" alt=\"Ren\u00e9e Fleming performs at Toronto\u2019s Koerner Hall (Photo: Lisa Sakulensky Photography)\" width=\"1200\" height=\"799\" srcset=\"https:\/\/www.ludwig-van.com\/toronto\/wp-content\/uploads\/sites\/2\/2025\/11\/Outlook-DZ2_3413.j.jpg 1200w, https:\/\/www.ludwig-van.com\/toronto\/wp-content\/uploads\/sites\/2\/2025\/11\/Outlook-DZ2_3413.j-300x200.jpg 300w, https:\/\/www.ludwig-van.com\/toronto\/wp-content\/uploads\/sites\/2\/2025\/11\/Outlook-DZ2_3413.j-1024x682.jpg 1024w, https:\/\/www.ludwig-van.com\/toronto\/wp-content\/uploads\/sites\/2\/2025\/11\/Outlook-DZ2_3413.j-768x511.jpg 768w\" sizes=\"(max-width: 1200px) 100vw, 1200px\" \/><figcaption id=\"caption-attachment-119140\" class=\"wp-caption-text\">Ren\u00e9e Fleming performs at Toronto\u2019s Koerner Hall (Photo: Lisa Sakulensky Photography)<\/figcaption><\/figure>\n<h3>Second Half<\/h3>\n<p>By the start of the second half, the Jays game was in full swing, and a few audience members could not resist the occasional glance at their phones for score updates. But, there was every reason to stay focused on the stage.<\/p>\n<p>This part of the program was what most had surely come to hear: that gorgeous, honey-toned voice, in a modest but varied selection of arias drawn from across her multi-decade career.<\/p>\n<p>Though her voice seems miraculously untouched by time \u2014 especially in its luminous upper reaches \u2014 she now deploys it with judicious care, favouring expressive nuance over power.<\/p>\n<p>The Handel selections revealed her sense of line and gravitas, while the shorter, character-driven pieces showcased her flair for theatricality and detail. She brought effortless wit and self-awareness to Strauss\u2019s miniature Muttert\u00e4ndelei from the Drei Ges\u00e4nge aus \u00e4lteren deutscher Dichter, its maternal sarcasm accompanied by an elegant sparkle. Puccini\u2019s O mio babbino caro unfurled with radiant warmth and arching lyricism, perfectly poised between sentiment and restraint.<\/p>\n<p>Two orchestral overtures provided lively interludes: Beethoven\u2019s Fidelio, played with heroism and taut drama, and Rossini\u2019s Barber of Seville, full of verve, wit, and sparkle.<\/p>\n<figure id=\"attachment_119141\" aria-describedby=\"caption-attachment-119141\" style=\"width: 1200px\" class=\"wp-caption aligncenter\"><img decoding=\"async\" loading=\"lazy\" class=\"size-full wp-image-119141\" src=\"https:\/\/www.ludwig-van.com\/toronto\/wp-content\/uploads\/sites\/2\/2025\/11\/Outlook-DZ6_1036.j.jpg\" alt=\"Ren\u00e9e Fleming and Alexander Brose, the Michael &amp; Sonja Koerner President &amp; CEO\u00a0of The Royal Conservatory of Music (Photo: Lisa Sakulensky Photography)\" width=\"1200\" height=\"799\" srcset=\"https:\/\/www.ludwig-van.com\/toronto\/wp-content\/uploads\/sites\/2\/2025\/11\/Outlook-DZ6_1036.j.jpg 1200w, https:\/\/www.ludwig-van.com\/toronto\/wp-content\/uploads\/sites\/2\/2025\/11\/Outlook-DZ6_1036.j-300x200.jpg 300w, https:\/\/www.ludwig-van.com\/toronto\/wp-content\/uploads\/sites\/2\/2025\/11\/Outlook-DZ6_1036.j-1024x682.jpg 1024w, https:\/\/www.ludwig-van.com\/toronto\/wp-content\/uploads\/sites\/2\/2025\/11\/Outlook-DZ6_1036.j-768x511.jpg 768w\" sizes=\"(max-width: 1200px) 100vw, 1200px\" \/><figcaption id=\"caption-attachment-119141\" class=\"wp-caption-text\">Ren\u00e9e Fleming and Alexander Brose, the Michael &amp; Sonja Koerner President &amp; CEO\u00a0of The Royal Conservatory of Music (Photo: Lisa Sakulensky Photography)<\/figcaption><\/figure>\n<h3>Encores<\/h3>\n<p>Fleming\u2019s encores once again displayed the range of her communicative gifts. A charming, audience-participation I Could Have Danced All Night brought the evening to an easy, festive glow, followed by an exquisite, weightless account of Strauss\u2019s Morgen, timeless in its stillness and purity.<\/p>\n<p>In recognition of her artistry and her longstanding advocacy, Fleming was presented with an honorary fellowship from the Royal Conservatory \u2014 and, to general amusement, a Blue Jays cap.<\/p>\n<p>It was a fitting symbol for an artist who, in the later chapters of her career, has sought to use her voice in more ways than one \u2014 raising awareness for causes from mental health to the environment, and continuing to embody music\u2019s power to console, illuminate, and connect.<\/p>\n<p><strong><em>Are you looking to promote an <a href=\"https:\/\/www.ludwig-van.com\/toronto\/advertising\/\" target=\"_blank\" rel=\"noopener\"><span style=\"color: #0e101a;\"><u>event<\/u><\/span><\/a>? Have a\u00a0<a href=\"https:\/\/www.ludwig-van.com\/toronto\/masthead\/\" target=\"_blank\" rel=\"noopener\"><u>news tip<\/u><\/a>? Need to know the best\u00a0<a href=\"https:\/\/www.ludwig-van.com\/toronto\/events\/\" target=\"_blank\" rel=\"noopener\"><u>events<\/u><\/a>\u00a0happening this weekend? Send us a\u00a0<\/em><\/strong><a href=\"mailto:anya@ludwig-van.com?subject=Let's%20chat\" target=\"_blank\" rel=\"noopener\"><strong><em><u>note<\/u>.<\/em><\/strong><br \/>\n<\/a><\/p>\n<h3 class=\"western\"><em><b>#LUDWIGVAN<\/b><\/em><\/h3>\n<p class=\"western\"><em>Get the daily arts news straight to your inbox.<\/em><\/p>\n<h3 class=\"western\"><em>Sign up for the Ludwig Van Toronto e-Blast! \u2014 local classical music and opera news straight to your inbox <\/em><a href=\"https:\/\/583e6ce0-dfd0-48be-8a33-61256b3c58e3.mlbtlr.com\/p2\/Fbd8jWoWQQ6CdBcLIvut3Q\/02E3cYaETqaj4Xm087cpSg?contactid=S3HHYfHY5rZv5f94S15MnA\" target=\"_blank\" rel=\"noopener\" data-saferedirecturl=\"https:\/\/www.google.com\/url?q=https:\/\/583e6ce0-dfd0-48be-8a33-61256b3c58e3.mlbtlr.com\/p2\/Fbd8jWoWQQ6CdBcLIvut3Q\/02E3cYaETqaj4Xm087cpSg?contactid%3DS3HHYfHY5rZv5f94S15MnA&amp;source=gmail&amp;ust=1695737525351000&amp;usg=AOvVaw0QTqKRwRJQFGK3KoJYigxX\">HERE<\/a>.<\/h3>\n","protected":false},"excerpt":{"rendered":"<p>Ren\u00e9e Fleming\u2019s Gala At Toronto\u2019s Koerner Hall charmed a packed house \u2014 despite that baseball game that was taking place down the road.<\/p>\n","protected":false},"author":117,"featured_media":119137,"comment_status":"open","ping_status":"open","sticky":false,"template":"","format":"standard","meta":{"om_disable_all_campaigns":false,"jetpack_post_was_ever_published":false},"categories":[41660,76,19,43,49,63],"tags":[2804],"yst_prominent_words":[32217,13893,10333,32348],"acf":[],"jetpack_featured_media_url":"https:\/\/www.ludwig-van.com\/toronto\/wp-content\/uploads\/sites\/2\/2025\/11\/Copy-of-REVIEW-2025-11-03T144449.926.jpg","jetpack_sharing_enabled":true,"jetpack_shortlink":"https:\/\/wp.me\/p9bakr-uZx","amp_enabled":true,"_links":{"self":[{"href":"https:\/\/www.ludwig-van.com\/toronto\/wp-json\/wp\/v2\/posts\/119135"}],"collection":[{"href":"https:\/\/www.ludwig-van.com\/toronto\/wp-json\/wp\/v2\/posts"}],"about":[{"href":"https:\/\/www.ludwig-van.com\/toronto\/wp-json\/wp\/v2\/types\/post"}],"author":[{"embeddable":true,"href":"https:\/\/www.ludwig-van.com\/toronto\/wp-json\/wp\/v2\/users\/117"}],"replies":[{"embeddable":true,"href":"https:\/\/www.ludwig-van.com\/toronto\/wp-json\/wp\/v2\/comments?post=119135"}],"version-history":[{"count":4,"href":"https:\/\/www.ludwig-van.com\/toronto\/wp-json\/wp\/v2\/posts\/119135\/revisions"}],"predecessor-version":[{"id":119143,"href":"https:\/\/www.ludwig-van.com\/toronto\/wp-json\/wp\/v2\/posts\/119135\/revisions\/119143"}],"wp:featuredmedia":[{"embeddable":true,"href":"https:\/\/www.ludwig-van.com\/toronto\/wp-json\/wp\/v2\/media\/119137"}],"wp:attachment":[{"href":"https:\/\/www.ludwig-van.com\/toronto\/wp-json\/wp\/v2\/media?parent=119135"}],"wp:term":[{"taxonomy":"category","embeddable":true,"href":"https:\/\/www.ludwig-van.com\/toronto\/wp-json\/wp\/v2\/categories?post=119135"},{"taxonomy":"post_tag","embeddable":true,"href":"https:\/\/www.ludwig-van.com\/toronto\/wp-json\/wp\/v2\/tags?post=119135"},{"taxonomy":"yst_prominent_words","embeddable":true,"href":"https:\/\/www.ludwig-van.com\/toronto\/wp-json\/wp\/v2\/yst_prominent_words?post=119135"}],"curies":[{"name":"wp","href":"https:\/\/api.w.org\/{rel}","templated":true}]}}