{"id":117968,"date":"2025-09-29T12:13:21","date_gmt":"2025-09-29T16:13:21","guid":{"rendered":"https:\/\/www.ludwig-van.com\/toronto\/?p=117968"},"modified":"2025-09-29T12:13:21","modified_gmt":"2025-09-29T16:13:21","slug":"interview-distinctive-voice-james-ehnes-talks-string-quartets-chamber-festivals-stradivarius","status":"publish","type":"post","link":"https:\/\/www.ludwig-van.com\/toronto\/2025\/09\/29\/interview-distinctive-voice-james-ehnes-talks-string-quartets-chamber-festivals-stradivarius\/","title":{"rendered":"INTERVIEW | A Distinctive Voice: James Ehnes Talks About String Quartets, Chamber Festivals &#038; The Stradivarius"},"content":{"rendered":"<figure id=\"attachment_117971\" aria-describedby=\"caption-attachment-117971\" style=\"width: 1200px\" class=\"wp-caption aligncenter\"><img decoding=\"async\" loading=\"lazy\" class=\"size-full wp-image-117971\" src=\"https:\/\/www.ludwig-van.com\/toronto\/wp-content\/uploads\/sites\/2\/2025\/09\/Copy-of-INTERVIEW-2025-09-29T120619.039.jpg\" alt=\"Violinist James Ehnes (Photo: Benjamin Eolovega)\" width=\"1200\" height=\"628\" srcset=\"https:\/\/www.ludwig-van.com\/toronto\/wp-content\/uploads\/sites\/2\/2025\/09\/Copy-of-INTERVIEW-2025-09-29T120619.039.jpg 1200w, https:\/\/www.ludwig-van.com\/toronto\/wp-content\/uploads\/sites\/2\/2025\/09\/Copy-of-INTERVIEW-2025-09-29T120619.039-300x157.jpg 300w, https:\/\/www.ludwig-van.com\/toronto\/wp-content\/uploads\/sites\/2\/2025\/09\/Copy-of-INTERVIEW-2025-09-29T120619.039-1024x536.jpg 1024w, https:\/\/www.ludwig-van.com\/toronto\/wp-content\/uploads\/sites\/2\/2025\/09\/Copy-of-INTERVIEW-2025-09-29T120619.039-768x402.jpg 768w\" sizes=\"(max-width: 1200px) 100vw, 1200px\" \/><figcaption id=\"caption-attachment-117971\" class=\"wp-caption-text\">Violinist James Ehnes (Photo: Benjamin Eolovega)<\/figcaption><\/figure>\n<p><em><strong>Ehnes Quartet. Music TORONTO presentation. Felix Mendelssohn\u2019s String Quartet No. 2 in A minor, Op. 13; Leo\u0161 Jan\u00e1\u010dek\u2019s String Quartet No. 2 \u201cIntimate Letters;\u201d Ludwig van Beethoven\u2019s String Quartet No. 7 in F major, Op. 59, No. 1. At the Jane Mallett Theatre, St. Lawrence Centre for the Arts, 27 Front Street East. September 30, 7:30 p.m. Tickets <a href=\"https:\/\/musictorontoconcerts.com\/concerts\/ehnes-quartet\" target=\"_blank\" rel=\"noopener\">here<\/a>.\u00a0<\/strong><\/em><\/p>\n<h3>Ehnes Explained<\/h3>\n<p>\u201cIt&#8217;s been one of the great joys of my life having my quartet,\u201d admits James Ehnes when asked to reflect on his experiences as head of his own chamber group.<\/p>\n<p>The Brandon, Manitoba born violinist and violist, a multiple GRAMMY and JUNO award winner who loves playing and programming smaller musical groups, is also a virtuoso, garnering international acclaim as a soloist with such prestigious ensembles as the Chicago Symphony, the Royal Concertgebouw, the Deutsche Kammerphilharmonie, the National Arts Orchestra in Ottawa, the Orchestre National de Lyon, and the Montreal Symphony.<\/p>\n<p>A longtime member of the Order of Canada, Ehnes will be leading his quartet for the first time in Toronto at the inaugural event for Music TORONTO\u2019s Chamber Music 2025\/26 Season.<\/p>\n<figure id=\"attachment_117972\" aria-describedby=\"caption-attachment-117972\" style=\"width: 1200px\" class=\"wp-caption aligncenter\"><img decoding=\"async\" loading=\"lazy\" class=\"size-full wp-image-117972\" src=\"https:\/\/www.ludwig-van.com\/toronto\/wp-content\/uploads\/sites\/2\/2025\/09\/Ehnes-Quartet.jpg\" alt=\"The Ehnes String Quartet (Photo courtesy of the artists)\" width=\"1200\" height=\"633\" srcset=\"https:\/\/www.ludwig-van.com\/toronto\/wp-content\/uploads\/sites\/2\/2025\/09\/Ehnes-Quartet.jpg 1200w, https:\/\/www.ludwig-van.com\/toronto\/wp-content\/uploads\/sites\/2\/2025\/09\/Ehnes-Quartet-300x158.jpg 300w, https:\/\/www.ludwig-van.com\/toronto\/wp-content\/uploads\/sites\/2\/2025\/09\/Ehnes-Quartet-1024x540.jpg 1024w, https:\/\/www.ludwig-van.com\/toronto\/wp-content\/uploads\/sites\/2\/2025\/09\/Ehnes-Quartet-768x405.jpg 768w\" sizes=\"(max-width: 1200px) 100vw, 1200px\" \/><figcaption id=\"caption-attachment-117972\" class=\"wp-caption-text\">The Ehnes String Quartet (Photo courtesy of the artists)<\/figcaption><\/figure>\n<h3>The Musical Program<\/h3>\n<p>An articulate spokesperson for classical ensembles, and the artistic director for the Seattle Chamber Music Society\u2019s twice-yearly festivals, Ehnes is pleased to discuss the pieces his quartet will perform in Toronto.<\/p>\n<p>\u201cIt&#8217;s a program of three compositions that are in different stages within our repertoire,\u201d he says.<\/p>\n<p>\u201cThe Beethoven, (No. 7 in F Major, Op. 59, No. 1) is one of the core pieces for us. The Beethoven quartets are a focal point of our quartet. We&#8217;re most of the way through our recorded cycle.\u201d<\/p>\n<p>The Ehnes Quartet has notably recorded Beethoven&#8217;s string quartets from Op. 74 onwards, releasing four albums on the Onyx Classics label.<\/p>\n<p>Ehnes goes on, \u201cWe&#8217;ve done the Beethoven in performance a number of times. It is very, very special to us individually, but for our group too. It\u2019s a bit of a signature piece.\u201d<\/p>\n<p>While the Beethoven piece is a much-lauded work, performed by many over the decades, such is not the case with Czech composer Leo\u0161 Jan\u00e1\u010dek\u2019s String Quartet #2. More famous for such operas as Jenufa and The Cunning Little Vixen, Jan\u00e1\u010dek\u2019s very personal \u201cIntimate Letters\u201d is, \u201ca project we came to a couple years ago,\u201d Ehnes says.<\/p>\n<p>\u201cIt&#8217;s a piece that was not published until well after it was written. By that point, it had been modified with only the best intentions, but it had strayed pretty far from the composition. When Jan\u00e1\u010dek\u2019s manuscript was finally made widely available within the last 15 years, there were a lot of surprises. We have come up with our own version of the quartet based on the original manuscript that is in some ways pretty radically different from the version that people are used to hearing. That&#8217;s been a really fun project for us.\u201d<\/p>\n<p>Mendelssohn\u2019s String Quartet #2 is one of the composer\u2019s early successes, written when he was only 18.<\/p>\n<p>Recounts Ehnes, \u201cIt is actually one of the newer pieces in our repertoire. We just started playing it this past summer. Originally, we were going to play a different piece but before Roman (Music TORONTO\u2019s director Roman Borys) went to print, we asked if we could play it instead. You hope that when you play a concert that your level of enthusiasm is really at its peak. We were too excited about the Mendelssohn not to ask Roman, and he graciously allowed us to do it.\u201d<\/p>\n<div class=\"jetpack-video-wrapper\"><span class=\"embed-youtube\" style=\"text-align:center; display: block;\"><iframe loading=\"lazy\" class=\"youtube-player\" width=\"640\" height=\"360\" src=\"https:\/\/www.youtube.com\/embed\/vfQFueAA14Q?version=3&#038;rel=1&#038;showsearch=0&#038;showinfo=1&#038;iv_load_policy=1&#038;fs=1&#038;hl=en-US&#038;autohide=2&#038;wmode=transparent\" allowfullscreen=\"true\" style=\"border:0;\" sandbox=\"allow-scripts allow-same-origin allow-popups allow-presentation\"><\/iframe><\/span><\/div>\n<h3>The Ehnes Quartet<\/h3>\n<p>The personable Ehnes is happy to talk about his ensemble.<\/p>\n<p>\u201cIt&#8217;s been really one of the great joys of my life having my quartet for the last 15 years. They are three of my closest friends. Amy (Shwartz Moretti), the other violinist, and I have known each other since we were teenagers. We went to summer camp together. Ed (Arron), the cellist, and I met at Juilliard, so that&#8217;s going back 30 years. With Che-Yen (Chen), the violist, it&#8217;s been close to 20 years that we&#8217;ve been friends and playing music together.\u201d<\/p>\n<p>Ehnes\u2019s musical colleagues have achieved much in their careers. Chen is Professor of Viola Performance and Chamber Music at UCLA. He was a founding member of the award-winning Formosa Quartet and served as the principal violist of the San Diego Symphony for eight years.<\/p>\n<p>Moretti is the current Caroline Paul King Chair in Strings at Mercer University\u2019s Townsend School of Music. Arron is the co-artistic director of the Performing Artists in Residence series at the acclaimed Clark Art Institute in Williamston, Massachusetts.<\/p>\n<p>Says Ehnes, \u201cEven if we hated each other, the musical fulfillment is so special working with these amazing musicians, that it would be worth it. But, of course, that\u2019s not the case!<br \/>\nEven if we never played another note, I know we would all hang out together anyway. Our families are close. We talk about the quartet family and that&#8217;s all of us \u2014 our spouses and our children. Having those two elements come together, the music and friendships \u2014 each one makes the other half of the equation more special.<\/p>\n<p>\u201cIn terms of musical storytelling, we hear music and understand it in the same way. We are definitely individuals. I feel that we bring the best of ourselves into the group. Ideally, one would hope that a great chamber ensemble is like the old expression of the total being greater than the sum of its parts. That&#8217;s certainly what we aspire to.\u201d<\/p>\n<h3>The Seattle Chamber Music Festivals<\/h3>\n<p>The Ehnes Quartet play as many as six mini tours a year as well as getting together twice annually for the Seattle Chamber Music winter and summer festivals.<\/p>\n<p>For Ehnes, Seattle has become a musical home over the past 31 years. He\u2019s been running the festivals since 2012. Admits Ehnes, \u201cThat&#8217;s a lot of years of putting together programs and inviting a lot of musicians. It&#8217;s been incredibly rewarding. I try not to get super complicated with it. I try to think, \u2018would I go to this concert?\u2019<\/p>\n<p>\u201cThere are hundreds of concerts that I&#8217;ve programmed where I&#8217;ve selected all the artists, and the repertoire. Every one of them, I was excited for it because I thought this is music that has something really wonderful to say. It remains really one of the greatest joys in my life.<\/p>\n<p>\u201cThe organization has been experiencing really tremendous growth over the last number of years. I really consider us to be the most exceptional chamber music creators in maybe the world. We have an incredible team.\u201d<\/p>\n<h3>Playing with Pianist Andrew Armstrong<\/h3>\n<p>The ever-busy Ehnes has often toured with acclaimed pianist Andrew Armstrong in Canada, the U.S. and Europe.<\/p>\n<p>The duo has recorded the 10 Beethoven Violin Sonatas along with albums featuring sonatas by Franck and Strauss, Elgar, Debussy, and Respighi, and most recently, Brahms and Schumann.<\/p>\n<p>Ehnes says, \u201cOne of the great highlights of the many years we&#8217;ve been working together was when I turned 40, we did a tour across Canada. We did recitals in every province and territory \u2014 at least 25 \u2014 back in 2016. Next year when I turn 50, we&#8217;re going to do it again. I\u2019m really looking forward to that. Andy is a beautiful musician, a fabulous pianist and just a great, great guy.\u201d<\/p>\n<div class=\"jetpack-video-wrapper\"><span class=\"embed-youtube\" style=\"text-align:center; display: block;\"><iframe loading=\"lazy\" class=\"youtube-player\" width=\"640\" height=\"360\" src=\"https:\/\/www.youtube.com\/embed\/6UM4m6X4cHM?version=3&#038;rel=1&#038;showsearch=0&#038;showinfo=1&#038;iv_load_policy=1&#038;fs=1&#038;hl=en-US&#038;autohide=2&#038;wmode=transparent\" allowfullscreen=\"true\" style=\"border:0;\" sandbox=\"allow-scripts allow-same-origin allow-popups allow-presentation\"><\/iframe><\/span><\/div>\n<h3>Ehnes\u2019s \u201cex-Marsick\u201d Stradivarius<\/h3>\n<p>Besides his wife and children, James Ehnes has one other major relationship which those who enjoy his music would love to explore: that of his 1715 \u201cex-Marsick\u201d Stradivarius. Asked to comment about his violin, Ehnes\u2019s reply is thoughtful and clear.<\/p>\n<p>\u201cI&#8217;ve been very lucky to have been playing on this violin for over 25 years, and I am continually inspired by the possibilities that it offers. It sounds wonderful. That&#8217;s obviously a huge part of it. There are a lot of violins that sound quite nice and that&#8217;s great. But it\u2019s rare to have a violin or any instrument where every time you play it, you feel like it&#8217;s pushing you to find something a little bit more beautiful or refined or expressive \u2014 to be a more compelling storyteller. That&#8217;s what distinguishes the greatest instruments.<\/p>\n<p>\u201cEven after all this time, I feel that I can play my violin a little bit more beautifully or find a little bit more reinforcement in the bottom end or brilliance in the top or a different color or shade. It\u2019s really been an incredible journey with this great violin. I think that&#8217;s something that really defines the great Stradivari instruments in particular.\u201d<\/p>\n<p>For the first time, Ehnes, his Strad and Quartet will play on Tuesday night in Toronto. It should be a memorable occasion.<\/p>\n<p><strong>By <a href=\"https:\/\/www.ludwig-van.com\/toronto\/?s=glassman\" target=\"_blank\" rel=\"noopener\">Marc Glassman<\/a> for Ludwig-Van.<\/strong><\/p>\n<p><strong><em>Are you looking to promote an <a href=\"https:\/\/www.ludwig-van.com\/toronto\/advertising\/\" target=\"_blank\" rel=\"noopener\"><span style=\"color: #0e101a;\"><u>event<\/u><\/span><\/a>? Have a\u00a0<a href=\"https:\/\/www.ludwig-van.com\/toronto\/masthead\/\" target=\"_blank\" rel=\"noopener\"><u>news tip<\/u><\/a>? Need to know the best\u00a0<a href=\"https:\/\/www.ludwig-van.com\/toronto\/events\/\" target=\"_blank\" rel=\"noopener\"><u>events<\/u><\/a>\u00a0happening this weekend? Send us a\u00a0<\/em><\/strong><a href=\"mailto:anya@ludwig-van.com?subject=Let's%20chat\" target=\"_blank\" rel=\"noopener\"><strong><em><u>note<\/u>.<\/em><\/strong><br \/>\n<\/a><\/p>\n<h3 class=\"western\"><em><b>#LUDWIGVAN<\/b><\/em><\/h3>\n<p class=\"western\"><em>Get the daily arts news straight to your inbox.<\/em><\/p>\n<h3 class=\"western\"><em>Sign up for the Ludwig Van Toronto e-Blast! \u2014 local classical music and opera news straight to your inbox <\/em><a href=\"https:\/\/583e6ce0-dfd0-48be-8a33-61256b3c58e3.mlbtlr.com\/p2\/Fbd8jWoWQQ6CdBcLIvut3Q\/02E3cYaETqaj4Xm087cpSg?contactid=S3HHYfHY5rZv5f94S15MnA\" target=\"_blank\" rel=\"noopener\" data-saferedirecturl=\"https:\/\/www.google.com\/url?q=https:\/\/583e6ce0-dfd0-48be-8a33-61256b3c58e3.mlbtlr.com\/p2\/Fbd8jWoWQQ6CdBcLIvut3Q\/02E3cYaETqaj4Xm087cpSg?contactid%3DS3HHYfHY5rZv5f94S15MnA&amp;source=gmail&amp;ust=1695737525351000&amp;usg=AOvVaw0QTqKRwRJQFGK3KoJYigxX\">HERE<\/a>.<\/h3>\n","protected":false},"excerpt":{"rendered":"<p>\u201cIt&#8217;s been one of the great joys of my life having my quartet,\u201d admits James Ehnes when asked to reflect on his experiences as head of his own chamber group, the Ehnes Quartet.<\/p>\n","protected":false},"author":1,"featured_media":117971,"comment_status":"open","ping_status":"open","sticky":false,"template":"","format":"standard","meta":{"om_disable_all_campaigns":false,"jetpack_post_was_ever_published":false},"categories":[41660,10,76,19,29,4557,57,63,68],"tags":[41860,1666,2314],"yst_prominent_words":[7712,7667,38221,7664,6616,6804,7677],"acf":[],"jetpack_featured_media_url":"https:\/\/www.ludwig-van.com\/toronto\/wp-content\/uploads\/sites\/2\/2025\/09\/Copy-of-INTERVIEW-2025-09-29T120619.039.jpg","jetpack_sharing_enabled":true,"jetpack_shortlink":"https:\/\/wp.me\/p9bakr-uGI","amp_enabled":true,"_links":{"self":[{"href":"https:\/\/www.ludwig-van.com\/toronto\/wp-json\/wp\/v2\/posts\/117968"}],"collection":[{"href":"https:\/\/www.ludwig-van.com\/toronto\/wp-json\/wp\/v2\/posts"}],"about":[{"href":"https:\/\/www.ludwig-van.com\/toronto\/wp-json\/wp\/v2\/types\/post"}],"author":[{"embeddable":true,"href":"https:\/\/www.ludwig-van.com\/toronto\/wp-json\/wp\/v2\/users\/1"}],"replies":[{"embeddable":true,"href":"https:\/\/www.ludwig-van.com\/toronto\/wp-json\/wp\/v2\/comments?post=117968"}],"version-history":[{"count":3,"href":"https:\/\/www.ludwig-van.com\/toronto\/wp-json\/wp\/v2\/posts\/117968\/revisions"}],"predecessor-version":[{"id":117973,"href":"https:\/\/www.ludwig-van.com\/toronto\/wp-json\/wp\/v2\/posts\/117968\/revisions\/117973"}],"wp:featuredmedia":[{"embeddable":true,"href":"https:\/\/www.ludwig-van.com\/toronto\/wp-json\/wp\/v2\/media\/117971"}],"wp:attachment":[{"href":"https:\/\/www.ludwig-van.com\/toronto\/wp-json\/wp\/v2\/media?parent=117968"}],"wp:term":[{"taxonomy":"category","embeddable":true,"href":"https:\/\/www.ludwig-van.com\/toronto\/wp-json\/wp\/v2\/categories?post=117968"},{"taxonomy":"post_tag","embeddable":true,"href":"https:\/\/www.ludwig-van.com\/toronto\/wp-json\/wp\/v2\/tags?post=117968"},{"taxonomy":"yst_prominent_words","embeddable":true,"href":"https:\/\/www.ludwig-van.com\/toronto\/wp-json\/wp\/v2\/yst_prominent_words?post=117968"}],"curies":[{"name":"wp","href":"https:\/\/api.w.org\/{rel}","templated":true}]}}