{"id":117539,"date":"2025-09-15T13:29:39","date_gmt":"2025-09-15T17:29:39","guid":{"rendered":"https:\/\/www.ludwig-van.com\/toronto\/?p=117539"},"modified":"2025-09-16T02:00:02","modified_gmt":"2025-09-16T06:00:02","slug":"classical-chartz-top-ten-classical-music-albums-week-september-15-21","status":"publish","type":"post","link":"https:\/\/www.ludwig-van.com\/toronto\/2025\/09\/15\/classical-chartz-top-ten-classical-music-albums-week-september-15-21\/","title":{"rendered":"CLASSICAL CHARTZ | The Top Ten Classical Music Albums For The Week Of September 15 To 21"},"content":{"rendered":"<p style=\"text-align: center\"><img decoding=\"async\" loading=\"lazy\" class=\"aligncenter size-full wp-image-107142\" src=\"https:\/\/www.ludwig-van.com\/toronto\/wp-content\/uploads\/sites\/2\/2024\/08\/Classical-Chartz-image-1.jpg\" alt=\"classical music composers\" width=\"1200\" height=\"628\" srcset=\"https:\/\/www.ludwig-van.com\/toronto\/wp-content\/uploads\/sites\/2\/2024\/08\/Classical-Chartz-image-1.jpg 1200w, https:\/\/www.ludwig-van.com\/toronto\/wp-content\/uploads\/sites\/2\/2024\/08\/Classical-Chartz-image-1-300x157.jpg 300w, https:\/\/www.ludwig-van.com\/toronto\/wp-content\/uploads\/sites\/2\/2024\/08\/Classical-Chartz-image-1-1024x536.jpg 1024w, https:\/\/www.ludwig-van.com\/toronto\/wp-content\/uploads\/sites\/2\/2024\/08\/Classical-Chartz-image-1-768x402.jpg 768w\" sizes=\"(max-width: 1200px) 100vw, 1200px\" \/><\/p>\n<p>Enjoy new music with our classical music chart for this week. Our weekly selections are based on sales numbers and simply what albums we love and think you NEED to hear.<\/p>\n<p>For the complete top 20, tune into <strong><a href=\"https:\/\/classicalfm.ca\/shows\/classical-chartz\/\" target=\"_blank\" rel=\"noopener\">Classical Chartz<\/a><\/strong> with the New Classical FM\u2019s Mark Wigmore every Saturday from 3-5 p.m.<\/p>\n<figure id=\"attachment_117540\" aria-describedby=\"caption-attachment-117540\" style=\"width: 1200px\" class=\"wp-caption aligncenter\"><img decoding=\"async\" loading=\"lazy\" class=\"size-full wp-image-117540\" src=\"https:\/\/www.ludwig-van.com\/toronto\/wp-content\/uploads\/sites\/2\/2025\/09\/CHARTZ-Sept-15-2025.jpg\" alt=\"Classical music top ten albums for September 15 2025\" width=\"1200\" height=\"341\" srcset=\"https:\/\/www.ludwig-van.com\/toronto\/wp-content\/uploads\/sites\/2\/2025\/09\/CHARTZ-Sept-15-2025.jpg 1200w, https:\/\/www.ludwig-van.com\/toronto\/wp-content\/uploads\/sites\/2\/2025\/09\/CHARTZ-Sept-15-2025-300x85.jpg 300w, https:\/\/www.ludwig-van.com\/toronto\/wp-content\/uploads\/sites\/2\/2025\/09\/CHARTZ-Sept-15-2025-1024x291.jpg 1024w, https:\/\/www.ludwig-van.com\/toronto\/wp-content\/uploads\/sites\/2\/2025\/09\/CHARTZ-Sept-15-2025-768x218.jpg 768w\" sizes=\"(max-width: 1200px) 100vw, 1200px\" \/><figcaption id=\"caption-attachment-117540\" class=\"wp-caption-text\">Classical music top ten albums for September 15 2025<\/figcaption><\/figure>\n<p>There\u2019s a shakeup at the top of the Classical Chartz as <strong>Le Piano et le torrent<\/strong> by <strong>Viviane Audet<\/strong> takes over the No. 1 spot, up from No. 3 last week. At No. 2, <strong>Beethoven for three<\/strong>, reuniting <strong>Yo-Yo Ma, Emanuel Ax, and Leonidas Kavakos<\/strong>, hangs on for no change in position over the last week. <strong>Olafur Arnalds and Talo<\/strong> round out the top of the Chartz at No. 3 with their album <strong>A Dawning<\/strong>.<\/p>\n<p>There are two newcomers to the Top Ten this week. <strong>Yunchan Lim<\/strong>\u2019s <strong>Tchaikovsky: Seasons<\/strong>, lands at No. 5 in its Chartz debut week. The young superstar pianist recorded the album live in England at Menuhin Hall in Surrey on July 31 and Aug. 1, 2024. He takes a thoughtful approach to interpreting Tchaikovsky Opus 37a, which he takes to describe not only the seasons of nature, but a 12-month period in the life of a person.<\/p>\n<p>\u201cTchaikovsky\u2019s \u2018The Seasons\u2019 captures the final year of a human life,\u201d he says in a statement.<\/p>\n<p>It\u2019s a personal take on the music and what it means, and a development of Lim\u2019s interpretive talent.<\/p>\n<p>\u201cI have resolved to live my life only for the sake of music, and I have decided to give up everything for music&#8230; I want my music to become deeper, and if this desire reaches the audience, I will be happy,\u201d says the Korean pianist in the album notes.<\/p>\n<p>The album\u2019s cover was designed by an artist friend, as he mentions in <a href=\"https:\/\/www.instagram.com\/p\/DLFnu6uxmFi\/?hl=en\" target=\"_blank\" rel=\"noopener\">an Instagram post<\/a>.<\/p>\n<p>\u201cThe cover art is a work by my dear friend Ho-Yeon Choi @bacnekgrvowl, whose brush and words trace the still, fleeting memories of those tender ancient hours which this music recalls, and dares to resurrect as eternal reverie.\u201d<\/p>\n<p>At No. 7, <strong>Joyce DiDonato<\/strong>\u2019s <strong>Dido and Aeneas<\/strong> makes the leap up from No. 12 last week. While she\u2019d been performing the famous Dido\u2019s Lament, the closing aria of the opera, as part of her repertoire for years, it wasn\u2019t until 2024 that DiDonato first performed Purcell\u2019s Dido and Aeneas in full.<\/p>\n<p>She sings the title role with Il Pomo d\u2019Oro and conductor Maxim Emelyanychev, a production that toured extensively to venues such as the Th\u00e9\u00e2tre des Champs-\u00c9lys\u00e9es and Teatro Real de Madrid before the recording took place in Essen\u2019s Philharmonie. Michael Spyres sings the role of Aeneas. Spyres also sang on DiDonato\u2019s prize-winning recording of Les Troyens, recorded in 2017. Sopranos Fatma Said (Belinda) and Beth Taylor (Sorceress) are also in the cast.<\/p>\n<p>Il Pomo d\u2019Oro was founded in 2012, and is dedicated to historically informed performance. The name of the ensemble comes from the opera Il pomo d&#8217;oro by Antonio Cesti that premiered in 1668. Maxim Emelyanychev has been their chief conductor since 2016.<\/p>\n<p>Purcell\u2019s opera was composed around 1683, and is based on Virgil\u2019s Aeneid. It tells the tale of Dido, Queen of Carthage, and her love affair with Trojan hero Aeneas. Alas, he leaves her to continue his travels, and she takes her own life, in true operatic fashion. The closing aria is a showcase piece for a mezzo soprano.<\/p>\n<p><strong><em>Are you looking to promote an <a href=\"https:\/\/www.ludwig-van.com\/toronto\/advertising\/\" target=\"_blank\" rel=\"noopener\"><span style=\"color: #0e101a\"><u>event<\/u><\/span><\/a>? Have a\u00a0<a href=\"https:\/\/www.ludwig-van.com\/toronto\/masthead\/\" target=\"_blank\" rel=\"noopener\"><u>news tip<\/u><\/a>? Need to know the best\u00a0<a href=\"https:\/\/www.ludwig-van.com\/toronto\/events\/\" target=\"_blank\" rel=\"noopener\"><u>events<\/u><\/a>\u00a0happening this weekend? Send us a\u00a0<\/em><\/strong><a href=\"mailto:anya@ludwig-van.com?subject=Let's%20chat\" target=\"_blank\" rel=\"noopener\"><strong><em><u>note<\/u>.<\/em><\/strong><br \/>\n<\/a><\/p>\n<h3 class=\"western\"><em><b>#LUDWIGVAN<\/b><\/em><\/h3>\n<p class=\"western\"><em>Get the daily arts news straight to your inbox.<\/em><\/p>\n<h3 class=\"western\"><em>Sign up for the Ludwig Van Toronto e-Blast! \u2014 local classical music and opera news straight to your inbox <\/em><a href=\"https:\/\/583e6ce0-dfd0-48be-8a33-61256b3c58e3.mlbtlr.com\/p2\/Fbd8jWoWQQ6CdBcLIvut3Q\/02E3cYaETqaj4Xm087cpSg?contactid=S3HHYfHY5rZv5f94S15MnA\" target=\"_blank\" rel=\"noopener\" data-saferedirecturl=\"https:\/\/www.google.com\/url?q=https:\/\/583e6ce0-dfd0-48be-8a33-61256b3c58e3.mlbtlr.com\/p2\/Fbd8jWoWQQ6CdBcLIvut3Q\/02E3cYaETqaj4Xm087cpSg?contactid%3DS3HHYfHY5rZv5f94S15MnA&amp;source=gmail&amp;ust=1695737525351000&amp;usg=AOvVaw0QTqKRwRJQFGK3KoJYigxX\">HERE<\/a>.<\/h3>\n","protected":false},"excerpt":{"rendered":"<p>Enjoy new music with our classical music chart for this week, based on sales numbers and simply what albums we love and think you NEED to hear. <\/p>\n","protected":false},"author":1,"featured_media":107142,"comment_status":"open","ping_status":"open","sticky":false,"template":"","format":"standard","meta":{"om_disable_all_campaigns":false,"jetpack_post_was_ever_published":false},"categories":[41660,75,77,40920,78,41373,81,3922,51],"tags":[1793,42229,40691],"yst_prominent_words":[12243,7004,6767,6715,12242,12600,14259,10167,6616,6886,11815],"acf":[],"jetpack_featured_media_url":"https:\/\/www.ludwig-van.com\/toronto\/wp-content\/uploads\/sites\/2\/2024\/08\/Classical-Chartz-image-1.jpg","jetpack_sharing_enabled":true,"jetpack_shortlink":"https:\/\/wp.me\/p9bakr-uzN","amp_enabled":true,"_links":{"self":[{"href":"https:\/\/www.ludwig-van.com\/toronto\/wp-json\/wp\/v2\/posts\/117539"}],"collection":[{"href":"https:\/\/www.ludwig-van.com\/toronto\/wp-json\/wp\/v2\/posts"}],"about":[{"href":"https:\/\/www.ludwig-van.com\/toronto\/wp-json\/wp\/v2\/types\/post"}],"author":[{"embeddable":true,"href":"https:\/\/www.ludwig-van.com\/toronto\/wp-json\/wp\/v2\/users\/1"}],"replies":[{"embeddable":true,"href":"https:\/\/www.ludwig-van.com\/toronto\/wp-json\/wp\/v2\/comments?post=117539"}],"version-history":[{"count":7,"href":"https:\/\/www.ludwig-van.com\/toronto\/wp-json\/wp\/v2\/posts\/117539\/revisions"}],"predecessor-version":[{"id":117559,"href":"https:\/\/www.ludwig-van.com\/toronto\/wp-json\/wp\/v2\/posts\/117539\/revisions\/117559"}],"wp:featuredmedia":[{"embeddable":true,"href":"https:\/\/www.ludwig-van.com\/toronto\/wp-json\/wp\/v2\/media\/107142"}],"wp:attachment":[{"href":"https:\/\/www.ludwig-van.com\/toronto\/wp-json\/wp\/v2\/media?parent=117539"}],"wp:term":[{"taxonomy":"category","embeddable":true,"href":"https:\/\/www.ludwig-van.com\/toronto\/wp-json\/wp\/v2\/categories?post=117539"},{"taxonomy":"post_tag","embeddable":true,"href":"https:\/\/www.ludwig-van.com\/toronto\/wp-json\/wp\/v2\/tags?post=117539"},{"taxonomy":"yst_prominent_words","embeddable":true,"href":"https:\/\/www.ludwig-van.com\/toronto\/wp-json\/wp\/v2\/yst_prominent_words?post=117539"}],"curies":[{"name":"wp","href":"https:\/\/api.w.org\/{rel}","templated":true}]}}